{"id":48211,"date":"2014-08-18T02:02:42","date_gmt":"2014-08-18T02:02:42","guid":{"rendered":"http:\/\/desarrollo.mcvicious.com\/aero2020\/2014\/08\/18\/espana-primer-caso-de-hombre-infectado-por-virus-de-ebola-fue-descartado\/"},"modified":"2014-08-18T02:02:42","modified_gmt":"2014-08-18T02:02:42","slug":"espana-primer-caso-de-hombre-infectado-por-virus-de-ebola-fue-descartado","status":"publish","type":"post","link":"https:\/\/aeronoticias.com.pe\/noticiero\/internacionales\/espana-primer-caso-de-hombre-infectado-por-virus-de-ebola-fue-descartado\/","title":{"rendered":"Espa\u00f1a: Primer caso de hombre infectado por virus de \u00e9bola fue descartado"},"content":{"rendered":"<p style=\"text-align: justify;\"><strong>(Aeronoticias)<\/strong>.- Con fiebre alta, malestar general e inflamaci\u00f3n de las am\u00edgdalas <span style=\"line-height: 1.3em;\">acudi\u00f3<\/span><span style=\"line-height: 1.3em;\"> un hombre enfermo <\/span><span style=\"line-height: 1.3em;\">al servicio de Urgencias del Hospital General de Alicante, ciudad situada en el sureste de Espa\u00f1a y cre\u00f3 la falsa alarma por la similitud de los s\u00edntomas del mortal virus.<\/span><\/p>\n<p style=\"text-align: justify;\">El paciente inform\u00f3 de que hab\u00eda regresado recientemente de Nigeria, pa\u00eds africano en el que se han conocido al menos una decena de casos de contagios y una muerte por el virus.<\/p>\n<p style=\"text-align: justify;\">Las autoridades sanitarias activaron de manera preventiva el protocolo de actuaci\u00f3n correspondiente y trasladaron al paciente con\u00a0<span style=\"line-height: 1.3em;\">medidas de seguridad especiales a otro centro hospitalario de la ciudad, el Hospital San Juan de Alicante, en donde fue aislado en una unidad especial de presi\u00f3n negativa, utilizada para evitar el contagio de enfermedades.<\/span><\/p>\n<p style=\"text-align: justify;\">No obstante, fuentes del Ministerio de Sanidad espa\u00f1ol, revelaron que los resultados de los ex\u00e1menes practicados en el paciente son negativos, por lo que se descarta que el paciente se haya contagiado del virus.<\/p>\n<p style=\"text-align: justify;\">Fuente: <span style=\"text-decoration: underline;\"><em><strong>El Comercio<\/strong><\/em><\/span>.<\/p>\n<p style=\"text-align: justify;\"><img decoding=\"async\" src=\"http:\/\/cde.3.elcomercio.pe\/ima\/0\/0\/9\/4\/1\/941384\/base_image.jpg\" border=\"0\" alt=\"Falsa alarma en Espa\u00f1a: Pruebas descartan nuevo caso de \u00e9bola\" \/><\/p>\n","protected":false},"excerpt":{"rendered":"<p>(Aeronoticias).- Con fiebre alta, malestar general e inflamaci\u00f3n de las am\u00edgdalas acudi\u00f3 un hombre enfermo al servicio de Urgencias del Hospital General de Alicante, ciudad situada en el sureste de Espa\u00f1a y cre\u00f3 la falsa alarma por la similitud de los s\u00edntomas del mortal virus. El paciente inform\u00f3 de que hab\u00eda regresado recientemente de Nigeria, [&hellip;]<\/p>\n","protected":false},"author":1,"featured_media":0,"comment_status":"open","ping_status":"open","sticky":false,"template":"","format":"standard","meta":{"tdm_status":"","tdm_grid_status":"","footnotes":""},"categories":[34],"tags":[],"class_list":{"0":"post-48211","1":"post","2":"type-post","3":"status-publish","4":"format-standard","6":"category-internacionales"},"yoast_head":"<!-- This site is optimized with the Yoast SEO plugin v25.1 - https:\/\/yoast.com\/wordpress\/plugins\/seo\/ -->\n<title>Espa\u00f1a: Primer caso de hombre infectado por virus de \u00e9bola fue descartado<\/title>\n<meta name=\"description\" content=\"Portal de noticias del Per\u00fa sobre el transporte a\u00e9reo, aviaci\u00f3n, turismo, hoteleria, actualidad.\" \/>\n<meta name=\"robots\" content=\"index, follow, max-snippet:-1, max-image-preview:large, max-video-preview:-1\" \/>\n<link rel=\"canonical\" href=\"https:\/\/aeronoticias.com.pe\/noticiero\/internacionales\/espana-primer-caso-de-hombre-infectado-por-virus-de-ebola-fue-descartado\/\" \/>\n<meta property=\"og:locale\" content=\"es_ES\" \/>\n<meta property=\"og:type\" content=\"article\" \/>\n<meta property=\"og:title\" content=\"Espa\u00f1a: Primer caso de hombre infectado por virus de \u00e9bola fue descartado\" \/>\n<meta property=\"og:description\" content=\"Portal de noticias del Per\u00fa sobre el transporte a\u00e9reo, aviaci\u00f3n, turismo, hoteleria, actualidad.\" \/>\n<meta property=\"og:url\" content=\"https:\/\/aeronoticias.com.pe\/noticiero\/internacionales\/espana-primer-caso-de-hombre-infectado-por-virus-de-ebola-fue-descartado\/\" \/>\n<meta property=\"og:site_name\" content=\"Aeronoticias.com.pe\" \/>\n<meta property=\"article:publisher\" content=\"https:\/\/www.facebook.com\/Aeronoticias.com.pe\/\" \/>\n<meta property=\"article:published_time\" content=\"2014-08-18T02:02:42+00:00\" \/>\n<meta property=\"og:image\" content=\"http:\/\/cde.3.elcomercio.pe\/ima\/0\/0\/9\/4\/1\/941384\/base_image.jpg\" \/>\n<meta name=\"author\" content=\"Redacci\u00f3n Aeronoticias\" \/>\n<meta name=\"twitter:card\" content=\"summary_large_image\" \/>\n<meta name=\"twitter:creator\" content=\"@aeronoticias\" \/>\n<meta name=\"twitter:site\" content=\"@aeronoticias\" \/>\n<meta name=\"twitter:label1\" content=\"Escrito por\" \/>\n\t<meta name=\"twitter:data1\" content=\"Redacci\u00f3n Aeronoticias\" \/>\n\t<meta name=\"twitter:label2\" content=\"Tiempo de lectura\" \/>\n\t<meta name=\"twitter:data2\" content=\"1 minuto\" \/>\n<script type=\"application\/ld+json\" class=\"yoast-schema-graph\">{\"@context\":\"https:\/\/schema.org\",\"@graph\":[{\"@type\":\"WebPage\",\"@id\":\"https:\/\/aeronoticias.com.pe\/noticiero\/internacionales\/espana-primer-caso-de-hombre-infectado-por-virus-de-ebola-fue-descartado\/\",\"url\":\"https:\/\/aeronoticias.com.pe\/noticiero\/internacionales\/espana-primer-caso-de-hombre-infectado-por-virus-de-ebola-fue-descartado\/\",\"name\":\"Espa\u00f1a: Primer caso de hombre infectado por virus de \u00e9bola fue descartado\",\"isPartOf\":{\"@id\":\"https:\/\/aeronoticias.com.pe\/noticiero\/#website\"},\"primaryImageOfPage\":{\"@id\":\"https:\/\/aeronoticias.com.pe\/noticiero\/internacionales\/espana-primer-caso-de-hombre-infectado-por-virus-de-ebola-fue-descartado\/#primaryimage\"},\"image\":{\"@id\":\"https:\/\/aeronoticias.com.pe\/noticiero\/internacionales\/espana-primer-caso-de-hombre-infectado-por-virus-de-ebola-fue-descartado\/#primaryimage\"},\"thumbnailUrl\":\"http:\/\/cde.3.elcomercio.pe\/ima\/0\/0\/9\/4\/1\/941384\/base_image.jpg\",\"datePublished\":\"2014-08-18T02:02:42+00:00\",\"author\":{\"@id\":\"https:\/\/aeronoticias.com.pe\/noticiero\/#\/schema\/person\/fc1e5d578f4b62ba1cf7ac2bba1170a0\"},\"description\":\"Portal de noticias del Per\u00fa sobre el transporte a\u00e9reo, aviaci\u00f3n, turismo, hoteleria, actualidad.\",\"breadcrumb\":{\"@id\":\"https:\/\/aeronoticias.com.pe\/noticiero\/internacionales\/espana-primer-caso-de-hombre-infectado-por-virus-de-ebola-fue-descartado\/#breadcrumb\"},\"inLanguage\":\"es\",\"potentialAction\":[{\"@type\":\"ReadAction\",\"target\":[\"https:\/\/aeronoticias.com.pe\/noticiero\/internacionales\/espana-primer-caso-de-hombre-infectado-por-virus-de-ebola-fue-descartado\/\"]}]},{\"@type\":\"ImageObject\",\"inLanguage\":\"es\",\"@id\":\"https:\/\/aeronoticias.com.pe\/noticiero\/internacionales\/espana-primer-caso-de-hombre-infectado-por-virus-de-ebola-fue-descartado\/#primaryimage\",\"url\":\"http:\/\/cde.3.elcomercio.pe\/ima\/0\/0\/9\/4\/1\/941384\/base_image.jpg\",\"contentUrl\":\"http:\/\/cde.3.elcomercio.pe\/ima\/0\/0\/9\/4\/1\/941384\/base_image.jpg\"},{\"@type\":\"BreadcrumbList\",\"@id\":\"https:\/\/aeronoticias.com.pe\/noticiero\/internacionales\/espana-primer-caso-de-hombre-infectado-por-virus-de-ebola-fue-descartado\/#breadcrumb\",\"itemListElement\":[{\"@type\":\"ListItem\",\"position\":1,\"name\":\"Portada\",\"item\":\"https:\/\/aeronoticias.com.pe\/noticiero\/\"},{\"@type\":\"ListItem\",\"position\":2,\"name\":\"Espa\u00f1a: Primer caso de hombre infectado por virus de \u00e9bola fue descartado\"}]},{\"@type\":\"WebSite\",\"@id\":\"https:\/\/aeronoticias.com.pe\/noticiero\/#website\",\"url\":\"https:\/\/aeronoticias.com.pe\/noticiero\/\",\"name\":\"Aeronoticias.com.pe\",\"description\":\"Noticias de tranporte aereo, turismo, hoteles, gastronomia, actualidad, internacional\",\"potentialAction\":[{\"@type\":\"SearchAction\",\"target\":{\"@type\":\"EntryPoint\",\"urlTemplate\":\"https:\/\/aeronoticias.com.pe\/noticiero\/?s={search_term_string}\"},\"query-input\":{\"@type\":\"PropertyValueSpecification\",\"valueRequired\":true,\"valueName\":\"search_term_string\"}}],\"inLanguage\":\"es\"},{\"@type\":\"Person\",\"@id\":\"https:\/\/aeronoticias.com.pe\/noticiero\/#\/schema\/person\/fc1e5d578f4b62ba1cf7ac2bba1170a0\",\"name\":\"Redacci\u00f3n Aeronoticias\",\"url\":\"https:\/\/aeronoticias.com.pe\/noticiero\/author\/piloto\/\"}]}<\/script>\n<!-- \/ Yoast SEO plugin. -->","yoast_head_json":{"title":"Espa\u00f1a: Primer caso de hombre infectado por virus de \u00e9bola fue descartado","description":"Portal de noticias del Per\u00fa sobre el transporte a\u00e9reo, aviaci\u00f3n, turismo, hoteleria, actualidad.","robots":{"index":"index","follow":"follow","max-snippet":"max-snippet:-1","max-image-preview":"max-image-preview:large","max-video-preview":"max-video-preview:-1"},"canonical":"https:\/\/aeronoticias.com.pe\/noticiero\/internacionales\/espana-primer-caso-de-hombre-infectado-por-virus-de-ebola-fue-descartado\/","og_locale":"es_ES","og_type":"article","og_title":"Espa\u00f1a: Primer caso de hombre infectado por virus de \u00e9bola fue descartado","og_description":"Portal de noticias del Per\u00fa sobre el transporte a\u00e9reo, aviaci\u00f3n, turismo, hoteleria, actualidad.","og_url":"https:\/\/aeronoticias.com.pe\/noticiero\/internacionales\/espana-primer-caso-de-hombre-infectado-por-virus-de-ebola-fue-descartado\/","og_site_name":"Aeronoticias.com.pe","article_publisher":"https:\/\/www.facebook.com\/Aeronoticias.com.pe\/","article_published_time":"2014-08-18T02:02:42+00:00","og_image":[{"url":"http:\/\/cde.3.elcomercio.pe\/ima\/0\/0\/9\/4\/1\/941384\/base_image.jpg","type":"","width":"","height":""}],"author":"Redacci\u00f3n Aeronoticias","twitter_card":"summary_large_image","twitter_creator":"@aeronoticias","twitter_site":"@aeronoticias","twitter_misc":{"Escrito por":"Redacci\u00f3n Aeronoticias","Tiempo de lectura":"1 minuto"},"schema":{"@context":"https:\/\/schema.org","@graph":[{"@type":"WebPage","@id":"https:\/\/aeronoticias.com.pe\/noticiero\/internacionales\/espana-primer-caso-de-hombre-infectado-por-virus-de-ebola-fue-descartado\/","url":"https:\/\/aeronoticias.com.pe\/noticiero\/internacionales\/espana-primer-caso-de-hombre-infectado-por-virus-de-ebola-fue-descartado\/","name":"Espa\u00f1a: Primer caso de hombre infectado por virus de \u00e9bola fue descartado","isPartOf":{"@id":"https:\/\/aeronoticias.com.pe\/noticiero\/#website"},"primaryImageOfPage":{"@id":"https:\/\/aeronoticias.com.pe\/noticiero\/internacionales\/espana-primer-caso-de-hombre-infectado-por-virus-de-ebola-fue-descartado\/#primaryimage"},"image":{"@id":"https:\/\/aeronoticias.com.pe\/noticiero\/internacionales\/espana-primer-caso-de-hombre-infectado-por-virus-de-ebola-fue-descartado\/#primaryimage"},"thumbnailUrl":"http:\/\/cde.3.elcomercio.pe\/ima\/0\/0\/9\/4\/1\/941384\/base_image.jpg","datePublished":"2014-08-18T02:02:42+00:00","author":{"@id":"https:\/\/aeronoticias.com.pe\/noticiero\/#\/schema\/person\/fc1e5d578f4b62ba1cf7ac2bba1170a0"},"description":"Portal de noticias del Per\u00fa sobre el transporte a\u00e9reo, aviaci\u00f3n, turismo, hoteleria, actualidad.","breadcrumb":{"@id":"https:\/\/aeronoticias.com.pe\/noticiero\/internacionales\/espana-primer-caso-de-hombre-infectado-por-virus-de-ebola-fue-descartado\/#breadcrumb"},"inLanguage":"es","potentialAction":[{"@type":"ReadAction","target":["https:\/\/aeronoticias.com.pe\/noticiero\/internacionales\/espana-primer-caso-de-hombre-infectado-por-virus-de-ebola-fue-descartado\/"]}]},{"@type":"ImageObject","inLanguage":"es","@id":"https:\/\/aeronoticias.com.pe\/noticiero\/internacionales\/espana-primer-caso-de-hombre-infectado-por-virus-de-ebola-fue-descartado\/#primaryimage","url":"http:\/\/cde.3.elcomercio.pe\/ima\/0\/0\/9\/4\/1\/941384\/base_image.jpg","contentUrl":"http:\/\/cde.3.elcomercio.pe\/ima\/0\/0\/9\/4\/1\/941384\/base_image.jpg"},{"@type":"BreadcrumbList","@id":"https:\/\/aeronoticias.com.pe\/noticiero\/internacionales\/espana-primer-caso-de-hombre-infectado-por-virus-de-ebola-fue-descartado\/#breadcrumb","itemListElement":[{"@type":"ListItem","position":1,"name":"Portada","item":"https:\/\/aeronoticias.com.pe\/noticiero\/"},{"@type":"ListItem","position":2,"name":"Espa\u00f1a: Primer caso de hombre infectado por virus de \u00e9bola fue descartado"}]},{"@type":"WebSite","@id":"https:\/\/aeronoticias.com.pe\/noticiero\/#website","url":"https:\/\/aeronoticias.com.pe\/noticiero\/","name":"Aeronoticias.com.pe","description":"Noticias de tranporte aereo, turismo, hoteles, gastronomia, actualidad, internacional","potentialAction":[{"@type":"SearchAction","target":{"@type":"EntryPoint","urlTemplate":"https:\/\/aeronoticias.com.pe\/noticiero\/?s={search_term_string}"},"query-input":{"@type":"PropertyValueSpecification","valueRequired":true,"valueName":"search_term_string"}}],"inLanguage":"es"},{"@type":"Person","@id":"https:\/\/aeronoticias.com.pe\/noticiero\/#\/schema\/person\/fc1e5d578f4b62ba1cf7ac2bba1170a0","name":"Redacci\u00f3n Aeronoticias","url":"https:\/\/aeronoticias.com.pe\/noticiero\/author\/piloto\/"}]}},"_links":{"self":[{"href":"https:\/\/aeronoticias.com.pe\/noticiero\/wp-json\/wp\/v2\/posts\/48211","targetHints":{"allow":["GET"]}}],"collection":[{"href":"https:\/\/aeronoticias.com.pe\/noticiero\/wp-json\/wp\/v2\/posts"}],"about":[{"href":"https:\/\/aeronoticias.com.pe\/noticiero\/wp-json\/wp\/v2\/types\/post"}],"author":[{"embeddable":true,"href":"https:\/\/aeronoticias.com.pe\/noticiero\/wp-json\/wp\/v2\/users\/1"}],"replies":[{"embeddable":true,"href":"https:\/\/aeronoticias.com.pe\/noticiero\/wp-json\/wp\/v2\/comments?post=48211"}],"version-history":[{"count":0,"href":"https:\/\/aeronoticias.com.pe\/noticiero\/wp-json\/wp\/v2\/posts\/48211\/revisions"}],"wp:attachment":[{"href":"https:\/\/aeronoticias.com.pe\/noticiero\/wp-json\/wp\/v2\/media?parent=48211"}],"wp:term":[{"taxonomy":"category","embeddable":true,"href":"https:\/\/aeronoticias.com.pe\/noticiero\/wp-json\/wp\/v2\/categories?post=48211"},{"taxonomy":"post_tag","embeddable":true,"href":"https:\/\/aeronoticias.com.pe\/noticiero\/wp-json\/wp\/v2\/tags?post=48211"}],"curies":[{"name":"wp","href":"https:\/\/api.w.org\/{rel}","templated":true}]}}