{"id":483,"date":"2008-09-11T19:02:55","date_gmt":"2008-09-11T19:02:55","guid":{"rendered":"http:\/\/desarrollo.mcvicious.com\/aero2020\/2008\/09\/11\/continental-airlines-reporto-en-agosto-factor-de-ocupacion-de-839\/"},"modified":"2008-09-11T19:02:55","modified_gmt":"2008-09-11T19:02:55","slug":"continental-airlines-reporto-en-agosto-factor-de-ocupacion-de-839","status":"publish","type":"post","link":"https:\/\/aeronoticias.com.pe\/noticiero\/transporte-aereo\/internacional\/continental-airlines-reporto-en-agosto-factor-de-ocupacion-de-839\/","title":{"rendered":"CONTINENTAL AIRLINES REPORTO EN AGOSTO FACTOR DE OCUPACION DE 83.9%"},"content":{"rendered":"<p>&nbsp;<\/p>\n<div align=\"justify\">Continental Airlines report&oacute; que en agosto pasado tuvo un factor de ocupaci&oacute;n consolidado (operaciones principales m&aacute;s operaciones regionales) de 83.9%, 1.4 puntos por debajo del factor de ocupaci&oacute;n consolidado alcanzado en agosto de 2007, y un factor de ocupaci&oacute;n de 84.9% considerando exclusivamente las operaciones principales, 1.0 punto inferior al resultado obtenido en agosto de 2007. <\/div>\n<p>&nbsp;<\/p>\n<div style=\"text-align: center\"><img loading=\"lazy\" decoding=\"async\" src=\"http:\/\/aeronoticias.com.pe\/fotonoticias\/setiembre\/continentalairlines.JPG\" alt=\" \" title=\"CONTINENTAL AIRLINES REPORTO EN AGOSTO FACTOR DE OCUPACION DE 83.9%. (Foto: Difusi&oacute;n)\" hspace=\"5\" vspace=\"5\" width=\"400\" height=\"266\" \/><\/div>\n<p>&nbsp;<\/p>\n<p> <!--more--> <\/p>\n<p>&nbsp;<\/p>\n<div align=\"center\"><strong>Operaciones en vuelos nacionales<\/strong><\/div>\n<p>&nbsp;<\/p>\n<div align=\"justify\">Asimismo, la empresa report&oacute; para las operaciones principales en vuelos nacionales un factor de ocupaci&oacute;n de 86.3% en el mes de agosto, 1.7 puntos inferior al alcanzado en agosto del a&ntilde;o pasado. Por otro lado, el factor de ocupaci&oacute;n en vuelos internacionales en agosto fue de 83.4%, 0.3 puntos menos que en agosto de 2007.<\/div>\n<p>&nbsp;<\/p>\n<div align=\"center\"><strong>Indice de puntualidad de 73.8%<\/strong><\/div>\n<p>&nbsp;<\/p>\n<div align=\"justify\">Durante el mes Continental registr&oacute;, conforme a los lineamientos del Departamento de Transportes de E.U.,&nbsp; un &iacute;ndice de puntualidad de 73.8% y complet&oacute; el 99.4% de los segmentos correspondientes a sus operaciones principales. <\/div>\n<div align=\"justify\">&nbsp;<\/div>\n<div align=\"center\"><strong>Un total de 9 mil 100 millones de millas-pasajero vol&oacute; Continental Airlines<\/strong><\/div>\n<p>&nbsp;<\/p>\n<div align=\"justify\">En agosto de 2008 Continental vol&oacute;, considerando de manera consolidada las operaciones principales y las regionales, un total de 9,100 millones de millas-pasajero (RPMs) y 10,900 millones de millas-asiento disponible (ASMs), dando como resultado un aumento de 0.7% en el tr&aacute;fico consolidado y un aumento de 2.4% en la capacidad en comparaci&oacute;n con agosto de 2007.<\/div>\n<p align=\"justify\">Considerando exclusivamente las operaciones principales en el mes de agosto, la empresa vol&oacute; 8,200 millones de RPMs y 9,700 millones de ASMs, dando como resultado un incremento de 0.7% en el tr&aacute;fico y un aumento en la capacidad de 2.0% respecto a agosto de 2007.<\/p>\n<div align=\"justify\">El tr&aacute;fico para las operaciones principales en vuelos nacionales fue de 4,200 millones de RPMs, 3.3% menos que en agosto de 2007, y la capacidad, tambi&eacute;n para las operaciones principales en vuelos nacionales, fue de 4,800 millones de ASMs, 1.4% inferior a la registrada en agosto del a&ntilde;o pasado. <\/div>\n<p><\/p>\n<div align=\"center\"><strong>Se incrementaron RASM consolidados en agosto<\/strong><\/div>\n<p><\/p>\n<div align=\"justify\">Para el mes de agosto de 2008, se calcula que los RASM consolidados se incrementaron entre 4.5% y 5.5% en comparaci&oacute;n con agosto de 2007. Por otro lado, se calcula que los RASM para las operaciones principales aumentaron entre 5.5% y 6.5% en comparaci&oacute;n con agosto del a&ntilde;o pasado.<\/p>\n<p>Para julio de 2008, los RASM consolidados se incrementaron en 4.8% respecto a julio de 2007, en tanto que los RASM para las operaciones principales aumentaron en 4.9% en comparaci&oacute;n con julio de 2007.<\/div>\n<p><\/p>\n<div align=\"center\"><strong>Operaciones regionales<\/strong><\/div>\n<p><\/p>\n<div align=\"justify\">Las operaciones regionales de Continental en el mes de agosto registraron un factor de ocupaci&oacute;n de 76.4%, 3.8 puntos por debajo del factor de ocupaci&oacute;n registrado en agosto de 2007. <\/p>\n<p>Las RPMs correspondientes a las operaciones regionales fueron 917.3 millones, mientras que las ASMs, tambi&eacute;n para las operaciones regionales, se ubicaron en 1,200.8 millones durante el mes, dando como resultado un aumento de 0.5% en el tr&aacute;fico y un aumento de 5.5% en la capacidad en comparaci&oacute;n con agosto de 2007.<\/div>\n","protected":false},"excerpt":{"rendered":"<p>&nbsp; Continental Airlines report&oacute; que en agosto pasado tuvo un factor de ocupaci&oacute;n consolidado (operaciones principales m&aacute;s operaciones regionales) de 83.9%, 1.4 puntos por debajo del factor de ocupaci&oacute;n consolidado alcanzado en agosto de 2007, y un factor de ocupaci&oacute;n de 84.9% considerando exclusivamente las operaciones principales, 1.0 punto inferior al resultado obtenido en agosto [&hellip;]<\/p>\n","protected":false},"author":1,"featured_media":0,"comment_status":"open","ping_status":"open","sticky":false,"template":"","format":"standard","meta":{"tdm_status":"","tdm_grid_status":"","footnotes":""},"categories":[32],"tags":[],"class_list":{"0":"post-483","1":"post","2":"type-post","3":"status-publish","4":"format-standard","6":"category-internacional"},"yoast_head":"<!-- This site is optimized with the Yoast SEO plugin v25.1 - https:\/\/yoast.com\/wordpress\/plugins\/seo\/ -->\n<title>CONTINENTAL AIRLINES REPORTO EN AGOSTO FACTOR DE OCUPACION DE 83.9%<\/title>\n<meta name=\"description\" content=\"Portal de noticias del Per\u00fa sobre el transporte a\u00e9reo, aviaci\u00f3n, turismo, hoteleria, actualidad.\" \/>\n<meta name=\"robots\" content=\"index, follow, max-snippet:-1, max-image-preview:large, max-video-preview:-1\" \/>\n<link rel=\"canonical\" href=\"https:\/\/aeronoticias.com.pe\/noticiero\/transporte-aereo\/internacional\/continental-airlines-reporto-en-agosto-factor-de-ocupacion-de-839\/\" \/>\n<meta property=\"og:locale\" content=\"es_ES\" \/>\n<meta property=\"og:type\" content=\"article\" \/>\n<meta property=\"og:title\" content=\"CONTINENTAL AIRLINES REPORTO EN AGOSTO FACTOR DE OCUPACION DE 83.9%\" \/>\n<meta property=\"og:description\" content=\"Portal de noticias del Per\u00fa sobre el transporte a\u00e9reo, aviaci\u00f3n, turismo, hoteleria, actualidad.\" \/>\n<meta property=\"og:url\" content=\"https:\/\/aeronoticias.com.pe\/noticiero\/transporte-aereo\/internacional\/continental-airlines-reporto-en-agosto-factor-de-ocupacion-de-839\/\" \/>\n<meta property=\"og:site_name\" content=\"Aeronoticias.com.pe\" \/>\n<meta property=\"article:publisher\" content=\"https:\/\/www.facebook.com\/Aeronoticias.com.pe\/\" \/>\n<meta property=\"article:published_time\" content=\"2008-09-11T19:02:55+00:00\" \/>\n<meta property=\"og:image\" content=\"http:\/\/aeronoticias.com.pe\/fotonoticias\/setiembre\/continentalairlines.JPG\" \/>\n<meta name=\"author\" content=\"Redacci\u00f3n Aeronoticias\" \/>\n<meta name=\"twitter:card\" content=\"summary_large_image\" \/>\n<meta name=\"twitter:creator\" content=\"@aeronoticias\" \/>\n<meta name=\"twitter:site\" content=\"@aeronoticias\" \/>\n<meta name=\"twitter:label1\" content=\"Escrito por\" \/>\n\t<meta name=\"twitter:data1\" content=\"Redacci\u00f3n Aeronoticias\" \/>\n\t<meta name=\"twitter:label2\" content=\"Tiempo de lectura\" \/>\n\t<meta name=\"twitter:data2\" content=\"2 minutos\" \/>\n<script type=\"application\/ld+json\" class=\"yoast-schema-graph\">{\"@context\":\"https:\/\/schema.org\",\"@graph\":[{\"@type\":\"WebPage\",\"@id\":\"https:\/\/aeronoticias.com.pe\/noticiero\/transporte-aereo\/internacional\/continental-airlines-reporto-en-agosto-factor-de-ocupacion-de-839\/\",\"url\":\"https:\/\/aeronoticias.com.pe\/noticiero\/transporte-aereo\/internacional\/continental-airlines-reporto-en-agosto-factor-de-ocupacion-de-839\/\",\"name\":\"CONTINENTAL AIRLINES REPORTO EN AGOSTO FACTOR DE OCUPACION DE 83.9%\",\"isPartOf\":{\"@id\":\"https:\/\/aeronoticias.com.pe\/noticiero\/#website\"},\"primaryImageOfPage\":{\"@id\":\"https:\/\/aeronoticias.com.pe\/noticiero\/transporte-aereo\/internacional\/continental-airlines-reporto-en-agosto-factor-de-ocupacion-de-839\/#primaryimage\"},\"image\":{\"@id\":\"https:\/\/aeronoticias.com.pe\/noticiero\/transporte-aereo\/internacional\/continental-airlines-reporto-en-agosto-factor-de-ocupacion-de-839\/#primaryimage\"},\"thumbnailUrl\":\"http:\/\/aeronoticias.com.pe\/fotonoticias\/setiembre\/continentalairlines.JPG\",\"datePublished\":\"2008-09-11T19:02:55+00:00\",\"author\":{\"@id\":\"https:\/\/aeronoticias.com.pe\/noticiero\/#\/schema\/person\/fc1e5d578f4b62ba1cf7ac2bba1170a0\"},\"description\":\"Portal de noticias del Per\u00fa sobre el transporte a\u00e9reo, aviaci\u00f3n, turismo, hoteleria, actualidad.\",\"breadcrumb\":{\"@id\":\"https:\/\/aeronoticias.com.pe\/noticiero\/transporte-aereo\/internacional\/continental-airlines-reporto-en-agosto-factor-de-ocupacion-de-839\/#breadcrumb\"},\"inLanguage\":\"es\",\"potentialAction\":[{\"@type\":\"ReadAction\",\"target\":[\"https:\/\/aeronoticias.com.pe\/noticiero\/transporte-aereo\/internacional\/continental-airlines-reporto-en-agosto-factor-de-ocupacion-de-839\/\"]}]},{\"@type\":\"ImageObject\",\"inLanguage\":\"es\",\"@id\":\"https:\/\/aeronoticias.com.pe\/noticiero\/transporte-aereo\/internacional\/continental-airlines-reporto-en-agosto-factor-de-ocupacion-de-839\/#primaryimage\",\"url\":\"http:\/\/aeronoticias.com.pe\/fotonoticias\/setiembre\/continentalairlines.JPG\",\"contentUrl\":\"http:\/\/aeronoticias.com.pe\/fotonoticias\/setiembre\/continentalairlines.JPG\"},{\"@type\":\"BreadcrumbList\",\"@id\":\"https:\/\/aeronoticias.com.pe\/noticiero\/transporte-aereo\/internacional\/continental-airlines-reporto-en-agosto-factor-de-ocupacion-de-839\/#breadcrumb\",\"itemListElement\":[{\"@type\":\"ListItem\",\"position\":1,\"name\":\"Portada\",\"item\":\"https:\/\/aeronoticias.com.pe\/noticiero\/\"},{\"@type\":\"ListItem\",\"position\":2,\"name\":\"CONTINENTAL AIRLINES REPORTO EN AGOSTO FACTOR DE OCUPACION DE 83.9%\"}]},{\"@type\":\"WebSite\",\"@id\":\"https:\/\/aeronoticias.com.pe\/noticiero\/#website\",\"url\":\"https:\/\/aeronoticias.com.pe\/noticiero\/\",\"name\":\"Aeronoticias.com.pe\",\"description\":\"Noticias de tranporte aereo, turismo, hoteles, gastronomia, actualidad, internacional\",\"potentialAction\":[{\"@type\":\"SearchAction\",\"target\":{\"@type\":\"EntryPoint\",\"urlTemplate\":\"https:\/\/aeronoticias.com.pe\/noticiero\/?s={search_term_string}\"},\"query-input\":{\"@type\":\"PropertyValueSpecification\",\"valueRequired\":true,\"valueName\":\"search_term_string\"}}],\"inLanguage\":\"es\"},{\"@type\":\"Person\",\"@id\":\"https:\/\/aeronoticias.com.pe\/noticiero\/#\/schema\/person\/fc1e5d578f4b62ba1cf7ac2bba1170a0\",\"name\":\"Redacci\u00f3n Aeronoticias\",\"url\":\"https:\/\/aeronoticias.com.pe\/noticiero\/author\/piloto\/\"}]}<\/script>\n<!-- \/ Yoast SEO plugin. -->","yoast_head_json":{"title":"CONTINENTAL AIRLINES REPORTO EN AGOSTO FACTOR DE OCUPACION DE 83.9%","description":"Portal de noticias del Per\u00fa sobre el transporte a\u00e9reo, aviaci\u00f3n, turismo, hoteleria, actualidad.","robots":{"index":"index","follow":"follow","max-snippet":"max-snippet:-1","max-image-preview":"max-image-preview:large","max-video-preview":"max-video-preview:-1"},"canonical":"https:\/\/aeronoticias.com.pe\/noticiero\/transporte-aereo\/internacional\/continental-airlines-reporto-en-agosto-factor-de-ocupacion-de-839\/","og_locale":"es_ES","og_type":"article","og_title":"CONTINENTAL AIRLINES REPORTO EN AGOSTO FACTOR DE OCUPACION DE 83.9%","og_description":"Portal de noticias del Per\u00fa sobre el transporte a\u00e9reo, aviaci\u00f3n, turismo, hoteleria, actualidad.","og_url":"https:\/\/aeronoticias.com.pe\/noticiero\/transporte-aereo\/internacional\/continental-airlines-reporto-en-agosto-factor-de-ocupacion-de-839\/","og_site_name":"Aeronoticias.com.pe","article_publisher":"https:\/\/www.facebook.com\/Aeronoticias.com.pe\/","article_published_time":"2008-09-11T19:02:55+00:00","og_image":[{"url":"http:\/\/aeronoticias.com.pe\/fotonoticias\/setiembre\/continentalairlines.JPG","type":"","width":"","height":""}],"author":"Redacci\u00f3n Aeronoticias","twitter_card":"summary_large_image","twitter_creator":"@aeronoticias","twitter_site":"@aeronoticias","twitter_misc":{"Escrito por":"Redacci\u00f3n Aeronoticias","Tiempo de lectura":"2 minutos"},"schema":{"@context":"https:\/\/schema.org","@graph":[{"@type":"WebPage","@id":"https:\/\/aeronoticias.com.pe\/noticiero\/transporte-aereo\/internacional\/continental-airlines-reporto-en-agosto-factor-de-ocupacion-de-839\/","url":"https:\/\/aeronoticias.com.pe\/noticiero\/transporte-aereo\/internacional\/continental-airlines-reporto-en-agosto-factor-de-ocupacion-de-839\/","name":"CONTINENTAL AIRLINES REPORTO EN AGOSTO FACTOR DE OCUPACION DE 83.9%","isPartOf":{"@id":"https:\/\/aeronoticias.com.pe\/noticiero\/#website"},"primaryImageOfPage":{"@id":"https:\/\/aeronoticias.com.pe\/noticiero\/transporte-aereo\/internacional\/continental-airlines-reporto-en-agosto-factor-de-ocupacion-de-839\/#primaryimage"},"image":{"@id":"https:\/\/aeronoticias.com.pe\/noticiero\/transporte-aereo\/internacional\/continental-airlines-reporto-en-agosto-factor-de-ocupacion-de-839\/#primaryimage"},"thumbnailUrl":"http:\/\/aeronoticias.com.pe\/fotonoticias\/setiembre\/continentalairlines.JPG","datePublished":"2008-09-11T19:02:55+00:00","author":{"@id":"https:\/\/aeronoticias.com.pe\/noticiero\/#\/schema\/person\/fc1e5d578f4b62ba1cf7ac2bba1170a0"},"description":"Portal de noticias del Per\u00fa sobre el transporte a\u00e9reo, aviaci\u00f3n, turismo, hoteleria, actualidad.","breadcrumb":{"@id":"https:\/\/aeronoticias.com.pe\/noticiero\/transporte-aereo\/internacional\/continental-airlines-reporto-en-agosto-factor-de-ocupacion-de-839\/#breadcrumb"},"inLanguage":"es","potentialAction":[{"@type":"ReadAction","target":["https:\/\/aeronoticias.com.pe\/noticiero\/transporte-aereo\/internacional\/continental-airlines-reporto-en-agosto-factor-de-ocupacion-de-839\/"]}]},{"@type":"ImageObject","inLanguage":"es","@id":"https:\/\/aeronoticias.com.pe\/noticiero\/transporte-aereo\/internacional\/continental-airlines-reporto-en-agosto-factor-de-ocupacion-de-839\/#primaryimage","url":"http:\/\/aeronoticias.com.pe\/fotonoticias\/setiembre\/continentalairlines.JPG","contentUrl":"http:\/\/aeronoticias.com.pe\/fotonoticias\/setiembre\/continentalairlines.JPG"},{"@type":"BreadcrumbList","@id":"https:\/\/aeronoticias.com.pe\/noticiero\/transporte-aereo\/internacional\/continental-airlines-reporto-en-agosto-factor-de-ocupacion-de-839\/#breadcrumb","itemListElement":[{"@type":"ListItem","position":1,"name":"Portada","item":"https:\/\/aeronoticias.com.pe\/noticiero\/"},{"@type":"ListItem","position":2,"name":"CONTINENTAL AIRLINES REPORTO EN AGOSTO FACTOR DE OCUPACION DE 83.9%"}]},{"@type":"WebSite","@id":"https:\/\/aeronoticias.com.pe\/noticiero\/#website","url":"https:\/\/aeronoticias.com.pe\/noticiero\/","name":"Aeronoticias.com.pe","description":"Noticias de tranporte aereo, turismo, hoteles, gastronomia, actualidad, internacional","potentialAction":[{"@type":"SearchAction","target":{"@type":"EntryPoint","urlTemplate":"https:\/\/aeronoticias.com.pe\/noticiero\/?s={search_term_string}"},"query-input":{"@type":"PropertyValueSpecification","valueRequired":true,"valueName":"search_term_string"}}],"inLanguage":"es"},{"@type":"Person","@id":"https:\/\/aeronoticias.com.pe\/noticiero\/#\/schema\/person\/fc1e5d578f4b62ba1cf7ac2bba1170a0","name":"Redacci\u00f3n Aeronoticias","url":"https:\/\/aeronoticias.com.pe\/noticiero\/author\/piloto\/"}]}},"_links":{"self":[{"href":"https:\/\/aeronoticias.com.pe\/noticiero\/wp-json\/wp\/v2\/posts\/483","targetHints":{"allow":["GET"]}}],"collection":[{"href":"https:\/\/aeronoticias.com.pe\/noticiero\/wp-json\/wp\/v2\/posts"}],"about":[{"href":"https:\/\/aeronoticias.com.pe\/noticiero\/wp-json\/wp\/v2\/types\/post"}],"author":[{"embeddable":true,"href":"https:\/\/aeronoticias.com.pe\/noticiero\/wp-json\/wp\/v2\/users\/1"}],"replies":[{"embeddable":true,"href":"https:\/\/aeronoticias.com.pe\/noticiero\/wp-json\/wp\/v2\/comments?post=483"}],"version-history":[{"count":0,"href":"https:\/\/aeronoticias.com.pe\/noticiero\/wp-json\/wp\/v2\/posts\/483\/revisions"}],"wp:attachment":[{"href":"https:\/\/aeronoticias.com.pe\/noticiero\/wp-json\/wp\/v2\/media?parent=483"}],"wp:term":[{"taxonomy":"category","embeddable":true,"href":"https:\/\/aeronoticias.com.pe\/noticiero\/wp-json\/wp\/v2\/categories?post=483"},{"taxonomy":"post_tag","embeddable":true,"href":"https:\/\/aeronoticias.com.pe\/noticiero\/wp-json\/wp\/v2\/tags?post=483"}],"curies":[{"name":"wp","href":"https:\/\/api.w.org\/{rel}","templated":true}]}}