{"id":48420,"date":"2014-08-22T14:56:30","date_gmt":"2014-08-22T14:56:30","guid":{"rendered":"http:\/\/desarrollo.mcvicious.com\/aero2020\/2014\/08\/22\/adex-y-sni-consideran-qobligacion-ciudadanaq-dar-voto-de-confianza-a-gabinete\/"},"modified":"2014-08-22T14:56:30","modified_gmt":"2014-08-22T14:56:30","slug":"adex-y-sni-consideran-qobligacion-ciudadanaq-dar-voto-de-confianza-a-gabinete","status":"publish","type":"post","link":"https:\/\/aeronoticias.com.pe\/noticiero\/politica\/adex-y-sni-consideran-qobligacion-ciudadanaq-dar-voto-de-confianza-a-gabinete\/","title":{"rendered":"Adex y SNI consideran \u00abobligaci\u00f3n ciudadana\u00bb dar voto de confianza a gabinete"},"content":{"rendered":"<p style=\"text-align: justify;\"><img decoding=\"async\" src=\"images\/stories\/14\/08\/220814\/a3.jpg\" border=\"0\" \/><\/p>\n<p style=\"text-align: justify;\"><strong>(Aeronoticias).- Piden a Congreso no quedarse en las peque\u00f1as disputas.<\/strong><\/p>\n<p style=\"text-align: justify;\">  <!--more-->  Los presidente de la Asociaci\u00f3n de Exportadores (Adex) y de la Sociedad Nacional de Industrias (SNI), Gast\u00f3n Pacheco y Luis Salazar, respectivamente, consideraron que es una \u00abobligaci\u00f3n ciudadana\u00bb para dar \u00abse\u00f1ales de tranquilidad\u00bb, que el Congreso le de el voto de confianza al Gabinete Ministerial.<\/p>\n<p style=\"text-align: justify;\">En declaraciones publicadas en el diario oficial El Peruano, Pacheco asegur\u00f3 adem\u00e1s que dar la confianza a los ministros garantiza el cumplimiento de su plan de trabajo.<\/p>\n<p style=\"text-align: justify;\">\u00abNo existe ning\u00fan hecho objetivo que justifique no otorgar el voto de investidura. Esto no se trata de un cheque en blanco. Tenemos que pensar en el pa\u00eds, no quedarnos en las peque\u00f1as disputas partidarias, necesitamos unidad y que prevalezca la cordura\u00bb, indic\u00f3.<\/p>\n<p style=\"text-align: justify;\">Mientras que Salazar puntualiz\u00f3 que el pa\u00eds requiere la uni\u00f3n de todos los sectores, tanto pol\u00edticos como de la sociedad civil, para responder lo antes posible al crecimiento.<\/p>\n<p style=\"text-align: justify;\">\u00abLos pol\u00edticos deben actuar pensando en el pa\u00eds. Se debe otorgar el voto de confianza porque es fundamental dar se\u00f1ales de tranquilidad y unidad para seguir trabajando, invirtiendo y generando desarrollo\u00bb, refiri\u00f3.<\/p>\n<p style=\"text-align: justify;\">Desde las 9:00 horas el pleno del Congreso realizar\u00e1 la segunda votaci\u00f3n destinada a dar el voto de confianza al Gabinete Ministerial que preside Ana Jara Vel\u00e1squez.<\/p>\n<p style=\"text-align: justify;\">El mi\u00e9rcoles pasado, durante una marat\u00f3nica jornada los parlamentarios no otorgaron la mayor\u00eda simple al Consejo de Ministros, por lo que sesionar\u00e1 hoy para dar cuenta de su decisi\u00f3n.<\/p>\n<p style=\"text-align: justify;\">\u00a0<\/p>\n<p style=\"text-align: justify;\">Fuente: <strong><em>Andina<\/em><\/strong><\/p>\n<p style=\"text-align: justify;\">Foto: <strong><em>Andina<\/em><\/strong><\/p>\n","protected":false},"excerpt":{"rendered":"<p>(Aeronoticias).- Piden a Congreso no quedarse en las peque\u00f1as disputas.<\/p>\n","protected":false},"author":1,"featured_media":0,"comment_status":"open","ping_status":"open","sticky":false,"template":"","format":"standard","meta":{"tdm_status":"","tdm_grid_status":"","footnotes":""},"categories":[36],"tags":[],"class_list":{"0":"post-48420","1":"post","2":"type-post","3":"status-publish","4":"format-standard","6":"category-politica"},"yoast_head":"<!-- This site is optimized with the Yoast SEO plugin v25.1 - https:\/\/yoast.com\/wordpress\/plugins\/seo\/ -->\n<title>Adex y SNI consideran &quot;obligaci\u00f3n ciudadana&quot; dar voto de confianza a gabinete<\/title>\n<meta name=\"description\" content=\"Portal de noticias del Per\u00fa sobre el transporte a\u00e9reo, aviaci\u00f3n, turismo, hoteleria, actualidad.\" \/>\n<meta name=\"robots\" content=\"index, follow, max-snippet:-1, max-image-preview:large, max-video-preview:-1\" \/>\n<link rel=\"canonical\" href=\"https:\/\/aeronoticias.com.pe\/noticiero\/politica\/adex-y-sni-consideran-qobligacion-ciudadanaq-dar-voto-de-confianza-a-gabinete\/\" \/>\n<meta property=\"og:locale\" content=\"es_ES\" \/>\n<meta property=\"og:type\" content=\"article\" \/>\n<meta property=\"og:title\" content=\"Adex y SNI consideran &quot;obligaci\u00f3n ciudadana&quot; dar voto de confianza a gabinete\" \/>\n<meta property=\"og:description\" content=\"Portal de noticias del Per\u00fa sobre el transporte a\u00e9reo, aviaci\u00f3n, turismo, hoteleria, actualidad.\" \/>\n<meta property=\"og:url\" content=\"https:\/\/aeronoticias.com.pe\/noticiero\/politica\/adex-y-sni-consideran-qobligacion-ciudadanaq-dar-voto-de-confianza-a-gabinete\/\" \/>\n<meta property=\"og:site_name\" content=\"Aeronoticias.com.pe\" \/>\n<meta property=\"article:publisher\" content=\"https:\/\/www.facebook.com\/Aeronoticias.com.pe\/\" \/>\n<meta property=\"article:published_time\" content=\"2014-08-22T14:56:30+00:00\" \/>\n<meta name=\"author\" content=\"Redacci\u00f3n Aeronoticias\" \/>\n<meta name=\"twitter:card\" content=\"summary_large_image\" \/>\n<meta name=\"twitter:creator\" content=\"@aeronoticias\" \/>\n<meta name=\"twitter:site\" content=\"@aeronoticias\" \/>\n<meta name=\"twitter:label1\" content=\"Escrito por\" \/>\n\t<meta name=\"twitter:data1\" content=\"Redacci\u00f3n Aeronoticias\" \/>\n\t<meta name=\"twitter:label2\" content=\"Tiempo de lectura\" \/>\n\t<meta name=\"twitter:data2\" content=\"1 minuto\" \/>\n<script type=\"application\/ld+json\" class=\"yoast-schema-graph\">{\"@context\":\"https:\/\/schema.org\",\"@graph\":[{\"@type\":\"WebPage\",\"@id\":\"https:\/\/aeronoticias.com.pe\/noticiero\/politica\/adex-y-sni-consideran-qobligacion-ciudadanaq-dar-voto-de-confianza-a-gabinete\/\",\"url\":\"https:\/\/aeronoticias.com.pe\/noticiero\/politica\/adex-y-sni-consideran-qobligacion-ciudadanaq-dar-voto-de-confianza-a-gabinete\/\",\"name\":\"Adex y SNI consideran \\\"obligaci\u00f3n ciudadana\\\" dar voto de confianza a gabinete\",\"isPartOf\":{\"@id\":\"https:\/\/aeronoticias.com.pe\/noticiero\/#website\"},\"datePublished\":\"2014-08-22T14:56:30+00:00\",\"author\":{\"@id\":\"https:\/\/aeronoticias.com.pe\/noticiero\/#\/schema\/person\/fc1e5d578f4b62ba1cf7ac2bba1170a0\"},\"description\":\"Portal de noticias del Per\u00fa sobre el transporte a\u00e9reo, aviaci\u00f3n, turismo, hoteleria, actualidad.\",\"breadcrumb\":{\"@id\":\"https:\/\/aeronoticias.com.pe\/noticiero\/politica\/adex-y-sni-consideran-qobligacion-ciudadanaq-dar-voto-de-confianza-a-gabinete\/#breadcrumb\"},\"inLanguage\":\"es\",\"potentialAction\":[{\"@type\":\"ReadAction\",\"target\":[\"https:\/\/aeronoticias.com.pe\/noticiero\/politica\/adex-y-sni-consideran-qobligacion-ciudadanaq-dar-voto-de-confianza-a-gabinete\/\"]}]},{\"@type\":\"BreadcrumbList\",\"@id\":\"https:\/\/aeronoticias.com.pe\/noticiero\/politica\/adex-y-sni-consideran-qobligacion-ciudadanaq-dar-voto-de-confianza-a-gabinete\/#breadcrumb\",\"itemListElement\":[{\"@type\":\"ListItem\",\"position\":1,\"name\":\"Portada\",\"item\":\"https:\/\/aeronoticias.com.pe\/noticiero\/\"},{\"@type\":\"ListItem\",\"position\":2,\"name\":\"Adex y SNI consideran \u00abobligaci\u00f3n ciudadana\u00bb dar voto de confianza a gabinete\"}]},{\"@type\":\"WebSite\",\"@id\":\"https:\/\/aeronoticias.com.pe\/noticiero\/#website\",\"url\":\"https:\/\/aeronoticias.com.pe\/noticiero\/\",\"name\":\"Aeronoticias.com.pe\",\"description\":\"Noticias de tranporte aereo, turismo, hoteles, gastronomia, actualidad, internacional\",\"potentialAction\":[{\"@type\":\"SearchAction\",\"target\":{\"@type\":\"EntryPoint\",\"urlTemplate\":\"https:\/\/aeronoticias.com.pe\/noticiero\/?s={search_term_string}\"},\"query-input\":{\"@type\":\"PropertyValueSpecification\",\"valueRequired\":true,\"valueName\":\"search_term_string\"}}],\"inLanguage\":\"es\"},{\"@type\":\"Person\",\"@id\":\"https:\/\/aeronoticias.com.pe\/noticiero\/#\/schema\/person\/fc1e5d578f4b62ba1cf7ac2bba1170a0\",\"name\":\"Redacci\u00f3n Aeronoticias\",\"url\":\"https:\/\/aeronoticias.com.pe\/noticiero\/author\/piloto\/\"}]}<\/script>\n<!-- \/ Yoast SEO plugin. -->","yoast_head_json":{"title":"Adex y SNI consideran \"obligaci\u00f3n ciudadana\" dar voto de confianza a gabinete","description":"Portal de noticias del Per\u00fa sobre el transporte a\u00e9reo, aviaci\u00f3n, turismo, hoteleria, actualidad.","robots":{"index":"index","follow":"follow","max-snippet":"max-snippet:-1","max-image-preview":"max-image-preview:large","max-video-preview":"max-video-preview:-1"},"canonical":"https:\/\/aeronoticias.com.pe\/noticiero\/politica\/adex-y-sni-consideran-qobligacion-ciudadanaq-dar-voto-de-confianza-a-gabinete\/","og_locale":"es_ES","og_type":"article","og_title":"Adex y SNI consideran \"obligaci\u00f3n ciudadana\" dar voto de confianza a gabinete","og_description":"Portal de noticias del Per\u00fa sobre el transporte a\u00e9reo, aviaci\u00f3n, turismo, hoteleria, actualidad.","og_url":"https:\/\/aeronoticias.com.pe\/noticiero\/politica\/adex-y-sni-consideran-qobligacion-ciudadanaq-dar-voto-de-confianza-a-gabinete\/","og_site_name":"Aeronoticias.com.pe","article_publisher":"https:\/\/www.facebook.com\/Aeronoticias.com.pe\/","article_published_time":"2014-08-22T14:56:30+00:00","author":"Redacci\u00f3n Aeronoticias","twitter_card":"summary_large_image","twitter_creator":"@aeronoticias","twitter_site":"@aeronoticias","twitter_misc":{"Escrito por":"Redacci\u00f3n Aeronoticias","Tiempo de lectura":"1 minuto"},"schema":{"@context":"https:\/\/schema.org","@graph":[{"@type":"WebPage","@id":"https:\/\/aeronoticias.com.pe\/noticiero\/politica\/adex-y-sni-consideran-qobligacion-ciudadanaq-dar-voto-de-confianza-a-gabinete\/","url":"https:\/\/aeronoticias.com.pe\/noticiero\/politica\/adex-y-sni-consideran-qobligacion-ciudadanaq-dar-voto-de-confianza-a-gabinete\/","name":"Adex y SNI consideran \"obligaci\u00f3n ciudadana\" dar voto de confianza a gabinete","isPartOf":{"@id":"https:\/\/aeronoticias.com.pe\/noticiero\/#website"},"datePublished":"2014-08-22T14:56:30+00:00","author":{"@id":"https:\/\/aeronoticias.com.pe\/noticiero\/#\/schema\/person\/fc1e5d578f4b62ba1cf7ac2bba1170a0"},"description":"Portal de noticias del Per\u00fa sobre el transporte a\u00e9reo, aviaci\u00f3n, turismo, hoteleria, actualidad.","breadcrumb":{"@id":"https:\/\/aeronoticias.com.pe\/noticiero\/politica\/adex-y-sni-consideran-qobligacion-ciudadanaq-dar-voto-de-confianza-a-gabinete\/#breadcrumb"},"inLanguage":"es","potentialAction":[{"@type":"ReadAction","target":["https:\/\/aeronoticias.com.pe\/noticiero\/politica\/adex-y-sni-consideran-qobligacion-ciudadanaq-dar-voto-de-confianza-a-gabinete\/"]}]},{"@type":"BreadcrumbList","@id":"https:\/\/aeronoticias.com.pe\/noticiero\/politica\/adex-y-sni-consideran-qobligacion-ciudadanaq-dar-voto-de-confianza-a-gabinete\/#breadcrumb","itemListElement":[{"@type":"ListItem","position":1,"name":"Portada","item":"https:\/\/aeronoticias.com.pe\/noticiero\/"},{"@type":"ListItem","position":2,"name":"Adex y SNI consideran \u00abobligaci\u00f3n ciudadana\u00bb dar voto de confianza a gabinete"}]},{"@type":"WebSite","@id":"https:\/\/aeronoticias.com.pe\/noticiero\/#website","url":"https:\/\/aeronoticias.com.pe\/noticiero\/","name":"Aeronoticias.com.pe","description":"Noticias de tranporte aereo, turismo, hoteles, gastronomia, actualidad, internacional","potentialAction":[{"@type":"SearchAction","target":{"@type":"EntryPoint","urlTemplate":"https:\/\/aeronoticias.com.pe\/noticiero\/?s={search_term_string}"},"query-input":{"@type":"PropertyValueSpecification","valueRequired":true,"valueName":"search_term_string"}}],"inLanguage":"es"},{"@type":"Person","@id":"https:\/\/aeronoticias.com.pe\/noticiero\/#\/schema\/person\/fc1e5d578f4b62ba1cf7ac2bba1170a0","name":"Redacci\u00f3n Aeronoticias","url":"https:\/\/aeronoticias.com.pe\/noticiero\/author\/piloto\/"}]}},"_links":{"self":[{"href":"https:\/\/aeronoticias.com.pe\/noticiero\/wp-json\/wp\/v2\/posts\/48420","targetHints":{"allow":["GET"]}}],"collection":[{"href":"https:\/\/aeronoticias.com.pe\/noticiero\/wp-json\/wp\/v2\/posts"}],"about":[{"href":"https:\/\/aeronoticias.com.pe\/noticiero\/wp-json\/wp\/v2\/types\/post"}],"author":[{"embeddable":true,"href":"https:\/\/aeronoticias.com.pe\/noticiero\/wp-json\/wp\/v2\/users\/1"}],"replies":[{"embeddable":true,"href":"https:\/\/aeronoticias.com.pe\/noticiero\/wp-json\/wp\/v2\/comments?post=48420"}],"version-history":[{"count":0,"href":"https:\/\/aeronoticias.com.pe\/noticiero\/wp-json\/wp\/v2\/posts\/48420\/revisions"}],"wp:attachment":[{"href":"https:\/\/aeronoticias.com.pe\/noticiero\/wp-json\/wp\/v2\/media?parent=48420"}],"wp:term":[{"taxonomy":"category","embeddable":true,"href":"https:\/\/aeronoticias.com.pe\/noticiero\/wp-json\/wp\/v2\/categories?post=48420"},{"taxonomy":"post_tag","embeddable":true,"href":"https:\/\/aeronoticias.com.pe\/noticiero\/wp-json\/wp\/v2\/tags?post=48420"}],"curies":[{"name":"wp","href":"https:\/\/api.w.org\/{rel}","templated":true}]}}