{"id":48452,"date":"2014-08-23T12:00:00","date_gmt":"2014-08-23T12:00:00","guid":{"rendered":"http:\/\/desarrollo.mcvicious.com\/aero2020\/2014\/08\/23\/mexico-el-hombre-que-disolvio-en-acido-a-300-personas\/"},"modified":"2014-08-23T12:00:00","modified_gmt":"2014-08-23T12:00:00","slug":"mexico-el-hombre-que-disolvio-en-acido-a-300-personas","status":"publish","type":"post","link":"https:\/\/aeronoticias.com.pe\/noticiero\/internacionales\/mexico-el-hombre-que-disolvio-en-acido-a-300-personas\/","title":{"rendered":"M\u00e9xico: el hombre que disolvi\u00f3 en \u00e1cido a 300 personas"},"content":{"rendered":"<p style=\"text-align: justify;\"><img decoding=\"async\" src=\"images\/stories\/14\/08\/230814\/a7.jpg\" border=\"0\" \/><\/p>\n<p style=\"text-align: justify;\"><strong>(Aeronoticias).- <\/strong>A primera vista parecen trozos de roca marr\u00f3n. Pero el polvo y arena que las cubren esconden su terrible origen: lo que parecen piedras son restos de grasa humana, huesos y dientes de un n\u00famero desconocido de personas que fueron disueltas en barriles con \u00e1cido, sosa y otras sustancias qu\u00edmicas.<\/p>\n<p style=\"text-align: justify;\">  <!--more-->  Pertenecen a personas desaparecidas en Tijuana, Baja California, durante los primeros a\u00f1os de la guerra contra el narcotr\u00e1fico en M\u00e9xico. Quedaron convertidos en una mezcla l\u00edquida que se deposit\u00f3 en aljibes, donde permanecieron varios a\u00f1os hasta que los encontraron familiares de las v\u00edctimas.<\/p>\n<p style=\"text-align: justify;\">La mayor parte est\u00e1 bajo tierra, pero desde 2012 algunos restos se quedaron en la superficie despu\u00e9s de las revisiones de la Procuradur\u00eda (fiscal\u00eda) General de la Rep\u00fablica (PGR).<\/p>\n<p style=\"text-align: justify;\">Desde entonces permanecen abandonados en una peque\u00f1a finca conocida como Ojo de Agua, en la zona oeste de esta ciudad fronteriza con Estados Unidos.<\/p>\n<p style=\"text-align: justify;\">El autor de este horror es Santiago Meza L\u00f3pez, un exalba\u00f1il detenido en 2009 quien confes\u00f3 haberse deshecho de al menos 300 cuerpos.<\/p>\n<p style=\"text-align: justify;\">Junto con otros j\u00f3venes se encargaba de hacer desaparecer los cad\u00e1veres que le entregaba una banda vinculada con el Cartel de Sinaloa.<\/p>\n<p style=\"text-align: justify;\">A Meza L\u00f3pez le dicen El Pozolero, en referencia a un platillo que se prepara con granos de ma\u00edz y carne de cerdo. El sobrenombre, sin embargo, nada tiene que ver con la comida, sino con la habilidad del alba\u00f1il para deshacerse por completo de cuerpos humanos.<\/p>\n<p style=\"text-align: justify;\"><span style=\"text-decoration: underline;\">Las fosas clandestinas<\/span><\/p>\n<p style=\"text-align: justify;\">Adem\u00e1s de Ojo de Agua s\u00f3lo han sido localizadas otras dos fosas clandestinas, conocidas como La Gallera y Loma Bonita.<\/p>\n<p style=\"text-align: justify;\">BBC Mundo las visit\u00f3 con familiares de desaparecidos. Muchos creen que pueden haber decenas m\u00e1s que todav\u00eda no se han descubierto.<\/p>\n<p style=\"text-align: justify;\">Las autoridades dicen que muchos de quienes terminaron en las fincas son v\u00edctimas de la guerra por controlar una ruta de narcotr\u00e1fico en la regi\u00f3n.<\/p>\n<p style=\"text-align: justify;\">Pero en las fosas tambi\u00e9n existen personas ajenas por completo al narcotr\u00e1fico y la delincuencia organizada: fueron secuestradas para pedir rescate, se encontraban en un sitio atacado por delincuentes o simplemente les asesinaron por problemas menores, como incidentes viales.<\/p>\n<p style=\"text-align: justify;\">La historia de El Pozolero es una de las m\u00e1s crueles sobre un tema pendiente en M\u00e9xico: la desaparici\u00f3n de miles de personas durante la guerra contra el narcotr\u00e1fico que emprendi\u00f3 el expresidente Felipe Calder\u00f3n.<\/p>\n<p style=\"text-align: justify;\">La Secretar\u00eda de Gobernaci\u00f3n asegur\u00f3 el jueves que la cifra de personas \u00abno localizadas\u00bb, como denomina a los desaparecidos, es de 22.322 hasta el 31 de julio.<\/p>\n<p style=\"text-align: justify;\">La Comisi\u00f3n Nacional de Derechos Humanos (CNDH) ha dicho que la cifra es de 24.000.<\/p>\n<p style=\"text-align: justify;\">Detr\u00e1s de las cifras hay muchas personas que desde hace a\u00f1os buscan a sus familiares. Pero tambi\u00e9n personajes que se encargaron de desaparecerlos.<\/p>\n<p style=\"text-align: justify;\"><span style=\"text-decoration: underline;\">Historia<\/span><\/p>\n<p style=\"text-align: justify;\"><span style=\"text-decoration: underline;\"><img decoding=\"async\" src=\"images\/stories\/14\/08\/230814\/a7_1.jpg\" border=\"0\" \/><br \/><\/span><\/p>\n<p style=\"text-align: justify;\">Por lo menos desde 1990 Tijuana ha sido una de las trincheras hist\u00f3ricas de la disputa entre el cartel de Sinaloa y el que fundaron los hermanos Arellano F\u00e9lix, el cual seg\u00fan analistas y agencias de seguridad estadounidense, ha perdido casi toda su influencia en Baja California.<\/p>\n<p style=\"text-align: justify;\">Uno de los jefes de este \u00faltimo grupo era Teodoro Garc\u00eda Simental, conocido como El Teo o El Tres Letras, quien a partir de 2008 se separ\u00f3 de la organizaci\u00f3n y se ali\u00f3 con sus antiguos rivales. As\u00ed inici\u00f3 una batalla que en pocos a\u00f1os caus\u00f3 la muerte a m\u00e1s de 3.000 personas y la desaparici\u00f3n de otras 900.<\/p>\n<p style=\"text-align: justify;\">A muchos de ellos los disolvi\u00f3 El Pozolero, empleado de Garc\u00eda Simental. No se conoce el n\u00famero exacto de las v\u00edctimas pese a la confesi\u00f3n del alba\u00f1il originario de Guam\u00fachil, Sinaloa.<\/p>\n<p style=\"text-align: justify;\">La identidad de quienes pudieran encontrarse en las fosas se desconoce y probablemente no se sabr\u00e1 porque seg\u00fan la Procuradur\u00eda (fiscal\u00eda) General de la Rep\u00fablica (PGR), la forma como los cuerpos fueron disueltos impide realizar ex\u00e1menes de ADN.<\/p>\n<p style=\"text-align: justify;\">Meza L\u00f3pez no ha aportado m\u00e1s informaci\u00f3n. Cuando los fiscales le mostraron fotos de desaparecidos, dijo que no reconoci\u00f3 a ninguno. \u00c9l, insiste, s\u00f3lo recibi\u00f3 cad\u00e1veres. A cientos de ellos.<\/p>\n<p style=\"text-align: justify;\"><span style=\"text-decoration: underline;\">Violencia<\/span><\/p>\n<p style=\"text-align: justify;\">Hace 7 a\u00f1os desapareci\u00f3 Fernando Ocegueda Ruelas, estudiante de ingenier\u00eda de 23 a\u00f1os de edad. Se lo llev\u00f3 un grupo de hombres que dijeron ser polic\u00edas y desde entonces su padre no ha dejado de buscarlo.<\/p>\n<p style=\"text-align: justify;\">Fue \u00e9l, Fernando Ocegueda Flores, quien descubri\u00f3 las fincas donde trabajaba Meza L\u00f3pez en los suburbios de Tijuana gracias a informes enviados an\u00f3nimamente a los correos electr\u00f3nicos del grupo que cre\u00f3, la Asociaci\u00f3n Unidos por los Desaparecidos de Baja California. Los datos de los mensajes fueron tan precisos que le permitieron ubicar el sitio donde se encuentran las fosas.<\/p>\n<p style=\"text-align: justify;\">En un primer momento pens\u00f3 que su hijo pudo ser una v\u00edctima de El Pozolero, pero luego hizo a un lado el tema. \u00abYo no s\u00e9 si est\u00e9 aqu\u00ed en esta fosa, y no quiero pensar en eso\u00bb, le dice a BBC Mundo mientras se\u00f1ala a una de las fosas en la finca La Gallera.<\/p>\n<p style=\"text-align: justify;\">\u00abPero hay posibilidades: puede estar en Ojo de Agua, o puede estar en el predio de Loma Bonita. La l\u00f3gica me dice que probablemente s\u00ed, aqu\u00ed es donde normalmente los tra\u00edan pero mientras no tenga informaci\u00f3n fidedigna, una investigaci\u00f3n cient\u00edfica o muestras de ADN que me demuestren que est\u00e1 aqu\u00ed, voy a seguir busc\u00e1ndolo, no puedo darme por vencido\u00bb.<\/p>\n<p style=\"text-align: justify;\">La Asociaci\u00f3n, junto con la PGR, ha revisado al menos 80 terrenos para buscar m\u00e1s restos humanos, y a\u00fan tienen pendientes la visita a otros 50.<\/p>\n<p style=\"text-align: justify;\">A pesar de que Meza L\u00f3pez est\u00e1 detenido, las desapariciones a\u00fan siguen en Tijuana. \u00abLa semana pasada supimos de 5 secuestros. Si ya no hay pozoleros, \u00bfen d\u00f3nde est\u00e1n?\u00bb, cuestiona Ocegueda.<\/p>\n<p style=\"text-align: justify;\"><span style=\"text-decoration: underline;\">\u00abPozoleado\u00bb<\/span><\/p>\n<p style=\"text-align: justify;\"><span style=\"text-decoration: underline;\"><img decoding=\"async\" src=\"images\/stories\/14\/08\/230814\/a7_2.jpg\" border=\"0\" \/><br \/><\/span><\/p>\n<p style=\"text-align: justify;\">Cuando se supo que algunas fosas de El Pozolero hab\u00edan sido encontradas, muchos familiares de desaparecidos revisaron metro a metro el terreno de las fincas con la esperanza de encontrar algo que les ayudara a iniciar su duelo.<\/p>\n<p style=\"text-align: justify;\">No hubo \u00e9xito. Algunos abandonaron la b\u00fasqueda pero otros todav\u00eda la mantienen a pesar de los obst\u00e1culos que suelen presentar las autoridades.<\/p>\n<p style=\"text-align: justify;\">Marta Alicia Ochoa es un ejemplo. En octubre de 2006 su esposo fue secuestrado en un centro comercial por personas vestidas como polic\u00edas, y desde entonces nada sabe de su pareja.<\/p>\n<p style=\"text-align: justify;\">Ha preguntado a las autoridades sobre el caso, pero la respuesta se parece a la que han escuchado muchos familiares de desaparecidos: \u00abMe dicen: se\u00f1ora, ya olv\u00eddese. Su marido est\u00e1 pozoleado, no lo van a encontrar\u00bb.<\/p>\n<p style=\"text-align: justify;\">\u00a0<\/p>\n<p style=\"text-align: justify;\">Fuente: <strong><em>BBC<\/em><\/strong><\/p>\n<p style=\"text-align: justify;\">Foto: <strong><em>BBC<\/em><\/strong><\/p>\n<p style=\"text-align: justify;\"><strong><em><br \/><\/em><\/strong><\/p>\n<p>{jathumbnail off images=\u00bbimages\/stories\/14\/08\/230814\/a7.jpg,images\/stories\/14\/08\/230814\/a7_1.jpg,images\/stories\/14\/08\/230814\/a7_2.jpg\u00bb}<\/p>\n","protected":false},"excerpt":{"rendered":"<p>(Aeronoticias).- A primera vista parecen trozos de roca marr\u00f3n. Pero el polvo y arena que las cubren esconden su terrible origen: lo que parecen piedras son restos de grasa humana, huesos y dientes de un n\u00famero desconocido de personas que fueron disueltas en barriles con \u00e1cido, sosa y otras sustancias qu\u00edmicas.<\/p>\n","protected":false},"author":1,"featured_media":0,"comment_status":"open","ping_status":"open","sticky":false,"template":"","format":"standard","meta":{"tdm_status":"","tdm_grid_status":"","footnotes":""},"categories":[34],"tags":[],"class_list":{"0":"post-48452","1":"post","2":"type-post","3":"status-publish","4":"format-standard","6":"category-internacionales"},"yoast_head":"<!-- This site is optimized with the Yoast SEO plugin v25.1 - https:\/\/yoast.com\/wordpress\/plugins\/seo\/ -->\n<title>M\u00e9xico: el hombre que disolvi\u00f3 en \u00e1cido a 300 personas<\/title>\n<meta name=\"description\" content=\"Portal de noticias del Per\u00fa sobre el transporte a\u00e9reo, aviaci\u00f3n, turismo, hoteleria, actualidad.\" \/>\n<meta name=\"robots\" content=\"index, follow, max-snippet:-1, max-image-preview:large, max-video-preview:-1\" \/>\n<link rel=\"canonical\" href=\"https:\/\/aeronoticias.com.pe\/noticiero\/internacionales\/mexico-el-hombre-que-disolvio-en-acido-a-300-personas\/\" \/>\n<meta property=\"og:locale\" content=\"es_ES\" \/>\n<meta property=\"og:type\" content=\"article\" \/>\n<meta property=\"og:title\" content=\"M\u00e9xico: el hombre que disolvi\u00f3 en \u00e1cido a 300 personas\" \/>\n<meta property=\"og:description\" content=\"Portal de noticias del Per\u00fa sobre el transporte a\u00e9reo, aviaci\u00f3n, turismo, hoteleria, actualidad.\" \/>\n<meta property=\"og:url\" content=\"https:\/\/aeronoticias.com.pe\/noticiero\/internacionales\/mexico-el-hombre-que-disolvio-en-acido-a-300-personas\/\" \/>\n<meta property=\"og:site_name\" content=\"Aeronoticias.com.pe\" \/>\n<meta property=\"article:publisher\" content=\"https:\/\/www.facebook.com\/Aeronoticias.com.pe\/\" \/>\n<meta property=\"article:published_time\" content=\"2014-08-23T12:00:00+00:00\" \/>\n<meta name=\"author\" content=\"Redacci\u00f3n Aeronoticias\" \/>\n<meta name=\"twitter:card\" content=\"summary_large_image\" \/>\n<meta name=\"twitter:creator\" content=\"@aeronoticias\" \/>\n<meta name=\"twitter:site\" content=\"@aeronoticias\" \/>\n<meta name=\"twitter:label1\" content=\"Escrito por\" \/>\n\t<meta name=\"twitter:data1\" content=\"Redacci\u00f3n Aeronoticias\" \/>\n\t<meta name=\"twitter:label2\" content=\"Tiempo de lectura\" \/>\n\t<meta name=\"twitter:data2\" content=\"6 minutos\" \/>\n<script type=\"application\/ld+json\" class=\"yoast-schema-graph\">{\"@context\":\"https:\/\/schema.org\",\"@graph\":[{\"@type\":\"WebPage\",\"@id\":\"https:\/\/aeronoticias.com.pe\/noticiero\/internacionales\/mexico-el-hombre-que-disolvio-en-acido-a-300-personas\/\",\"url\":\"https:\/\/aeronoticias.com.pe\/noticiero\/internacionales\/mexico-el-hombre-que-disolvio-en-acido-a-300-personas\/\",\"name\":\"M\u00e9xico: el hombre que disolvi\u00f3 en \u00e1cido a 300 personas\",\"isPartOf\":{\"@id\":\"https:\/\/aeronoticias.com.pe\/noticiero\/#website\"},\"datePublished\":\"2014-08-23T12:00:00+00:00\",\"author\":{\"@id\":\"https:\/\/aeronoticias.com.pe\/noticiero\/#\/schema\/person\/fc1e5d578f4b62ba1cf7ac2bba1170a0\"},\"description\":\"Portal de noticias del Per\u00fa sobre el transporte a\u00e9reo, aviaci\u00f3n, turismo, hoteleria, actualidad.\",\"breadcrumb\":{\"@id\":\"https:\/\/aeronoticias.com.pe\/noticiero\/internacionales\/mexico-el-hombre-que-disolvio-en-acido-a-300-personas\/#breadcrumb\"},\"inLanguage\":\"es\",\"potentialAction\":[{\"@type\":\"ReadAction\",\"target\":[\"https:\/\/aeronoticias.com.pe\/noticiero\/internacionales\/mexico-el-hombre-que-disolvio-en-acido-a-300-personas\/\"]}]},{\"@type\":\"BreadcrumbList\",\"@id\":\"https:\/\/aeronoticias.com.pe\/noticiero\/internacionales\/mexico-el-hombre-que-disolvio-en-acido-a-300-personas\/#breadcrumb\",\"itemListElement\":[{\"@type\":\"ListItem\",\"position\":1,\"name\":\"Portada\",\"item\":\"https:\/\/aeronoticias.com.pe\/noticiero\/\"},{\"@type\":\"ListItem\",\"position\":2,\"name\":\"M\u00e9xico: el hombre que disolvi\u00f3 en \u00e1cido a 300 personas\"}]},{\"@type\":\"WebSite\",\"@id\":\"https:\/\/aeronoticias.com.pe\/noticiero\/#website\",\"url\":\"https:\/\/aeronoticias.com.pe\/noticiero\/\",\"name\":\"Aeronoticias.com.pe\",\"description\":\"Noticias de tranporte aereo, turismo, hoteles, gastronomia, actualidad, internacional\",\"potentialAction\":[{\"@type\":\"SearchAction\",\"target\":{\"@type\":\"EntryPoint\",\"urlTemplate\":\"https:\/\/aeronoticias.com.pe\/noticiero\/?s={search_term_string}\"},\"query-input\":{\"@type\":\"PropertyValueSpecification\",\"valueRequired\":true,\"valueName\":\"search_term_string\"}}],\"inLanguage\":\"es\"},{\"@type\":\"Person\",\"@id\":\"https:\/\/aeronoticias.com.pe\/noticiero\/#\/schema\/person\/fc1e5d578f4b62ba1cf7ac2bba1170a0\",\"name\":\"Redacci\u00f3n Aeronoticias\",\"url\":\"https:\/\/aeronoticias.com.pe\/noticiero\/author\/piloto\/\"}]}<\/script>\n<!-- \/ Yoast SEO plugin. -->","yoast_head_json":{"title":"M\u00e9xico: el hombre que disolvi\u00f3 en \u00e1cido a 300 personas","description":"Portal de noticias del Per\u00fa sobre el transporte a\u00e9reo, aviaci\u00f3n, turismo, hoteleria, actualidad.","robots":{"index":"index","follow":"follow","max-snippet":"max-snippet:-1","max-image-preview":"max-image-preview:large","max-video-preview":"max-video-preview:-1"},"canonical":"https:\/\/aeronoticias.com.pe\/noticiero\/internacionales\/mexico-el-hombre-que-disolvio-en-acido-a-300-personas\/","og_locale":"es_ES","og_type":"article","og_title":"M\u00e9xico: el hombre que disolvi\u00f3 en \u00e1cido a 300 personas","og_description":"Portal de noticias del Per\u00fa sobre el transporte a\u00e9reo, aviaci\u00f3n, turismo, hoteleria, actualidad.","og_url":"https:\/\/aeronoticias.com.pe\/noticiero\/internacionales\/mexico-el-hombre-que-disolvio-en-acido-a-300-personas\/","og_site_name":"Aeronoticias.com.pe","article_publisher":"https:\/\/www.facebook.com\/Aeronoticias.com.pe\/","article_published_time":"2014-08-23T12:00:00+00:00","author":"Redacci\u00f3n Aeronoticias","twitter_card":"summary_large_image","twitter_creator":"@aeronoticias","twitter_site":"@aeronoticias","twitter_misc":{"Escrito por":"Redacci\u00f3n Aeronoticias","Tiempo de lectura":"6 minutos"},"schema":{"@context":"https:\/\/schema.org","@graph":[{"@type":"WebPage","@id":"https:\/\/aeronoticias.com.pe\/noticiero\/internacionales\/mexico-el-hombre-que-disolvio-en-acido-a-300-personas\/","url":"https:\/\/aeronoticias.com.pe\/noticiero\/internacionales\/mexico-el-hombre-que-disolvio-en-acido-a-300-personas\/","name":"M\u00e9xico: el hombre que disolvi\u00f3 en \u00e1cido a 300 personas","isPartOf":{"@id":"https:\/\/aeronoticias.com.pe\/noticiero\/#website"},"datePublished":"2014-08-23T12:00:00+00:00","author":{"@id":"https:\/\/aeronoticias.com.pe\/noticiero\/#\/schema\/person\/fc1e5d578f4b62ba1cf7ac2bba1170a0"},"description":"Portal de noticias del Per\u00fa sobre el transporte a\u00e9reo, aviaci\u00f3n, turismo, hoteleria, actualidad.","breadcrumb":{"@id":"https:\/\/aeronoticias.com.pe\/noticiero\/internacionales\/mexico-el-hombre-que-disolvio-en-acido-a-300-personas\/#breadcrumb"},"inLanguage":"es","potentialAction":[{"@type":"ReadAction","target":["https:\/\/aeronoticias.com.pe\/noticiero\/internacionales\/mexico-el-hombre-que-disolvio-en-acido-a-300-personas\/"]}]},{"@type":"BreadcrumbList","@id":"https:\/\/aeronoticias.com.pe\/noticiero\/internacionales\/mexico-el-hombre-que-disolvio-en-acido-a-300-personas\/#breadcrumb","itemListElement":[{"@type":"ListItem","position":1,"name":"Portada","item":"https:\/\/aeronoticias.com.pe\/noticiero\/"},{"@type":"ListItem","position":2,"name":"M\u00e9xico: el hombre que disolvi\u00f3 en \u00e1cido a 300 personas"}]},{"@type":"WebSite","@id":"https:\/\/aeronoticias.com.pe\/noticiero\/#website","url":"https:\/\/aeronoticias.com.pe\/noticiero\/","name":"Aeronoticias.com.pe","description":"Noticias de tranporte aereo, turismo, hoteles, gastronomia, actualidad, internacional","potentialAction":[{"@type":"SearchAction","target":{"@type":"EntryPoint","urlTemplate":"https:\/\/aeronoticias.com.pe\/noticiero\/?s={search_term_string}"},"query-input":{"@type":"PropertyValueSpecification","valueRequired":true,"valueName":"search_term_string"}}],"inLanguage":"es"},{"@type":"Person","@id":"https:\/\/aeronoticias.com.pe\/noticiero\/#\/schema\/person\/fc1e5d578f4b62ba1cf7ac2bba1170a0","name":"Redacci\u00f3n Aeronoticias","url":"https:\/\/aeronoticias.com.pe\/noticiero\/author\/piloto\/"}]}},"_links":{"self":[{"href":"https:\/\/aeronoticias.com.pe\/noticiero\/wp-json\/wp\/v2\/posts\/48452","targetHints":{"allow":["GET"]}}],"collection":[{"href":"https:\/\/aeronoticias.com.pe\/noticiero\/wp-json\/wp\/v2\/posts"}],"about":[{"href":"https:\/\/aeronoticias.com.pe\/noticiero\/wp-json\/wp\/v2\/types\/post"}],"author":[{"embeddable":true,"href":"https:\/\/aeronoticias.com.pe\/noticiero\/wp-json\/wp\/v2\/users\/1"}],"replies":[{"embeddable":true,"href":"https:\/\/aeronoticias.com.pe\/noticiero\/wp-json\/wp\/v2\/comments?post=48452"}],"version-history":[{"count":0,"href":"https:\/\/aeronoticias.com.pe\/noticiero\/wp-json\/wp\/v2\/posts\/48452\/revisions"}],"wp:attachment":[{"href":"https:\/\/aeronoticias.com.pe\/noticiero\/wp-json\/wp\/v2\/media?parent=48452"}],"wp:term":[{"taxonomy":"category","embeddable":true,"href":"https:\/\/aeronoticias.com.pe\/noticiero\/wp-json\/wp\/v2\/categories?post=48452"},{"taxonomy":"post_tag","embeddable":true,"href":"https:\/\/aeronoticias.com.pe\/noticiero\/wp-json\/wp\/v2\/tags?post=48452"}],"curies":[{"name":"wp","href":"https:\/\/api.w.org\/{rel}","templated":true}]}}