{"id":485,"date":"2008-09-11T20:54:37","date_gmt":"2008-09-11T20:54:37","guid":{"rendered":"http:\/\/desarrollo.mcvicious.com\/aero2020\/2008\/09\/11\/expo-peru-2008-en-brasil-sera-vitrina-comercial-y-turistica-para-peru\/"},"modified":"2008-09-11T20:54:37","modified_gmt":"2008-09-11T20:54:37","slug":"expo-peru-2008-en-brasil-sera-vitrina-comercial-y-turistica-para-peru","status":"publish","type":"post","link":"https:\/\/aeronoticias.com.pe\/noticiero\/ultimas\/1\/expo-peru-2008-en-brasil-sera-vitrina-comercial-y-turistica-para-peru\/","title":{"rendered":"EXPO PERU 2008, EN BRASIL, SERA VITRINA COMERCIAL Y TURISTICA PARA PERU"},"content":{"rendered":"<p>&nbsp;<\/p>\n<div align=\"justify\">La pr&oacute;xima semana Per&uacute; estar&aacute; presente con una numerosa delegaci&oacute;n encabezada por el presidente Alan Garc&iacute;a y diferentes ministros de Estado en Expo Per&uacute; 2008, en Brasil, donde Per&uacute; dar&aacute; a conocer su comercio, turismo, inversiones y cultura.<\/div>\n<div align=\"justify\">As&iacute; lo dio a conocer la titular del Mincetur, Mercedes Ar&aacute;oz, quien sostuvo que el objetivo de esta acci&oacute;n se centra en la importancia comercial que tiene Brasil para el Per&uacute;, especialmente en lo que respecta a la expansi&oacute;n del mercado regional.<\/div>\n<div align=\"justify\">&ldquo;Para nosotros Brasil es muy importante para expandir nuestro mercado transfronterizo&rdquo;, afirm&oacute; Mercedes Ar&aacute;oz, quien revel&oacute; adem&aacute;s que en ese viaje estar&aacute; presente la ministra de Transportes, Ver&oacute;nica Zavala, quien se entrevistar&aacute; con las correspondientes autoridades aeron&aacute;uticas de ese pa&iacute;s para tratar todo lo referido a &ldquo;ampliar rutas de conectividad&rdquo;.<\/div>\n<p>&nbsp;<\/p>\n<div style=\"text-align: center\"><img loading=\"lazy\" decoding=\"async\" src=\"http:\/\/aeronoticias.com.pe\/fotonoticias\/setiembre\/minisaraoz11sep.JPG\" alt=\" \" title=\"La titular del Mincetur, Mercedes Ar&aacute;oz, estar&aacute; en Expo Per&uacute; 2008, que se realizar&aacute; en Brasil, la pr&oacute;xima semana. (Foto: Efr&eacute;n Vidal-Aeronoticias)\" hspace=\"5\" vspace=\"5\" width=\"400\" height=\"300\" align=\"absMiddle\" \/><\/div>\n<p>&nbsp;<\/p>\n<p> <!--more--> <\/p>\n<div align=\"center\"><\/div>\n<div align=\"center\"><strong>Expandir rutas binacionales<\/strong><\/div>\n<p>&nbsp;<\/p>\n<div align=\"justify\">Mercedes Ar&aacute;oz dijo que se busca &ldquo;expandir rutas binacionales&rdquo;, que permitan que Brasil utilice a Per&uacute; como un Hub para sus viajes al Asia y Per&uacute; haga lo propio con ellos para los viajes a Europa. <\/div>\n<div align=\"justify\">Finalmente se&ntilde;al&oacute; que &ldquo;puede ser interesante la conectividad&rdquo; porque vamos a expandir nuestro turismo en Am&eacute;rica Latina, acot&oacute; Mercedes Ar&aacute;oz.<\/div>\n<div align=\"center\"><\/div>\n<div align=\"center\"><strong>El turismo que m&aacute;s crece es de corta distancia<\/strong><\/div>\n<p>Nilo Sergio A. Felix, presidente de la Compa&ntilde;&iacute;a de Turismo de R&iacute;o de Janeiro, afirm&oacute; a Aeronoticias que &ldquo;el turismo que m&aacute;s crece es el de corta distancia. La Organizaci&oacute;n Mundial del Turismo (OMT) dice que el 80% de la demanda tur&iacute;stica es de turismo de rutas cortas, por lo que se debe promover el turismo, el turismo dom&eacute;stico&rdquo;.<\/p>\n<p align=\"center\"><strong>&nbsp;<\/strong><strong>Vuelos de Brasil al Cusco poco viables<\/strong><\/p>\n<p>Por su parte, Paulo Senise, director ejecutivo del Bureau de Convenciones &amp; Visitantes de R&iacute;o de Janerio, asegur&oacute; a Aeronoticias que &ldquo;no ve&iacute;a viable en estos momentos el desarrollo de vuelos entre Brasil-Cusco&rdquo; debido a la situaci&oacute;n que est&aacute;n afrontando las l&iacute;neas a&eacute;reas.<\/p>\n<p>Asever&oacute; que en la actualidad TACA est&aacute; haciendo un trabajo muy bueno en lo referido a la promoci&oacute;n del destino R&iacute;o de Janeiro-Lima, a trav&eacute;s de una amplia campa&ntilde;a de publicidad en paneles y en televisi&oacute;n.<\/p>\n<p>Finalmente dijo que estimaba que &ldquo;va a haber un movimiento muy fuerte del flujo tur&iacute;stico con destino hacia Per&uacute;, a lo que hay que sumar el ingreso de un nuevo operador que es TAM a partir del 17 de octubre&rdquo;.<\/p>\n<div style=\"text-align: center\"><img loading=\"lazy\" decoding=\"async\" src=\"http:\/\/aeronoticias.com.pe\/fotonoticias\/luis\/dirdorio.jpg\" alt=\" \" title=\"Paulo Senise, director ejecutivo del Bureau de Convenciones y Visitantes de R&iacute;o de Janeiro; en compa&ntilde;&iacute;a de Nilo Sergio A. F&eacute;lix, presidente de la Compa&ntilde;&iacute;a de Turismo de R&iacute;o de Janeiro. (Foto: Luis Noguera-Aeronoticias)\" hspace=\"5\" vspace=\"5\" width=\"256\" height=\"400\" \/><\/div>\n<p><\/p>\n<p>&nbsp;<\/p>\n","protected":false},"excerpt":{"rendered":"<p>&nbsp; La pr&oacute;xima semana Per&uacute; estar&aacute; presente con una numerosa delegaci&oacute;n encabezada por el presidente Alan Garc&iacute;a y diferentes ministros de Estado en Expo Per&uacute; 2008, en Brasil, donde Per&uacute; dar&aacute; a conocer su comercio, turismo, inversiones y cultura. As&iacute; lo dio a conocer la titular del Mincetur, Mercedes Ar&aacute;oz, quien sostuvo que el objetivo [&hellip;]<\/p>\n","protected":false},"author":1,"featured_media":0,"comment_status":"open","ping_status":"open","sticky":false,"template":"","format":"standard","meta":{"tdm_status":"","tdm_grid_status":"","footnotes":""},"categories":[30],"tags":[],"class_list":{"0":"post-485","1":"post","2":"type-post","3":"status-publish","4":"format-standard","6":"category-30"},"yoast_head":"<!-- This site is optimized with the Yoast SEO plugin v25.1 - https:\/\/yoast.com\/wordpress\/plugins\/seo\/ -->\n<title>EXPO PERU 2008, EN BRASIL, SERA VITRINA COMERCIAL Y TURISTICA PARA PERU<\/title>\n<meta name=\"description\" content=\"Portal de noticias del Per\u00fa sobre el transporte a\u00e9reo, aviaci\u00f3n, turismo, hoteleria, actualidad.\" \/>\n<meta name=\"robots\" content=\"index, follow, max-snippet:-1, max-image-preview:large, max-video-preview:-1\" \/>\n<link rel=\"canonical\" href=\"https:\/\/aeronoticias.com.pe\/noticiero\/ultimas\/1\/expo-peru-2008-en-brasil-sera-vitrina-comercial-y-turistica-para-peru\/\" \/>\n<meta property=\"og:locale\" content=\"es_ES\" \/>\n<meta property=\"og:type\" content=\"article\" \/>\n<meta property=\"og:title\" content=\"EXPO PERU 2008, EN BRASIL, SERA VITRINA COMERCIAL Y TURISTICA PARA PERU\" \/>\n<meta property=\"og:description\" content=\"Portal de noticias del Per\u00fa sobre el transporte a\u00e9reo, aviaci\u00f3n, turismo, hoteleria, actualidad.\" \/>\n<meta property=\"og:url\" content=\"https:\/\/aeronoticias.com.pe\/noticiero\/ultimas\/1\/expo-peru-2008-en-brasil-sera-vitrina-comercial-y-turistica-para-peru\/\" \/>\n<meta property=\"og:site_name\" content=\"Aeronoticias.com.pe\" \/>\n<meta property=\"article:publisher\" content=\"https:\/\/www.facebook.com\/Aeronoticias.com.pe\/\" \/>\n<meta property=\"article:published_time\" content=\"2008-09-11T20:54:37+00:00\" \/>\n<meta property=\"og:image\" content=\"http:\/\/aeronoticias.com.pe\/fotonoticias\/setiembre\/minisaraoz11sep.JPG\" \/>\n<meta name=\"author\" content=\"Redacci\u00f3n Aeronoticias\" \/>\n<meta name=\"twitter:card\" content=\"summary_large_image\" \/>\n<meta name=\"twitter:creator\" content=\"@aeronoticias\" \/>\n<meta name=\"twitter:site\" content=\"@aeronoticias\" \/>\n<meta name=\"twitter:label1\" content=\"Escrito por\" \/>\n\t<meta name=\"twitter:data1\" content=\"Redacci\u00f3n Aeronoticias\" \/>\n\t<meta name=\"twitter:label2\" content=\"Tiempo de lectura\" \/>\n\t<meta name=\"twitter:data2\" content=\"2 minutos\" \/>\n<script type=\"application\/ld+json\" class=\"yoast-schema-graph\">{\"@context\":\"https:\/\/schema.org\",\"@graph\":[{\"@type\":\"WebPage\",\"@id\":\"https:\/\/aeronoticias.com.pe\/noticiero\/ultimas\/1\/expo-peru-2008-en-brasil-sera-vitrina-comercial-y-turistica-para-peru\/\",\"url\":\"https:\/\/aeronoticias.com.pe\/noticiero\/ultimas\/1\/expo-peru-2008-en-brasil-sera-vitrina-comercial-y-turistica-para-peru\/\",\"name\":\"EXPO PERU 2008, EN BRASIL, SERA VITRINA COMERCIAL Y TURISTICA PARA PERU\",\"isPartOf\":{\"@id\":\"https:\/\/aeronoticias.com.pe\/noticiero\/#website\"},\"primaryImageOfPage\":{\"@id\":\"https:\/\/aeronoticias.com.pe\/noticiero\/ultimas\/1\/expo-peru-2008-en-brasil-sera-vitrina-comercial-y-turistica-para-peru\/#primaryimage\"},\"image\":{\"@id\":\"https:\/\/aeronoticias.com.pe\/noticiero\/ultimas\/1\/expo-peru-2008-en-brasil-sera-vitrina-comercial-y-turistica-para-peru\/#primaryimage\"},\"thumbnailUrl\":\"http:\/\/aeronoticias.com.pe\/fotonoticias\/setiembre\/minisaraoz11sep.JPG\",\"datePublished\":\"2008-09-11T20:54:37+00:00\",\"author\":{\"@id\":\"https:\/\/aeronoticias.com.pe\/noticiero\/#\/schema\/person\/fc1e5d578f4b62ba1cf7ac2bba1170a0\"},\"description\":\"Portal de noticias del Per\u00fa sobre el transporte a\u00e9reo, aviaci\u00f3n, turismo, hoteleria, actualidad.\",\"breadcrumb\":{\"@id\":\"https:\/\/aeronoticias.com.pe\/noticiero\/ultimas\/1\/expo-peru-2008-en-brasil-sera-vitrina-comercial-y-turistica-para-peru\/#breadcrumb\"},\"inLanguage\":\"es\",\"potentialAction\":[{\"@type\":\"ReadAction\",\"target\":[\"https:\/\/aeronoticias.com.pe\/noticiero\/ultimas\/1\/expo-peru-2008-en-brasil-sera-vitrina-comercial-y-turistica-para-peru\/\"]}]},{\"@type\":\"ImageObject\",\"inLanguage\":\"es\",\"@id\":\"https:\/\/aeronoticias.com.pe\/noticiero\/ultimas\/1\/expo-peru-2008-en-brasil-sera-vitrina-comercial-y-turistica-para-peru\/#primaryimage\",\"url\":\"http:\/\/aeronoticias.com.pe\/fotonoticias\/setiembre\/minisaraoz11sep.JPG\",\"contentUrl\":\"http:\/\/aeronoticias.com.pe\/fotonoticias\/setiembre\/minisaraoz11sep.JPG\"},{\"@type\":\"BreadcrumbList\",\"@id\":\"https:\/\/aeronoticias.com.pe\/noticiero\/ultimas\/1\/expo-peru-2008-en-brasil-sera-vitrina-comercial-y-turistica-para-peru\/#breadcrumb\",\"itemListElement\":[{\"@type\":\"ListItem\",\"position\":1,\"name\":\"Portada\",\"item\":\"https:\/\/aeronoticias.com.pe\/noticiero\/\"},{\"@type\":\"ListItem\",\"position\":2,\"name\":\"EXPO PERU 2008, EN BRASIL, SERA VITRINA COMERCIAL Y TURISTICA PARA PERU\"}]},{\"@type\":\"WebSite\",\"@id\":\"https:\/\/aeronoticias.com.pe\/noticiero\/#website\",\"url\":\"https:\/\/aeronoticias.com.pe\/noticiero\/\",\"name\":\"Aeronoticias.com.pe\",\"description\":\"Noticias de tranporte aereo, turismo, hoteles, gastronomia, actualidad, internacional\",\"potentialAction\":[{\"@type\":\"SearchAction\",\"target\":{\"@type\":\"EntryPoint\",\"urlTemplate\":\"https:\/\/aeronoticias.com.pe\/noticiero\/?s={search_term_string}\"},\"query-input\":{\"@type\":\"PropertyValueSpecification\",\"valueRequired\":true,\"valueName\":\"search_term_string\"}}],\"inLanguage\":\"es\"},{\"@type\":\"Person\",\"@id\":\"https:\/\/aeronoticias.com.pe\/noticiero\/#\/schema\/person\/fc1e5d578f4b62ba1cf7ac2bba1170a0\",\"name\":\"Redacci\u00f3n Aeronoticias\",\"url\":\"https:\/\/aeronoticias.com.pe\/noticiero\/author\/piloto\/\"}]}<\/script>\n<!-- \/ Yoast SEO plugin. -->","yoast_head_json":{"title":"EXPO PERU 2008, EN BRASIL, SERA VITRINA COMERCIAL Y TURISTICA PARA PERU","description":"Portal de noticias del Per\u00fa sobre el transporte a\u00e9reo, aviaci\u00f3n, turismo, hoteleria, actualidad.","robots":{"index":"index","follow":"follow","max-snippet":"max-snippet:-1","max-image-preview":"max-image-preview:large","max-video-preview":"max-video-preview:-1"},"canonical":"https:\/\/aeronoticias.com.pe\/noticiero\/ultimas\/1\/expo-peru-2008-en-brasil-sera-vitrina-comercial-y-turistica-para-peru\/","og_locale":"es_ES","og_type":"article","og_title":"EXPO PERU 2008, EN BRASIL, SERA VITRINA COMERCIAL Y TURISTICA PARA PERU","og_description":"Portal de noticias del Per\u00fa sobre el transporte a\u00e9reo, aviaci\u00f3n, turismo, hoteleria, actualidad.","og_url":"https:\/\/aeronoticias.com.pe\/noticiero\/ultimas\/1\/expo-peru-2008-en-brasil-sera-vitrina-comercial-y-turistica-para-peru\/","og_site_name":"Aeronoticias.com.pe","article_publisher":"https:\/\/www.facebook.com\/Aeronoticias.com.pe\/","article_published_time":"2008-09-11T20:54:37+00:00","og_image":[{"url":"http:\/\/aeronoticias.com.pe\/fotonoticias\/setiembre\/minisaraoz11sep.JPG","type":"","width":"","height":""}],"author":"Redacci\u00f3n Aeronoticias","twitter_card":"summary_large_image","twitter_creator":"@aeronoticias","twitter_site":"@aeronoticias","twitter_misc":{"Escrito por":"Redacci\u00f3n Aeronoticias","Tiempo de lectura":"2 minutos"},"schema":{"@context":"https:\/\/schema.org","@graph":[{"@type":"WebPage","@id":"https:\/\/aeronoticias.com.pe\/noticiero\/ultimas\/1\/expo-peru-2008-en-brasil-sera-vitrina-comercial-y-turistica-para-peru\/","url":"https:\/\/aeronoticias.com.pe\/noticiero\/ultimas\/1\/expo-peru-2008-en-brasil-sera-vitrina-comercial-y-turistica-para-peru\/","name":"EXPO PERU 2008, EN BRASIL, SERA VITRINA COMERCIAL Y TURISTICA PARA PERU","isPartOf":{"@id":"https:\/\/aeronoticias.com.pe\/noticiero\/#website"},"primaryImageOfPage":{"@id":"https:\/\/aeronoticias.com.pe\/noticiero\/ultimas\/1\/expo-peru-2008-en-brasil-sera-vitrina-comercial-y-turistica-para-peru\/#primaryimage"},"image":{"@id":"https:\/\/aeronoticias.com.pe\/noticiero\/ultimas\/1\/expo-peru-2008-en-brasil-sera-vitrina-comercial-y-turistica-para-peru\/#primaryimage"},"thumbnailUrl":"http:\/\/aeronoticias.com.pe\/fotonoticias\/setiembre\/minisaraoz11sep.JPG","datePublished":"2008-09-11T20:54:37+00:00","author":{"@id":"https:\/\/aeronoticias.com.pe\/noticiero\/#\/schema\/person\/fc1e5d578f4b62ba1cf7ac2bba1170a0"},"description":"Portal de noticias del Per\u00fa sobre el transporte a\u00e9reo, aviaci\u00f3n, turismo, hoteleria, actualidad.","breadcrumb":{"@id":"https:\/\/aeronoticias.com.pe\/noticiero\/ultimas\/1\/expo-peru-2008-en-brasil-sera-vitrina-comercial-y-turistica-para-peru\/#breadcrumb"},"inLanguage":"es","potentialAction":[{"@type":"ReadAction","target":["https:\/\/aeronoticias.com.pe\/noticiero\/ultimas\/1\/expo-peru-2008-en-brasil-sera-vitrina-comercial-y-turistica-para-peru\/"]}]},{"@type":"ImageObject","inLanguage":"es","@id":"https:\/\/aeronoticias.com.pe\/noticiero\/ultimas\/1\/expo-peru-2008-en-brasil-sera-vitrina-comercial-y-turistica-para-peru\/#primaryimage","url":"http:\/\/aeronoticias.com.pe\/fotonoticias\/setiembre\/minisaraoz11sep.JPG","contentUrl":"http:\/\/aeronoticias.com.pe\/fotonoticias\/setiembre\/minisaraoz11sep.JPG"},{"@type":"BreadcrumbList","@id":"https:\/\/aeronoticias.com.pe\/noticiero\/ultimas\/1\/expo-peru-2008-en-brasil-sera-vitrina-comercial-y-turistica-para-peru\/#breadcrumb","itemListElement":[{"@type":"ListItem","position":1,"name":"Portada","item":"https:\/\/aeronoticias.com.pe\/noticiero\/"},{"@type":"ListItem","position":2,"name":"EXPO PERU 2008, EN BRASIL, SERA VITRINA COMERCIAL Y TURISTICA PARA PERU"}]},{"@type":"WebSite","@id":"https:\/\/aeronoticias.com.pe\/noticiero\/#website","url":"https:\/\/aeronoticias.com.pe\/noticiero\/","name":"Aeronoticias.com.pe","description":"Noticias de tranporte aereo, turismo, hoteles, gastronomia, actualidad, internacional","potentialAction":[{"@type":"SearchAction","target":{"@type":"EntryPoint","urlTemplate":"https:\/\/aeronoticias.com.pe\/noticiero\/?s={search_term_string}"},"query-input":{"@type":"PropertyValueSpecification","valueRequired":true,"valueName":"search_term_string"}}],"inLanguage":"es"},{"@type":"Person","@id":"https:\/\/aeronoticias.com.pe\/noticiero\/#\/schema\/person\/fc1e5d578f4b62ba1cf7ac2bba1170a0","name":"Redacci\u00f3n Aeronoticias","url":"https:\/\/aeronoticias.com.pe\/noticiero\/author\/piloto\/"}]}},"_links":{"self":[{"href":"https:\/\/aeronoticias.com.pe\/noticiero\/wp-json\/wp\/v2\/posts\/485","targetHints":{"allow":["GET"]}}],"collection":[{"href":"https:\/\/aeronoticias.com.pe\/noticiero\/wp-json\/wp\/v2\/posts"}],"about":[{"href":"https:\/\/aeronoticias.com.pe\/noticiero\/wp-json\/wp\/v2\/types\/post"}],"author":[{"embeddable":true,"href":"https:\/\/aeronoticias.com.pe\/noticiero\/wp-json\/wp\/v2\/users\/1"}],"replies":[{"embeddable":true,"href":"https:\/\/aeronoticias.com.pe\/noticiero\/wp-json\/wp\/v2\/comments?post=485"}],"version-history":[{"count":0,"href":"https:\/\/aeronoticias.com.pe\/noticiero\/wp-json\/wp\/v2\/posts\/485\/revisions"}],"wp:attachment":[{"href":"https:\/\/aeronoticias.com.pe\/noticiero\/wp-json\/wp\/v2\/media?parent=485"}],"wp:term":[{"taxonomy":"category","embeddable":true,"href":"https:\/\/aeronoticias.com.pe\/noticiero\/wp-json\/wp\/v2\/categories?post=485"},{"taxonomy":"post_tag","embeddable":true,"href":"https:\/\/aeronoticias.com.pe\/noticiero\/wp-json\/wp\/v2\/tags?post=485"}],"curies":[{"name":"wp","href":"https:\/\/api.w.org\/{rel}","templated":true}]}}