{"id":48517,"date":"2014-08-26T20:20:00","date_gmt":"2014-08-26T20:20:00","guid":{"rendered":"http:\/\/desarrollo.mcvicious.com\/aero2020\/2014\/08\/26\/lombardo-mautino-y-esteban-cacha-visitaron-el-mercado-la-perla-en-chimbote\/"},"modified":"2014-08-26T20:20:00","modified_gmt":"2014-08-26T20:20:00","slug":"lombardo-mautino-y-esteban-cacha-visitaron-el-mercado-la-perla-en-chimbote","status":"publish","type":"post","link":"https:\/\/aeronoticias.com.pe\/noticiero\/politica\/lombardo-mautino-y-esteban-cacha-visitaron-el-mercado-la-perla-en-chimbote\/","title":{"rendered":"Per\u00fa destaca intangibilidad de la frontera terrestre con Chile"},"content":{"rendered":"<p style=\"text-align: justify;\"><strong>(Aeronoticias) <\/strong><span style=\"text-align: justify; line-height: 1.3em;\">El canciller peruano, Gonzalo Guti\u00e9rrez, destac\u00f3 hoy \u201cla intangibilidad\u00bb de la frontera terrestre establecida por el Tratado de 1929, su Protocolo Complementario y los trabajos de la Comisi\u00f3n Mixta de L\u00edmites de 1929 y 1930, donde se contempla \u00abexpresamente que el inicio de dicha frontera est\u00e1 en el Punto Concordia\u201d.<\/span><\/p>\n<p style=\"text-align: justify;\"><span style=\"line-height: 1.3em;\">\u00abSe trata de una frontera perfectamente delimitada y demarcada\u201d, subray\u00f3 el ministro de Relaciones Exteriores en declaraciones a la Agencia Andina.<\/span><\/p>\n<p style=\"text-align: justify;\"><span style=\"line-height: 1.3em;\">Recalc\u00f3 que, \u201cconforme al acuerdo contenido en las instrucciones de contenido id\u00e9ntico, dadas en abril de 1930 por los Ministerios de Relaciones Exteriores del Per\u00fa y de Chile a los miembros de cada pa\u00eds de la Comisi\u00f3n demarcadora, se precis\u00f3 que el punto de inicio de la frontera terrestre est\u00e1 en la intersecci\u00f3n con la orilla del mar de un arco de diez kil\u00f3metros de radio que tiene como centro el primer puente sobre el r\u00edo Lluta en la v\u00eda f\u00e9rrea de Arica a La Paz\u201d. <\/span><\/p>\n<p style=\"text-align: justify;\"><span style=\"line-height: 1.3em;\">Explic\u00f3 asimismo que en tales instrucciones consta tambi\u00e9n que se colocar\u00eda un hito en cualquier punto del arco, lo m\u00e1s pr\u00f3ximo al mar posible, para evitar que pueda ser destruido por las aguas.<\/span><\/p>\n<p style=\"text-align: justify;\"><span style=\"line-height: 1.3em;\">Guti\u00e9rrez se\u00f1al\u00f3 que el denominado tri\u00e1ngulo terrestre es una ficci\u00f3n y no existe, pues \u201cla l\u00ednea de frontera es una, continua y se inicia en el punto Concordia, en la orilla del mar, seg\u00fan lo acordado por ambos pa\u00edses\u201d. <\/span><\/p>\n<p style=\"text-align: justify;\"><span style=\"line-height: 1.3em;\">El jefe de la diplomacia peruana incidi\u00f3 en que \u201cesta es una realidad jur\u00eddica s\u00f3lida e indiscutible, porque una cosa es el inicio de la frontera terrestre en la orilla del mar y otra, la colocaci\u00f3n del Hito N\u00b0 1 a una corta distancia para evitar que las olas pudieran removerlo o destruirlo\u201d. <\/span><\/p>\n<p style=\"text-align: justify;\"><span style=\"line-height: 1.3em;\">Subray\u00f3 que \u201cla frontera terrestre est\u00e1 regida por el Tratado de 1929 y sus instrumentos complementarios, mientras que la frontera mar\u00edtima lo est\u00e1 por el fallo de la Corte Internacional de Justicia del pasado 27 de enero\u201d. <\/span><\/p>\n<p style=\"text-align: justify;\"><span style=\"line-height: 1.3em;\">Agreg\u00f3 adem\u00e1s que \u201cla sentencia de la Corte consigna la coincidencia de ambos pa\u00edses respecto al inicio de la frontera terrestre en el punto Concordia, conforme al art\u00edculo 2 del Tratado de 1929, y que, si bien no se pronuncia sobre la localizaci\u00f3n de dicho punto, se\u00f1ala que la ubicaci\u00f3n del mismo puede no coincidir con la del punto de inicio del l\u00edmite mar\u00edtimo fijado en el fallo\u201d. <\/span><\/p>\n<p style=\"text-align: justify;\"><span style=\"line-height: 1.3em;\">Por \u00faltimo, Guti\u00e9rrez reiter\u00f3 \u201cla mejor disposici\u00f3n del Per\u00fa para consolidar una relaci\u00f3n constructiva y de cooperaci\u00f3n con Chile, alentando una sana y din\u00e1mica integraci\u00f3n entre Tacna y Arica\u201d. <strong><em>Fuente: Andina<\/em><\/strong><\/span><\/p>\n<p style=\"text-align: justify;\"><span style=\"line-height: 1.3em;\"><img decoding=\"async\" src=\"images\/stories\/14\/08\/260814\/canciller.jpg\" border=\"0\" \/><br \/><\/span><\/p>\n","protected":false},"excerpt":{"rendered":"<p>(Aeronoticias) El canciller peruano, Gonzalo Guti\u00e9rrez, destac\u00f3 hoy \u201cla intangibilidad\u00bb de la frontera terrestre establecida por el Tratado de 1929, su Protocolo Complementario y los trabajos de la Comisi\u00f3n Mixta de L\u00edmites de 1929 y 1930, donde se contempla \u00abexpresamente que el inicio de dicha frontera est\u00e1 en el Punto Concordia\u201d. \u00abSe trata de una [&hellip;]<\/p>\n","protected":false},"author":1,"featured_media":0,"comment_status":"open","ping_status":"open","sticky":false,"template":"","format":"standard","meta":{"tdm_status":"","tdm_grid_status":"","footnotes":""},"categories":[36],"tags":[],"class_list":{"0":"post-48517","1":"post","2":"type-post","3":"status-publish","4":"format-standard","6":"category-politica"},"yoast_head":"<!-- This site is optimized with the Yoast SEO plugin v25.1 - https:\/\/yoast.com\/wordpress\/plugins\/seo\/ -->\n<title>Per\u00fa destaca intangibilidad de la frontera terrestre con Chile<\/title>\n<meta name=\"description\" content=\"Portal de noticias del Per\u00fa sobre el transporte a\u00e9reo, aviaci\u00f3n, turismo, hoteleria, actualidad.\" \/>\n<meta name=\"robots\" content=\"index, follow, max-snippet:-1, max-image-preview:large, max-video-preview:-1\" \/>\n<link rel=\"canonical\" href=\"https:\/\/aeronoticias.com.pe\/noticiero\/politica\/lombardo-mautino-y-esteban-cacha-visitaron-el-mercado-la-perla-en-chimbote\/\" \/>\n<meta property=\"og:locale\" content=\"es_ES\" \/>\n<meta property=\"og:type\" content=\"article\" \/>\n<meta property=\"og:title\" content=\"Per\u00fa destaca intangibilidad de la frontera terrestre con Chile\" \/>\n<meta property=\"og:description\" content=\"Portal de noticias del Per\u00fa sobre el transporte a\u00e9reo, aviaci\u00f3n, turismo, hoteleria, actualidad.\" \/>\n<meta property=\"og:url\" content=\"https:\/\/aeronoticias.com.pe\/noticiero\/politica\/lombardo-mautino-y-esteban-cacha-visitaron-el-mercado-la-perla-en-chimbote\/\" \/>\n<meta property=\"og:site_name\" content=\"Aeronoticias.com.pe\" \/>\n<meta property=\"article:publisher\" content=\"https:\/\/www.facebook.com\/Aeronoticias.com.pe\/\" \/>\n<meta property=\"article:published_time\" content=\"2014-08-26T20:20:00+00:00\" \/>\n<meta name=\"author\" content=\"Redacci\u00f3n Aeronoticias\" \/>\n<meta name=\"twitter:card\" content=\"summary_large_image\" \/>\n<meta name=\"twitter:creator\" content=\"@aeronoticias\" \/>\n<meta name=\"twitter:site\" content=\"@aeronoticias\" \/>\n<meta name=\"twitter:label1\" content=\"Escrito por\" \/>\n\t<meta name=\"twitter:data1\" content=\"Redacci\u00f3n Aeronoticias\" \/>\n\t<meta name=\"twitter:label2\" content=\"Tiempo de lectura\" \/>\n\t<meta name=\"twitter:data2\" content=\"2 minutos\" \/>\n<script type=\"application\/ld+json\" class=\"yoast-schema-graph\">{\"@context\":\"https:\/\/schema.org\",\"@graph\":[{\"@type\":\"WebPage\",\"@id\":\"https:\/\/aeronoticias.com.pe\/noticiero\/politica\/lombardo-mautino-y-esteban-cacha-visitaron-el-mercado-la-perla-en-chimbote\/\",\"url\":\"https:\/\/aeronoticias.com.pe\/noticiero\/politica\/lombardo-mautino-y-esteban-cacha-visitaron-el-mercado-la-perla-en-chimbote\/\",\"name\":\"Per\u00fa destaca intangibilidad de la frontera terrestre con Chile\",\"isPartOf\":{\"@id\":\"https:\/\/aeronoticias.com.pe\/noticiero\/#website\"},\"datePublished\":\"2014-08-26T20:20:00+00:00\",\"author\":{\"@id\":\"https:\/\/aeronoticias.com.pe\/noticiero\/#\/schema\/person\/fc1e5d578f4b62ba1cf7ac2bba1170a0\"},\"description\":\"Portal de noticias del Per\u00fa sobre el transporte a\u00e9reo, aviaci\u00f3n, turismo, hoteleria, actualidad.\",\"breadcrumb\":{\"@id\":\"https:\/\/aeronoticias.com.pe\/noticiero\/politica\/lombardo-mautino-y-esteban-cacha-visitaron-el-mercado-la-perla-en-chimbote\/#breadcrumb\"},\"inLanguage\":\"es\",\"potentialAction\":[{\"@type\":\"ReadAction\",\"target\":[\"https:\/\/aeronoticias.com.pe\/noticiero\/politica\/lombardo-mautino-y-esteban-cacha-visitaron-el-mercado-la-perla-en-chimbote\/\"]}]},{\"@type\":\"BreadcrumbList\",\"@id\":\"https:\/\/aeronoticias.com.pe\/noticiero\/politica\/lombardo-mautino-y-esteban-cacha-visitaron-el-mercado-la-perla-en-chimbote\/#breadcrumb\",\"itemListElement\":[{\"@type\":\"ListItem\",\"position\":1,\"name\":\"Portada\",\"item\":\"https:\/\/aeronoticias.com.pe\/noticiero\/\"},{\"@type\":\"ListItem\",\"position\":2,\"name\":\"Per\u00fa destaca intangibilidad de la frontera terrestre con Chile\"}]},{\"@type\":\"WebSite\",\"@id\":\"https:\/\/aeronoticias.com.pe\/noticiero\/#website\",\"url\":\"https:\/\/aeronoticias.com.pe\/noticiero\/\",\"name\":\"Aeronoticias.com.pe\",\"description\":\"Noticias de tranporte aereo, turismo, hoteles, gastronomia, actualidad, internacional\",\"potentialAction\":[{\"@type\":\"SearchAction\",\"target\":{\"@type\":\"EntryPoint\",\"urlTemplate\":\"https:\/\/aeronoticias.com.pe\/noticiero\/?s={search_term_string}\"},\"query-input\":{\"@type\":\"PropertyValueSpecification\",\"valueRequired\":true,\"valueName\":\"search_term_string\"}}],\"inLanguage\":\"es\"},{\"@type\":\"Person\",\"@id\":\"https:\/\/aeronoticias.com.pe\/noticiero\/#\/schema\/person\/fc1e5d578f4b62ba1cf7ac2bba1170a0\",\"name\":\"Redacci\u00f3n Aeronoticias\",\"url\":\"https:\/\/aeronoticias.com.pe\/noticiero\/author\/piloto\/\"}]}<\/script>\n<!-- \/ Yoast SEO plugin. -->","yoast_head_json":{"title":"Per\u00fa destaca intangibilidad de la frontera terrestre con Chile","description":"Portal de noticias del Per\u00fa sobre el transporte a\u00e9reo, aviaci\u00f3n, turismo, hoteleria, actualidad.","robots":{"index":"index","follow":"follow","max-snippet":"max-snippet:-1","max-image-preview":"max-image-preview:large","max-video-preview":"max-video-preview:-1"},"canonical":"https:\/\/aeronoticias.com.pe\/noticiero\/politica\/lombardo-mautino-y-esteban-cacha-visitaron-el-mercado-la-perla-en-chimbote\/","og_locale":"es_ES","og_type":"article","og_title":"Per\u00fa destaca intangibilidad de la frontera terrestre con Chile","og_description":"Portal de noticias del Per\u00fa sobre el transporte a\u00e9reo, aviaci\u00f3n, turismo, hoteleria, actualidad.","og_url":"https:\/\/aeronoticias.com.pe\/noticiero\/politica\/lombardo-mautino-y-esteban-cacha-visitaron-el-mercado-la-perla-en-chimbote\/","og_site_name":"Aeronoticias.com.pe","article_publisher":"https:\/\/www.facebook.com\/Aeronoticias.com.pe\/","article_published_time":"2014-08-26T20:20:00+00:00","author":"Redacci\u00f3n Aeronoticias","twitter_card":"summary_large_image","twitter_creator":"@aeronoticias","twitter_site":"@aeronoticias","twitter_misc":{"Escrito por":"Redacci\u00f3n Aeronoticias","Tiempo de lectura":"2 minutos"},"schema":{"@context":"https:\/\/schema.org","@graph":[{"@type":"WebPage","@id":"https:\/\/aeronoticias.com.pe\/noticiero\/politica\/lombardo-mautino-y-esteban-cacha-visitaron-el-mercado-la-perla-en-chimbote\/","url":"https:\/\/aeronoticias.com.pe\/noticiero\/politica\/lombardo-mautino-y-esteban-cacha-visitaron-el-mercado-la-perla-en-chimbote\/","name":"Per\u00fa destaca intangibilidad de la frontera terrestre con Chile","isPartOf":{"@id":"https:\/\/aeronoticias.com.pe\/noticiero\/#website"},"datePublished":"2014-08-26T20:20:00+00:00","author":{"@id":"https:\/\/aeronoticias.com.pe\/noticiero\/#\/schema\/person\/fc1e5d578f4b62ba1cf7ac2bba1170a0"},"description":"Portal de noticias del Per\u00fa sobre el transporte a\u00e9reo, aviaci\u00f3n, turismo, hoteleria, actualidad.","breadcrumb":{"@id":"https:\/\/aeronoticias.com.pe\/noticiero\/politica\/lombardo-mautino-y-esteban-cacha-visitaron-el-mercado-la-perla-en-chimbote\/#breadcrumb"},"inLanguage":"es","potentialAction":[{"@type":"ReadAction","target":["https:\/\/aeronoticias.com.pe\/noticiero\/politica\/lombardo-mautino-y-esteban-cacha-visitaron-el-mercado-la-perla-en-chimbote\/"]}]},{"@type":"BreadcrumbList","@id":"https:\/\/aeronoticias.com.pe\/noticiero\/politica\/lombardo-mautino-y-esteban-cacha-visitaron-el-mercado-la-perla-en-chimbote\/#breadcrumb","itemListElement":[{"@type":"ListItem","position":1,"name":"Portada","item":"https:\/\/aeronoticias.com.pe\/noticiero\/"},{"@type":"ListItem","position":2,"name":"Per\u00fa destaca intangibilidad de la frontera terrestre con Chile"}]},{"@type":"WebSite","@id":"https:\/\/aeronoticias.com.pe\/noticiero\/#website","url":"https:\/\/aeronoticias.com.pe\/noticiero\/","name":"Aeronoticias.com.pe","description":"Noticias de tranporte aereo, turismo, hoteles, gastronomia, actualidad, internacional","potentialAction":[{"@type":"SearchAction","target":{"@type":"EntryPoint","urlTemplate":"https:\/\/aeronoticias.com.pe\/noticiero\/?s={search_term_string}"},"query-input":{"@type":"PropertyValueSpecification","valueRequired":true,"valueName":"search_term_string"}}],"inLanguage":"es"},{"@type":"Person","@id":"https:\/\/aeronoticias.com.pe\/noticiero\/#\/schema\/person\/fc1e5d578f4b62ba1cf7ac2bba1170a0","name":"Redacci\u00f3n Aeronoticias","url":"https:\/\/aeronoticias.com.pe\/noticiero\/author\/piloto\/"}]}},"_links":{"self":[{"href":"https:\/\/aeronoticias.com.pe\/noticiero\/wp-json\/wp\/v2\/posts\/48517","targetHints":{"allow":["GET"]}}],"collection":[{"href":"https:\/\/aeronoticias.com.pe\/noticiero\/wp-json\/wp\/v2\/posts"}],"about":[{"href":"https:\/\/aeronoticias.com.pe\/noticiero\/wp-json\/wp\/v2\/types\/post"}],"author":[{"embeddable":true,"href":"https:\/\/aeronoticias.com.pe\/noticiero\/wp-json\/wp\/v2\/users\/1"}],"replies":[{"embeddable":true,"href":"https:\/\/aeronoticias.com.pe\/noticiero\/wp-json\/wp\/v2\/comments?post=48517"}],"version-history":[{"count":0,"href":"https:\/\/aeronoticias.com.pe\/noticiero\/wp-json\/wp\/v2\/posts\/48517\/revisions"}],"wp:attachment":[{"href":"https:\/\/aeronoticias.com.pe\/noticiero\/wp-json\/wp\/v2\/media?parent=48517"}],"wp:term":[{"taxonomy":"category","embeddable":true,"href":"https:\/\/aeronoticias.com.pe\/noticiero\/wp-json\/wp\/v2\/categories?post=48517"},{"taxonomy":"post_tag","embeddable":true,"href":"https:\/\/aeronoticias.com.pe\/noticiero\/wp-json\/wp\/v2\/tags?post=48517"}],"curies":[{"name":"wp","href":"https:\/\/api.w.org\/{rel}","templated":true}]}}