{"id":48521,"date":"2014-08-26T20:11:04","date_gmt":"2014-08-26T20:11:04","guid":{"rendered":"http:\/\/desarrollo.mcvicious.com\/aero2020\/2014\/08\/26\/chile-detendra-a-peruanos-que-ingresen-a-triangulo-terrestre\/"},"modified":"2014-08-26T20:11:04","modified_gmt":"2014-08-26T20:11:04","slug":"chile-detendra-a-peruanos-que-ingresen-a-triangulo-terrestre","status":"publish","type":"post","link":"https:\/\/aeronoticias.com.pe\/noticiero\/politica\/chile-detendra-a-peruanos-que-ingresen-a-triangulo-terrestre\/","title":{"rendered":"Chile detendr\u00e1 a peruanos que ingresen a \u201ctri\u00e1ngulo terrestre\u201d"},"content":{"rendered":"<p style=\"text-align: justify;\"><strong>(Aeronoticias)<\/strong>.-\u00a0El gobierno chileno dijo hoy que detendr\u00e1 a los peruanos que ingresen al llamado \u00abtri\u00e1ngulo terrestre\u00bb, que, seg\u00fan el Tratado de 1929, le pertenece al Per\u00fa, pero que Santiago reclama como suyo.<\/p>\n<p style=\"text-align: justify;\">\u00abSe tomar\u00e1n detenidos, todas las personas tienen que entrar a Chile por los pasos fronterizos que corresponden\u00bb, recalc\u00f3 el viceministro del Interior, Mahmud Aleuy.<\/p>\n<p style=\"text-align: justify;\">El anuncio fue hecho luego de que activistas del Comit\u00e9 C\u00edvico Patri\u00f3tico de Tacna anunciaran que marchar\u00e1n hacia la des\u00e9rtica zona este mi\u00e9rcoles, reivindicando la soberan\u00eda peruana sobre ese terreno de solo 3.7 hect\u00e1reas.<\/p>\n<p style=\"text-align: justify;\">Aleuy subray\u00f3 que la polic\u00eda chilena \u00abtiene las condiciones\u00bb para controlar la marcha \u00abpor masiva que sea\u00bb. \u00abNo tenemos estipulado tener problemas mayores en la frontera el d\u00eda mi\u00e9rcoles\u00bb, insisti\u00f3.<\/p>\n<p style=\"text-align: justify;\">Fuente: <span style=\"text-decoration: underline;\"><em><strong>El Comercio<\/strong><\/em><\/span>.<\/p>\n<p style=\"text-align: justify;\"><img decoding=\"async\" src=\"http:\/\/cde.3.elcomercio.pe\/ima\/0\/0\/9\/4\/6\/946534\/base_image.jpg\" border=\"0\" alt=\"Chile detendr\u00e1 a peruanos que ingresen a \u201ctri\u00e1ngulo terrestre\u201d\" \/><\/p>\n","protected":false},"excerpt":{"rendered":"<p>(Aeronoticias).-\u00a0El gobierno chileno dijo hoy que detendr\u00e1 a los peruanos que ingresen al llamado \u00abtri\u00e1ngulo terrestre\u00bb, que, seg\u00fan el Tratado de 1929, le pertenece al Per\u00fa, pero que Santiago reclama como suyo. \u00abSe tomar\u00e1n detenidos, todas las personas tienen que entrar a Chile por los pasos fronterizos que corresponden\u00bb, recalc\u00f3 el viceministro del Interior, Mahmud [&hellip;]<\/p>\n","protected":false},"author":1,"featured_media":0,"comment_status":"open","ping_status":"open","sticky":false,"template":"","format":"standard","meta":{"tdm_status":"","tdm_grid_status":"","footnotes":""},"categories":[36],"tags":[],"class_list":{"0":"post-48521","1":"post","2":"type-post","3":"status-publish","4":"format-standard","6":"category-politica"},"yoast_head":"<!-- This site is optimized with the Yoast SEO plugin v25.1 - https:\/\/yoast.com\/wordpress\/plugins\/seo\/ -->\n<title>Chile detendr\u00e1 a peruanos que ingresen a \u201ctri\u00e1ngulo terrestre\u201d<\/title>\n<meta name=\"description\" content=\"Portal de noticias del Per\u00fa sobre el transporte a\u00e9reo, aviaci\u00f3n, turismo, hoteleria, actualidad.\" \/>\n<meta name=\"robots\" content=\"index, follow, max-snippet:-1, max-image-preview:large, max-video-preview:-1\" \/>\n<link rel=\"canonical\" href=\"https:\/\/aeronoticias.com.pe\/noticiero\/politica\/chile-detendra-a-peruanos-que-ingresen-a-triangulo-terrestre\/\" \/>\n<meta property=\"og:locale\" content=\"es_ES\" \/>\n<meta property=\"og:type\" content=\"article\" \/>\n<meta property=\"og:title\" content=\"Chile detendr\u00e1 a peruanos que ingresen a \u201ctri\u00e1ngulo terrestre\u201d\" \/>\n<meta property=\"og:description\" content=\"Portal de noticias del Per\u00fa sobre el transporte a\u00e9reo, aviaci\u00f3n, turismo, hoteleria, actualidad.\" \/>\n<meta property=\"og:url\" content=\"https:\/\/aeronoticias.com.pe\/noticiero\/politica\/chile-detendra-a-peruanos-que-ingresen-a-triangulo-terrestre\/\" \/>\n<meta property=\"og:site_name\" content=\"Aeronoticias.com.pe\" \/>\n<meta property=\"article:publisher\" content=\"https:\/\/www.facebook.com\/Aeronoticias.com.pe\/\" \/>\n<meta property=\"article:published_time\" content=\"2014-08-26T20:11:04+00:00\" \/>\n<meta property=\"og:image\" content=\"http:\/\/cde.3.elcomercio.pe\/ima\/0\/0\/9\/4\/6\/946534\/base_image.jpg\" \/>\n<meta name=\"author\" content=\"Redacci\u00f3n Aeronoticias\" \/>\n<meta name=\"twitter:card\" content=\"summary_large_image\" \/>\n<meta name=\"twitter:creator\" content=\"@aeronoticias\" \/>\n<meta name=\"twitter:site\" content=\"@aeronoticias\" \/>\n<meta name=\"twitter:label1\" content=\"Escrito por\" \/>\n\t<meta name=\"twitter:data1\" content=\"Redacci\u00f3n Aeronoticias\" \/>\n\t<meta name=\"twitter:label2\" content=\"Tiempo de lectura\" \/>\n\t<meta name=\"twitter:data2\" content=\"1 minuto\" \/>\n<script type=\"application\/ld+json\" class=\"yoast-schema-graph\">{\"@context\":\"https:\/\/schema.org\",\"@graph\":[{\"@type\":\"WebPage\",\"@id\":\"https:\/\/aeronoticias.com.pe\/noticiero\/politica\/chile-detendra-a-peruanos-que-ingresen-a-triangulo-terrestre\/\",\"url\":\"https:\/\/aeronoticias.com.pe\/noticiero\/politica\/chile-detendra-a-peruanos-que-ingresen-a-triangulo-terrestre\/\",\"name\":\"Chile detendr\u00e1 a peruanos que ingresen a \u201ctri\u00e1ngulo terrestre\u201d\",\"isPartOf\":{\"@id\":\"https:\/\/aeronoticias.com.pe\/noticiero\/#website\"},\"primaryImageOfPage\":{\"@id\":\"https:\/\/aeronoticias.com.pe\/noticiero\/politica\/chile-detendra-a-peruanos-que-ingresen-a-triangulo-terrestre\/#primaryimage\"},\"image\":{\"@id\":\"https:\/\/aeronoticias.com.pe\/noticiero\/politica\/chile-detendra-a-peruanos-que-ingresen-a-triangulo-terrestre\/#primaryimage\"},\"thumbnailUrl\":\"http:\/\/cde.3.elcomercio.pe\/ima\/0\/0\/9\/4\/6\/946534\/base_image.jpg\",\"datePublished\":\"2014-08-26T20:11:04+00:00\",\"author\":{\"@id\":\"https:\/\/aeronoticias.com.pe\/noticiero\/#\/schema\/person\/fc1e5d578f4b62ba1cf7ac2bba1170a0\"},\"description\":\"Portal de noticias del Per\u00fa sobre el transporte a\u00e9reo, aviaci\u00f3n, turismo, hoteleria, actualidad.\",\"breadcrumb\":{\"@id\":\"https:\/\/aeronoticias.com.pe\/noticiero\/politica\/chile-detendra-a-peruanos-que-ingresen-a-triangulo-terrestre\/#breadcrumb\"},\"inLanguage\":\"es\",\"potentialAction\":[{\"@type\":\"ReadAction\",\"target\":[\"https:\/\/aeronoticias.com.pe\/noticiero\/politica\/chile-detendra-a-peruanos-que-ingresen-a-triangulo-terrestre\/\"]}]},{\"@type\":\"ImageObject\",\"inLanguage\":\"es\",\"@id\":\"https:\/\/aeronoticias.com.pe\/noticiero\/politica\/chile-detendra-a-peruanos-que-ingresen-a-triangulo-terrestre\/#primaryimage\",\"url\":\"http:\/\/cde.3.elcomercio.pe\/ima\/0\/0\/9\/4\/6\/946534\/base_image.jpg\",\"contentUrl\":\"http:\/\/cde.3.elcomercio.pe\/ima\/0\/0\/9\/4\/6\/946534\/base_image.jpg\"},{\"@type\":\"BreadcrumbList\",\"@id\":\"https:\/\/aeronoticias.com.pe\/noticiero\/politica\/chile-detendra-a-peruanos-que-ingresen-a-triangulo-terrestre\/#breadcrumb\",\"itemListElement\":[{\"@type\":\"ListItem\",\"position\":1,\"name\":\"Portada\",\"item\":\"https:\/\/aeronoticias.com.pe\/noticiero\/\"},{\"@type\":\"ListItem\",\"position\":2,\"name\":\"Chile detendr\u00e1 a peruanos que ingresen a \u201ctri\u00e1ngulo terrestre\u201d\"}]},{\"@type\":\"WebSite\",\"@id\":\"https:\/\/aeronoticias.com.pe\/noticiero\/#website\",\"url\":\"https:\/\/aeronoticias.com.pe\/noticiero\/\",\"name\":\"Aeronoticias.com.pe\",\"description\":\"Noticias de tranporte aereo, turismo, hoteles, gastronomia, actualidad, internacional\",\"potentialAction\":[{\"@type\":\"SearchAction\",\"target\":{\"@type\":\"EntryPoint\",\"urlTemplate\":\"https:\/\/aeronoticias.com.pe\/noticiero\/?s={search_term_string}\"},\"query-input\":{\"@type\":\"PropertyValueSpecification\",\"valueRequired\":true,\"valueName\":\"search_term_string\"}}],\"inLanguage\":\"es\"},{\"@type\":\"Person\",\"@id\":\"https:\/\/aeronoticias.com.pe\/noticiero\/#\/schema\/person\/fc1e5d578f4b62ba1cf7ac2bba1170a0\",\"name\":\"Redacci\u00f3n Aeronoticias\",\"url\":\"https:\/\/aeronoticias.com.pe\/noticiero\/author\/piloto\/\"}]}<\/script>\n<!-- \/ Yoast SEO plugin. -->","yoast_head_json":{"title":"Chile detendr\u00e1 a peruanos que ingresen a \u201ctri\u00e1ngulo terrestre\u201d","description":"Portal de noticias del Per\u00fa sobre el transporte a\u00e9reo, aviaci\u00f3n, turismo, hoteleria, actualidad.","robots":{"index":"index","follow":"follow","max-snippet":"max-snippet:-1","max-image-preview":"max-image-preview:large","max-video-preview":"max-video-preview:-1"},"canonical":"https:\/\/aeronoticias.com.pe\/noticiero\/politica\/chile-detendra-a-peruanos-que-ingresen-a-triangulo-terrestre\/","og_locale":"es_ES","og_type":"article","og_title":"Chile detendr\u00e1 a peruanos que ingresen a \u201ctri\u00e1ngulo terrestre\u201d","og_description":"Portal de noticias del Per\u00fa sobre el transporte a\u00e9reo, aviaci\u00f3n, turismo, hoteleria, actualidad.","og_url":"https:\/\/aeronoticias.com.pe\/noticiero\/politica\/chile-detendra-a-peruanos-que-ingresen-a-triangulo-terrestre\/","og_site_name":"Aeronoticias.com.pe","article_publisher":"https:\/\/www.facebook.com\/Aeronoticias.com.pe\/","article_published_time":"2014-08-26T20:11:04+00:00","og_image":[{"url":"http:\/\/cde.3.elcomercio.pe\/ima\/0\/0\/9\/4\/6\/946534\/base_image.jpg","type":"","width":"","height":""}],"author":"Redacci\u00f3n Aeronoticias","twitter_card":"summary_large_image","twitter_creator":"@aeronoticias","twitter_site":"@aeronoticias","twitter_misc":{"Escrito por":"Redacci\u00f3n Aeronoticias","Tiempo de lectura":"1 minuto"},"schema":{"@context":"https:\/\/schema.org","@graph":[{"@type":"WebPage","@id":"https:\/\/aeronoticias.com.pe\/noticiero\/politica\/chile-detendra-a-peruanos-que-ingresen-a-triangulo-terrestre\/","url":"https:\/\/aeronoticias.com.pe\/noticiero\/politica\/chile-detendra-a-peruanos-que-ingresen-a-triangulo-terrestre\/","name":"Chile detendr\u00e1 a peruanos que ingresen a \u201ctri\u00e1ngulo terrestre\u201d","isPartOf":{"@id":"https:\/\/aeronoticias.com.pe\/noticiero\/#website"},"primaryImageOfPage":{"@id":"https:\/\/aeronoticias.com.pe\/noticiero\/politica\/chile-detendra-a-peruanos-que-ingresen-a-triangulo-terrestre\/#primaryimage"},"image":{"@id":"https:\/\/aeronoticias.com.pe\/noticiero\/politica\/chile-detendra-a-peruanos-que-ingresen-a-triangulo-terrestre\/#primaryimage"},"thumbnailUrl":"http:\/\/cde.3.elcomercio.pe\/ima\/0\/0\/9\/4\/6\/946534\/base_image.jpg","datePublished":"2014-08-26T20:11:04+00:00","author":{"@id":"https:\/\/aeronoticias.com.pe\/noticiero\/#\/schema\/person\/fc1e5d578f4b62ba1cf7ac2bba1170a0"},"description":"Portal de noticias del Per\u00fa sobre el transporte a\u00e9reo, aviaci\u00f3n, turismo, hoteleria, actualidad.","breadcrumb":{"@id":"https:\/\/aeronoticias.com.pe\/noticiero\/politica\/chile-detendra-a-peruanos-que-ingresen-a-triangulo-terrestre\/#breadcrumb"},"inLanguage":"es","potentialAction":[{"@type":"ReadAction","target":["https:\/\/aeronoticias.com.pe\/noticiero\/politica\/chile-detendra-a-peruanos-que-ingresen-a-triangulo-terrestre\/"]}]},{"@type":"ImageObject","inLanguage":"es","@id":"https:\/\/aeronoticias.com.pe\/noticiero\/politica\/chile-detendra-a-peruanos-que-ingresen-a-triangulo-terrestre\/#primaryimage","url":"http:\/\/cde.3.elcomercio.pe\/ima\/0\/0\/9\/4\/6\/946534\/base_image.jpg","contentUrl":"http:\/\/cde.3.elcomercio.pe\/ima\/0\/0\/9\/4\/6\/946534\/base_image.jpg"},{"@type":"BreadcrumbList","@id":"https:\/\/aeronoticias.com.pe\/noticiero\/politica\/chile-detendra-a-peruanos-que-ingresen-a-triangulo-terrestre\/#breadcrumb","itemListElement":[{"@type":"ListItem","position":1,"name":"Portada","item":"https:\/\/aeronoticias.com.pe\/noticiero\/"},{"@type":"ListItem","position":2,"name":"Chile detendr\u00e1 a peruanos que ingresen a \u201ctri\u00e1ngulo terrestre\u201d"}]},{"@type":"WebSite","@id":"https:\/\/aeronoticias.com.pe\/noticiero\/#website","url":"https:\/\/aeronoticias.com.pe\/noticiero\/","name":"Aeronoticias.com.pe","description":"Noticias de tranporte aereo, turismo, hoteles, gastronomia, actualidad, internacional","potentialAction":[{"@type":"SearchAction","target":{"@type":"EntryPoint","urlTemplate":"https:\/\/aeronoticias.com.pe\/noticiero\/?s={search_term_string}"},"query-input":{"@type":"PropertyValueSpecification","valueRequired":true,"valueName":"search_term_string"}}],"inLanguage":"es"},{"@type":"Person","@id":"https:\/\/aeronoticias.com.pe\/noticiero\/#\/schema\/person\/fc1e5d578f4b62ba1cf7ac2bba1170a0","name":"Redacci\u00f3n Aeronoticias","url":"https:\/\/aeronoticias.com.pe\/noticiero\/author\/piloto\/"}]}},"_links":{"self":[{"href":"https:\/\/aeronoticias.com.pe\/noticiero\/wp-json\/wp\/v2\/posts\/48521","targetHints":{"allow":["GET"]}}],"collection":[{"href":"https:\/\/aeronoticias.com.pe\/noticiero\/wp-json\/wp\/v2\/posts"}],"about":[{"href":"https:\/\/aeronoticias.com.pe\/noticiero\/wp-json\/wp\/v2\/types\/post"}],"author":[{"embeddable":true,"href":"https:\/\/aeronoticias.com.pe\/noticiero\/wp-json\/wp\/v2\/users\/1"}],"replies":[{"embeddable":true,"href":"https:\/\/aeronoticias.com.pe\/noticiero\/wp-json\/wp\/v2\/comments?post=48521"}],"version-history":[{"count":0,"href":"https:\/\/aeronoticias.com.pe\/noticiero\/wp-json\/wp\/v2\/posts\/48521\/revisions"}],"wp:attachment":[{"href":"https:\/\/aeronoticias.com.pe\/noticiero\/wp-json\/wp\/v2\/media?parent=48521"}],"wp:term":[{"taxonomy":"category","embeddable":true,"href":"https:\/\/aeronoticias.com.pe\/noticiero\/wp-json\/wp\/v2\/categories?post=48521"},{"taxonomy":"post_tag","embeddable":true,"href":"https:\/\/aeronoticias.com.pe\/noticiero\/wp-json\/wp\/v2\/tags?post=48521"}],"curies":[{"name":"wp","href":"https:\/\/api.w.org\/{rel}","templated":true}]}}