{"id":48522,"date":"2014-08-26T20:12:55","date_gmt":"2014-08-26T20:12:55","guid":{"rendered":"http:\/\/desarrollo.mcvicious.com\/aero2020\/2014\/08\/26\/ministros-se-comprometen-a-mantener-qvocacion-de-dialogoq\/"},"modified":"2014-08-26T20:12:55","modified_gmt":"2014-08-26T20:12:55","slug":"ministros-se-comprometen-a-mantener-qvocacion-de-dialogoq","status":"publish","type":"post","link":"https:\/\/aeronoticias.com.pe\/noticiero\/politica\/ministros-se-comprometen-a-mantener-qvocacion-de-dialogoq\/","title":{"rendered":"Ministros se comprometen a mantener \u00abvocaci\u00f3n de di\u00e1logo\u00bb"},"content":{"rendered":"<p style=\"text-align: justify;\"><strong>(Aeronoticias)<\/strong>.-\u00a0Tras conseguir hoy el voto de confianza de manera ajustada, el Gabinete ministerial envi\u00f3 un comunicado mediante el cual se compromete a mantener su vocaci\u00f3n de di\u00e1logo.<\/p>\n<p style=\"text-align: justify;\">\u00abEstamos seguros de que todos los poderes p\u00fablicos, la clase pol\u00edtica y las fuerzas vivas, derrotaremos la pobreza y crearemos las condiciones necesarias para la generaci\u00f3n de oportunidades a favor de todas las peruanas y peruanos, sin excepci\u00f3n, tarea que realizaremos juntos, manteniendo nuestra vocaci\u00f3n de di\u00e1logo\u00bb, se lee en el pronunciamiento.<\/p>\n<p style=\"text-align: justify;\">Tambi\u00e9n se inform\u00f3 que el Gabinete tom\u00f3 conocimiento del voto de confianza mientras se encontraba en sesi\u00f3n de trabajo para ultimar detalles del Proyecto de la Ley General del Presupuesto del Sector P\u00fablico para el a\u00f1o 2015, que ser\u00e1 presentado al Parlamento esta semana para su debate y aprobaci\u00f3n.<\/p>\n<p style=\"text-align: justify;\">Fuente: <strong><em><span style=\"text-decoration: underline;\">El Comercio<\/span><\/em><\/strong>.<\/p>\n<p style=\"text-align: justify;\"><img decoding=\"async\" src=\"http:\/\/cde.3.elcomercio.pe\/ima\/0\/0\/9\/4\/6\/946512\/base_image.jpg\" border=\"0\" alt=\"Ministros se comprometen a mantener &quot;vocaci\u00f3n de di\u00e1logo&quot;\" \/><\/p>\n","protected":false},"excerpt":{"rendered":"<p>(Aeronoticias).-\u00a0Tras conseguir hoy el voto de confianza de manera ajustada, el Gabinete ministerial envi\u00f3 un comunicado mediante el cual se compromete a mantener su vocaci\u00f3n de di\u00e1logo. \u00abEstamos seguros de que todos los poderes p\u00fablicos, la clase pol\u00edtica y las fuerzas vivas, derrotaremos la pobreza y crearemos las condiciones necesarias para la generaci\u00f3n de oportunidades [&hellip;]<\/p>\n","protected":false},"author":1,"featured_media":0,"comment_status":"open","ping_status":"open","sticky":false,"template":"","format":"standard","meta":{"tdm_status":"","tdm_grid_status":"","footnotes":""},"categories":[36],"tags":[],"class_list":{"0":"post-48522","1":"post","2":"type-post","3":"status-publish","4":"format-standard","6":"category-politica"},"yoast_head":"<!-- This site is optimized with the Yoast SEO plugin v25.1 - https:\/\/yoast.com\/wordpress\/plugins\/seo\/ -->\n<title>Ministros se comprometen a mantener &quot;vocaci\u00f3n de di\u00e1logo&quot;<\/title>\n<meta name=\"description\" content=\"Portal de noticias del Per\u00fa sobre el transporte a\u00e9reo, aviaci\u00f3n, turismo, hoteleria, actualidad.\" \/>\n<meta name=\"robots\" content=\"index, follow, max-snippet:-1, max-image-preview:large, max-video-preview:-1\" \/>\n<link rel=\"canonical\" href=\"https:\/\/aeronoticias.com.pe\/noticiero\/politica\/ministros-se-comprometen-a-mantener-qvocacion-de-dialogoq\/\" \/>\n<meta property=\"og:locale\" content=\"es_ES\" \/>\n<meta property=\"og:type\" content=\"article\" \/>\n<meta property=\"og:title\" content=\"Ministros se comprometen a mantener &quot;vocaci\u00f3n de di\u00e1logo&quot;\" \/>\n<meta property=\"og:description\" content=\"Portal de noticias del Per\u00fa sobre el transporte a\u00e9reo, aviaci\u00f3n, turismo, hoteleria, actualidad.\" \/>\n<meta property=\"og:url\" content=\"https:\/\/aeronoticias.com.pe\/noticiero\/politica\/ministros-se-comprometen-a-mantener-qvocacion-de-dialogoq\/\" \/>\n<meta property=\"og:site_name\" content=\"Aeronoticias.com.pe\" \/>\n<meta property=\"article:publisher\" content=\"https:\/\/www.facebook.com\/Aeronoticias.com.pe\/\" \/>\n<meta property=\"article:published_time\" content=\"2014-08-26T20:12:55+00:00\" \/>\n<meta property=\"og:image\" content=\"http:\/\/cde.3.elcomercio.pe\/ima\/0\/0\/9\/4\/6\/946512\/base_image.jpg\" \/>\n<meta name=\"author\" content=\"Redacci\u00f3n Aeronoticias\" \/>\n<meta name=\"twitter:card\" content=\"summary_large_image\" \/>\n<meta name=\"twitter:creator\" content=\"@aeronoticias\" \/>\n<meta name=\"twitter:site\" content=\"@aeronoticias\" \/>\n<meta name=\"twitter:label1\" content=\"Escrito por\" \/>\n\t<meta name=\"twitter:data1\" content=\"Redacci\u00f3n Aeronoticias\" \/>\n\t<meta name=\"twitter:label2\" content=\"Tiempo de lectura\" \/>\n\t<meta name=\"twitter:data2\" content=\"1 minuto\" \/>\n<script type=\"application\/ld+json\" class=\"yoast-schema-graph\">{\"@context\":\"https:\/\/schema.org\",\"@graph\":[{\"@type\":\"WebPage\",\"@id\":\"https:\/\/aeronoticias.com.pe\/noticiero\/politica\/ministros-se-comprometen-a-mantener-qvocacion-de-dialogoq\/\",\"url\":\"https:\/\/aeronoticias.com.pe\/noticiero\/politica\/ministros-se-comprometen-a-mantener-qvocacion-de-dialogoq\/\",\"name\":\"Ministros se comprometen a mantener \\\"vocaci\u00f3n de di\u00e1logo\\\"\",\"isPartOf\":{\"@id\":\"https:\/\/aeronoticias.com.pe\/noticiero\/#website\"},\"primaryImageOfPage\":{\"@id\":\"https:\/\/aeronoticias.com.pe\/noticiero\/politica\/ministros-se-comprometen-a-mantener-qvocacion-de-dialogoq\/#primaryimage\"},\"image\":{\"@id\":\"https:\/\/aeronoticias.com.pe\/noticiero\/politica\/ministros-se-comprometen-a-mantener-qvocacion-de-dialogoq\/#primaryimage\"},\"thumbnailUrl\":\"http:\/\/cde.3.elcomercio.pe\/ima\/0\/0\/9\/4\/6\/946512\/base_image.jpg\",\"datePublished\":\"2014-08-26T20:12:55+00:00\",\"author\":{\"@id\":\"https:\/\/aeronoticias.com.pe\/noticiero\/#\/schema\/person\/fc1e5d578f4b62ba1cf7ac2bba1170a0\"},\"description\":\"Portal de noticias del Per\u00fa sobre el transporte a\u00e9reo, aviaci\u00f3n, turismo, hoteleria, actualidad.\",\"breadcrumb\":{\"@id\":\"https:\/\/aeronoticias.com.pe\/noticiero\/politica\/ministros-se-comprometen-a-mantener-qvocacion-de-dialogoq\/#breadcrumb\"},\"inLanguage\":\"es\",\"potentialAction\":[{\"@type\":\"ReadAction\",\"target\":[\"https:\/\/aeronoticias.com.pe\/noticiero\/politica\/ministros-se-comprometen-a-mantener-qvocacion-de-dialogoq\/\"]}]},{\"@type\":\"ImageObject\",\"inLanguage\":\"es\",\"@id\":\"https:\/\/aeronoticias.com.pe\/noticiero\/politica\/ministros-se-comprometen-a-mantener-qvocacion-de-dialogoq\/#primaryimage\",\"url\":\"http:\/\/cde.3.elcomercio.pe\/ima\/0\/0\/9\/4\/6\/946512\/base_image.jpg\",\"contentUrl\":\"http:\/\/cde.3.elcomercio.pe\/ima\/0\/0\/9\/4\/6\/946512\/base_image.jpg\"},{\"@type\":\"BreadcrumbList\",\"@id\":\"https:\/\/aeronoticias.com.pe\/noticiero\/politica\/ministros-se-comprometen-a-mantener-qvocacion-de-dialogoq\/#breadcrumb\",\"itemListElement\":[{\"@type\":\"ListItem\",\"position\":1,\"name\":\"Portada\",\"item\":\"https:\/\/aeronoticias.com.pe\/noticiero\/\"},{\"@type\":\"ListItem\",\"position\":2,\"name\":\"Ministros se comprometen a mantener \u00abvocaci\u00f3n de di\u00e1logo\u00bb\"}]},{\"@type\":\"WebSite\",\"@id\":\"https:\/\/aeronoticias.com.pe\/noticiero\/#website\",\"url\":\"https:\/\/aeronoticias.com.pe\/noticiero\/\",\"name\":\"Aeronoticias.com.pe\",\"description\":\"Noticias de tranporte aereo, turismo, hoteles, gastronomia, actualidad, internacional\",\"potentialAction\":[{\"@type\":\"SearchAction\",\"target\":{\"@type\":\"EntryPoint\",\"urlTemplate\":\"https:\/\/aeronoticias.com.pe\/noticiero\/?s={search_term_string}\"},\"query-input\":{\"@type\":\"PropertyValueSpecification\",\"valueRequired\":true,\"valueName\":\"search_term_string\"}}],\"inLanguage\":\"es\"},{\"@type\":\"Person\",\"@id\":\"https:\/\/aeronoticias.com.pe\/noticiero\/#\/schema\/person\/fc1e5d578f4b62ba1cf7ac2bba1170a0\",\"name\":\"Redacci\u00f3n Aeronoticias\",\"url\":\"https:\/\/aeronoticias.com.pe\/noticiero\/author\/piloto\/\"}]}<\/script>\n<!-- \/ Yoast SEO plugin. -->","yoast_head_json":{"title":"Ministros se comprometen a mantener \"vocaci\u00f3n de di\u00e1logo\"","description":"Portal de noticias del Per\u00fa sobre el transporte a\u00e9reo, aviaci\u00f3n, turismo, hoteleria, actualidad.","robots":{"index":"index","follow":"follow","max-snippet":"max-snippet:-1","max-image-preview":"max-image-preview:large","max-video-preview":"max-video-preview:-1"},"canonical":"https:\/\/aeronoticias.com.pe\/noticiero\/politica\/ministros-se-comprometen-a-mantener-qvocacion-de-dialogoq\/","og_locale":"es_ES","og_type":"article","og_title":"Ministros se comprometen a mantener \"vocaci\u00f3n de di\u00e1logo\"","og_description":"Portal de noticias del Per\u00fa sobre el transporte a\u00e9reo, aviaci\u00f3n, turismo, hoteleria, actualidad.","og_url":"https:\/\/aeronoticias.com.pe\/noticiero\/politica\/ministros-se-comprometen-a-mantener-qvocacion-de-dialogoq\/","og_site_name":"Aeronoticias.com.pe","article_publisher":"https:\/\/www.facebook.com\/Aeronoticias.com.pe\/","article_published_time":"2014-08-26T20:12:55+00:00","og_image":[{"url":"http:\/\/cde.3.elcomercio.pe\/ima\/0\/0\/9\/4\/6\/946512\/base_image.jpg","type":"","width":"","height":""}],"author":"Redacci\u00f3n Aeronoticias","twitter_card":"summary_large_image","twitter_creator":"@aeronoticias","twitter_site":"@aeronoticias","twitter_misc":{"Escrito por":"Redacci\u00f3n Aeronoticias","Tiempo de lectura":"1 minuto"},"schema":{"@context":"https:\/\/schema.org","@graph":[{"@type":"WebPage","@id":"https:\/\/aeronoticias.com.pe\/noticiero\/politica\/ministros-se-comprometen-a-mantener-qvocacion-de-dialogoq\/","url":"https:\/\/aeronoticias.com.pe\/noticiero\/politica\/ministros-se-comprometen-a-mantener-qvocacion-de-dialogoq\/","name":"Ministros se comprometen a mantener \"vocaci\u00f3n de di\u00e1logo\"","isPartOf":{"@id":"https:\/\/aeronoticias.com.pe\/noticiero\/#website"},"primaryImageOfPage":{"@id":"https:\/\/aeronoticias.com.pe\/noticiero\/politica\/ministros-se-comprometen-a-mantener-qvocacion-de-dialogoq\/#primaryimage"},"image":{"@id":"https:\/\/aeronoticias.com.pe\/noticiero\/politica\/ministros-se-comprometen-a-mantener-qvocacion-de-dialogoq\/#primaryimage"},"thumbnailUrl":"http:\/\/cde.3.elcomercio.pe\/ima\/0\/0\/9\/4\/6\/946512\/base_image.jpg","datePublished":"2014-08-26T20:12:55+00:00","author":{"@id":"https:\/\/aeronoticias.com.pe\/noticiero\/#\/schema\/person\/fc1e5d578f4b62ba1cf7ac2bba1170a0"},"description":"Portal de noticias del Per\u00fa sobre el transporte a\u00e9reo, aviaci\u00f3n, turismo, hoteleria, actualidad.","breadcrumb":{"@id":"https:\/\/aeronoticias.com.pe\/noticiero\/politica\/ministros-se-comprometen-a-mantener-qvocacion-de-dialogoq\/#breadcrumb"},"inLanguage":"es","potentialAction":[{"@type":"ReadAction","target":["https:\/\/aeronoticias.com.pe\/noticiero\/politica\/ministros-se-comprometen-a-mantener-qvocacion-de-dialogoq\/"]}]},{"@type":"ImageObject","inLanguage":"es","@id":"https:\/\/aeronoticias.com.pe\/noticiero\/politica\/ministros-se-comprometen-a-mantener-qvocacion-de-dialogoq\/#primaryimage","url":"http:\/\/cde.3.elcomercio.pe\/ima\/0\/0\/9\/4\/6\/946512\/base_image.jpg","contentUrl":"http:\/\/cde.3.elcomercio.pe\/ima\/0\/0\/9\/4\/6\/946512\/base_image.jpg"},{"@type":"BreadcrumbList","@id":"https:\/\/aeronoticias.com.pe\/noticiero\/politica\/ministros-se-comprometen-a-mantener-qvocacion-de-dialogoq\/#breadcrumb","itemListElement":[{"@type":"ListItem","position":1,"name":"Portada","item":"https:\/\/aeronoticias.com.pe\/noticiero\/"},{"@type":"ListItem","position":2,"name":"Ministros se comprometen a mantener \u00abvocaci\u00f3n de di\u00e1logo\u00bb"}]},{"@type":"WebSite","@id":"https:\/\/aeronoticias.com.pe\/noticiero\/#website","url":"https:\/\/aeronoticias.com.pe\/noticiero\/","name":"Aeronoticias.com.pe","description":"Noticias de tranporte aereo, turismo, hoteles, gastronomia, actualidad, internacional","potentialAction":[{"@type":"SearchAction","target":{"@type":"EntryPoint","urlTemplate":"https:\/\/aeronoticias.com.pe\/noticiero\/?s={search_term_string}"},"query-input":{"@type":"PropertyValueSpecification","valueRequired":true,"valueName":"search_term_string"}}],"inLanguage":"es"},{"@type":"Person","@id":"https:\/\/aeronoticias.com.pe\/noticiero\/#\/schema\/person\/fc1e5d578f4b62ba1cf7ac2bba1170a0","name":"Redacci\u00f3n Aeronoticias","url":"https:\/\/aeronoticias.com.pe\/noticiero\/author\/piloto\/"}]}},"_links":{"self":[{"href":"https:\/\/aeronoticias.com.pe\/noticiero\/wp-json\/wp\/v2\/posts\/48522","targetHints":{"allow":["GET"]}}],"collection":[{"href":"https:\/\/aeronoticias.com.pe\/noticiero\/wp-json\/wp\/v2\/posts"}],"about":[{"href":"https:\/\/aeronoticias.com.pe\/noticiero\/wp-json\/wp\/v2\/types\/post"}],"author":[{"embeddable":true,"href":"https:\/\/aeronoticias.com.pe\/noticiero\/wp-json\/wp\/v2\/users\/1"}],"replies":[{"embeddable":true,"href":"https:\/\/aeronoticias.com.pe\/noticiero\/wp-json\/wp\/v2\/comments?post=48522"}],"version-history":[{"count":0,"href":"https:\/\/aeronoticias.com.pe\/noticiero\/wp-json\/wp\/v2\/posts\/48522\/revisions"}],"wp:attachment":[{"href":"https:\/\/aeronoticias.com.pe\/noticiero\/wp-json\/wp\/v2\/media?parent=48522"}],"wp:term":[{"taxonomy":"category","embeddable":true,"href":"https:\/\/aeronoticias.com.pe\/noticiero\/wp-json\/wp\/v2\/categories?post=48522"},{"taxonomy":"post_tag","embeddable":true,"href":"https:\/\/aeronoticias.com.pe\/noticiero\/wp-json\/wp\/v2\/tags?post=48522"}],"curies":[{"name":"wp","href":"https:\/\/api.w.org\/{rel}","templated":true}]}}