{"id":48527,"date":"2014-08-26T20:25:02","date_gmt":"2014-08-26T20:25:02","guid":{"rendered":"http:\/\/desarrollo.mcvicious.com\/aero2020\/2014\/08\/26\/nadine-heredia-encabeza-lanzamiento-de-la-semana-de-la-lactancia-materna\/"},"modified":"2014-08-26T20:25:02","modified_gmt":"2014-08-26T20:25:02","slug":"nadine-heredia-encabeza-lanzamiento-de-la-semana-de-la-lactancia-materna","status":"publish","type":"post","link":"https:\/\/aeronoticias.com.pe\/noticiero\/nacionales\/nadine-heredia-encabeza-lanzamiento-de-la-semana-de-la-lactancia-materna\/","title":{"rendered":"Nadine Heredia encabeza lanzamiento de la Semana de la Lactancia Materna"},"content":{"rendered":"<p style=\"text-align: justify;\"><strong>(Aeronoticias)<\/strong>.-\u00a0La primera dama de la Naci\u00f3n, Nadine Heredia, encabez\u00f3 el lanzamiento de la Semana de la Lactancia Materna en el Per\u00fa desde Pucallpa, regi\u00f3n Ucayali.<\/p>\n<p style=\"text-align: justify;\">Heredia participa de la actividad acompa\u00f1ada de viceministros y autoridades de la regi\u00f3n. Incluso ha destacado la labor de la Direcci\u00f3n Regional de Ucayali, pues han superado los \u00edndices de lactancia materna.<\/p>\n<p style=\"text-align: justify;\">Antes de dar inicio a este evento, se desarroll\u00f3 la Feria Intersectorial para la Promoci\u00f3n y Protecci\u00f3n de la Lactancia Materna en el campo ferial de Yarinacocha.<\/p>\n<p style=\"text-align: justify;\">Fuente: <span style=\"text-decoration: underline;\"><em><strong>RPP<\/strong><\/em><\/span>.<\/p>\n<p style=\"text-align: justify;\"><img decoding=\"async\" src=\"http:\/\/www.rpp.com.pe\/pict.php?g=-1&amp;p=\/picnewsa\/925879.jpg\" border=\"0\" alt=\"Nadine Heredia encabeza lanzamiento de la Semana de la Lactancia Materna\" \/><\/p>\n","protected":false},"excerpt":{"rendered":"<p>(Aeronoticias).-\u00a0La primera dama de la Naci\u00f3n, Nadine Heredia, encabez\u00f3 el lanzamiento de la Semana de la Lactancia Materna en el Per\u00fa desde Pucallpa, regi\u00f3n Ucayali. Heredia participa de la actividad acompa\u00f1ada de viceministros y autoridades de la regi\u00f3n. Incluso ha destacado la labor de la Direcci\u00f3n Regional de Ucayali, pues han superado los \u00edndices de [&hellip;]<\/p>\n","protected":false},"author":1,"featured_media":0,"comment_status":"open","ping_status":"open","sticky":false,"template":"","format":"standard","meta":{"tdm_status":"","tdm_grid_status":"","footnotes":""},"categories":[38],"tags":[],"class_list":{"0":"post-48527","1":"post","2":"type-post","3":"status-publish","4":"format-standard","6":"category-nacionales"},"yoast_head":"<!-- This site is optimized with the Yoast SEO plugin v25.1 - https:\/\/yoast.com\/wordpress\/plugins\/seo\/ -->\n<title>Nadine Heredia encabeza lanzamiento de la Semana de la Lactancia Materna<\/title>\n<meta name=\"description\" content=\"Portal de noticias del Per\u00fa sobre el transporte a\u00e9reo, aviaci\u00f3n, turismo, hoteleria, actualidad.\" \/>\n<meta name=\"robots\" content=\"index, follow, max-snippet:-1, max-image-preview:large, max-video-preview:-1\" \/>\n<link rel=\"canonical\" href=\"https:\/\/aeronoticias.com.pe\/noticiero\/nacionales\/nadine-heredia-encabeza-lanzamiento-de-la-semana-de-la-lactancia-materna\/\" \/>\n<meta property=\"og:locale\" content=\"es_ES\" \/>\n<meta property=\"og:type\" content=\"article\" \/>\n<meta property=\"og:title\" content=\"Nadine Heredia encabeza lanzamiento de la Semana de la Lactancia Materna\" \/>\n<meta property=\"og:description\" content=\"Portal de noticias del Per\u00fa sobre el transporte a\u00e9reo, aviaci\u00f3n, turismo, hoteleria, actualidad.\" \/>\n<meta property=\"og:url\" content=\"https:\/\/aeronoticias.com.pe\/noticiero\/nacionales\/nadine-heredia-encabeza-lanzamiento-de-la-semana-de-la-lactancia-materna\/\" \/>\n<meta property=\"og:site_name\" content=\"Aeronoticias.com.pe\" \/>\n<meta property=\"article:publisher\" content=\"https:\/\/www.facebook.com\/Aeronoticias.com.pe\/\" \/>\n<meta property=\"article:published_time\" content=\"2014-08-26T20:25:02+00:00\" \/>\n<meta property=\"og:image\" content=\"http:\/\/www.rpp.com.pe\/pict.php?g=-1&amp;p=\/picnewsa\/925879.jpg\" \/>\n<meta name=\"author\" content=\"Redacci\u00f3n Aeronoticias\" \/>\n<meta name=\"twitter:card\" content=\"summary_large_image\" \/>\n<meta name=\"twitter:creator\" content=\"@aeronoticias\" \/>\n<meta name=\"twitter:site\" content=\"@aeronoticias\" \/>\n<meta name=\"twitter:label1\" content=\"Escrito por\" \/>\n\t<meta name=\"twitter:data1\" content=\"Redacci\u00f3n Aeronoticias\" \/>\n<script type=\"application\/ld+json\" class=\"yoast-schema-graph\">{\"@context\":\"https:\/\/schema.org\",\"@graph\":[{\"@type\":\"WebPage\",\"@id\":\"https:\/\/aeronoticias.com.pe\/noticiero\/nacionales\/nadine-heredia-encabeza-lanzamiento-de-la-semana-de-la-lactancia-materna\/\",\"url\":\"https:\/\/aeronoticias.com.pe\/noticiero\/nacionales\/nadine-heredia-encabeza-lanzamiento-de-la-semana-de-la-lactancia-materna\/\",\"name\":\"Nadine Heredia encabeza lanzamiento de la Semana de la Lactancia Materna\",\"isPartOf\":{\"@id\":\"https:\/\/aeronoticias.com.pe\/noticiero\/#website\"},\"primaryImageOfPage\":{\"@id\":\"https:\/\/aeronoticias.com.pe\/noticiero\/nacionales\/nadine-heredia-encabeza-lanzamiento-de-la-semana-de-la-lactancia-materna\/#primaryimage\"},\"image\":{\"@id\":\"https:\/\/aeronoticias.com.pe\/noticiero\/nacionales\/nadine-heredia-encabeza-lanzamiento-de-la-semana-de-la-lactancia-materna\/#primaryimage\"},\"thumbnailUrl\":\"http:\/\/www.rpp.com.pe\/pict.php?g=-1&amp;p=\/picnewsa\/925879.jpg\",\"datePublished\":\"2014-08-26T20:25:02+00:00\",\"author\":{\"@id\":\"https:\/\/aeronoticias.com.pe\/noticiero\/#\/schema\/person\/fc1e5d578f4b62ba1cf7ac2bba1170a0\"},\"description\":\"Portal de noticias del Per\u00fa sobre el transporte a\u00e9reo, aviaci\u00f3n, turismo, hoteleria, actualidad.\",\"breadcrumb\":{\"@id\":\"https:\/\/aeronoticias.com.pe\/noticiero\/nacionales\/nadine-heredia-encabeza-lanzamiento-de-la-semana-de-la-lactancia-materna\/#breadcrumb\"},\"inLanguage\":\"es\",\"potentialAction\":[{\"@type\":\"ReadAction\",\"target\":[\"https:\/\/aeronoticias.com.pe\/noticiero\/nacionales\/nadine-heredia-encabeza-lanzamiento-de-la-semana-de-la-lactancia-materna\/\"]}]},{\"@type\":\"ImageObject\",\"inLanguage\":\"es\",\"@id\":\"https:\/\/aeronoticias.com.pe\/noticiero\/nacionales\/nadine-heredia-encabeza-lanzamiento-de-la-semana-de-la-lactancia-materna\/#primaryimage\",\"url\":\"http:\/\/www.rpp.com.pe\/pict.php?g=-1&amp;p=\/picnewsa\/925879.jpg\",\"contentUrl\":\"http:\/\/www.rpp.com.pe\/pict.php?g=-1&amp;p=\/picnewsa\/925879.jpg\"},{\"@type\":\"BreadcrumbList\",\"@id\":\"https:\/\/aeronoticias.com.pe\/noticiero\/nacionales\/nadine-heredia-encabeza-lanzamiento-de-la-semana-de-la-lactancia-materna\/#breadcrumb\",\"itemListElement\":[{\"@type\":\"ListItem\",\"position\":1,\"name\":\"Portada\",\"item\":\"https:\/\/aeronoticias.com.pe\/noticiero\/\"},{\"@type\":\"ListItem\",\"position\":2,\"name\":\"Nadine Heredia encabeza lanzamiento de la Semana de la Lactancia Materna\"}]},{\"@type\":\"WebSite\",\"@id\":\"https:\/\/aeronoticias.com.pe\/noticiero\/#website\",\"url\":\"https:\/\/aeronoticias.com.pe\/noticiero\/\",\"name\":\"Aeronoticias.com.pe\",\"description\":\"Noticias de tranporte aereo, turismo, hoteles, gastronomia, actualidad, internacional\",\"potentialAction\":[{\"@type\":\"SearchAction\",\"target\":{\"@type\":\"EntryPoint\",\"urlTemplate\":\"https:\/\/aeronoticias.com.pe\/noticiero\/?s={search_term_string}\"},\"query-input\":{\"@type\":\"PropertyValueSpecification\",\"valueRequired\":true,\"valueName\":\"search_term_string\"}}],\"inLanguage\":\"es\"},{\"@type\":\"Person\",\"@id\":\"https:\/\/aeronoticias.com.pe\/noticiero\/#\/schema\/person\/fc1e5d578f4b62ba1cf7ac2bba1170a0\",\"name\":\"Redacci\u00f3n Aeronoticias\",\"url\":\"https:\/\/aeronoticias.com.pe\/noticiero\/author\/piloto\/\"}]}<\/script>\n<!-- \/ Yoast SEO plugin. -->","yoast_head_json":{"title":"Nadine Heredia encabeza lanzamiento de la Semana de la Lactancia Materna","description":"Portal de noticias del Per\u00fa sobre el transporte a\u00e9reo, aviaci\u00f3n, turismo, hoteleria, actualidad.","robots":{"index":"index","follow":"follow","max-snippet":"max-snippet:-1","max-image-preview":"max-image-preview:large","max-video-preview":"max-video-preview:-1"},"canonical":"https:\/\/aeronoticias.com.pe\/noticiero\/nacionales\/nadine-heredia-encabeza-lanzamiento-de-la-semana-de-la-lactancia-materna\/","og_locale":"es_ES","og_type":"article","og_title":"Nadine Heredia encabeza lanzamiento de la Semana de la Lactancia Materna","og_description":"Portal de noticias del Per\u00fa sobre el transporte a\u00e9reo, aviaci\u00f3n, turismo, hoteleria, actualidad.","og_url":"https:\/\/aeronoticias.com.pe\/noticiero\/nacionales\/nadine-heredia-encabeza-lanzamiento-de-la-semana-de-la-lactancia-materna\/","og_site_name":"Aeronoticias.com.pe","article_publisher":"https:\/\/www.facebook.com\/Aeronoticias.com.pe\/","article_published_time":"2014-08-26T20:25:02+00:00","og_image":[{"url":"http:\/\/www.rpp.com.pe\/pict.php?g=-1&amp;p=\/picnewsa\/925879.jpg","type":"","width":"","height":""}],"author":"Redacci\u00f3n Aeronoticias","twitter_card":"summary_large_image","twitter_creator":"@aeronoticias","twitter_site":"@aeronoticias","twitter_misc":{"Escrito por":"Redacci\u00f3n Aeronoticias"},"schema":{"@context":"https:\/\/schema.org","@graph":[{"@type":"WebPage","@id":"https:\/\/aeronoticias.com.pe\/noticiero\/nacionales\/nadine-heredia-encabeza-lanzamiento-de-la-semana-de-la-lactancia-materna\/","url":"https:\/\/aeronoticias.com.pe\/noticiero\/nacionales\/nadine-heredia-encabeza-lanzamiento-de-la-semana-de-la-lactancia-materna\/","name":"Nadine Heredia encabeza lanzamiento de la Semana de la Lactancia Materna","isPartOf":{"@id":"https:\/\/aeronoticias.com.pe\/noticiero\/#website"},"primaryImageOfPage":{"@id":"https:\/\/aeronoticias.com.pe\/noticiero\/nacionales\/nadine-heredia-encabeza-lanzamiento-de-la-semana-de-la-lactancia-materna\/#primaryimage"},"image":{"@id":"https:\/\/aeronoticias.com.pe\/noticiero\/nacionales\/nadine-heredia-encabeza-lanzamiento-de-la-semana-de-la-lactancia-materna\/#primaryimage"},"thumbnailUrl":"http:\/\/www.rpp.com.pe\/pict.php?g=-1&amp;p=\/picnewsa\/925879.jpg","datePublished":"2014-08-26T20:25:02+00:00","author":{"@id":"https:\/\/aeronoticias.com.pe\/noticiero\/#\/schema\/person\/fc1e5d578f4b62ba1cf7ac2bba1170a0"},"description":"Portal de noticias del Per\u00fa sobre el transporte a\u00e9reo, aviaci\u00f3n, turismo, hoteleria, actualidad.","breadcrumb":{"@id":"https:\/\/aeronoticias.com.pe\/noticiero\/nacionales\/nadine-heredia-encabeza-lanzamiento-de-la-semana-de-la-lactancia-materna\/#breadcrumb"},"inLanguage":"es","potentialAction":[{"@type":"ReadAction","target":["https:\/\/aeronoticias.com.pe\/noticiero\/nacionales\/nadine-heredia-encabeza-lanzamiento-de-la-semana-de-la-lactancia-materna\/"]}]},{"@type":"ImageObject","inLanguage":"es","@id":"https:\/\/aeronoticias.com.pe\/noticiero\/nacionales\/nadine-heredia-encabeza-lanzamiento-de-la-semana-de-la-lactancia-materna\/#primaryimage","url":"http:\/\/www.rpp.com.pe\/pict.php?g=-1&amp;p=\/picnewsa\/925879.jpg","contentUrl":"http:\/\/www.rpp.com.pe\/pict.php?g=-1&amp;p=\/picnewsa\/925879.jpg"},{"@type":"BreadcrumbList","@id":"https:\/\/aeronoticias.com.pe\/noticiero\/nacionales\/nadine-heredia-encabeza-lanzamiento-de-la-semana-de-la-lactancia-materna\/#breadcrumb","itemListElement":[{"@type":"ListItem","position":1,"name":"Portada","item":"https:\/\/aeronoticias.com.pe\/noticiero\/"},{"@type":"ListItem","position":2,"name":"Nadine Heredia encabeza lanzamiento de la Semana de la Lactancia Materna"}]},{"@type":"WebSite","@id":"https:\/\/aeronoticias.com.pe\/noticiero\/#website","url":"https:\/\/aeronoticias.com.pe\/noticiero\/","name":"Aeronoticias.com.pe","description":"Noticias de tranporte aereo, turismo, hoteles, gastronomia, actualidad, internacional","potentialAction":[{"@type":"SearchAction","target":{"@type":"EntryPoint","urlTemplate":"https:\/\/aeronoticias.com.pe\/noticiero\/?s={search_term_string}"},"query-input":{"@type":"PropertyValueSpecification","valueRequired":true,"valueName":"search_term_string"}}],"inLanguage":"es"},{"@type":"Person","@id":"https:\/\/aeronoticias.com.pe\/noticiero\/#\/schema\/person\/fc1e5d578f4b62ba1cf7ac2bba1170a0","name":"Redacci\u00f3n Aeronoticias","url":"https:\/\/aeronoticias.com.pe\/noticiero\/author\/piloto\/"}]}},"_links":{"self":[{"href":"https:\/\/aeronoticias.com.pe\/noticiero\/wp-json\/wp\/v2\/posts\/48527","targetHints":{"allow":["GET"]}}],"collection":[{"href":"https:\/\/aeronoticias.com.pe\/noticiero\/wp-json\/wp\/v2\/posts"}],"about":[{"href":"https:\/\/aeronoticias.com.pe\/noticiero\/wp-json\/wp\/v2\/types\/post"}],"author":[{"embeddable":true,"href":"https:\/\/aeronoticias.com.pe\/noticiero\/wp-json\/wp\/v2\/users\/1"}],"replies":[{"embeddable":true,"href":"https:\/\/aeronoticias.com.pe\/noticiero\/wp-json\/wp\/v2\/comments?post=48527"}],"version-history":[{"count":0,"href":"https:\/\/aeronoticias.com.pe\/noticiero\/wp-json\/wp\/v2\/posts\/48527\/revisions"}],"wp:attachment":[{"href":"https:\/\/aeronoticias.com.pe\/noticiero\/wp-json\/wp\/v2\/media?parent=48527"}],"wp:term":[{"taxonomy":"category","embeddable":true,"href":"https:\/\/aeronoticias.com.pe\/noticiero\/wp-json\/wp\/v2\/categories?post=48527"},{"taxonomy":"post_tag","embeddable":true,"href":"https:\/\/aeronoticias.com.pe\/noticiero\/wp-json\/wp\/v2\/tags?post=48527"}],"curies":[{"name":"wp","href":"https:\/\/api.w.org\/{rel}","templated":true}]}}