{"id":48534,"date":"2014-08-27T12:55:00","date_gmt":"2014-08-27T12:55:00","guid":{"rendered":"http:\/\/desarrollo.mcvicious.com\/aero2020\/2014\/08\/27\/brasil-se-acorta-la-distancia-entre-silva-y-rousseff\/"},"modified":"2014-08-27T12:55:00","modified_gmt":"2014-08-27T12:55:00","slug":"brasil-se-acorta-la-distancia-entre-silva-y-rousseff","status":"publish","type":"post","link":"https:\/\/aeronoticias.com.pe\/noticiero\/mundo\/mundo-mundo-2\/brasil-se-acorta-la-distancia-entre-silva-y-rousseff\/","title":{"rendered":"Brasil: Se acorta la distancia entre Silva y Rousseff"},"content":{"rendered":"<p style=\"text-align: justify;\"><strong>(Aeronoticias)<\/strong>.-\u00a0La candidata socialista Marina Silva ha recortado la distancia que la separa de la presidenta Dilma Rousseff para la carrera presidencial en Brasil, seg\u00fan una encuesta publicada hoy, lo que abrir\u00eda el camino a una segunda vuelta y donde la ambientalista aparece en buena posici\u00f3n para ganar.<\/p>\n<p style=\"text-align: justify;\">Silva, quien entr\u00f3 a la carrera por la presidencia la semana pasada tras la muerte del candidato que encabezaba su lista, tiene el 29% de apoyo para los comicios del 5 octubre, seg\u00fan el sondeo del instituto de estudios de opini\u00f3n Ibope.<\/p>\n<p style=\"text-align: justify;\">La encuesta mostr\u00f3 una baja en la intenci\u00f3n de voto para Rousseff a un 34% desde un 38%; mientras que el otro candidato opositor, Aecio Neves, cay\u00f3 a un 19% desde un 23%.<\/p>\n<p style=\"text-align: justify;\">Fuente: <span style=\"text-decoration: underline;\"><em><strong>El Comercio<\/strong><\/em><\/span>.<\/p>\n<p style=\"text-align: justify;\"><img decoding=\"async\" src=\"http:\/\/cde.3.elcomercio.pe\/ima\/0\/0\/9\/4\/6\/946896\/base_image.jpg\" border=\"0\" alt=\"Brasil: Se acorta la distancia entre Silva y Rousseff\" \/><\/p>\n","protected":false},"excerpt":{"rendered":"<p>(Aeronoticias).-\u00a0La candidata socialista Marina Silva ha recortado la distancia que la separa de la presidenta Dilma Rousseff para la carrera presidencial en Brasil, seg\u00fan una encuesta publicada hoy, lo que abrir\u00eda el camino a una segunda vuelta y donde la ambientalista aparece en buena posici\u00f3n para ganar. Silva, quien entr\u00f3 a la carrera por la [&hellip;]<\/p>\n","protected":false},"author":1,"featured_media":0,"comment_status":"open","ping_status":"open","sticky":false,"template":"","format":"standard","meta":{"tdm_status":"","tdm_grid_status":"","footnotes":""},"categories":[65],"tags":[],"class_list":{"0":"post-48534","1":"post","2":"type-post","3":"status-publish","4":"format-standard","6":"category-mundo-mundo-2"},"yoast_head":"<!-- This site is optimized with the Yoast SEO plugin v25.1 - https:\/\/yoast.com\/wordpress\/plugins\/seo\/ -->\n<title>Brasil: Se acorta la distancia entre Silva y Rousseff<\/title>\n<meta name=\"description\" content=\"Portal de noticias del Per\u00fa sobre el transporte a\u00e9reo, aviaci\u00f3n, turismo, hoteleria, actualidad.\" \/>\n<meta name=\"robots\" content=\"index, follow, max-snippet:-1, max-image-preview:large, max-video-preview:-1\" \/>\n<link rel=\"canonical\" href=\"https:\/\/aeronoticias.com.pe\/noticiero\/mundo\/mundo-mundo-2\/brasil-se-acorta-la-distancia-entre-silva-y-rousseff\/\" \/>\n<meta property=\"og:locale\" content=\"es_ES\" \/>\n<meta property=\"og:type\" content=\"article\" \/>\n<meta property=\"og:title\" content=\"Brasil: Se acorta la distancia entre Silva y Rousseff\" \/>\n<meta property=\"og:description\" content=\"Portal de noticias del Per\u00fa sobre el transporte a\u00e9reo, aviaci\u00f3n, turismo, hoteleria, actualidad.\" \/>\n<meta property=\"og:url\" content=\"https:\/\/aeronoticias.com.pe\/noticiero\/mundo\/mundo-mundo-2\/brasil-se-acorta-la-distancia-entre-silva-y-rousseff\/\" \/>\n<meta property=\"og:site_name\" content=\"Aeronoticias.com.pe\" \/>\n<meta property=\"article:publisher\" content=\"https:\/\/www.facebook.com\/Aeronoticias.com.pe\/\" \/>\n<meta property=\"article:published_time\" content=\"2014-08-27T12:55:00+00:00\" \/>\n<meta property=\"og:image\" content=\"http:\/\/cde.3.elcomercio.pe\/ima\/0\/0\/9\/4\/6\/946896\/base_image.jpg\" \/>\n<meta name=\"author\" content=\"Redacci\u00f3n Aeronoticias\" \/>\n<meta name=\"twitter:card\" content=\"summary_large_image\" \/>\n<meta name=\"twitter:creator\" content=\"@aeronoticias\" \/>\n<meta name=\"twitter:site\" content=\"@aeronoticias\" \/>\n<meta name=\"twitter:label1\" content=\"Escrito por\" \/>\n\t<meta name=\"twitter:data1\" content=\"Redacci\u00f3n Aeronoticias\" \/>\n\t<meta name=\"twitter:label2\" content=\"Tiempo de lectura\" \/>\n\t<meta name=\"twitter:data2\" content=\"1 minuto\" \/>\n<script type=\"application\/ld+json\" class=\"yoast-schema-graph\">{\"@context\":\"https:\/\/schema.org\",\"@graph\":[{\"@type\":\"WebPage\",\"@id\":\"https:\/\/aeronoticias.com.pe\/noticiero\/mundo\/mundo-mundo-2\/brasil-se-acorta-la-distancia-entre-silva-y-rousseff\/\",\"url\":\"https:\/\/aeronoticias.com.pe\/noticiero\/mundo\/mundo-mundo-2\/brasil-se-acorta-la-distancia-entre-silva-y-rousseff\/\",\"name\":\"Brasil: Se acorta la distancia entre Silva y Rousseff\",\"isPartOf\":{\"@id\":\"https:\/\/aeronoticias.com.pe\/noticiero\/#website\"},\"primaryImageOfPage\":{\"@id\":\"https:\/\/aeronoticias.com.pe\/noticiero\/mundo\/mundo-mundo-2\/brasil-se-acorta-la-distancia-entre-silva-y-rousseff\/#primaryimage\"},\"image\":{\"@id\":\"https:\/\/aeronoticias.com.pe\/noticiero\/mundo\/mundo-mundo-2\/brasil-se-acorta-la-distancia-entre-silva-y-rousseff\/#primaryimage\"},\"thumbnailUrl\":\"http:\/\/cde.3.elcomercio.pe\/ima\/0\/0\/9\/4\/6\/946896\/base_image.jpg\",\"datePublished\":\"2014-08-27T12:55:00+00:00\",\"author\":{\"@id\":\"https:\/\/aeronoticias.com.pe\/noticiero\/#\/schema\/person\/fc1e5d578f4b62ba1cf7ac2bba1170a0\"},\"description\":\"Portal de noticias del Per\u00fa sobre el transporte a\u00e9reo, aviaci\u00f3n, turismo, hoteleria, actualidad.\",\"breadcrumb\":{\"@id\":\"https:\/\/aeronoticias.com.pe\/noticiero\/mundo\/mundo-mundo-2\/brasil-se-acorta-la-distancia-entre-silva-y-rousseff\/#breadcrumb\"},\"inLanguage\":\"es\",\"potentialAction\":[{\"@type\":\"ReadAction\",\"target\":[\"https:\/\/aeronoticias.com.pe\/noticiero\/mundo\/mundo-mundo-2\/brasil-se-acorta-la-distancia-entre-silva-y-rousseff\/\"]}]},{\"@type\":\"ImageObject\",\"inLanguage\":\"es\",\"@id\":\"https:\/\/aeronoticias.com.pe\/noticiero\/mundo\/mundo-mundo-2\/brasil-se-acorta-la-distancia-entre-silva-y-rousseff\/#primaryimage\",\"url\":\"http:\/\/cde.3.elcomercio.pe\/ima\/0\/0\/9\/4\/6\/946896\/base_image.jpg\",\"contentUrl\":\"http:\/\/cde.3.elcomercio.pe\/ima\/0\/0\/9\/4\/6\/946896\/base_image.jpg\"},{\"@type\":\"BreadcrumbList\",\"@id\":\"https:\/\/aeronoticias.com.pe\/noticiero\/mundo\/mundo-mundo-2\/brasil-se-acorta-la-distancia-entre-silva-y-rousseff\/#breadcrumb\",\"itemListElement\":[{\"@type\":\"ListItem\",\"position\":1,\"name\":\"Portada\",\"item\":\"https:\/\/aeronoticias.com.pe\/noticiero\/\"},{\"@type\":\"ListItem\",\"position\":2,\"name\":\"Brasil: Se acorta la distancia entre Silva y Rousseff\"}]},{\"@type\":\"WebSite\",\"@id\":\"https:\/\/aeronoticias.com.pe\/noticiero\/#website\",\"url\":\"https:\/\/aeronoticias.com.pe\/noticiero\/\",\"name\":\"Aeronoticias.com.pe\",\"description\":\"Noticias de tranporte aereo, turismo, hoteles, gastronomia, actualidad, internacional\",\"potentialAction\":[{\"@type\":\"SearchAction\",\"target\":{\"@type\":\"EntryPoint\",\"urlTemplate\":\"https:\/\/aeronoticias.com.pe\/noticiero\/?s={search_term_string}\"},\"query-input\":{\"@type\":\"PropertyValueSpecification\",\"valueRequired\":true,\"valueName\":\"search_term_string\"}}],\"inLanguage\":\"es\"},{\"@type\":\"Person\",\"@id\":\"https:\/\/aeronoticias.com.pe\/noticiero\/#\/schema\/person\/fc1e5d578f4b62ba1cf7ac2bba1170a0\",\"name\":\"Redacci\u00f3n Aeronoticias\",\"url\":\"https:\/\/aeronoticias.com.pe\/noticiero\/author\/piloto\/\"}]}<\/script>\n<!-- \/ Yoast SEO plugin. -->","yoast_head_json":{"title":"Brasil: Se acorta la distancia entre Silva y Rousseff","description":"Portal de noticias del Per\u00fa sobre el transporte a\u00e9reo, aviaci\u00f3n, turismo, hoteleria, actualidad.","robots":{"index":"index","follow":"follow","max-snippet":"max-snippet:-1","max-image-preview":"max-image-preview:large","max-video-preview":"max-video-preview:-1"},"canonical":"https:\/\/aeronoticias.com.pe\/noticiero\/mundo\/mundo-mundo-2\/brasil-se-acorta-la-distancia-entre-silva-y-rousseff\/","og_locale":"es_ES","og_type":"article","og_title":"Brasil: Se acorta la distancia entre Silva y Rousseff","og_description":"Portal de noticias del Per\u00fa sobre el transporte a\u00e9reo, aviaci\u00f3n, turismo, hoteleria, actualidad.","og_url":"https:\/\/aeronoticias.com.pe\/noticiero\/mundo\/mundo-mundo-2\/brasil-se-acorta-la-distancia-entre-silva-y-rousseff\/","og_site_name":"Aeronoticias.com.pe","article_publisher":"https:\/\/www.facebook.com\/Aeronoticias.com.pe\/","article_published_time":"2014-08-27T12:55:00+00:00","og_image":[{"url":"http:\/\/cde.3.elcomercio.pe\/ima\/0\/0\/9\/4\/6\/946896\/base_image.jpg","type":"","width":"","height":""}],"author":"Redacci\u00f3n Aeronoticias","twitter_card":"summary_large_image","twitter_creator":"@aeronoticias","twitter_site":"@aeronoticias","twitter_misc":{"Escrito por":"Redacci\u00f3n Aeronoticias","Tiempo de lectura":"1 minuto"},"schema":{"@context":"https:\/\/schema.org","@graph":[{"@type":"WebPage","@id":"https:\/\/aeronoticias.com.pe\/noticiero\/mundo\/mundo-mundo-2\/brasil-se-acorta-la-distancia-entre-silva-y-rousseff\/","url":"https:\/\/aeronoticias.com.pe\/noticiero\/mundo\/mundo-mundo-2\/brasil-se-acorta-la-distancia-entre-silva-y-rousseff\/","name":"Brasil: Se acorta la distancia entre Silva y Rousseff","isPartOf":{"@id":"https:\/\/aeronoticias.com.pe\/noticiero\/#website"},"primaryImageOfPage":{"@id":"https:\/\/aeronoticias.com.pe\/noticiero\/mundo\/mundo-mundo-2\/brasil-se-acorta-la-distancia-entre-silva-y-rousseff\/#primaryimage"},"image":{"@id":"https:\/\/aeronoticias.com.pe\/noticiero\/mundo\/mundo-mundo-2\/brasil-se-acorta-la-distancia-entre-silva-y-rousseff\/#primaryimage"},"thumbnailUrl":"http:\/\/cde.3.elcomercio.pe\/ima\/0\/0\/9\/4\/6\/946896\/base_image.jpg","datePublished":"2014-08-27T12:55:00+00:00","author":{"@id":"https:\/\/aeronoticias.com.pe\/noticiero\/#\/schema\/person\/fc1e5d578f4b62ba1cf7ac2bba1170a0"},"description":"Portal de noticias del Per\u00fa sobre el transporte a\u00e9reo, aviaci\u00f3n, turismo, hoteleria, actualidad.","breadcrumb":{"@id":"https:\/\/aeronoticias.com.pe\/noticiero\/mundo\/mundo-mundo-2\/brasil-se-acorta-la-distancia-entre-silva-y-rousseff\/#breadcrumb"},"inLanguage":"es","potentialAction":[{"@type":"ReadAction","target":["https:\/\/aeronoticias.com.pe\/noticiero\/mundo\/mundo-mundo-2\/brasil-se-acorta-la-distancia-entre-silva-y-rousseff\/"]}]},{"@type":"ImageObject","inLanguage":"es","@id":"https:\/\/aeronoticias.com.pe\/noticiero\/mundo\/mundo-mundo-2\/brasil-se-acorta-la-distancia-entre-silva-y-rousseff\/#primaryimage","url":"http:\/\/cde.3.elcomercio.pe\/ima\/0\/0\/9\/4\/6\/946896\/base_image.jpg","contentUrl":"http:\/\/cde.3.elcomercio.pe\/ima\/0\/0\/9\/4\/6\/946896\/base_image.jpg"},{"@type":"BreadcrumbList","@id":"https:\/\/aeronoticias.com.pe\/noticiero\/mundo\/mundo-mundo-2\/brasil-se-acorta-la-distancia-entre-silva-y-rousseff\/#breadcrumb","itemListElement":[{"@type":"ListItem","position":1,"name":"Portada","item":"https:\/\/aeronoticias.com.pe\/noticiero\/"},{"@type":"ListItem","position":2,"name":"Brasil: Se acorta la distancia entre Silva y Rousseff"}]},{"@type":"WebSite","@id":"https:\/\/aeronoticias.com.pe\/noticiero\/#website","url":"https:\/\/aeronoticias.com.pe\/noticiero\/","name":"Aeronoticias.com.pe","description":"Noticias de tranporte aereo, turismo, hoteles, gastronomia, actualidad, internacional","potentialAction":[{"@type":"SearchAction","target":{"@type":"EntryPoint","urlTemplate":"https:\/\/aeronoticias.com.pe\/noticiero\/?s={search_term_string}"},"query-input":{"@type":"PropertyValueSpecification","valueRequired":true,"valueName":"search_term_string"}}],"inLanguage":"es"},{"@type":"Person","@id":"https:\/\/aeronoticias.com.pe\/noticiero\/#\/schema\/person\/fc1e5d578f4b62ba1cf7ac2bba1170a0","name":"Redacci\u00f3n Aeronoticias","url":"https:\/\/aeronoticias.com.pe\/noticiero\/author\/piloto\/"}]}},"_links":{"self":[{"href":"https:\/\/aeronoticias.com.pe\/noticiero\/wp-json\/wp\/v2\/posts\/48534","targetHints":{"allow":["GET"]}}],"collection":[{"href":"https:\/\/aeronoticias.com.pe\/noticiero\/wp-json\/wp\/v2\/posts"}],"about":[{"href":"https:\/\/aeronoticias.com.pe\/noticiero\/wp-json\/wp\/v2\/types\/post"}],"author":[{"embeddable":true,"href":"https:\/\/aeronoticias.com.pe\/noticiero\/wp-json\/wp\/v2\/users\/1"}],"replies":[{"embeddable":true,"href":"https:\/\/aeronoticias.com.pe\/noticiero\/wp-json\/wp\/v2\/comments?post=48534"}],"version-history":[{"count":0,"href":"https:\/\/aeronoticias.com.pe\/noticiero\/wp-json\/wp\/v2\/posts\/48534\/revisions"}],"wp:attachment":[{"href":"https:\/\/aeronoticias.com.pe\/noticiero\/wp-json\/wp\/v2\/media?parent=48534"}],"wp:term":[{"taxonomy":"category","embeddable":true,"href":"https:\/\/aeronoticias.com.pe\/noticiero\/wp-json\/wp\/v2\/categories?post=48534"},{"taxonomy":"post_tag","embeddable":true,"href":"https:\/\/aeronoticias.com.pe\/noticiero\/wp-json\/wp\/v2\/tags?post=48534"}],"curies":[{"name":"wp","href":"https:\/\/api.w.org\/{rel}","templated":true}]}}