{"id":48654,"date":"2014-08-31T12:00:00","date_gmt":"2014-08-31T12:00:00","guid":{"rendered":"http:\/\/desarrollo.mcvicious.com\/aero2020\/2014\/08\/31\/cinco-paises-han-advertido-sobre-bombas-en-chile\/"},"modified":"2014-08-31T12:00:00","modified_gmt":"2014-08-31T12:00:00","slug":"cinco-paises-han-advertido-sobre-bombas-en-chile","status":"publish","type":"post","link":"https:\/\/aeronoticias.com.pe\/noticiero\/internacionales\/cinco-paises-han-advertido-sobre-bombas-en-chile\/","title":{"rendered":"Cinco pa\u00edses han advertido sobre bombas en Chile"},"content":{"rendered":"<p style=\"text-align: justify;\"><img decoding=\"async\" src=\"images\/stories\/14\/08\/310814\/a1.jpg\" border=\"0\" \/><\/p>\n<p style=\"text-align: justify;\"><strong>(Aeronoticias).- El gobierno de Michelle Bachelet reconoci\u00f3 preocupaci\u00f3n y detall\u00f3 las medidas que se han adoptado al respecto.<\/strong><\/p>\n<p style=\"text-align: justify;\">\u00a0<\/p>\n<p>  <!--more-->  <\/p>\n<p style=\"text-align: justify;\">El ministro del Interior, Rodrigo Pe\u00f1ailillo, reconoci\u00f3 este viernes que existe preocupaci\u00f3n en el Gobierno por el da\u00f1o a la imagen del pa\u00eds que podr\u00eda traer las advertencias que EE.UU., Reino Unido, Australia, B\u00e9lgica y Canad\u00e1 est\u00e1n realizando a sus ciudadanos por el peligro que existe ante la colocaci\u00f3n de bombas en Chile.<\/p>\n<p>\u00a0<\/p>\n<p style=\"text-align: justify;\">Tras ser consultado al respecto, el jefe de gabinete dijo que \u00abpor supuesto, pero por eso estamos trabajando y por eso que nosotros necesitamos que tanto el Ministerio P\u00fablico y las polic\u00edas tengan todas las condiciones para tener resultados lo antes posible\u00bb.<\/p>\n<p style=\"text-align: justify;\">En ese sentido, Pe\u00f1ailillo asever\u00f3 que el Ejecutivo ha asumido la gravedad del tema y que por ello \u00abhemos dispuesto equipos especializados a trabajar como nunca antes para encontrar quienes son estas personas que est\u00e1n detr\u00e1s de estos artefactos explosivos y el Ministerio P\u00fablico ha dispuesto de un equipo especial de 24 horas para investigar\u00bb.<\/p>\n<p style=\"text-align: justify;\">\u00abNosotros como Gobierno vamos a disponer de todos los recursos que nos pide el Ministerio P\u00fablico y todas las condiciones que nos soliciten los polic\u00edas para que lo antes posible estas personas est\u00e9n donde corresponde, que es la c\u00e1rcel, y por muchos a\u00f1os\u00bb, agreg\u00f3.<\/p>\n<p style=\"text-align: justify;\">Por ello, el secretario de Estado indic\u00f3 que \u00abpor lo tanto, quiero dar la tranquilidad a todos los ciudadanos y a quienes nos visitan de que Carabineros de Chile y la PDI en todos los planes preventivos y en todos los esfuerzos que se hacen d\u00eda a d\u00eda tiene este tema como eje central de preocupaci\u00f3n\u00bb.<\/p>\n<p style=\"text-align: justify;\">\u00abLas personas pueden estar tranquilas de que aqu\u00ed hay un esfuerzo colectivo del Gobierno y los polic\u00edas\u00bb, indic\u00f3.<\/p>\n<p style=\"text-align: justify;\">En ese contexto, el titular de Interior recalc\u00f3 que \u00abChile es un pa\u00eds que se puede visitar con tranquilidad, un pa\u00eds en que de verdad el esfuerzo que se est\u00e1 haciendo en materia de seguridad es amplio. Chile es un pa\u00eds que al mismo tiempo va a tener 7.500 funcionarios m\u00e1s en Carabineros e Investigaciones, un pa\u00eds que tiene las tasas m\u00e1s bajas de homicidios de la regi\u00f3n\u00bb.<\/p>\n<p style=\"text-align: justify;\">\u00abEs decir, mostramos resultados muy buenos en distintas materias, pero en este caso puntual, en el tema de las bombas, es un hecho inaceptable y muy grave que como Gobierno estamos adoptando todo lo que sea necesario para que la investigaci\u00f3n tenga todas las condiciones y lo antes posible sepamos quienes est\u00e1n detr\u00e1s\u00bb, concluy\u00f3.<\/p>\n<p style=\"text-align: justify;\">\u00a0<\/p>\n<p style=\"text-align: justify;\">Fuente: <strong><em>El Comercio<\/em><\/strong><\/p>\n<p style=\"text-align: justify;\">Foto: <strong><em>El Comercio<\/em><\/strong><\/p>\n","protected":false},"excerpt":{"rendered":"<p>(Aeronoticias).- El gobierno de Michelle Bachelet reconoci\u00f3 preocupaci\u00f3n y detall\u00f3 las medidas que se han adoptado al respecto. \u00a0<\/p>\n","protected":false},"author":1,"featured_media":0,"comment_status":"open","ping_status":"open","sticky":false,"template":"","format":"standard","meta":{"tdm_status":"","tdm_grid_status":"","footnotes":""},"categories":[34],"tags":[],"class_list":{"0":"post-48654","1":"post","2":"type-post","3":"status-publish","4":"format-standard","6":"category-internacionales"},"yoast_head":"<!-- This site is optimized with the Yoast SEO plugin v25.1 - https:\/\/yoast.com\/wordpress\/plugins\/seo\/ -->\n<title>Cinco pa\u00edses han advertido sobre bombas en Chile<\/title>\n<meta name=\"description\" content=\"Portal de noticias del Per\u00fa sobre el transporte a\u00e9reo, aviaci\u00f3n, turismo, hoteleria, actualidad.\" \/>\n<meta name=\"robots\" content=\"index, follow, max-snippet:-1, max-image-preview:large, max-video-preview:-1\" \/>\n<link rel=\"canonical\" href=\"https:\/\/aeronoticias.com.pe\/noticiero\/internacionales\/cinco-paises-han-advertido-sobre-bombas-en-chile\/\" \/>\n<meta property=\"og:locale\" content=\"es_ES\" \/>\n<meta property=\"og:type\" content=\"article\" \/>\n<meta property=\"og:title\" content=\"Cinco pa\u00edses han advertido sobre bombas en Chile\" \/>\n<meta property=\"og:description\" content=\"Portal de noticias del Per\u00fa sobre el transporte a\u00e9reo, aviaci\u00f3n, turismo, hoteleria, actualidad.\" \/>\n<meta property=\"og:url\" content=\"https:\/\/aeronoticias.com.pe\/noticiero\/internacionales\/cinco-paises-han-advertido-sobre-bombas-en-chile\/\" \/>\n<meta property=\"og:site_name\" content=\"Aeronoticias.com.pe\" \/>\n<meta property=\"article:publisher\" content=\"https:\/\/www.facebook.com\/Aeronoticias.com.pe\/\" \/>\n<meta property=\"article:published_time\" content=\"2014-08-31T12:00:00+00:00\" \/>\n<meta name=\"author\" content=\"Redacci\u00f3n Aeronoticias\" \/>\n<meta name=\"twitter:card\" content=\"summary_large_image\" \/>\n<meta name=\"twitter:creator\" content=\"@aeronoticias\" \/>\n<meta name=\"twitter:site\" content=\"@aeronoticias\" \/>\n<meta name=\"twitter:label1\" content=\"Escrito por\" \/>\n\t<meta name=\"twitter:data1\" content=\"Redacci\u00f3n Aeronoticias\" \/>\n\t<meta name=\"twitter:label2\" content=\"Tiempo de lectura\" \/>\n\t<meta name=\"twitter:data2\" content=\"2 minutos\" \/>\n<script type=\"application\/ld+json\" class=\"yoast-schema-graph\">{\"@context\":\"https:\/\/schema.org\",\"@graph\":[{\"@type\":\"WebPage\",\"@id\":\"https:\/\/aeronoticias.com.pe\/noticiero\/internacionales\/cinco-paises-han-advertido-sobre-bombas-en-chile\/\",\"url\":\"https:\/\/aeronoticias.com.pe\/noticiero\/internacionales\/cinco-paises-han-advertido-sobre-bombas-en-chile\/\",\"name\":\"Cinco pa\u00edses han advertido sobre bombas en Chile\",\"isPartOf\":{\"@id\":\"https:\/\/aeronoticias.com.pe\/noticiero\/#website\"},\"datePublished\":\"2014-08-31T12:00:00+00:00\",\"author\":{\"@id\":\"https:\/\/aeronoticias.com.pe\/noticiero\/#\/schema\/person\/fc1e5d578f4b62ba1cf7ac2bba1170a0\"},\"description\":\"Portal de noticias del Per\u00fa sobre el transporte a\u00e9reo, aviaci\u00f3n, turismo, hoteleria, actualidad.\",\"breadcrumb\":{\"@id\":\"https:\/\/aeronoticias.com.pe\/noticiero\/internacionales\/cinco-paises-han-advertido-sobre-bombas-en-chile\/#breadcrumb\"},\"inLanguage\":\"es\",\"potentialAction\":[{\"@type\":\"ReadAction\",\"target\":[\"https:\/\/aeronoticias.com.pe\/noticiero\/internacionales\/cinco-paises-han-advertido-sobre-bombas-en-chile\/\"]}]},{\"@type\":\"BreadcrumbList\",\"@id\":\"https:\/\/aeronoticias.com.pe\/noticiero\/internacionales\/cinco-paises-han-advertido-sobre-bombas-en-chile\/#breadcrumb\",\"itemListElement\":[{\"@type\":\"ListItem\",\"position\":1,\"name\":\"Portada\",\"item\":\"https:\/\/aeronoticias.com.pe\/noticiero\/\"},{\"@type\":\"ListItem\",\"position\":2,\"name\":\"Cinco pa\u00edses han advertido sobre bombas en Chile\"}]},{\"@type\":\"WebSite\",\"@id\":\"https:\/\/aeronoticias.com.pe\/noticiero\/#website\",\"url\":\"https:\/\/aeronoticias.com.pe\/noticiero\/\",\"name\":\"Aeronoticias.com.pe\",\"description\":\"Noticias de tranporte aereo, turismo, hoteles, gastronomia, actualidad, internacional\",\"potentialAction\":[{\"@type\":\"SearchAction\",\"target\":{\"@type\":\"EntryPoint\",\"urlTemplate\":\"https:\/\/aeronoticias.com.pe\/noticiero\/?s={search_term_string}\"},\"query-input\":{\"@type\":\"PropertyValueSpecification\",\"valueRequired\":true,\"valueName\":\"search_term_string\"}}],\"inLanguage\":\"es\"},{\"@type\":\"Person\",\"@id\":\"https:\/\/aeronoticias.com.pe\/noticiero\/#\/schema\/person\/fc1e5d578f4b62ba1cf7ac2bba1170a0\",\"name\":\"Redacci\u00f3n Aeronoticias\",\"url\":\"https:\/\/aeronoticias.com.pe\/noticiero\/author\/piloto\/\"}]}<\/script>\n<!-- \/ Yoast SEO plugin. -->","yoast_head_json":{"title":"Cinco pa\u00edses han advertido sobre bombas en Chile","description":"Portal de noticias del Per\u00fa sobre el transporte a\u00e9reo, aviaci\u00f3n, turismo, hoteleria, actualidad.","robots":{"index":"index","follow":"follow","max-snippet":"max-snippet:-1","max-image-preview":"max-image-preview:large","max-video-preview":"max-video-preview:-1"},"canonical":"https:\/\/aeronoticias.com.pe\/noticiero\/internacionales\/cinco-paises-han-advertido-sobre-bombas-en-chile\/","og_locale":"es_ES","og_type":"article","og_title":"Cinco pa\u00edses han advertido sobre bombas en Chile","og_description":"Portal de noticias del Per\u00fa sobre el transporte a\u00e9reo, aviaci\u00f3n, turismo, hoteleria, actualidad.","og_url":"https:\/\/aeronoticias.com.pe\/noticiero\/internacionales\/cinco-paises-han-advertido-sobre-bombas-en-chile\/","og_site_name":"Aeronoticias.com.pe","article_publisher":"https:\/\/www.facebook.com\/Aeronoticias.com.pe\/","article_published_time":"2014-08-31T12:00:00+00:00","author":"Redacci\u00f3n Aeronoticias","twitter_card":"summary_large_image","twitter_creator":"@aeronoticias","twitter_site":"@aeronoticias","twitter_misc":{"Escrito por":"Redacci\u00f3n Aeronoticias","Tiempo de lectura":"2 minutos"},"schema":{"@context":"https:\/\/schema.org","@graph":[{"@type":"WebPage","@id":"https:\/\/aeronoticias.com.pe\/noticiero\/internacionales\/cinco-paises-han-advertido-sobre-bombas-en-chile\/","url":"https:\/\/aeronoticias.com.pe\/noticiero\/internacionales\/cinco-paises-han-advertido-sobre-bombas-en-chile\/","name":"Cinco pa\u00edses han advertido sobre bombas en Chile","isPartOf":{"@id":"https:\/\/aeronoticias.com.pe\/noticiero\/#website"},"datePublished":"2014-08-31T12:00:00+00:00","author":{"@id":"https:\/\/aeronoticias.com.pe\/noticiero\/#\/schema\/person\/fc1e5d578f4b62ba1cf7ac2bba1170a0"},"description":"Portal de noticias del Per\u00fa sobre el transporte a\u00e9reo, aviaci\u00f3n, turismo, hoteleria, actualidad.","breadcrumb":{"@id":"https:\/\/aeronoticias.com.pe\/noticiero\/internacionales\/cinco-paises-han-advertido-sobre-bombas-en-chile\/#breadcrumb"},"inLanguage":"es","potentialAction":[{"@type":"ReadAction","target":["https:\/\/aeronoticias.com.pe\/noticiero\/internacionales\/cinco-paises-han-advertido-sobre-bombas-en-chile\/"]}]},{"@type":"BreadcrumbList","@id":"https:\/\/aeronoticias.com.pe\/noticiero\/internacionales\/cinco-paises-han-advertido-sobre-bombas-en-chile\/#breadcrumb","itemListElement":[{"@type":"ListItem","position":1,"name":"Portada","item":"https:\/\/aeronoticias.com.pe\/noticiero\/"},{"@type":"ListItem","position":2,"name":"Cinco pa\u00edses han advertido sobre bombas en Chile"}]},{"@type":"WebSite","@id":"https:\/\/aeronoticias.com.pe\/noticiero\/#website","url":"https:\/\/aeronoticias.com.pe\/noticiero\/","name":"Aeronoticias.com.pe","description":"Noticias de tranporte aereo, turismo, hoteles, gastronomia, actualidad, internacional","potentialAction":[{"@type":"SearchAction","target":{"@type":"EntryPoint","urlTemplate":"https:\/\/aeronoticias.com.pe\/noticiero\/?s={search_term_string}"},"query-input":{"@type":"PropertyValueSpecification","valueRequired":true,"valueName":"search_term_string"}}],"inLanguage":"es"},{"@type":"Person","@id":"https:\/\/aeronoticias.com.pe\/noticiero\/#\/schema\/person\/fc1e5d578f4b62ba1cf7ac2bba1170a0","name":"Redacci\u00f3n Aeronoticias","url":"https:\/\/aeronoticias.com.pe\/noticiero\/author\/piloto\/"}]}},"_links":{"self":[{"href":"https:\/\/aeronoticias.com.pe\/noticiero\/wp-json\/wp\/v2\/posts\/48654","targetHints":{"allow":["GET"]}}],"collection":[{"href":"https:\/\/aeronoticias.com.pe\/noticiero\/wp-json\/wp\/v2\/posts"}],"about":[{"href":"https:\/\/aeronoticias.com.pe\/noticiero\/wp-json\/wp\/v2\/types\/post"}],"author":[{"embeddable":true,"href":"https:\/\/aeronoticias.com.pe\/noticiero\/wp-json\/wp\/v2\/users\/1"}],"replies":[{"embeddable":true,"href":"https:\/\/aeronoticias.com.pe\/noticiero\/wp-json\/wp\/v2\/comments?post=48654"}],"version-history":[{"count":0,"href":"https:\/\/aeronoticias.com.pe\/noticiero\/wp-json\/wp\/v2\/posts\/48654\/revisions"}],"wp:attachment":[{"href":"https:\/\/aeronoticias.com.pe\/noticiero\/wp-json\/wp\/v2\/media?parent=48654"}],"wp:term":[{"taxonomy":"category","embeddable":true,"href":"https:\/\/aeronoticias.com.pe\/noticiero\/wp-json\/wp\/v2\/categories?post=48654"},{"taxonomy":"post_tag","embeddable":true,"href":"https:\/\/aeronoticias.com.pe\/noticiero\/wp-json\/wp\/v2\/tags?post=48654"}],"curies":[{"name":"wp","href":"https:\/\/api.w.org\/{rel}","templated":true}]}}