{"id":48698,"date":"2014-09-01T16:07:47","date_gmt":"2014-09-01T16:07:47","guid":{"rendered":"http:\/\/desarrollo.mcvicious.com\/aero2020\/2014\/09\/01\/onu-mas-de-2-mil-mujeres-y-ninos-secuestrados-por-yihadistas-en-irak\/"},"modified":"2014-09-01T16:07:47","modified_gmt":"2014-09-01T16:07:47","slug":"onu-mas-de-2-mil-mujeres-y-ninos-secuestrados-por-yihadistas-en-irak","status":"publish","type":"post","link":"https:\/\/aeronoticias.com.pe\/noticiero\/internacionales\/onu-mas-de-2-mil-mujeres-y-ninos-secuestrados-por-yihadistas-en-irak\/","title":{"rendered":"ONU: M\u00e1s de 2 mil mujeres y ni\u00f1os secuestrados por yihadistas en Irak"},"content":{"rendered":"<p style=\"text-align: justify;\"><strong>(Aeronoticias)<\/strong>.- L<span style=\"line-height: 1.3em;\">os yihadistas del Estado Isl\u00e1mico (EI) mantienen secuestrados a m\u00e1s de <\/span><span style=\"line-height: 1.3em;\">2 mil mujeres y ni\u00f1os en distintos lugares de Irak, seg\u00fan informaciones recogidas por la Misi\u00f3n de Naciones Unidas en este pa\u00eds, que cree que la cifra real puede ser \u00abmucho mayor\u00bb.<\/span><\/p>\n<p style=\"text-align: justify;\">\u00abMujeres secuestradas pudieron contactar a la Misi\u00f3n e informaron que EI les ha quitado a sus hijos y que las mujeres son entregadas a los combatientes, vendidas o esclavizadas por negarse a convertirse (al islam)\u00bb, se\u00f1al\u00f3\u00a0<span style=\"line-height: 1.3em;\">Chaloka Beyani,<\/span><span style=\"line-height: 1.3em;\"> coordinador de los expertos y grupos de trabajo de derechos humanos de la ONU.<\/span><\/p>\n<p style=\"text-align: justify;\">En<span style=\"line-height: 1.3em;\"> una sesi\u00f3n de emergencia del Consejo de Derechos Humanos de la ONU sobre Irak, tambi\u00e9n se denunci\u00f3 el reclutamiento forzado de ni\u00f1os por parte del grupo extremista, que los env\u00eda al frente de combate para que sirvan de escudos de los combatientes adultos.<\/span><\/p>\n<p style=\"text-align: justify;\"><span style=\"line-height: 1.3em;\">Fuente: <strong><em><span style=\"text-decoration: underline;\">RPP<\/span><\/em><\/strong>.<\/span><\/p>\n<p style=\"text-align: justify;\"><img decoding=\"async\" src=\"http:\/\/www.rpp.com.pe\/pict.php?g=-1&amp;p=\/picnewsa\/1430137.jpg\" border=\"0\" alt=\"ONU: M\u00e1s de 2.000 mujeres y ni\u00f1os secuestrados por yihadistas en Irak\" \/><\/p>\n","protected":false},"excerpt":{"rendered":"<p>(Aeronoticias).- Los yihadistas del Estado Isl\u00e1mico (EI) mantienen secuestrados a m\u00e1s de 2 mil mujeres y ni\u00f1os en distintos lugares de Irak, seg\u00fan informaciones recogidas por la Misi\u00f3n de Naciones Unidas en este pa\u00eds, que cree que la cifra real puede ser \u00abmucho mayor\u00bb. \u00abMujeres secuestradas pudieron contactar a la Misi\u00f3n e informaron que EI [&hellip;]<\/p>\n","protected":false},"author":1,"featured_media":0,"comment_status":"open","ping_status":"open","sticky":false,"template":"","format":"standard","meta":{"tdm_status":"","tdm_grid_status":"","footnotes":""},"categories":[34],"tags":[],"class_list":{"0":"post-48698","1":"post","2":"type-post","3":"status-publish","4":"format-standard","6":"category-internacionales"},"yoast_head":"<!-- This site is optimized with the Yoast SEO plugin v25.1 - https:\/\/yoast.com\/wordpress\/plugins\/seo\/ -->\n<title>ONU: M\u00e1s de 2 mil mujeres y ni\u00f1os secuestrados por yihadistas en Irak<\/title>\n<meta name=\"description\" content=\"Portal de noticias del Per\u00fa sobre el transporte a\u00e9reo, aviaci\u00f3n, turismo, hoteleria, actualidad.\" \/>\n<meta name=\"robots\" content=\"index, follow, max-snippet:-1, max-image-preview:large, max-video-preview:-1\" \/>\n<link rel=\"canonical\" href=\"https:\/\/aeronoticias.com.pe\/noticiero\/internacionales\/onu-mas-de-2-mil-mujeres-y-ninos-secuestrados-por-yihadistas-en-irak\/\" \/>\n<meta property=\"og:locale\" content=\"es_ES\" \/>\n<meta property=\"og:type\" content=\"article\" \/>\n<meta property=\"og:title\" content=\"ONU: M\u00e1s de 2 mil mujeres y ni\u00f1os secuestrados por yihadistas en Irak\" \/>\n<meta property=\"og:description\" content=\"Portal de noticias del Per\u00fa sobre el transporte a\u00e9reo, aviaci\u00f3n, turismo, hoteleria, actualidad.\" \/>\n<meta property=\"og:url\" content=\"https:\/\/aeronoticias.com.pe\/noticiero\/internacionales\/onu-mas-de-2-mil-mujeres-y-ninos-secuestrados-por-yihadistas-en-irak\/\" \/>\n<meta property=\"og:site_name\" content=\"Aeronoticias.com.pe\" \/>\n<meta property=\"article:publisher\" content=\"https:\/\/www.facebook.com\/Aeronoticias.com.pe\/\" \/>\n<meta property=\"article:published_time\" content=\"2014-09-01T16:07:47+00:00\" \/>\n<meta property=\"og:image\" content=\"http:\/\/www.rpp.com.pe\/pict.php?g=-1&amp;p=\/picnewsa\/1430137.jpg\" \/>\n<meta name=\"author\" content=\"Redacci\u00f3n Aeronoticias\" \/>\n<meta name=\"twitter:card\" content=\"summary_large_image\" \/>\n<meta name=\"twitter:creator\" content=\"@aeronoticias\" \/>\n<meta name=\"twitter:site\" content=\"@aeronoticias\" \/>\n<meta name=\"twitter:label1\" content=\"Escrito por\" \/>\n\t<meta name=\"twitter:data1\" content=\"Redacci\u00f3n Aeronoticias\" \/>\n\t<meta name=\"twitter:label2\" content=\"Tiempo de lectura\" \/>\n\t<meta name=\"twitter:data2\" content=\"1 minuto\" \/>\n<script type=\"application\/ld+json\" class=\"yoast-schema-graph\">{\"@context\":\"https:\/\/schema.org\",\"@graph\":[{\"@type\":\"WebPage\",\"@id\":\"https:\/\/aeronoticias.com.pe\/noticiero\/internacionales\/onu-mas-de-2-mil-mujeres-y-ninos-secuestrados-por-yihadistas-en-irak\/\",\"url\":\"https:\/\/aeronoticias.com.pe\/noticiero\/internacionales\/onu-mas-de-2-mil-mujeres-y-ninos-secuestrados-por-yihadistas-en-irak\/\",\"name\":\"ONU: M\u00e1s de 2 mil mujeres y ni\u00f1os secuestrados por yihadistas en Irak\",\"isPartOf\":{\"@id\":\"https:\/\/aeronoticias.com.pe\/noticiero\/#website\"},\"primaryImageOfPage\":{\"@id\":\"https:\/\/aeronoticias.com.pe\/noticiero\/internacionales\/onu-mas-de-2-mil-mujeres-y-ninos-secuestrados-por-yihadistas-en-irak\/#primaryimage\"},\"image\":{\"@id\":\"https:\/\/aeronoticias.com.pe\/noticiero\/internacionales\/onu-mas-de-2-mil-mujeres-y-ninos-secuestrados-por-yihadistas-en-irak\/#primaryimage\"},\"thumbnailUrl\":\"http:\/\/www.rpp.com.pe\/pict.php?g=-1&amp;p=\/picnewsa\/1430137.jpg\",\"datePublished\":\"2014-09-01T16:07:47+00:00\",\"author\":{\"@id\":\"https:\/\/aeronoticias.com.pe\/noticiero\/#\/schema\/person\/fc1e5d578f4b62ba1cf7ac2bba1170a0\"},\"description\":\"Portal de noticias del Per\u00fa sobre el transporte a\u00e9reo, aviaci\u00f3n, turismo, hoteleria, actualidad.\",\"breadcrumb\":{\"@id\":\"https:\/\/aeronoticias.com.pe\/noticiero\/internacionales\/onu-mas-de-2-mil-mujeres-y-ninos-secuestrados-por-yihadistas-en-irak\/#breadcrumb\"},\"inLanguage\":\"es\",\"potentialAction\":[{\"@type\":\"ReadAction\",\"target\":[\"https:\/\/aeronoticias.com.pe\/noticiero\/internacionales\/onu-mas-de-2-mil-mujeres-y-ninos-secuestrados-por-yihadistas-en-irak\/\"]}]},{\"@type\":\"ImageObject\",\"inLanguage\":\"es\",\"@id\":\"https:\/\/aeronoticias.com.pe\/noticiero\/internacionales\/onu-mas-de-2-mil-mujeres-y-ninos-secuestrados-por-yihadistas-en-irak\/#primaryimage\",\"url\":\"http:\/\/www.rpp.com.pe\/pict.php?g=-1&amp;p=\/picnewsa\/1430137.jpg\",\"contentUrl\":\"http:\/\/www.rpp.com.pe\/pict.php?g=-1&amp;p=\/picnewsa\/1430137.jpg\"},{\"@type\":\"BreadcrumbList\",\"@id\":\"https:\/\/aeronoticias.com.pe\/noticiero\/internacionales\/onu-mas-de-2-mil-mujeres-y-ninos-secuestrados-por-yihadistas-en-irak\/#breadcrumb\",\"itemListElement\":[{\"@type\":\"ListItem\",\"position\":1,\"name\":\"Portada\",\"item\":\"https:\/\/aeronoticias.com.pe\/noticiero\/\"},{\"@type\":\"ListItem\",\"position\":2,\"name\":\"ONU: M\u00e1s de 2 mil mujeres y ni\u00f1os secuestrados por yihadistas en Irak\"}]},{\"@type\":\"WebSite\",\"@id\":\"https:\/\/aeronoticias.com.pe\/noticiero\/#website\",\"url\":\"https:\/\/aeronoticias.com.pe\/noticiero\/\",\"name\":\"Aeronoticias.com.pe\",\"description\":\"Noticias de tranporte aereo, turismo, hoteles, gastronomia, actualidad, internacional\",\"potentialAction\":[{\"@type\":\"SearchAction\",\"target\":{\"@type\":\"EntryPoint\",\"urlTemplate\":\"https:\/\/aeronoticias.com.pe\/noticiero\/?s={search_term_string}\"},\"query-input\":{\"@type\":\"PropertyValueSpecification\",\"valueRequired\":true,\"valueName\":\"search_term_string\"}}],\"inLanguage\":\"es\"},{\"@type\":\"Person\",\"@id\":\"https:\/\/aeronoticias.com.pe\/noticiero\/#\/schema\/person\/fc1e5d578f4b62ba1cf7ac2bba1170a0\",\"name\":\"Redacci\u00f3n Aeronoticias\",\"url\":\"https:\/\/aeronoticias.com.pe\/noticiero\/author\/piloto\/\"}]}<\/script>\n<!-- \/ Yoast SEO plugin. -->","yoast_head_json":{"title":"ONU: M\u00e1s de 2 mil mujeres y ni\u00f1os secuestrados por yihadistas en Irak","description":"Portal de noticias del Per\u00fa sobre el transporte a\u00e9reo, aviaci\u00f3n, turismo, hoteleria, actualidad.","robots":{"index":"index","follow":"follow","max-snippet":"max-snippet:-1","max-image-preview":"max-image-preview:large","max-video-preview":"max-video-preview:-1"},"canonical":"https:\/\/aeronoticias.com.pe\/noticiero\/internacionales\/onu-mas-de-2-mil-mujeres-y-ninos-secuestrados-por-yihadistas-en-irak\/","og_locale":"es_ES","og_type":"article","og_title":"ONU: M\u00e1s de 2 mil mujeres y ni\u00f1os secuestrados por yihadistas en Irak","og_description":"Portal de noticias del Per\u00fa sobre el transporte a\u00e9reo, aviaci\u00f3n, turismo, hoteleria, actualidad.","og_url":"https:\/\/aeronoticias.com.pe\/noticiero\/internacionales\/onu-mas-de-2-mil-mujeres-y-ninos-secuestrados-por-yihadistas-en-irak\/","og_site_name":"Aeronoticias.com.pe","article_publisher":"https:\/\/www.facebook.com\/Aeronoticias.com.pe\/","article_published_time":"2014-09-01T16:07:47+00:00","og_image":[{"url":"http:\/\/www.rpp.com.pe\/pict.php?g=-1&amp;p=\/picnewsa\/1430137.jpg","type":"","width":"","height":""}],"author":"Redacci\u00f3n Aeronoticias","twitter_card":"summary_large_image","twitter_creator":"@aeronoticias","twitter_site":"@aeronoticias","twitter_misc":{"Escrito por":"Redacci\u00f3n Aeronoticias","Tiempo de lectura":"1 minuto"},"schema":{"@context":"https:\/\/schema.org","@graph":[{"@type":"WebPage","@id":"https:\/\/aeronoticias.com.pe\/noticiero\/internacionales\/onu-mas-de-2-mil-mujeres-y-ninos-secuestrados-por-yihadistas-en-irak\/","url":"https:\/\/aeronoticias.com.pe\/noticiero\/internacionales\/onu-mas-de-2-mil-mujeres-y-ninos-secuestrados-por-yihadistas-en-irak\/","name":"ONU: M\u00e1s de 2 mil mujeres y ni\u00f1os secuestrados por yihadistas en Irak","isPartOf":{"@id":"https:\/\/aeronoticias.com.pe\/noticiero\/#website"},"primaryImageOfPage":{"@id":"https:\/\/aeronoticias.com.pe\/noticiero\/internacionales\/onu-mas-de-2-mil-mujeres-y-ninos-secuestrados-por-yihadistas-en-irak\/#primaryimage"},"image":{"@id":"https:\/\/aeronoticias.com.pe\/noticiero\/internacionales\/onu-mas-de-2-mil-mujeres-y-ninos-secuestrados-por-yihadistas-en-irak\/#primaryimage"},"thumbnailUrl":"http:\/\/www.rpp.com.pe\/pict.php?g=-1&amp;p=\/picnewsa\/1430137.jpg","datePublished":"2014-09-01T16:07:47+00:00","author":{"@id":"https:\/\/aeronoticias.com.pe\/noticiero\/#\/schema\/person\/fc1e5d578f4b62ba1cf7ac2bba1170a0"},"description":"Portal de noticias del Per\u00fa sobre el transporte a\u00e9reo, aviaci\u00f3n, turismo, hoteleria, actualidad.","breadcrumb":{"@id":"https:\/\/aeronoticias.com.pe\/noticiero\/internacionales\/onu-mas-de-2-mil-mujeres-y-ninos-secuestrados-por-yihadistas-en-irak\/#breadcrumb"},"inLanguage":"es","potentialAction":[{"@type":"ReadAction","target":["https:\/\/aeronoticias.com.pe\/noticiero\/internacionales\/onu-mas-de-2-mil-mujeres-y-ninos-secuestrados-por-yihadistas-en-irak\/"]}]},{"@type":"ImageObject","inLanguage":"es","@id":"https:\/\/aeronoticias.com.pe\/noticiero\/internacionales\/onu-mas-de-2-mil-mujeres-y-ninos-secuestrados-por-yihadistas-en-irak\/#primaryimage","url":"http:\/\/www.rpp.com.pe\/pict.php?g=-1&amp;p=\/picnewsa\/1430137.jpg","contentUrl":"http:\/\/www.rpp.com.pe\/pict.php?g=-1&amp;p=\/picnewsa\/1430137.jpg"},{"@type":"BreadcrumbList","@id":"https:\/\/aeronoticias.com.pe\/noticiero\/internacionales\/onu-mas-de-2-mil-mujeres-y-ninos-secuestrados-por-yihadistas-en-irak\/#breadcrumb","itemListElement":[{"@type":"ListItem","position":1,"name":"Portada","item":"https:\/\/aeronoticias.com.pe\/noticiero\/"},{"@type":"ListItem","position":2,"name":"ONU: M\u00e1s de 2 mil mujeres y ni\u00f1os secuestrados por yihadistas en Irak"}]},{"@type":"WebSite","@id":"https:\/\/aeronoticias.com.pe\/noticiero\/#website","url":"https:\/\/aeronoticias.com.pe\/noticiero\/","name":"Aeronoticias.com.pe","description":"Noticias de tranporte aereo, turismo, hoteles, gastronomia, actualidad, internacional","potentialAction":[{"@type":"SearchAction","target":{"@type":"EntryPoint","urlTemplate":"https:\/\/aeronoticias.com.pe\/noticiero\/?s={search_term_string}"},"query-input":{"@type":"PropertyValueSpecification","valueRequired":true,"valueName":"search_term_string"}}],"inLanguage":"es"},{"@type":"Person","@id":"https:\/\/aeronoticias.com.pe\/noticiero\/#\/schema\/person\/fc1e5d578f4b62ba1cf7ac2bba1170a0","name":"Redacci\u00f3n Aeronoticias","url":"https:\/\/aeronoticias.com.pe\/noticiero\/author\/piloto\/"}]}},"_links":{"self":[{"href":"https:\/\/aeronoticias.com.pe\/noticiero\/wp-json\/wp\/v2\/posts\/48698","targetHints":{"allow":["GET"]}}],"collection":[{"href":"https:\/\/aeronoticias.com.pe\/noticiero\/wp-json\/wp\/v2\/posts"}],"about":[{"href":"https:\/\/aeronoticias.com.pe\/noticiero\/wp-json\/wp\/v2\/types\/post"}],"author":[{"embeddable":true,"href":"https:\/\/aeronoticias.com.pe\/noticiero\/wp-json\/wp\/v2\/users\/1"}],"replies":[{"embeddable":true,"href":"https:\/\/aeronoticias.com.pe\/noticiero\/wp-json\/wp\/v2\/comments?post=48698"}],"version-history":[{"count":0,"href":"https:\/\/aeronoticias.com.pe\/noticiero\/wp-json\/wp\/v2\/posts\/48698\/revisions"}],"wp:attachment":[{"href":"https:\/\/aeronoticias.com.pe\/noticiero\/wp-json\/wp\/v2\/media?parent=48698"}],"wp:term":[{"taxonomy":"category","embeddable":true,"href":"https:\/\/aeronoticias.com.pe\/noticiero\/wp-json\/wp\/v2\/categories?post=48698"},{"taxonomy":"post_tag","embeddable":true,"href":"https:\/\/aeronoticias.com.pe\/noticiero\/wp-json\/wp\/v2\/tags?post=48698"}],"curies":[{"name":"wp","href":"https:\/\/api.w.org\/{rel}","templated":true}]}}