{"id":48732,"date":"2014-09-02T13:30:54","date_gmt":"2014-09-02T13:30:54","guid":{"rendered":"http:\/\/desarrollo.mcvicious.com\/aero2020\/2014\/09\/02\/luis-castaneda-denuncia-fraude-y-convoca-a-marcha-por-fallo-del-jee\/"},"modified":"2014-09-02T13:30:54","modified_gmt":"2014-09-02T13:30:54","slug":"luis-castaneda-denuncia-fraude-y-convoca-a-marcha-por-fallo-del-jee","status":"publish","type":"post","link":"https:\/\/aeronoticias.com.pe\/noticiero\/politica\/luis-castaneda-denuncia-fraude-y-convoca-a-marcha-por-fallo-del-jee\/","title":{"rendered":"Luis Casta\u00f1eda denuncia fraude y convoca a marcha por fallo del JEE"},"content":{"rendered":"<p style=\"text-align: justify;\"><img decoding=\"async\" src=\"images\/stories\/14\/09\/020914\/a8.jpg\" border=\"0\" \/><\/p>\n<p style=\"text-align: justify;\"><strong>(Aeronoticias).- <\/strong>En su primera aparici\u00f3n en una conferencia de prensa, Casta\u00f1eda arremiti\u00f3 contra el Jurado Electoral Especial Lima Centro.<\/p>\n<p style=\"text-align: justify;\">  <!--more-->  Habl\u00f3 sin tapujos. El candidato de Solidaridad Nacional, Luis Casta\u00f1eda, desestim\u00f3 en conferencia de prensa la tacha de su candidatura por el JEE Lima Centro y calific\u00f3 esta decisi\u00f3n como una &#8216;corruptela&#8217;. Adem\u00e1s, afirm\u00f3 que se encuentra muy bien de salud y aprovech\u00f3 la ocasi\u00f3n para convocar a una marcha para ma\u00f1ana.<\/p>\n<p style=\"text-align: justify;\">El exburgomaestre -que estuvo acompa\u00f1ado de varios militantes que no paraban de corear su nombre- no dud\u00f3 en expresar su disconformidad con la decisi\u00f3n del JEE Lima Centro y se mostr\u00f3 desafiante con el JNE, a tal punto que lleg\u00f3 a considerar a la resoluci\u00f3n como \u00abun fraude\u00bb. Adem\u00e1s, indic\u00f3 que esta decisi\u00f3n \u201cno pasar\u00e1\u201d.<\/p>\n<p style=\"text-align: justify;\">\u201cHoy nosotros notificamos al JNE que ning\u00fan fraude pasar\u00e1. Nosotros no hablamos con medias tintas, nosotros sabemos que son \u00a0los derechos\u201d, precis\u00f3 un Casta\u00f1eda euf\u00f3rico.<\/p>\n<p style=\"text-align: justify;\">Hay que indicar que Casta\u00f1eda Lossio prefiri\u00f3 apelar a la emotividad de sus palabras y no se refiri\u00f3 a ning\u00fan aspecto legal del proceso por el que deber\u00e1 pasar esta tacha.<\/p>\n<p style=\"text-align: justify;\">El candidato de Solidaridad Nacional \u00a0se\u00f1al\u00f3 \u00a0que se debe defender las obras de su gesti\u00f3n y \u00a0mencion\u00f3 las obras de su gesti\u00f3n como los hospitales, las escaleras y el transporte.<\/p>\n<p style=\"text-align: justify;\">\u201cMa\u00f1ana estaremos dici\u00e9ndoles a aquellos que quieren asustarnos, que quieren enga\u00f1ar a la poblaci\u00f3n que ac\u00e1 estamos, saludables con la moral y transparencia en alto\u201d, manifest\u00f3.<\/p>\n<p style=\"text-align: justify;\">\u201cLe digo al Jurado que no me har\u00e1 ning\u00fan favor (desestimando el pedido para excluirme de la campa\u00f1a), aqu\u00ed van a aplicar la ley porque tenemos la raz\u00f3n y queremos el progreso para la ciudad de Lima\u201d, a\u00f1adi\u00f3.<\/p>\n<p style=\"text-align: justify;\">En ese sentido convoc\u00f3 a una marcha ma\u00f1ana al mediod\u00eda en el Campo de Marte para protestar contra la decisi\u00f3n del JEE.<\/p>\n<p style=\"text-align: justify;\">Asimismo advirti\u00f3 que si se excluye su candidatura, podr\u00eda marcar un mal precedente para las elecciones generales del 2016.<\/p>\n<p style=\"text-align: justify;\">Por \u00faltimo, lanz\u00f3 una frase muy curiosa: \u201cYo s\u00e9 lo que es nacer de una mujer\u201d. En las redes sociales, los usuarios se burlaron de sus palabras.<\/p>\n<p style=\"text-align: justify;\">Cabe precisar que Casta\u00f1eda no quiso contestar las interrogantes de la prensa y se retir\u00f3 raudamente de la sala.<\/p>\n<p style=\"text-align: justify;\">\u00a0<\/p>\n<p style=\"text-align: justify;\">Fuente: <strong><em>La Rep\u00fablica<\/em><\/strong><\/p>\n<p style=\"text-align: justify;\">Foto: <strong><em>RPP<\/em><\/strong><\/p>\n","protected":false},"excerpt":{"rendered":"<p>(Aeronoticias).- En su primera aparici\u00f3n en una conferencia de prensa, Casta\u00f1eda arremiti\u00f3 contra el Jurado Electoral Especial Lima Centro.<\/p>\n","protected":false},"author":1,"featured_media":0,"comment_status":"open","ping_status":"open","sticky":false,"template":"","format":"standard","meta":{"tdm_status":"","tdm_grid_status":"","footnotes":""},"categories":[36],"tags":[],"class_list":{"0":"post-48732","1":"post","2":"type-post","3":"status-publish","4":"format-standard","6":"category-politica"},"yoast_head":"<!-- This site is optimized with the Yoast SEO plugin v25.1 - https:\/\/yoast.com\/wordpress\/plugins\/seo\/ -->\n<title>Luis Casta\u00f1eda denuncia fraude y convoca a marcha por fallo del JEE<\/title>\n<meta name=\"description\" content=\"Portal de noticias del Per\u00fa sobre el transporte a\u00e9reo, aviaci\u00f3n, turismo, hoteleria, actualidad.\" \/>\n<meta name=\"robots\" content=\"index, follow, max-snippet:-1, max-image-preview:large, max-video-preview:-1\" \/>\n<link rel=\"canonical\" href=\"https:\/\/aeronoticias.com.pe\/noticiero\/politica\/luis-castaneda-denuncia-fraude-y-convoca-a-marcha-por-fallo-del-jee\/\" \/>\n<meta property=\"og:locale\" content=\"es_ES\" \/>\n<meta property=\"og:type\" content=\"article\" \/>\n<meta property=\"og:title\" content=\"Luis Casta\u00f1eda denuncia fraude y convoca a marcha por fallo del JEE\" \/>\n<meta property=\"og:description\" content=\"Portal de noticias del Per\u00fa sobre el transporte a\u00e9reo, aviaci\u00f3n, turismo, hoteleria, actualidad.\" \/>\n<meta property=\"og:url\" content=\"https:\/\/aeronoticias.com.pe\/noticiero\/politica\/luis-castaneda-denuncia-fraude-y-convoca-a-marcha-por-fallo-del-jee\/\" \/>\n<meta property=\"og:site_name\" content=\"Aeronoticias.com.pe\" \/>\n<meta property=\"article:publisher\" content=\"https:\/\/www.facebook.com\/Aeronoticias.com.pe\/\" \/>\n<meta property=\"article:published_time\" content=\"2014-09-02T13:30:54+00:00\" \/>\n<meta name=\"author\" content=\"Redacci\u00f3n Aeronoticias\" \/>\n<meta name=\"twitter:card\" content=\"summary_large_image\" \/>\n<meta name=\"twitter:creator\" content=\"@aeronoticias\" \/>\n<meta name=\"twitter:site\" content=\"@aeronoticias\" \/>\n<meta name=\"twitter:label1\" content=\"Escrito por\" \/>\n\t<meta name=\"twitter:data1\" content=\"Redacci\u00f3n Aeronoticias\" \/>\n\t<meta name=\"twitter:label2\" content=\"Tiempo de lectura\" \/>\n\t<meta name=\"twitter:data2\" content=\"2 minutos\" \/>\n<script type=\"application\/ld+json\" class=\"yoast-schema-graph\">{\"@context\":\"https:\/\/schema.org\",\"@graph\":[{\"@type\":\"WebPage\",\"@id\":\"https:\/\/aeronoticias.com.pe\/noticiero\/politica\/luis-castaneda-denuncia-fraude-y-convoca-a-marcha-por-fallo-del-jee\/\",\"url\":\"https:\/\/aeronoticias.com.pe\/noticiero\/politica\/luis-castaneda-denuncia-fraude-y-convoca-a-marcha-por-fallo-del-jee\/\",\"name\":\"Luis Casta\u00f1eda denuncia fraude y convoca a marcha por fallo del JEE\",\"isPartOf\":{\"@id\":\"https:\/\/aeronoticias.com.pe\/noticiero\/#website\"},\"datePublished\":\"2014-09-02T13:30:54+00:00\",\"author\":{\"@id\":\"https:\/\/aeronoticias.com.pe\/noticiero\/#\/schema\/person\/fc1e5d578f4b62ba1cf7ac2bba1170a0\"},\"description\":\"Portal de noticias del Per\u00fa sobre el transporte a\u00e9reo, aviaci\u00f3n, turismo, hoteleria, actualidad.\",\"breadcrumb\":{\"@id\":\"https:\/\/aeronoticias.com.pe\/noticiero\/politica\/luis-castaneda-denuncia-fraude-y-convoca-a-marcha-por-fallo-del-jee\/#breadcrumb\"},\"inLanguage\":\"es\",\"potentialAction\":[{\"@type\":\"ReadAction\",\"target\":[\"https:\/\/aeronoticias.com.pe\/noticiero\/politica\/luis-castaneda-denuncia-fraude-y-convoca-a-marcha-por-fallo-del-jee\/\"]}]},{\"@type\":\"BreadcrumbList\",\"@id\":\"https:\/\/aeronoticias.com.pe\/noticiero\/politica\/luis-castaneda-denuncia-fraude-y-convoca-a-marcha-por-fallo-del-jee\/#breadcrumb\",\"itemListElement\":[{\"@type\":\"ListItem\",\"position\":1,\"name\":\"Portada\",\"item\":\"https:\/\/aeronoticias.com.pe\/noticiero\/\"},{\"@type\":\"ListItem\",\"position\":2,\"name\":\"Luis Casta\u00f1eda denuncia fraude y convoca a marcha por fallo del JEE\"}]},{\"@type\":\"WebSite\",\"@id\":\"https:\/\/aeronoticias.com.pe\/noticiero\/#website\",\"url\":\"https:\/\/aeronoticias.com.pe\/noticiero\/\",\"name\":\"Aeronoticias.com.pe\",\"description\":\"Noticias de tranporte aereo, turismo, hoteles, gastronomia, actualidad, internacional\",\"potentialAction\":[{\"@type\":\"SearchAction\",\"target\":{\"@type\":\"EntryPoint\",\"urlTemplate\":\"https:\/\/aeronoticias.com.pe\/noticiero\/?s={search_term_string}\"},\"query-input\":{\"@type\":\"PropertyValueSpecification\",\"valueRequired\":true,\"valueName\":\"search_term_string\"}}],\"inLanguage\":\"es\"},{\"@type\":\"Person\",\"@id\":\"https:\/\/aeronoticias.com.pe\/noticiero\/#\/schema\/person\/fc1e5d578f4b62ba1cf7ac2bba1170a0\",\"name\":\"Redacci\u00f3n Aeronoticias\",\"url\":\"https:\/\/aeronoticias.com.pe\/noticiero\/author\/piloto\/\"}]}<\/script>\n<!-- \/ Yoast SEO plugin. -->","yoast_head_json":{"title":"Luis Casta\u00f1eda denuncia fraude y convoca a marcha por fallo del JEE","description":"Portal de noticias del Per\u00fa sobre el transporte a\u00e9reo, aviaci\u00f3n, turismo, hoteleria, actualidad.","robots":{"index":"index","follow":"follow","max-snippet":"max-snippet:-1","max-image-preview":"max-image-preview:large","max-video-preview":"max-video-preview:-1"},"canonical":"https:\/\/aeronoticias.com.pe\/noticiero\/politica\/luis-castaneda-denuncia-fraude-y-convoca-a-marcha-por-fallo-del-jee\/","og_locale":"es_ES","og_type":"article","og_title":"Luis Casta\u00f1eda denuncia fraude y convoca a marcha por fallo del JEE","og_description":"Portal de noticias del Per\u00fa sobre el transporte a\u00e9reo, aviaci\u00f3n, turismo, hoteleria, actualidad.","og_url":"https:\/\/aeronoticias.com.pe\/noticiero\/politica\/luis-castaneda-denuncia-fraude-y-convoca-a-marcha-por-fallo-del-jee\/","og_site_name":"Aeronoticias.com.pe","article_publisher":"https:\/\/www.facebook.com\/Aeronoticias.com.pe\/","article_published_time":"2014-09-02T13:30:54+00:00","author":"Redacci\u00f3n Aeronoticias","twitter_card":"summary_large_image","twitter_creator":"@aeronoticias","twitter_site":"@aeronoticias","twitter_misc":{"Escrito por":"Redacci\u00f3n Aeronoticias","Tiempo de lectura":"2 minutos"},"schema":{"@context":"https:\/\/schema.org","@graph":[{"@type":"WebPage","@id":"https:\/\/aeronoticias.com.pe\/noticiero\/politica\/luis-castaneda-denuncia-fraude-y-convoca-a-marcha-por-fallo-del-jee\/","url":"https:\/\/aeronoticias.com.pe\/noticiero\/politica\/luis-castaneda-denuncia-fraude-y-convoca-a-marcha-por-fallo-del-jee\/","name":"Luis Casta\u00f1eda denuncia fraude y convoca a marcha por fallo del JEE","isPartOf":{"@id":"https:\/\/aeronoticias.com.pe\/noticiero\/#website"},"datePublished":"2014-09-02T13:30:54+00:00","author":{"@id":"https:\/\/aeronoticias.com.pe\/noticiero\/#\/schema\/person\/fc1e5d578f4b62ba1cf7ac2bba1170a0"},"description":"Portal de noticias del Per\u00fa sobre el transporte a\u00e9reo, aviaci\u00f3n, turismo, hoteleria, actualidad.","breadcrumb":{"@id":"https:\/\/aeronoticias.com.pe\/noticiero\/politica\/luis-castaneda-denuncia-fraude-y-convoca-a-marcha-por-fallo-del-jee\/#breadcrumb"},"inLanguage":"es","potentialAction":[{"@type":"ReadAction","target":["https:\/\/aeronoticias.com.pe\/noticiero\/politica\/luis-castaneda-denuncia-fraude-y-convoca-a-marcha-por-fallo-del-jee\/"]}]},{"@type":"BreadcrumbList","@id":"https:\/\/aeronoticias.com.pe\/noticiero\/politica\/luis-castaneda-denuncia-fraude-y-convoca-a-marcha-por-fallo-del-jee\/#breadcrumb","itemListElement":[{"@type":"ListItem","position":1,"name":"Portada","item":"https:\/\/aeronoticias.com.pe\/noticiero\/"},{"@type":"ListItem","position":2,"name":"Luis Casta\u00f1eda denuncia fraude y convoca a marcha por fallo del JEE"}]},{"@type":"WebSite","@id":"https:\/\/aeronoticias.com.pe\/noticiero\/#website","url":"https:\/\/aeronoticias.com.pe\/noticiero\/","name":"Aeronoticias.com.pe","description":"Noticias de tranporte aereo, turismo, hoteles, gastronomia, actualidad, internacional","potentialAction":[{"@type":"SearchAction","target":{"@type":"EntryPoint","urlTemplate":"https:\/\/aeronoticias.com.pe\/noticiero\/?s={search_term_string}"},"query-input":{"@type":"PropertyValueSpecification","valueRequired":true,"valueName":"search_term_string"}}],"inLanguage":"es"},{"@type":"Person","@id":"https:\/\/aeronoticias.com.pe\/noticiero\/#\/schema\/person\/fc1e5d578f4b62ba1cf7ac2bba1170a0","name":"Redacci\u00f3n Aeronoticias","url":"https:\/\/aeronoticias.com.pe\/noticiero\/author\/piloto\/"}]}},"_links":{"self":[{"href":"https:\/\/aeronoticias.com.pe\/noticiero\/wp-json\/wp\/v2\/posts\/48732","targetHints":{"allow":["GET"]}}],"collection":[{"href":"https:\/\/aeronoticias.com.pe\/noticiero\/wp-json\/wp\/v2\/posts"}],"about":[{"href":"https:\/\/aeronoticias.com.pe\/noticiero\/wp-json\/wp\/v2\/types\/post"}],"author":[{"embeddable":true,"href":"https:\/\/aeronoticias.com.pe\/noticiero\/wp-json\/wp\/v2\/users\/1"}],"replies":[{"embeddable":true,"href":"https:\/\/aeronoticias.com.pe\/noticiero\/wp-json\/wp\/v2\/comments?post=48732"}],"version-history":[{"count":0,"href":"https:\/\/aeronoticias.com.pe\/noticiero\/wp-json\/wp\/v2\/posts\/48732\/revisions"}],"wp:attachment":[{"href":"https:\/\/aeronoticias.com.pe\/noticiero\/wp-json\/wp\/v2\/media?parent=48732"}],"wp:term":[{"taxonomy":"category","embeddable":true,"href":"https:\/\/aeronoticias.com.pe\/noticiero\/wp-json\/wp\/v2\/categories?post=48732"},{"taxonomy":"post_tag","embeddable":true,"href":"https:\/\/aeronoticias.com.pe\/noticiero\/wp-json\/wp\/v2\/tags?post=48732"}],"curies":[{"name":"wp","href":"https:\/\/api.w.org\/{rel}","templated":true}]}}