{"id":49019,"date":"2014-09-16T15:11:43","date_gmt":"2014-09-16T15:11:43","guid":{"rendered":"http:\/\/desarrollo.mcvicious.com\/aero2020\/2014\/09\/16\/ministra-silva-y-la-caf-presentaran-iniciativa-de-turismo-comunitario-rural\/"},"modified":"2014-09-16T15:11:43","modified_gmt":"2014-09-16T15:11:43","slug":"ministra-silva-y-la-caf-presentaran-iniciativa-de-turismo-comunitario-rural","status":"publish","type":"post","link":"https:\/\/aeronoticias.com.pe\/noticiero\/turismo\/13\/ministra-silva-y-la-caf-presentaran-iniciativa-de-turismo-comunitario-rural\/","title":{"rendered":"Ministra Silva y la CAF presentar\u00e1n iniciativa de turismo comunitario rural"},"content":{"rendered":"<p style=\"text-align: justify;\"><strong>(Aeronoticias)<\/strong> <span style=\"text-align: justify; font-size: 11.8181819915771px; line-height: 1.3em;\">La ministra de Comercio Exterior y Turismo, Magali Silva, y la representante del banco de desarrollo de Am\u00e9rica Latina (CAF) en Per\u00fa, Eleonora Silva, presentar\u00e1n hoy dos importantes publicaciones sobre la metodolog\u00eda y resultados del Proyecto Rutas, iniciativa de turismo comunitario rural.<\/span><\/p>\n<p style=\"text-align: justify;\"><span style=\"font-size: 11.8181819915771px; line-height: 1.3em;\">Se trata de un proyecto desarrollado por la fundaci\u00f3n internacional Codespa y la CAF. <\/span><\/p>\n<p style=\"text-align: justify;\"><span style=\"font-size: 11.8181819915771px; line-height: 1.3em;\">El programa Rutas se dise\u00f1\u00f3 para mejorar la sostenibilidad de iniciativas de Turismo Rural Comunitario (TRC) existentes en Am\u00e9rica Latina con el objetivo de consolidar una oferta tur\u00edstica de calidad con una clara orientaci\u00f3n a la sostenibilidad de emprendimientos tur\u00edsticos comunitarios para mejorar la vida de poblaci\u00f3n rural en situaci\u00f3n de pobreza.<\/span><\/p>\n<p style=\"text-align: justify;\"><span style=\"font-size: 11.8181819915771px; line-height: 1.3em;\">El trabajo conjunto de Codespa y CAF, que permite contar con un modelo de intervenci\u00f3n y aprendizajes valiosos alrededor de las iniciativas de turismo rural comunitario en Am\u00e9rica Latina, no hubiera sido posible sin el compromiso e ilusiones de todos los beneficiarios.<\/span><\/p>\n<p style=\"text-align: justify;\"><span style=\"font-size: 11.8181819915771px; line-height: 1.3em;\">Desde el 2012, Rutas ha contado con la participaci\u00f3n de 3,380 emprendedores tur\u00edsticos, agrupados en 351 asociaciones, organizaciones comunitarias y micro-emprendimientos tur\u00edsticos.<\/span><\/p>\n<p style=\"text-align: justify;\"><span style=\"font-size: 11.8181819915771px; line-height: 1.3em;\">En el marco del proyecto Rutas, cuyo valor ha sido la creaci\u00f3n de una metodolog\u00eda sobre el perfeccionamiento del turismo comunitario rural, se realizar\u00e1 el lanzamiento de dos publicaciones donde en una se describe la metodolog\u00eda y en la otra se realiza la sistematizaci\u00f3n del programa. <strong><em>Fuente: Andina<\/em><\/strong><\/span><\/p>\n<p style=\"text-align: justify;\"><span style=\"font-size: 11.8181819915771px; line-height: 1.3em;\"><strong><em><br \/><\/em><\/strong><\/span><\/p>\n<p style=\"text-align: justify;\"><span style=\"font-size: 11.8181819915771px; line-height: 1.3em;\"><strong><em><img decoding=\"async\" src=\"images\/stories\/14\/09\/160914\/magalisilva.jpg\" border=\"0\" \/><br \/><\/em><\/strong><\/span><\/p>\n","protected":false},"excerpt":{"rendered":"<p>(Aeronoticias) La ministra de Comercio Exterior y Turismo, Magali Silva, y la representante del banco de desarrollo de Am\u00e9rica Latina (CAF) en Per\u00fa, Eleonora Silva, presentar\u00e1n hoy dos importantes publicaciones sobre la metodolog\u00eda y resultados del Proyecto Rutas, iniciativa de turismo comunitario rural. Se trata de un proyecto desarrollado por la fundaci\u00f3n internacional Codespa y [&hellip;]<\/p>\n","protected":false},"author":1,"featured_media":0,"comment_status":"open","ping_status":"open","sticky":false,"template":"","format":"standard","meta":{"tdm_status":"","tdm_grid_status":"","footnotes":""},"categories":[31],"tags":[],"class_list":{"0":"post-49019","1":"post","2":"type-post","3":"status-publish","4":"format-standard","6":"category-31"},"yoast_head":"<!-- This site is optimized with the Yoast SEO plugin v25.1 - https:\/\/yoast.com\/wordpress\/plugins\/seo\/ -->\n<title>Ministra Silva y la CAF presentar\u00e1n iniciativa de turismo comunitario rural<\/title>\n<meta name=\"description\" content=\"Portal de noticias del Per\u00fa sobre el transporte a\u00e9reo, aviaci\u00f3n, turismo, hoteleria, actualidad.\" \/>\n<meta name=\"robots\" content=\"index, follow, max-snippet:-1, max-image-preview:large, max-video-preview:-1\" \/>\n<link rel=\"canonical\" href=\"https:\/\/aeronoticias.com.pe\/noticiero\/turismo\/13\/ministra-silva-y-la-caf-presentaran-iniciativa-de-turismo-comunitario-rural\/\" \/>\n<meta property=\"og:locale\" content=\"es_ES\" \/>\n<meta property=\"og:type\" content=\"article\" \/>\n<meta property=\"og:title\" content=\"Ministra Silva y la CAF presentar\u00e1n iniciativa de turismo comunitario rural\" \/>\n<meta property=\"og:description\" content=\"Portal de noticias del Per\u00fa sobre el transporte a\u00e9reo, aviaci\u00f3n, turismo, hoteleria, actualidad.\" \/>\n<meta property=\"og:url\" content=\"https:\/\/aeronoticias.com.pe\/noticiero\/turismo\/13\/ministra-silva-y-la-caf-presentaran-iniciativa-de-turismo-comunitario-rural\/\" \/>\n<meta property=\"og:site_name\" content=\"Aeronoticias.com.pe\" \/>\n<meta property=\"article:publisher\" content=\"https:\/\/www.facebook.com\/Aeronoticias.com.pe\/\" \/>\n<meta property=\"article:published_time\" content=\"2014-09-16T15:11:43+00:00\" \/>\n<meta name=\"author\" content=\"Redacci\u00f3n Aeronoticias\" \/>\n<meta name=\"twitter:card\" content=\"summary_large_image\" \/>\n<meta name=\"twitter:creator\" content=\"@aeronoticias\" \/>\n<meta name=\"twitter:site\" content=\"@aeronoticias\" \/>\n<meta name=\"twitter:label1\" content=\"Escrito por\" \/>\n\t<meta name=\"twitter:data1\" content=\"Redacci\u00f3n Aeronoticias\" \/>\n\t<meta name=\"twitter:label2\" content=\"Tiempo de lectura\" \/>\n\t<meta name=\"twitter:data2\" content=\"1 minuto\" \/>\n<script type=\"application\/ld+json\" class=\"yoast-schema-graph\">{\"@context\":\"https:\/\/schema.org\",\"@graph\":[{\"@type\":\"WebPage\",\"@id\":\"https:\/\/aeronoticias.com.pe\/noticiero\/turismo\/13\/ministra-silva-y-la-caf-presentaran-iniciativa-de-turismo-comunitario-rural\/\",\"url\":\"https:\/\/aeronoticias.com.pe\/noticiero\/turismo\/13\/ministra-silva-y-la-caf-presentaran-iniciativa-de-turismo-comunitario-rural\/\",\"name\":\"Ministra Silva y la CAF presentar\u00e1n iniciativa de turismo comunitario rural\",\"isPartOf\":{\"@id\":\"https:\/\/aeronoticias.com.pe\/noticiero\/#website\"},\"datePublished\":\"2014-09-16T15:11:43+00:00\",\"author\":{\"@id\":\"https:\/\/aeronoticias.com.pe\/noticiero\/#\/schema\/person\/fc1e5d578f4b62ba1cf7ac2bba1170a0\"},\"description\":\"Portal de noticias del Per\u00fa sobre el transporte a\u00e9reo, aviaci\u00f3n, turismo, hoteleria, actualidad.\",\"breadcrumb\":{\"@id\":\"https:\/\/aeronoticias.com.pe\/noticiero\/turismo\/13\/ministra-silva-y-la-caf-presentaran-iniciativa-de-turismo-comunitario-rural\/#breadcrumb\"},\"inLanguage\":\"es\",\"potentialAction\":[{\"@type\":\"ReadAction\",\"target\":[\"https:\/\/aeronoticias.com.pe\/noticiero\/turismo\/13\/ministra-silva-y-la-caf-presentaran-iniciativa-de-turismo-comunitario-rural\/\"]}]},{\"@type\":\"BreadcrumbList\",\"@id\":\"https:\/\/aeronoticias.com.pe\/noticiero\/turismo\/13\/ministra-silva-y-la-caf-presentaran-iniciativa-de-turismo-comunitario-rural\/#breadcrumb\",\"itemListElement\":[{\"@type\":\"ListItem\",\"position\":1,\"name\":\"Portada\",\"item\":\"https:\/\/aeronoticias.com.pe\/noticiero\/\"},{\"@type\":\"ListItem\",\"position\":2,\"name\":\"Ministra Silva y la CAF presentar\u00e1n iniciativa de turismo comunitario rural\"}]},{\"@type\":\"WebSite\",\"@id\":\"https:\/\/aeronoticias.com.pe\/noticiero\/#website\",\"url\":\"https:\/\/aeronoticias.com.pe\/noticiero\/\",\"name\":\"Aeronoticias.com.pe\",\"description\":\"Noticias de tranporte aereo, turismo, hoteles, gastronomia, actualidad, internacional\",\"potentialAction\":[{\"@type\":\"SearchAction\",\"target\":{\"@type\":\"EntryPoint\",\"urlTemplate\":\"https:\/\/aeronoticias.com.pe\/noticiero\/?s={search_term_string}\"},\"query-input\":{\"@type\":\"PropertyValueSpecification\",\"valueRequired\":true,\"valueName\":\"search_term_string\"}}],\"inLanguage\":\"es\"},{\"@type\":\"Person\",\"@id\":\"https:\/\/aeronoticias.com.pe\/noticiero\/#\/schema\/person\/fc1e5d578f4b62ba1cf7ac2bba1170a0\",\"name\":\"Redacci\u00f3n Aeronoticias\",\"url\":\"https:\/\/aeronoticias.com.pe\/noticiero\/author\/piloto\/\"}]}<\/script>\n<!-- \/ Yoast SEO plugin. -->","yoast_head_json":{"title":"Ministra Silva y la CAF presentar\u00e1n iniciativa de turismo comunitario rural","description":"Portal de noticias del Per\u00fa sobre el transporte a\u00e9reo, aviaci\u00f3n, turismo, hoteleria, actualidad.","robots":{"index":"index","follow":"follow","max-snippet":"max-snippet:-1","max-image-preview":"max-image-preview:large","max-video-preview":"max-video-preview:-1"},"canonical":"https:\/\/aeronoticias.com.pe\/noticiero\/turismo\/13\/ministra-silva-y-la-caf-presentaran-iniciativa-de-turismo-comunitario-rural\/","og_locale":"es_ES","og_type":"article","og_title":"Ministra Silva y la CAF presentar\u00e1n iniciativa de turismo comunitario rural","og_description":"Portal de noticias del Per\u00fa sobre el transporte a\u00e9reo, aviaci\u00f3n, turismo, hoteleria, actualidad.","og_url":"https:\/\/aeronoticias.com.pe\/noticiero\/turismo\/13\/ministra-silva-y-la-caf-presentaran-iniciativa-de-turismo-comunitario-rural\/","og_site_name":"Aeronoticias.com.pe","article_publisher":"https:\/\/www.facebook.com\/Aeronoticias.com.pe\/","article_published_time":"2014-09-16T15:11:43+00:00","author":"Redacci\u00f3n Aeronoticias","twitter_card":"summary_large_image","twitter_creator":"@aeronoticias","twitter_site":"@aeronoticias","twitter_misc":{"Escrito por":"Redacci\u00f3n Aeronoticias","Tiempo de lectura":"1 minuto"},"schema":{"@context":"https:\/\/schema.org","@graph":[{"@type":"WebPage","@id":"https:\/\/aeronoticias.com.pe\/noticiero\/turismo\/13\/ministra-silva-y-la-caf-presentaran-iniciativa-de-turismo-comunitario-rural\/","url":"https:\/\/aeronoticias.com.pe\/noticiero\/turismo\/13\/ministra-silva-y-la-caf-presentaran-iniciativa-de-turismo-comunitario-rural\/","name":"Ministra Silva y la CAF presentar\u00e1n iniciativa de turismo comunitario rural","isPartOf":{"@id":"https:\/\/aeronoticias.com.pe\/noticiero\/#website"},"datePublished":"2014-09-16T15:11:43+00:00","author":{"@id":"https:\/\/aeronoticias.com.pe\/noticiero\/#\/schema\/person\/fc1e5d578f4b62ba1cf7ac2bba1170a0"},"description":"Portal de noticias del Per\u00fa sobre el transporte a\u00e9reo, aviaci\u00f3n, turismo, hoteleria, actualidad.","breadcrumb":{"@id":"https:\/\/aeronoticias.com.pe\/noticiero\/turismo\/13\/ministra-silva-y-la-caf-presentaran-iniciativa-de-turismo-comunitario-rural\/#breadcrumb"},"inLanguage":"es","potentialAction":[{"@type":"ReadAction","target":["https:\/\/aeronoticias.com.pe\/noticiero\/turismo\/13\/ministra-silva-y-la-caf-presentaran-iniciativa-de-turismo-comunitario-rural\/"]}]},{"@type":"BreadcrumbList","@id":"https:\/\/aeronoticias.com.pe\/noticiero\/turismo\/13\/ministra-silva-y-la-caf-presentaran-iniciativa-de-turismo-comunitario-rural\/#breadcrumb","itemListElement":[{"@type":"ListItem","position":1,"name":"Portada","item":"https:\/\/aeronoticias.com.pe\/noticiero\/"},{"@type":"ListItem","position":2,"name":"Ministra Silva y la CAF presentar\u00e1n iniciativa de turismo comunitario rural"}]},{"@type":"WebSite","@id":"https:\/\/aeronoticias.com.pe\/noticiero\/#website","url":"https:\/\/aeronoticias.com.pe\/noticiero\/","name":"Aeronoticias.com.pe","description":"Noticias de tranporte aereo, turismo, hoteles, gastronomia, actualidad, internacional","potentialAction":[{"@type":"SearchAction","target":{"@type":"EntryPoint","urlTemplate":"https:\/\/aeronoticias.com.pe\/noticiero\/?s={search_term_string}"},"query-input":{"@type":"PropertyValueSpecification","valueRequired":true,"valueName":"search_term_string"}}],"inLanguage":"es"},{"@type":"Person","@id":"https:\/\/aeronoticias.com.pe\/noticiero\/#\/schema\/person\/fc1e5d578f4b62ba1cf7ac2bba1170a0","name":"Redacci\u00f3n Aeronoticias","url":"https:\/\/aeronoticias.com.pe\/noticiero\/author\/piloto\/"}]}},"_links":{"self":[{"href":"https:\/\/aeronoticias.com.pe\/noticiero\/wp-json\/wp\/v2\/posts\/49019","targetHints":{"allow":["GET"]}}],"collection":[{"href":"https:\/\/aeronoticias.com.pe\/noticiero\/wp-json\/wp\/v2\/posts"}],"about":[{"href":"https:\/\/aeronoticias.com.pe\/noticiero\/wp-json\/wp\/v2\/types\/post"}],"author":[{"embeddable":true,"href":"https:\/\/aeronoticias.com.pe\/noticiero\/wp-json\/wp\/v2\/users\/1"}],"replies":[{"embeddable":true,"href":"https:\/\/aeronoticias.com.pe\/noticiero\/wp-json\/wp\/v2\/comments?post=49019"}],"version-history":[{"count":0,"href":"https:\/\/aeronoticias.com.pe\/noticiero\/wp-json\/wp\/v2\/posts\/49019\/revisions"}],"wp:attachment":[{"href":"https:\/\/aeronoticias.com.pe\/noticiero\/wp-json\/wp\/v2\/media?parent=49019"}],"wp:term":[{"taxonomy":"category","embeddable":true,"href":"https:\/\/aeronoticias.com.pe\/noticiero\/wp-json\/wp\/v2\/categories?post=49019"},{"taxonomy":"post_tag","embeddable":true,"href":"https:\/\/aeronoticias.com.pe\/noticiero\/wp-json\/wp\/v2\/tags?post=49019"}],"curies":[{"name":"wp","href":"https:\/\/api.w.org\/{rel}","templated":true}]}}