{"id":49109,"date":"2014-09-20T12:00:00","date_gmt":"2014-09-20T12:00:00","guid":{"rendered":"http:\/\/desarrollo.mcvicious.com\/aero2020\/2014\/09\/20\/avianca-se-prepara-para-la-prevencion-del-virus-del-ebola\/"},"modified":"2014-09-20T12:00:00","modified_gmt":"2014-09-20T12:00:00","slug":"avianca-se-prepara-para-la-prevencion-del-virus-del-ebola","status":"publish","type":"post","link":"https:\/\/aeronoticias.com.pe\/noticiero\/transporte-aereo\/internacional\/avianca-se-prepara-para-la-prevencion-del-virus-del-ebola\/","title":{"rendered":"Avianca se prepara para la prevenci\u00f3n del virus del \u00e9bola"},"content":{"rendered":"<p style=\"text-align: justify;\"><strong><img decoding=\"async\" src=\"images\/stories\/14\/09\/200914\/a7.jpg\" border=\"0\" \/><br \/><\/strong><\/p>\n<p style=\"text-align: justify;\"><strong>(Aeronoticias).-<\/strong> Un grupo de expertos de Avianca trabaja con el Instituto Nacional de Salud y la Red Nacional de Trasplantes en actividades de entrenamiento que les facilite el reconocimiento del virus.<\/p>\n<p style=\"text-align: justify;\">  <!--more-->  Un grupo de expertos de la aerol\u00ednea Avianca se capacita para \u00abel reconocimiento, manejo y alerta\u00bb del virus del \u00e9bola como respuesta al avance de esta enfermedad, que ya provoc\u00f3 m\u00e1s de 2.500 muertes, inform\u00f3 este jueves la empresa de aviaci\u00f3n.<\/p>\n<p style=\"text-align: justify;\">\u00abEn l\u00ednea con la necesidad creciente de prevenir y controlar la expansi\u00f3n del virus del \u00e9bola, un grupo de instructores expertos de Avianca trabaja con el Instituto Nacional de Salud y la Red Nacional de Trasplantes (de Colombia) en actividades de entrenamiento que les facilite el reconocimiento, manejo y alertas de esta enfermedad infecciosa\u00bb, indic\u00f3 en un comunicado la compa\u00f1\u00eda.<\/p>\n<p style=\"text-align: justify;\">Por otra parte, se\u00f1al\u00f3 que en el marco de un programa de intercambio de conocimientos y pr\u00e1cticas preventivas, especialistas en mercanc\u00edas peligrosas de Avianca formar\u00e1n a personal de estas entidades en el manejo, transporte y control de sustancias infecciosas. La aerol\u00ednea apunt\u00f3 sin embargo que estas acciones son de \u00abcar\u00e1cter preventivo\u00bb. \u00abLa mayor\u00eda de los pa\u00edses de Am\u00e9rica no tienen conectividad directa con los destinos donde se ha propagado el virus en menci\u00f3n, por lo que la posibilidad de contagio en la regi\u00f3n es baja\u00bb, dijo Avianca en el comunicado.<\/p>\n<p style=\"text-align: justify;\">Seg\u00fan las \u00faltimas cifras de la Organizaci\u00f3n Mundial de la Salud (OMS), el \u00e9bola dej\u00f3 hasta el momento 2.630 muertos en \u00c1frica occidental de un total de 5.357 afectados: 1.459 en Liberia, 601 en Guinea y 562 en Sierra Leona.La OMS estima que el virus podr\u00eda infectar a unas 20.000 personas para finales de a\u00f1o.<\/p>\n<p style=\"text-align: justify;\">El Consejo de Seguridad de la ONU adopt\u00f3 este jueves una resoluci\u00f3n que califica la epidemia del \u00e9bola como una \u00abamenaza para la paz y la seguridad internacionales\u00bb y pidi\u00f3 a los pa\u00edses proveer de ayuda urgente para su combate.<\/p>\n<p style=\"text-align: justify;\">El virus del \u00e9bola, tambi\u00e9n conocido como fiebre hemorr\u00e1gica del virus del \u00e9bola, es una enfermedad con una tasa de mortalidad que puede alcanzar el 90%. El contagio se produce por contacto directo con la sangre, los l\u00edquidos biol\u00f3gicos y las secreciones del sujeto infectado. El periodo de incubaci\u00f3n -el tiempo que transcurre entre el contagio y la aparici\u00f3n de los s\u00edntomas- var\u00eda entre los dos y los 21 d\u00edas. El paciente es contagioso desde el momento en que se manifiestan los s\u00edntomas, pero no durante el tiempo de incubaci\u00f3n.<\/p>\n<p style=\"text-align: justify;\">Avianca es la marca comercial que representa a las aerol\u00edneas latinoamericanas integradas en Avianca Holdings S.A., seg\u00fan indica en su sitio web. La empresa atiende en forma directa 98 destinos en 26 pa\u00edses de Am\u00e9rica y Europa.<\/p>\n<p style=\"text-align: justify;\">\u00a0<\/p>\n<p style=\"text-align: justify;\">Fuente: <strong><em>El Espectador<\/em><\/strong><\/p>\n<p style=\"text-align: justify;\">Foto: <strong><em>El Espectador<\/em><\/strong><\/p>\n","protected":false},"excerpt":{"rendered":"<p>(Aeronoticias).- Un grupo de expertos de Avianca trabaja con el Instituto Nacional de Salud y la Red Nacional de Trasplantes en actividades de entrenamiento que les facilite el reconocimiento del virus.<\/p>\n","protected":false},"author":1,"featured_media":0,"comment_status":"open","ping_status":"open","sticky":false,"template":"","format":"standard","meta":{"tdm_status":"","tdm_grid_status":"","footnotes":""},"categories":[32],"tags":[],"class_list":{"0":"post-49109","1":"post","2":"type-post","3":"status-publish","4":"format-standard","6":"category-internacional"},"yoast_head":"<!-- This site is optimized with the Yoast SEO plugin v25.1 - https:\/\/yoast.com\/wordpress\/plugins\/seo\/ -->\n<title>Avianca se prepara para la prevenci\u00f3n del virus del \u00e9bola<\/title>\n<meta name=\"description\" content=\"Portal de noticias del Per\u00fa sobre el transporte a\u00e9reo, aviaci\u00f3n, turismo, hoteleria, actualidad.\" \/>\n<meta name=\"robots\" content=\"index, follow, max-snippet:-1, max-image-preview:large, max-video-preview:-1\" \/>\n<link rel=\"canonical\" href=\"https:\/\/aeronoticias.com.pe\/noticiero\/transporte-aereo\/internacional\/avianca-se-prepara-para-la-prevencion-del-virus-del-ebola\/\" \/>\n<meta property=\"og:locale\" content=\"es_ES\" \/>\n<meta property=\"og:type\" content=\"article\" \/>\n<meta property=\"og:title\" content=\"Avianca se prepara para la prevenci\u00f3n del virus del \u00e9bola\" \/>\n<meta property=\"og:description\" content=\"Portal de noticias del Per\u00fa sobre el transporte a\u00e9reo, aviaci\u00f3n, turismo, hoteleria, actualidad.\" \/>\n<meta property=\"og:url\" content=\"https:\/\/aeronoticias.com.pe\/noticiero\/transporte-aereo\/internacional\/avianca-se-prepara-para-la-prevencion-del-virus-del-ebola\/\" \/>\n<meta property=\"og:site_name\" content=\"Aeronoticias.com.pe\" \/>\n<meta property=\"article:publisher\" content=\"https:\/\/www.facebook.com\/Aeronoticias.com.pe\/\" \/>\n<meta property=\"article:published_time\" content=\"2014-09-20T12:00:00+00:00\" \/>\n<meta name=\"author\" content=\"Redacci\u00f3n Aeronoticias\" \/>\n<meta name=\"twitter:card\" content=\"summary_large_image\" \/>\n<meta name=\"twitter:creator\" content=\"@aeronoticias\" \/>\n<meta name=\"twitter:site\" content=\"@aeronoticias\" \/>\n<meta name=\"twitter:label1\" content=\"Escrito por\" \/>\n\t<meta name=\"twitter:data1\" content=\"Redacci\u00f3n Aeronoticias\" \/>\n\t<meta name=\"twitter:label2\" content=\"Tiempo de lectura\" \/>\n\t<meta name=\"twitter:data2\" content=\"2 minutos\" \/>\n<script type=\"application\/ld+json\" class=\"yoast-schema-graph\">{\"@context\":\"https:\/\/schema.org\",\"@graph\":[{\"@type\":\"WebPage\",\"@id\":\"https:\/\/aeronoticias.com.pe\/noticiero\/transporte-aereo\/internacional\/avianca-se-prepara-para-la-prevencion-del-virus-del-ebola\/\",\"url\":\"https:\/\/aeronoticias.com.pe\/noticiero\/transporte-aereo\/internacional\/avianca-se-prepara-para-la-prevencion-del-virus-del-ebola\/\",\"name\":\"Avianca se prepara para la prevenci\u00f3n del virus del \u00e9bola\",\"isPartOf\":{\"@id\":\"https:\/\/aeronoticias.com.pe\/noticiero\/#website\"},\"datePublished\":\"2014-09-20T12:00:00+00:00\",\"author\":{\"@id\":\"https:\/\/aeronoticias.com.pe\/noticiero\/#\/schema\/person\/fc1e5d578f4b62ba1cf7ac2bba1170a0\"},\"description\":\"Portal de noticias del Per\u00fa sobre el transporte a\u00e9reo, aviaci\u00f3n, turismo, hoteleria, actualidad.\",\"breadcrumb\":{\"@id\":\"https:\/\/aeronoticias.com.pe\/noticiero\/transporte-aereo\/internacional\/avianca-se-prepara-para-la-prevencion-del-virus-del-ebola\/#breadcrumb\"},\"inLanguage\":\"es\",\"potentialAction\":[{\"@type\":\"ReadAction\",\"target\":[\"https:\/\/aeronoticias.com.pe\/noticiero\/transporte-aereo\/internacional\/avianca-se-prepara-para-la-prevencion-del-virus-del-ebola\/\"]}]},{\"@type\":\"BreadcrumbList\",\"@id\":\"https:\/\/aeronoticias.com.pe\/noticiero\/transporte-aereo\/internacional\/avianca-se-prepara-para-la-prevencion-del-virus-del-ebola\/#breadcrumb\",\"itemListElement\":[{\"@type\":\"ListItem\",\"position\":1,\"name\":\"Portada\",\"item\":\"https:\/\/aeronoticias.com.pe\/noticiero\/\"},{\"@type\":\"ListItem\",\"position\":2,\"name\":\"Avianca se prepara para la prevenci\u00f3n del virus del \u00e9bola\"}]},{\"@type\":\"WebSite\",\"@id\":\"https:\/\/aeronoticias.com.pe\/noticiero\/#website\",\"url\":\"https:\/\/aeronoticias.com.pe\/noticiero\/\",\"name\":\"Aeronoticias.com.pe\",\"description\":\"Noticias de tranporte aereo, turismo, hoteles, gastronomia, actualidad, internacional\",\"potentialAction\":[{\"@type\":\"SearchAction\",\"target\":{\"@type\":\"EntryPoint\",\"urlTemplate\":\"https:\/\/aeronoticias.com.pe\/noticiero\/?s={search_term_string}\"},\"query-input\":{\"@type\":\"PropertyValueSpecification\",\"valueRequired\":true,\"valueName\":\"search_term_string\"}}],\"inLanguage\":\"es\"},{\"@type\":\"Person\",\"@id\":\"https:\/\/aeronoticias.com.pe\/noticiero\/#\/schema\/person\/fc1e5d578f4b62ba1cf7ac2bba1170a0\",\"name\":\"Redacci\u00f3n Aeronoticias\",\"url\":\"https:\/\/aeronoticias.com.pe\/noticiero\/author\/piloto\/\"}]}<\/script>\n<!-- \/ Yoast SEO plugin. -->","yoast_head_json":{"title":"Avianca se prepara para la prevenci\u00f3n del virus del \u00e9bola","description":"Portal de noticias del Per\u00fa sobre el transporte a\u00e9reo, aviaci\u00f3n, turismo, hoteleria, actualidad.","robots":{"index":"index","follow":"follow","max-snippet":"max-snippet:-1","max-image-preview":"max-image-preview:large","max-video-preview":"max-video-preview:-1"},"canonical":"https:\/\/aeronoticias.com.pe\/noticiero\/transporte-aereo\/internacional\/avianca-se-prepara-para-la-prevencion-del-virus-del-ebola\/","og_locale":"es_ES","og_type":"article","og_title":"Avianca se prepara para la prevenci\u00f3n del virus del \u00e9bola","og_description":"Portal de noticias del Per\u00fa sobre el transporte a\u00e9reo, aviaci\u00f3n, turismo, hoteleria, actualidad.","og_url":"https:\/\/aeronoticias.com.pe\/noticiero\/transporte-aereo\/internacional\/avianca-se-prepara-para-la-prevencion-del-virus-del-ebola\/","og_site_name":"Aeronoticias.com.pe","article_publisher":"https:\/\/www.facebook.com\/Aeronoticias.com.pe\/","article_published_time":"2014-09-20T12:00:00+00:00","author":"Redacci\u00f3n Aeronoticias","twitter_card":"summary_large_image","twitter_creator":"@aeronoticias","twitter_site":"@aeronoticias","twitter_misc":{"Escrito por":"Redacci\u00f3n Aeronoticias","Tiempo de lectura":"2 minutos"},"schema":{"@context":"https:\/\/schema.org","@graph":[{"@type":"WebPage","@id":"https:\/\/aeronoticias.com.pe\/noticiero\/transporte-aereo\/internacional\/avianca-se-prepara-para-la-prevencion-del-virus-del-ebola\/","url":"https:\/\/aeronoticias.com.pe\/noticiero\/transporte-aereo\/internacional\/avianca-se-prepara-para-la-prevencion-del-virus-del-ebola\/","name":"Avianca se prepara para la prevenci\u00f3n del virus del \u00e9bola","isPartOf":{"@id":"https:\/\/aeronoticias.com.pe\/noticiero\/#website"},"datePublished":"2014-09-20T12:00:00+00:00","author":{"@id":"https:\/\/aeronoticias.com.pe\/noticiero\/#\/schema\/person\/fc1e5d578f4b62ba1cf7ac2bba1170a0"},"description":"Portal de noticias del Per\u00fa sobre el transporte a\u00e9reo, aviaci\u00f3n, turismo, hoteleria, actualidad.","breadcrumb":{"@id":"https:\/\/aeronoticias.com.pe\/noticiero\/transporte-aereo\/internacional\/avianca-se-prepara-para-la-prevencion-del-virus-del-ebola\/#breadcrumb"},"inLanguage":"es","potentialAction":[{"@type":"ReadAction","target":["https:\/\/aeronoticias.com.pe\/noticiero\/transporte-aereo\/internacional\/avianca-se-prepara-para-la-prevencion-del-virus-del-ebola\/"]}]},{"@type":"BreadcrumbList","@id":"https:\/\/aeronoticias.com.pe\/noticiero\/transporte-aereo\/internacional\/avianca-se-prepara-para-la-prevencion-del-virus-del-ebola\/#breadcrumb","itemListElement":[{"@type":"ListItem","position":1,"name":"Portada","item":"https:\/\/aeronoticias.com.pe\/noticiero\/"},{"@type":"ListItem","position":2,"name":"Avianca se prepara para la prevenci\u00f3n del virus del \u00e9bola"}]},{"@type":"WebSite","@id":"https:\/\/aeronoticias.com.pe\/noticiero\/#website","url":"https:\/\/aeronoticias.com.pe\/noticiero\/","name":"Aeronoticias.com.pe","description":"Noticias de tranporte aereo, turismo, hoteles, gastronomia, actualidad, internacional","potentialAction":[{"@type":"SearchAction","target":{"@type":"EntryPoint","urlTemplate":"https:\/\/aeronoticias.com.pe\/noticiero\/?s={search_term_string}"},"query-input":{"@type":"PropertyValueSpecification","valueRequired":true,"valueName":"search_term_string"}}],"inLanguage":"es"},{"@type":"Person","@id":"https:\/\/aeronoticias.com.pe\/noticiero\/#\/schema\/person\/fc1e5d578f4b62ba1cf7ac2bba1170a0","name":"Redacci\u00f3n Aeronoticias","url":"https:\/\/aeronoticias.com.pe\/noticiero\/author\/piloto\/"}]}},"_links":{"self":[{"href":"https:\/\/aeronoticias.com.pe\/noticiero\/wp-json\/wp\/v2\/posts\/49109","targetHints":{"allow":["GET"]}}],"collection":[{"href":"https:\/\/aeronoticias.com.pe\/noticiero\/wp-json\/wp\/v2\/posts"}],"about":[{"href":"https:\/\/aeronoticias.com.pe\/noticiero\/wp-json\/wp\/v2\/types\/post"}],"author":[{"embeddable":true,"href":"https:\/\/aeronoticias.com.pe\/noticiero\/wp-json\/wp\/v2\/users\/1"}],"replies":[{"embeddable":true,"href":"https:\/\/aeronoticias.com.pe\/noticiero\/wp-json\/wp\/v2\/comments?post=49109"}],"version-history":[{"count":0,"href":"https:\/\/aeronoticias.com.pe\/noticiero\/wp-json\/wp\/v2\/posts\/49109\/revisions"}],"wp:attachment":[{"href":"https:\/\/aeronoticias.com.pe\/noticiero\/wp-json\/wp\/v2\/media?parent=49109"}],"wp:term":[{"taxonomy":"category","embeddable":true,"href":"https:\/\/aeronoticias.com.pe\/noticiero\/wp-json\/wp\/v2\/categories?post=49109"},{"taxonomy":"post_tag","embeddable":true,"href":"https:\/\/aeronoticias.com.pe\/noticiero\/wp-json\/wp\/v2\/tags?post=49109"}],"curies":[{"name":"wp","href":"https:\/\/api.w.org\/{rel}","templated":true}]}}