{"id":49110,"date":"2014-09-20T12:00:00","date_gmt":"2014-09-20T12:00:00","guid":{"rendered":"http:\/\/desarrollo.mcvicious.com\/aero2020\/2014\/09\/20\/congreso-autoriza-viaje-del-presidente-humala-a-69-asamblea-general-de-la-onu\/"},"modified":"2014-09-20T12:00:00","modified_gmt":"2014-09-20T12:00:00","slug":"congreso-autoriza-viaje-del-presidente-humala-a-69-asamblea-general-de-la-onu","status":"publish","type":"post","link":"https:\/\/aeronoticias.com.pe\/noticiero\/politica\/congreso-autoriza-viaje-del-presidente-humala-a-69-asamblea-general-de-la-onu\/","title":{"rendered":"Congreso autoriza viaje del presidente Humala a 69 Asamblea General de la ONU"},"content":{"rendered":"<p style=\"text-align: justify;\"><strong><img decoding=\"async\" src=\"images\/stories\/14\/09\/200914\/a8.jpg\" border=\"0\" \/><br \/><\/strong><\/p>\n<p style=\"text-align: justify;\"><strong>(Aeronoticias).-<\/strong> En Nueva York, Estados Unidos, del 21 al 27 de setiembre.<\/p>\n<p style=\"text-align: justify;\">  <!--more-->  La Comisi\u00f3n Permanente del Congreso autoriz\u00f3 hoy el viaje del Presidente de la Rep\u00fablica, Ollanta Humala, a Nueva York, Estados Unidos, para participar en el 69 per\u00edodo de sesiones de la Asamblea General de las Naciones Unidas, a realizarse del 21 al 27 de setiembre.<\/p>\n<p style=\"text-align: justify;\">La autorizaci\u00f3n fue aprobada por unanimidad, con el voto de 12 congresistas a favor, ninguno en contra y sin abstenciones.<\/p>\n<p style=\"text-align: justify;\">Durante su permanencia en Estados Unidos, el Jefe del Estado se reunir\u00e1 con el secretario general de las Naciones Unidas, Ban Ki-moon, y el presidente franc\u00e9s, Fran\u00e7ois Hollande.<\/p>\n<p style=\"text-align: justify;\">Asimismo, las juntas servir\u00e1n como preparativos para la conferencia mundial sobre el cambio clim\u00e1tico (COP20) que nuestro pa\u00eds organizar\u00e1, del 1 al 12 de diciembre, en Lima.<\/p>\n<p style=\"text-align: justify;\">Esta cita mundial se lleva a cabo anualmente y en ella se discute y negocia la manera en que el mundo debe enfrentar el cambio clim\u00e1tico, con la finalidad de revertir su tendencia.<\/p>\n<p style=\"text-align: justify;\">Considerado uno de los pa\u00edses m\u00e1s biodiversos y, a la vez, uno de los m\u00e1s vulnerables a los efectos del cambio clim\u00e1tico, el Per\u00fa comparte la preocupaci\u00f3n de la comunidad internacional por las repercusiones de este fen\u00f3meno en los pueblos y las econom\u00edas.<\/p>\n<p style=\"text-align: justify;\">En este contexto, el Per\u00fa ratific\u00f3 la Enmienda al Protocolo de Kioto, adoptada en la 18 Conferencia de las Partes de la Convenci\u00f3n Marco de las Naciones Unidas sobre Cambio Clim\u00e1tico, celebrada el 2012 en Doha, Catar.<\/p>\n<p style=\"text-align: justify;\">En dicha enmienda se establece un segundo per\u00edodo de compromisos y se asegura la continuidad del Protocolo de Kioto para el lapso 2013-2020, con el fin de continuar la tarea de estabilizar las emisiones de gases de efecto invernadero.<\/p>\n<p style=\"text-align: justify;\">La decisi\u00f3n peruana, adoptada como parte del compromiso de Lima en la lucha contra el cambio clim\u00e1tico, convierte al Per\u00fa en uno de los 20 pa\u00edses que, a la fecha, han ratificado este instrumento internacional.<\/p>\n<p style=\"text-align: justify;\">\u00a0<\/p>\n<p style=\"text-align: justify;\">Fuente:<strong><em> Andina<\/em><\/strong><\/p>\n<p style=\"text-align: justify;\">Foto: <strong><em>Andina<\/em><\/strong><\/p>\n","protected":false},"excerpt":{"rendered":"<p>(Aeronoticias).- En Nueva York, Estados Unidos, del 21 al 27 de setiembre.<\/p>\n","protected":false},"author":1,"featured_media":0,"comment_status":"open","ping_status":"open","sticky":false,"template":"","format":"standard","meta":{"tdm_status":"","tdm_grid_status":"","footnotes":""},"categories":[36],"tags":[],"class_list":{"0":"post-49110","1":"post","2":"type-post","3":"status-publish","4":"format-standard","6":"category-politica"},"yoast_head":"<!-- This site is optimized with the Yoast SEO plugin v25.1 - https:\/\/yoast.com\/wordpress\/plugins\/seo\/ -->\n<title>Congreso autoriza viaje del presidente Humala a 69 Asamblea General de la ONU<\/title>\n<meta name=\"description\" content=\"Portal de noticias del Per\u00fa sobre el transporte a\u00e9reo, aviaci\u00f3n, turismo, hoteleria, actualidad.\" \/>\n<meta name=\"robots\" content=\"index, follow, max-snippet:-1, max-image-preview:large, max-video-preview:-1\" \/>\n<link rel=\"canonical\" href=\"https:\/\/aeronoticias.com.pe\/noticiero\/politica\/congreso-autoriza-viaje-del-presidente-humala-a-69-asamblea-general-de-la-onu\/\" \/>\n<meta property=\"og:locale\" content=\"es_ES\" \/>\n<meta property=\"og:type\" content=\"article\" \/>\n<meta property=\"og:title\" content=\"Congreso autoriza viaje del presidente Humala a 69 Asamblea General de la ONU\" \/>\n<meta property=\"og:description\" content=\"Portal de noticias del Per\u00fa sobre el transporte a\u00e9reo, aviaci\u00f3n, turismo, hoteleria, actualidad.\" \/>\n<meta property=\"og:url\" content=\"https:\/\/aeronoticias.com.pe\/noticiero\/politica\/congreso-autoriza-viaje-del-presidente-humala-a-69-asamblea-general-de-la-onu\/\" \/>\n<meta property=\"og:site_name\" content=\"Aeronoticias.com.pe\" \/>\n<meta property=\"article:publisher\" content=\"https:\/\/www.facebook.com\/Aeronoticias.com.pe\/\" \/>\n<meta property=\"article:published_time\" content=\"2014-09-20T12:00:00+00:00\" \/>\n<meta name=\"author\" content=\"Redacci\u00f3n Aeronoticias\" \/>\n<meta name=\"twitter:card\" content=\"summary_large_image\" \/>\n<meta name=\"twitter:creator\" content=\"@aeronoticias\" \/>\n<meta name=\"twitter:site\" content=\"@aeronoticias\" \/>\n<meta name=\"twitter:label1\" content=\"Escrito por\" \/>\n\t<meta name=\"twitter:data1\" content=\"Redacci\u00f3n Aeronoticias\" \/>\n\t<meta name=\"twitter:label2\" content=\"Tiempo de lectura\" \/>\n\t<meta name=\"twitter:data2\" content=\"2 minutos\" \/>\n<script type=\"application\/ld+json\" class=\"yoast-schema-graph\">{\"@context\":\"https:\/\/schema.org\",\"@graph\":[{\"@type\":\"WebPage\",\"@id\":\"https:\/\/aeronoticias.com.pe\/noticiero\/politica\/congreso-autoriza-viaje-del-presidente-humala-a-69-asamblea-general-de-la-onu\/\",\"url\":\"https:\/\/aeronoticias.com.pe\/noticiero\/politica\/congreso-autoriza-viaje-del-presidente-humala-a-69-asamblea-general-de-la-onu\/\",\"name\":\"Congreso autoriza viaje del presidente Humala a 69 Asamblea General de la ONU\",\"isPartOf\":{\"@id\":\"https:\/\/aeronoticias.com.pe\/noticiero\/#website\"},\"datePublished\":\"2014-09-20T12:00:00+00:00\",\"author\":{\"@id\":\"https:\/\/aeronoticias.com.pe\/noticiero\/#\/schema\/person\/fc1e5d578f4b62ba1cf7ac2bba1170a0\"},\"description\":\"Portal de noticias del Per\u00fa sobre el transporte a\u00e9reo, aviaci\u00f3n, turismo, hoteleria, actualidad.\",\"breadcrumb\":{\"@id\":\"https:\/\/aeronoticias.com.pe\/noticiero\/politica\/congreso-autoriza-viaje-del-presidente-humala-a-69-asamblea-general-de-la-onu\/#breadcrumb\"},\"inLanguage\":\"es\",\"potentialAction\":[{\"@type\":\"ReadAction\",\"target\":[\"https:\/\/aeronoticias.com.pe\/noticiero\/politica\/congreso-autoriza-viaje-del-presidente-humala-a-69-asamblea-general-de-la-onu\/\"]}]},{\"@type\":\"BreadcrumbList\",\"@id\":\"https:\/\/aeronoticias.com.pe\/noticiero\/politica\/congreso-autoriza-viaje-del-presidente-humala-a-69-asamblea-general-de-la-onu\/#breadcrumb\",\"itemListElement\":[{\"@type\":\"ListItem\",\"position\":1,\"name\":\"Portada\",\"item\":\"https:\/\/aeronoticias.com.pe\/noticiero\/\"},{\"@type\":\"ListItem\",\"position\":2,\"name\":\"Congreso autoriza viaje del presidente Humala a 69 Asamblea General de la ONU\"}]},{\"@type\":\"WebSite\",\"@id\":\"https:\/\/aeronoticias.com.pe\/noticiero\/#website\",\"url\":\"https:\/\/aeronoticias.com.pe\/noticiero\/\",\"name\":\"Aeronoticias.com.pe\",\"description\":\"Noticias de tranporte aereo, turismo, hoteles, gastronomia, actualidad, internacional\",\"potentialAction\":[{\"@type\":\"SearchAction\",\"target\":{\"@type\":\"EntryPoint\",\"urlTemplate\":\"https:\/\/aeronoticias.com.pe\/noticiero\/?s={search_term_string}\"},\"query-input\":{\"@type\":\"PropertyValueSpecification\",\"valueRequired\":true,\"valueName\":\"search_term_string\"}}],\"inLanguage\":\"es\"},{\"@type\":\"Person\",\"@id\":\"https:\/\/aeronoticias.com.pe\/noticiero\/#\/schema\/person\/fc1e5d578f4b62ba1cf7ac2bba1170a0\",\"name\":\"Redacci\u00f3n Aeronoticias\",\"url\":\"https:\/\/aeronoticias.com.pe\/noticiero\/author\/piloto\/\"}]}<\/script>\n<!-- \/ Yoast SEO plugin. -->","yoast_head_json":{"title":"Congreso autoriza viaje del presidente Humala a 69 Asamblea General de la ONU","description":"Portal de noticias del Per\u00fa sobre el transporte a\u00e9reo, aviaci\u00f3n, turismo, hoteleria, actualidad.","robots":{"index":"index","follow":"follow","max-snippet":"max-snippet:-1","max-image-preview":"max-image-preview:large","max-video-preview":"max-video-preview:-1"},"canonical":"https:\/\/aeronoticias.com.pe\/noticiero\/politica\/congreso-autoriza-viaje-del-presidente-humala-a-69-asamblea-general-de-la-onu\/","og_locale":"es_ES","og_type":"article","og_title":"Congreso autoriza viaje del presidente Humala a 69 Asamblea General de la ONU","og_description":"Portal de noticias del Per\u00fa sobre el transporte a\u00e9reo, aviaci\u00f3n, turismo, hoteleria, actualidad.","og_url":"https:\/\/aeronoticias.com.pe\/noticiero\/politica\/congreso-autoriza-viaje-del-presidente-humala-a-69-asamblea-general-de-la-onu\/","og_site_name":"Aeronoticias.com.pe","article_publisher":"https:\/\/www.facebook.com\/Aeronoticias.com.pe\/","article_published_time":"2014-09-20T12:00:00+00:00","author":"Redacci\u00f3n Aeronoticias","twitter_card":"summary_large_image","twitter_creator":"@aeronoticias","twitter_site":"@aeronoticias","twitter_misc":{"Escrito por":"Redacci\u00f3n Aeronoticias","Tiempo de lectura":"2 minutos"},"schema":{"@context":"https:\/\/schema.org","@graph":[{"@type":"WebPage","@id":"https:\/\/aeronoticias.com.pe\/noticiero\/politica\/congreso-autoriza-viaje-del-presidente-humala-a-69-asamblea-general-de-la-onu\/","url":"https:\/\/aeronoticias.com.pe\/noticiero\/politica\/congreso-autoriza-viaje-del-presidente-humala-a-69-asamblea-general-de-la-onu\/","name":"Congreso autoriza viaje del presidente Humala a 69 Asamblea General de la ONU","isPartOf":{"@id":"https:\/\/aeronoticias.com.pe\/noticiero\/#website"},"datePublished":"2014-09-20T12:00:00+00:00","author":{"@id":"https:\/\/aeronoticias.com.pe\/noticiero\/#\/schema\/person\/fc1e5d578f4b62ba1cf7ac2bba1170a0"},"description":"Portal de noticias del Per\u00fa sobre el transporte a\u00e9reo, aviaci\u00f3n, turismo, hoteleria, actualidad.","breadcrumb":{"@id":"https:\/\/aeronoticias.com.pe\/noticiero\/politica\/congreso-autoriza-viaje-del-presidente-humala-a-69-asamblea-general-de-la-onu\/#breadcrumb"},"inLanguage":"es","potentialAction":[{"@type":"ReadAction","target":["https:\/\/aeronoticias.com.pe\/noticiero\/politica\/congreso-autoriza-viaje-del-presidente-humala-a-69-asamblea-general-de-la-onu\/"]}]},{"@type":"BreadcrumbList","@id":"https:\/\/aeronoticias.com.pe\/noticiero\/politica\/congreso-autoriza-viaje-del-presidente-humala-a-69-asamblea-general-de-la-onu\/#breadcrumb","itemListElement":[{"@type":"ListItem","position":1,"name":"Portada","item":"https:\/\/aeronoticias.com.pe\/noticiero\/"},{"@type":"ListItem","position":2,"name":"Congreso autoriza viaje del presidente Humala a 69 Asamblea General de la ONU"}]},{"@type":"WebSite","@id":"https:\/\/aeronoticias.com.pe\/noticiero\/#website","url":"https:\/\/aeronoticias.com.pe\/noticiero\/","name":"Aeronoticias.com.pe","description":"Noticias de tranporte aereo, turismo, hoteles, gastronomia, actualidad, internacional","potentialAction":[{"@type":"SearchAction","target":{"@type":"EntryPoint","urlTemplate":"https:\/\/aeronoticias.com.pe\/noticiero\/?s={search_term_string}"},"query-input":{"@type":"PropertyValueSpecification","valueRequired":true,"valueName":"search_term_string"}}],"inLanguage":"es"},{"@type":"Person","@id":"https:\/\/aeronoticias.com.pe\/noticiero\/#\/schema\/person\/fc1e5d578f4b62ba1cf7ac2bba1170a0","name":"Redacci\u00f3n Aeronoticias","url":"https:\/\/aeronoticias.com.pe\/noticiero\/author\/piloto\/"}]}},"_links":{"self":[{"href":"https:\/\/aeronoticias.com.pe\/noticiero\/wp-json\/wp\/v2\/posts\/49110","targetHints":{"allow":["GET"]}}],"collection":[{"href":"https:\/\/aeronoticias.com.pe\/noticiero\/wp-json\/wp\/v2\/posts"}],"about":[{"href":"https:\/\/aeronoticias.com.pe\/noticiero\/wp-json\/wp\/v2\/types\/post"}],"author":[{"embeddable":true,"href":"https:\/\/aeronoticias.com.pe\/noticiero\/wp-json\/wp\/v2\/users\/1"}],"replies":[{"embeddable":true,"href":"https:\/\/aeronoticias.com.pe\/noticiero\/wp-json\/wp\/v2\/comments?post=49110"}],"version-history":[{"count":0,"href":"https:\/\/aeronoticias.com.pe\/noticiero\/wp-json\/wp\/v2\/posts\/49110\/revisions"}],"wp:attachment":[{"href":"https:\/\/aeronoticias.com.pe\/noticiero\/wp-json\/wp\/v2\/media?parent=49110"}],"wp:term":[{"taxonomy":"category","embeddable":true,"href":"https:\/\/aeronoticias.com.pe\/noticiero\/wp-json\/wp\/v2\/categories?post=49110"},{"taxonomy":"post_tag","embeddable":true,"href":"https:\/\/aeronoticias.com.pe\/noticiero\/wp-json\/wp\/v2\/tags?post=49110"}],"curies":[{"name":"wp","href":"https:\/\/api.w.org\/{rel}","templated":true}]}}