{"id":493,"date":"2008-09-12T19:08:43","date_gmt":"2008-09-12T19:08:43","guid":{"rendered":"http:\/\/desarrollo.mcvicious.com\/aero2020\/2008\/09\/12\/peru-producirms-de-5-millones-y-medio-de-litros-de-pisco-este-a\/"},"modified":"2008-09-12T19:08:43","modified_gmt":"2008-09-12T19:08:43","slug":"peru-producirms-de-5-millones-y-medio-de-litros-de-pisco-este-a","status":"publish","type":"post","link":"https:\/\/aeronoticias.com.pe\/noticiero\/ultimas\/1\/peru-producirms-de-5-millones-y-medio-de-litros-de-pisco-este-a\/","title":{"rendered":"PERU PRODUCIR"},"content":{"rendered":"<p>&nbsp;<\/p>\n<div align=\"justify\">El ministro de la Producci&oacute;n, Rafael Rey, estim&oacute; que este a&ntilde;o la producci&oacute;n de nuestra bebida de bandera, el pisco, ser&aacute; mayor a los 5 millones y medio de litros, lo que representa un crecimiento de 35%.<\/p>\n<p>&ldquo;La exportaci&oacute;n de Pisco, entre el 2005 y el 2007, en cuanto al valor FOB ha crecido de 482 mil a m&aacute;s de un mill&oacute;n de d&oacute;lares. Se ha duplicado&rdquo;, expres&oacute; Rey durante la inauguraci&oacute;n del XII Festival y XV Concurso Nacional del Pisco, en el Centro de Convenciones del Jockey Plaza Shopping Center.<\/div>\n<p><\/p>\n<div align=\"justify\">\n<div style=\"text-align: center\"><img loading=\"lazy\" decoding=\"async\" src=\"http:\/\/aeronoticias.com.pe\/fotonoticias\/setiembre\/pisco12sep.JPG\" alt=\" \" title=\"El ministro de la Producci&oacute;n, Rafael Rey, durante la inauguraci&oacute;n del XII Festival y XV Concurso Nacional del Pisco. (Foto: Martha Valderrama-Aeronoticias)\" hspace=\"5\" vspace=\"5\" width=\"400\" height=\"291\" \/><\/div>\n<p><\/div>\n<p>&nbsp;<\/p>\n<div align=\"center\"><strong>Principales destinos<\/strong><\/div>\n<p>&nbsp;<\/p>\n<div align=\"justify\">El ministro de la Producci&oacute;n, Rafael Rey, estim&oacute; que este a&ntilde;o la producci&oacute;n de nuestra bebida de bandera, el pisco, ser&aacute; mayor a los 5 millones y medio de litros, lo que representa un crecimiento de 35%.<\/p>\n<p>&ldquo;La exportaci&oacute;n de Pisco, entre el 2005 y el 2007, en cuanto al valor FOB ha crecido de 482 mil a m&aacute;s de un mill&oacute;n de d&oacute;lares. Se ha duplicado&rdquo;, expres&oacute; Rey durante la inauguraci&oacute;n del XII Festival y XV Concurso Nacional del Pisco, en el Centro de Convenciones del Jockey Plaza Shopping Center.<\/p><\/div>\n<p><\/p>\n<div align=\"center\"><strong>Denominaci&oacute;n de origen<\/strong><\/div>\n<div align=\"justify\"><\/div>\n<div align=\"justify\">El ministro Rey dijo que del 2003 al 2008 se ha pasado de tener 76 productores con autorizaci&oacute;n con denominaci&oacute;n de origen se ha pasado a 135.<\/p>\n<p>Asimismo, de 129 participantes se pas&oacute; a 307 participantes en este Concurso.<\/p>\n<p>&ldquo;De las 135 empresas que est&aacute;n participando en este Concurso, hay 48 empresas de Lima, 51 de Ica, 17 de Arequipa, 8 de Moquegua, 11 de Tacna&rdquo;, asegur&oacute; Rey.<\/p><\/div>\n<div align=\"justify\">\n<div style=\"text-align: center\"><img loading=\"lazy\" decoding=\"async\" src=\"http:\/\/aeronoticias.com.pe\/fotonoticias\/setiembre\/reypisco.JPG\" alt=\" \" title=\"El ministro de la Producci&oacute;n, Rafael Rey, saboreando nuestro pisco. (Foto: Martha Valderrama-Aeronoticias)\" hspace=\"5\" vspace=\"5\" width=\"400\" height=\"300\" \/><\/div>\n<p><\/div>\n<p> <!--more--> <\/p>\n<p>&nbsp;<\/p>\n<div align=\"center\"><strong>En cantidad de litros exportados<\/strong><\/div>\n<p>&nbsp;<\/p>\n<p>&ldquo;Hemos pasado de 85 mil 700 litros a casi 611 mil litros. Eso representa en valor FOB un crecimiento de 38%&rdquo;, manifest&oacute; el ministro de la Producci&oacute;n Rafael Rey.<br \/><strong><br \/><\/strong><\/p>\n<div align=\"center\"><strong>Surco asociada a todo evento vinculada al pisco<\/strong><\/div>\n<p>&nbsp;<\/p>\n<div align=\"justify\">El alcalde de Surco, Juan Manuel Del Mar, quien particip&oacute; tambi&eacute;rn en la inauguraci&oacute;n de este evento dijo que &ldquo;Surco siempre estar&aacute; asociada en todo evento que est&eacute; relacionado a nuestra bebida de bandera que es el pisco&rdquo;.<\/p>\n<p>Agreg&oacute; que este distrito desarrolla la vendimia surcana, cada a&ntilde;o en marzo. Asimismo, el Festival del Pisco Sour, el D&iacute;a del Pisco, y ahora participa en el XV Concurso Nacional del Pisco.<\/p>\n<p>Finalmente, dentro de las acciones de promoci&oacute;n del pisco se presentar&aacute; el domingo a las 5:30 p.m. el libro &ldquo;Pisco: Esp&iacute;ritu del Per&uacute;&rdquo;, en el marco de las actividades programas. Presentaci&oacute;n este domingo a las 5: 30 p.m. en el Centro de Convenciones del Jockey Plaza Shopping Center.<\/p><\/div>\n<div align=\"justify\">&nbsp; <\/p>\n<div style=\"text-align: center\"><img loading=\"lazy\" decoding=\"async\" src=\"http:\/\/aeronoticias.com.pe\/fotonoticias\/setiembre\/reythorne1.JPG\" alt=\" \" title=\"El ministro Rafael Rey, junto a presidente del Indecopi, Jaime Thorne, recorriendo los ambientes del XII Festival y XV Concurso Nacional del Pisco, en el Centro de Convenciones del Jockey Plaza Shopping Center. (Foto: Martha Valderrama-Aeronoticias)\" hspace=\"5\" vspace=\"5\" width=\"400\" height=\"300\" \/><\/div>\n<\/div>\n<p>&nbsp;<\/p>\n<div align=\"center\"><strong>Indecopi: Guardi&aacute;n de la bebida emblem&aacute;tica<\/strong><\/div>\n<p>&nbsp;<\/p>\n<p align=\"justify\">Por su parte, el presidente del directorio del Indecopi, Jaime Thorne Le&oacute;n, dijo que esta entidad como depositario de las normas t&eacute;cnicas se convierte en el &ldquo;guardi&aacute;n de la nuestra bebida emblem&aacute;tica, el pisco&rdquo;.<\/p>\n<p>Agreg&oacute; que este trabajo del Indecopi recibe el apoyo de los catadores que ayudan a mantener la calidad del pisco. <\/p>\n<p>&ldquo;Somos celosos guardianes de la calidad del pisco&rdquo;, expres&oacute; Jaime Thorne.<\/p>\n","protected":false},"excerpt":{"rendered":"<p>&nbsp; El ministro de la Producci&oacute;n, Rafael Rey, estim&oacute; que este a&ntilde;o la producci&oacute;n de nuestra bebida de bandera, el pisco, ser&aacute; mayor a los 5 millones y medio de litros, lo que representa un crecimiento de 35%. &ldquo;La exportaci&oacute;n de Pisco, entre el 2005 y el 2007, en cuanto al valor FOB ha crecido [&hellip;]<\/p>\n","protected":false},"author":1,"featured_media":0,"comment_status":"open","ping_status":"open","sticky":false,"template":"","format":"standard","meta":{"tdm_status":"","tdm_grid_status":"","footnotes":""},"categories":[30],"tags":[],"class_list":{"0":"post-493","1":"post","2":"type-post","3":"status-publish","4":"format-standard","6":"category-30"},"yoast_head":"<!-- This site is optimized with the Yoast SEO plugin v25.1 - https:\/\/yoast.com\/wordpress\/plugins\/seo\/ -->\n<title>PERU PRODUCIR<\/title>\n<meta name=\"description\" content=\"Portal de noticias del Per\u00fa sobre el transporte a\u00e9reo, aviaci\u00f3n, turismo, hoteleria, actualidad.\" \/>\n<meta name=\"robots\" content=\"index, follow, max-snippet:-1, max-image-preview:large, max-video-preview:-1\" \/>\n<link rel=\"canonical\" href=\"https:\/\/aeronoticias.com.pe\/noticiero\/ultimas\/1\/peru-producirms-de-5-millones-y-medio-de-litros-de-pisco-este-a\/\" \/>\n<meta property=\"og:locale\" content=\"es_ES\" \/>\n<meta property=\"og:type\" content=\"article\" \/>\n<meta property=\"og:title\" content=\"PERU PRODUCIR\" \/>\n<meta property=\"og:description\" content=\"Portal de noticias del Per\u00fa sobre el transporte a\u00e9reo, aviaci\u00f3n, turismo, hoteleria, actualidad.\" \/>\n<meta property=\"og:url\" content=\"https:\/\/aeronoticias.com.pe\/noticiero\/ultimas\/1\/peru-producirms-de-5-millones-y-medio-de-litros-de-pisco-este-a\/\" \/>\n<meta property=\"og:site_name\" content=\"Aeronoticias.com.pe\" \/>\n<meta property=\"article:publisher\" content=\"https:\/\/www.facebook.com\/Aeronoticias.com.pe\/\" \/>\n<meta property=\"article:published_time\" content=\"2008-09-12T19:08:43+00:00\" \/>\n<meta property=\"og:image\" content=\"http:\/\/aeronoticias.com.pe\/fotonoticias\/setiembre\/pisco12sep.JPG\" \/>\n<meta name=\"author\" content=\"Redacci\u00f3n Aeronoticias\" \/>\n<meta name=\"twitter:card\" content=\"summary_large_image\" \/>\n<meta name=\"twitter:creator\" content=\"@aeronoticias\" \/>\n<meta name=\"twitter:site\" content=\"@aeronoticias\" \/>\n<meta name=\"twitter:label1\" content=\"Escrito por\" \/>\n\t<meta name=\"twitter:data1\" content=\"Redacci\u00f3n Aeronoticias\" \/>\n\t<meta name=\"twitter:label2\" content=\"Tiempo de lectura\" \/>\n\t<meta name=\"twitter:data2\" content=\"3 minutos\" \/>\n<script type=\"application\/ld+json\" class=\"yoast-schema-graph\">{\"@context\":\"https:\/\/schema.org\",\"@graph\":[{\"@type\":\"WebPage\",\"@id\":\"https:\/\/aeronoticias.com.pe\/noticiero\/ultimas\/1\/peru-producirms-de-5-millones-y-medio-de-litros-de-pisco-este-a\/\",\"url\":\"https:\/\/aeronoticias.com.pe\/noticiero\/ultimas\/1\/peru-producirms-de-5-millones-y-medio-de-litros-de-pisco-este-a\/\",\"name\":\"PERU PRODUCIR\",\"isPartOf\":{\"@id\":\"https:\/\/aeronoticias.com.pe\/noticiero\/#website\"},\"primaryImageOfPage\":{\"@id\":\"https:\/\/aeronoticias.com.pe\/noticiero\/ultimas\/1\/peru-producirms-de-5-millones-y-medio-de-litros-de-pisco-este-a\/#primaryimage\"},\"image\":{\"@id\":\"https:\/\/aeronoticias.com.pe\/noticiero\/ultimas\/1\/peru-producirms-de-5-millones-y-medio-de-litros-de-pisco-este-a\/#primaryimage\"},\"thumbnailUrl\":\"http:\/\/aeronoticias.com.pe\/fotonoticias\/setiembre\/pisco12sep.JPG\",\"datePublished\":\"2008-09-12T19:08:43+00:00\",\"author\":{\"@id\":\"https:\/\/aeronoticias.com.pe\/noticiero\/#\/schema\/person\/fc1e5d578f4b62ba1cf7ac2bba1170a0\"},\"description\":\"Portal de noticias del Per\u00fa sobre el transporte a\u00e9reo, aviaci\u00f3n, turismo, hoteleria, actualidad.\",\"breadcrumb\":{\"@id\":\"https:\/\/aeronoticias.com.pe\/noticiero\/ultimas\/1\/peru-producirms-de-5-millones-y-medio-de-litros-de-pisco-este-a\/#breadcrumb\"},\"inLanguage\":\"es\",\"potentialAction\":[{\"@type\":\"ReadAction\",\"target\":[\"https:\/\/aeronoticias.com.pe\/noticiero\/ultimas\/1\/peru-producirms-de-5-millones-y-medio-de-litros-de-pisco-este-a\/\"]}]},{\"@type\":\"ImageObject\",\"inLanguage\":\"es\",\"@id\":\"https:\/\/aeronoticias.com.pe\/noticiero\/ultimas\/1\/peru-producirms-de-5-millones-y-medio-de-litros-de-pisco-este-a\/#primaryimage\",\"url\":\"http:\/\/aeronoticias.com.pe\/fotonoticias\/setiembre\/pisco12sep.JPG\",\"contentUrl\":\"http:\/\/aeronoticias.com.pe\/fotonoticias\/setiembre\/pisco12sep.JPG\"},{\"@type\":\"BreadcrumbList\",\"@id\":\"https:\/\/aeronoticias.com.pe\/noticiero\/ultimas\/1\/peru-producirms-de-5-millones-y-medio-de-litros-de-pisco-este-a\/#breadcrumb\",\"itemListElement\":[{\"@type\":\"ListItem\",\"position\":1,\"name\":\"Portada\",\"item\":\"https:\/\/aeronoticias.com.pe\/noticiero\/\"},{\"@type\":\"ListItem\",\"position\":2,\"name\":\"PERU PRODUCIR\"}]},{\"@type\":\"WebSite\",\"@id\":\"https:\/\/aeronoticias.com.pe\/noticiero\/#website\",\"url\":\"https:\/\/aeronoticias.com.pe\/noticiero\/\",\"name\":\"Aeronoticias.com.pe\",\"description\":\"Noticias de tranporte aereo, turismo, hoteles, gastronomia, actualidad, internacional\",\"potentialAction\":[{\"@type\":\"SearchAction\",\"target\":{\"@type\":\"EntryPoint\",\"urlTemplate\":\"https:\/\/aeronoticias.com.pe\/noticiero\/?s={search_term_string}\"},\"query-input\":{\"@type\":\"PropertyValueSpecification\",\"valueRequired\":true,\"valueName\":\"search_term_string\"}}],\"inLanguage\":\"es\"},{\"@type\":\"Person\",\"@id\":\"https:\/\/aeronoticias.com.pe\/noticiero\/#\/schema\/person\/fc1e5d578f4b62ba1cf7ac2bba1170a0\",\"name\":\"Redacci\u00f3n Aeronoticias\",\"url\":\"https:\/\/aeronoticias.com.pe\/noticiero\/author\/piloto\/\"}]}<\/script>\n<!-- \/ Yoast SEO plugin. -->","yoast_head_json":{"title":"PERU PRODUCIR","description":"Portal de noticias del Per\u00fa sobre el transporte a\u00e9reo, aviaci\u00f3n, turismo, hoteleria, actualidad.","robots":{"index":"index","follow":"follow","max-snippet":"max-snippet:-1","max-image-preview":"max-image-preview:large","max-video-preview":"max-video-preview:-1"},"canonical":"https:\/\/aeronoticias.com.pe\/noticiero\/ultimas\/1\/peru-producirms-de-5-millones-y-medio-de-litros-de-pisco-este-a\/","og_locale":"es_ES","og_type":"article","og_title":"PERU PRODUCIR","og_description":"Portal de noticias del Per\u00fa sobre el transporte a\u00e9reo, aviaci\u00f3n, turismo, hoteleria, actualidad.","og_url":"https:\/\/aeronoticias.com.pe\/noticiero\/ultimas\/1\/peru-producirms-de-5-millones-y-medio-de-litros-de-pisco-este-a\/","og_site_name":"Aeronoticias.com.pe","article_publisher":"https:\/\/www.facebook.com\/Aeronoticias.com.pe\/","article_published_time":"2008-09-12T19:08:43+00:00","og_image":[{"url":"http:\/\/aeronoticias.com.pe\/fotonoticias\/setiembre\/pisco12sep.JPG","type":"","width":"","height":""}],"author":"Redacci\u00f3n Aeronoticias","twitter_card":"summary_large_image","twitter_creator":"@aeronoticias","twitter_site":"@aeronoticias","twitter_misc":{"Escrito por":"Redacci\u00f3n Aeronoticias","Tiempo de lectura":"3 minutos"},"schema":{"@context":"https:\/\/schema.org","@graph":[{"@type":"WebPage","@id":"https:\/\/aeronoticias.com.pe\/noticiero\/ultimas\/1\/peru-producirms-de-5-millones-y-medio-de-litros-de-pisco-este-a\/","url":"https:\/\/aeronoticias.com.pe\/noticiero\/ultimas\/1\/peru-producirms-de-5-millones-y-medio-de-litros-de-pisco-este-a\/","name":"PERU PRODUCIR","isPartOf":{"@id":"https:\/\/aeronoticias.com.pe\/noticiero\/#website"},"primaryImageOfPage":{"@id":"https:\/\/aeronoticias.com.pe\/noticiero\/ultimas\/1\/peru-producirms-de-5-millones-y-medio-de-litros-de-pisco-este-a\/#primaryimage"},"image":{"@id":"https:\/\/aeronoticias.com.pe\/noticiero\/ultimas\/1\/peru-producirms-de-5-millones-y-medio-de-litros-de-pisco-este-a\/#primaryimage"},"thumbnailUrl":"http:\/\/aeronoticias.com.pe\/fotonoticias\/setiembre\/pisco12sep.JPG","datePublished":"2008-09-12T19:08:43+00:00","author":{"@id":"https:\/\/aeronoticias.com.pe\/noticiero\/#\/schema\/person\/fc1e5d578f4b62ba1cf7ac2bba1170a0"},"description":"Portal de noticias del Per\u00fa sobre el transporte a\u00e9reo, aviaci\u00f3n, turismo, hoteleria, actualidad.","breadcrumb":{"@id":"https:\/\/aeronoticias.com.pe\/noticiero\/ultimas\/1\/peru-producirms-de-5-millones-y-medio-de-litros-de-pisco-este-a\/#breadcrumb"},"inLanguage":"es","potentialAction":[{"@type":"ReadAction","target":["https:\/\/aeronoticias.com.pe\/noticiero\/ultimas\/1\/peru-producirms-de-5-millones-y-medio-de-litros-de-pisco-este-a\/"]}]},{"@type":"ImageObject","inLanguage":"es","@id":"https:\/\/aeronoticias.com.pe\/noticiero\/ultimas\/1\/peru-producirms-de-5-millones-y-medio-de-litros-de-pisco-este-a\/#primaryimage","url":"http:\/\/aeronoticias.com.pe\/fotonoticias\/setiembre\/pisco12sep.JPG","contentUrl":"http:\/\/aeronoticias.com.pe\/fotonoticias\/setiembre\/pisco12sep.JPG"},{"@type":"BreadcrumbList","@id":"https:\/\/aeronoticias.com.pe\/noticiero\/ultimas\/1\/peru-producirms-de-5-millones-y-medio-de-litros-de-pisco-este-a\/#breadcrumb","itemListElement":[{"@type":"ListItem","position":1,"name":"Portada","item":"https:\/\/aeronoticias.com.pe\/noticiero\/"},{"@type":"ListItem","position":2,"name":"PERU PRODUCIR"}]},{"@type":"WebSite","@id":"https:\/\/aeronoticias.com.pe\/noticiero\/#website","url":"https:\/\/aeronoticias.com.pe\/noticiero\/","name":"Aeronoticias.com.pe","description":"Noticias de tranporte aereo, turismo, hoteles, gastronomia, actualidad, internacional","potentialAction":[{"@type":"SearchAction","target":{"@type":"EntryPoint","urlTemplate":"https:\/\/aeronoticias.com.pe\/noticiero\/?s={search_term_string}"},"query-input":{"@type":"PropertyValueSpecification","valueRequired":true,"valueName":"search_term_string"}}],"inLanguage":"es"},{"@type":"Person","@id":"https:\/\/aeronoticias.com.pe\/noticiero\/#\/schema\/person\/fc1e5d578f4b62ba1cf7ac2bba1170a0","name":"Redacci\u00f3n Aeronoticias","url":"https:\/\/aeronoticias.com.pe\/noticiero\/author\/piloto\/"}]}},"_links":{"self":[{"href":"https:\/\/aeronoticias.com.pe\/noticiero\/wp-json\/wp\/v2\/posts\/493","targetHints":{"allow":["GET"]}}],"collection":[{"href":"https:\/\/aeronoticias.com.pe\/noticiero\/wp-json\/wp\/v2\/posts"}],"about":[{"href":"https:\/\/aeronoticias.com.pe\/noticiero\/wp-json\/wp\/v2\/types\/post"}],"author":[{"embeddable":true,"href":"https:\/\/aeronoticias.com.pe\/noticiero\/wp-json\/wp\/v2\/users\/1"}],"replies":[{"embeddable":true,"href":"https:\/\/aeronoticias.com.pe\/noticiero\/wp-json\/wp\/v2\/comments?post=493"}],"version-history":[{"count":0,"href":"https:\/\/aeronoticias.com.pe\/noticiero\/wp-json\/wp\/v2\/posts\/493\/revisions"}],"wp:attachment":[{"href":"https:\/\/aeronoticias.com.pe\/noticiero\/wp-json\/wp\/v2\/media?parent=493"}],"wp:term":[{"taxonomy":"category","embeddable":true,"href":"https:\/\/aeronoticias.com.pe\/noticiero\/wp-json\/wp\/v2\/categories?post=493"},{"taxonomy":"post_tag","embeddable":true,"href":"https:\/\/aeronoticias.com.pe\/noticiero\/wp-json\/wp\/v2\/tags?post=493"}],"curies":[{"name":"wp","href":"https:\/\/api.w.org\/{rel}","templated":true}]}}