{"id":49402,"date":"2014-10-05T11:00:00","date_gmt":"2014-10-05T11:00:00","guid":{"rendered":"http:\/\/desarrollo.mcvicious.com\/aero2020\/2014\/10\/05\/mapamundi-reorganizado-iesta-su-pais-donde-deberia\/"},"modified":"2014-10-05T11:00:00","modified_gmt":"2014-10-05T11:00:00","slug":"mapamundi-reorganizado-iesta-su-pais-donde-deberia","status":"publish","type":"post","link":"https:\/\/aeronoticias.com.pe\/noticiero\/internacionales\/mapamundi-reorganizado-iesta-su-pais-donde-deberia\/","title":{"rendered":"Mapamundi reorganizado: \u00bfest\u00e1 su pa\u00eds donde deber\u00eda?"},"content":{"rendered":"<p style=\"text-align: justify;\"><img decoding=\"async\" src=\"images\/stories\/14\/10\/051014\/a4.jpg\" border=\"0\" \/><\/p>\n<p style=\"text-align: justify;\"><strong>(Aeronoticias).-<\/strong> El n\u00famero de habitantes de un pa\u00eds raramente mantiene una relaci\u00f3n de equilibrio con el tama\u00f1o de su territorio. Un usuario de Reddit dise\u00f1\u00f3 un mapamundi que resit\u00faa los Estados en funci\u00f3n de su \u00e1rea y poblaci\u00f3n.<\/p>\n<p style=\"text-align: justify;\">  <!--more-->  El creador del mapa, JPalmz, lo public\u00f3 en Reddit, uno de los sitios de producci\u00f3n social de contenido m\u00e1s importantes de Internet. En \u00e9l, los pa\u00edses m\u00e1s superpoblados, como India y China, ocupan los grandes territorios que en la realidad corresponden a Canad\u00e1 y Rusia.<\/p>\n<p style=\"text-align: justify;\">Solo Brasil, Estados Unidos, Irlanda y Yemen conservan su situaci\u00f3n en el mapa, al tener una cantidad de poblaci\u00f3n ajustada a su tama\u00f1o en kil\u00f3metros cuadrados. Por su parte, varios pa\u00edses peque\u00f1os como Nicaragua, Honduras y El Salvador se reubicar\u00edan muy cerca del territorio que ocupan realmente.<\/p>\n<p style=\"text-align: justify;\">Islandia, que ceder\u00eda su isla a Nicaragua, pasa a ocupar el territorio de Luxemburgo, un \u00e1rea de 2.586 kil\u00f3metros cuadrados. Mientras que Rusia y Canad\u00e1, los dos pa\u00edses m\u00e1s grandes del mundo, debido a su baja densidad de poblaci\u00f3n aparecen trasladados a Kazajst\u00e1n y Pakist\u00e1n, respectivamente.<\/p>\n<p style=\"text-align: justify;\">Ecuador, Paraguay y Costa Rica ser\u00edan pa\u00edses vecinos y cambiar\u00edan de continente, al quedar ubicados en funci\u00f3n del n\u00famero de habitantes en los territorios de las actuales Costa de Marfil, Liberia y Sierra Leona. Ucrania ser\u00eda un pa\u00eds americano, ocupando el territorio de Bolivia. Etiopia, el 14.\u00ba pa\u00eds m\u00e1s poblado despu\u00e9s de Nigeria y Egipto, se mete en el \u00e1rea de M\u00e9xico, que, por su parte, pasa a tener frontera con Ir\u00e1n, Austria, el Reino Unido, Birmania, Colombia, B\u00e9lgica y Mozambique; todos ellos situados, como es bien sabido, en el Magreb y el Sahel africanos.<\/p>\n<p style=\"text-align: justify;\">\u00a0<\/p>\n<p style=\"text-align: justify;\">Fuente: <strong><em>RT<\/em><\/strong><\/p>\n<p style=\"text-align: justify;\">Foto: <strong><em>RT<\/em><\/strong><\/p>\n","protected":false},"excerpt":{"rendered":"<p>(Aeronoticias).- El n\u00famero de habitantes de un pa\u00eds raramente mantiene una relaci\u00f3n de equilibrio con el tama\u00f1o de su territorio. Un usuario de Reddit dise\u00f1\u00f3 un mapamundi que resit\u00faa los Estados en funci\u00f3n de su \u00e1rea y poblaci\u00f3n.<\/p>\n","protected":false},"author":1,"featured_media":0,"comment_status":"open","ping_status":"open","sticky":false,"template":"","format":"standard","meta":{"tdm_status":"","tdm_grid_status":"","footnotes":""},"categories":[34],"tags":[],"class_list":{"0":"post-49402","1":"post","2":"type-post","3":"status-publish","4":"format-standard","6":"category-internacionales"},"yoast_head":"<!-- This site is optimized with the Yoast SEO plugin v25.1 - https:\/\/yoast.com\/wordpress\/plugins\/seo\/ -->\n<title>Mapamundi reorganizado: \u00bfest\u00e1 su pa\u00eds donde deber\u00eda?<\/title>\n<meta name=\"description\" content=\"Portal de noticias del Per\u00fa sobre el transporte a\u00e9reo, aviaci\u00f3n, turismo, hoteleria, actualidad.\" \/>\n<meta name=\"robots\" content=\"index, follow, max-snippet:-1, max-image-preview:large, max-video-preview:-1\" \/>\n<link rel=\"canonical\" href=\"https:\/\/aeronoticias.com.pe\/noticiero\/internacionales\/mapamundi-reorganizado-iesta-su-pais-donde-deberia\/\" \/>\n<meta property=\"og:locale\" content=\"es_ES\" \/>\n<meta property=\"og:type\" content=\"article\" \/>\n<meta property=\"og:title\" content=\"Mapamundi reorganizado: \u00bfest\u00e1 su pa\u00eds donde deber\u00eda?\" \/>\n<meta property=\"og:description\" content=\"Portal de noticias del Per\u00fa sobre el transporte a\u00e9reo, aviaci\u00f3n, turismo, hoteleria, actualidad.\" \/>\n<meta property=\"og:url\" content=\"https:\/\/aeronoticias.com.pe\/noticiero\/internacionales\/mapamundi-reorganizado-iesta-su-pais-donde-deberia\/\" \/>\n<meta property=\"og:site_name\" content=\"Aeronoticias.com.pe\" \/>\n<meta property=\"article:publisher\" content=\"https:\/\/www.facebook.com\/Aeronoticias.com.pe\/\" \/>\n<meta property=\"article:published_time\" content=\"2014-10-05T11:00:00+00:00\" \/>\n<meta name=\"author\" content=\"Redacci\u00f3n Aeronoticias\" \/>\n<meta name=\"twitter:card\" content=\"summary_large_image\" \/>\n<meta name=\"twitter:creator\" content=\"@aeronoticias\" \/>\n<meta name=\"twitter:site\" content=\"@aeronoticias\" \/>\n<meta name=\"twitter:label1\" content=\"Escrito por\" \/>\n\t<meta name=\"twitter:data1\" content=\"Redacci\u00f3n Aeronoticias\" \/>\n\t<meta name=\"twitter:label2\" content=\"Tiempo de lectura\" \/>\n\t<meta name=\"twitter:data2\" content=\"2 minutos\" \/>\n<script type=\"application\/ld+json\" class=\"yoast-schema-graph\">{\"@context\":\"https:\/\/schema.org\",\"@graph\":[{\"@type\":\"WebPage\",\"@id\":\"https:\/\/aeronoticias.com.pe\/noticiero\/internacionales\/mapamundi-reorganizado-iesta-su-pais-donde-deberia\/\",\"url\":\"https:\/\/aeronoticias.com.pe\/noticiero\/internacionales\/mapamundi-reorganizado-iesta-su-pais-donde-deberia\/\",\"name\":\"Mapamundi reorganizado: \u00bfest\u00e1 su pa\u00eds donde deber\u00eda?\",\"isPartOf\":{\"@id\":\"https:\/\/aeronoticias.com.pe\/noticiero\/#website\"},\"datePublished\":\"2014-10-05T11:00:00+00:00\",\"author\":{\"@id\":\"https:\/\/aeronoticias.com.pe\/noticiero\/#\/schema\/person\/fc1e5d578f4b62ba1cf7ac2bba1170a0\"},\"description\":\"Portal de noticias del Per\u00fa sobre el transporte a\u00e9reo, aviaci\u00f3n, turismo, hoteleria, actualidad.\",\"breadcrumb\":{\"@id\":\"https:\/\/aeronoticias.com.pe\/noticiero\/internacionales\/mapamundi-reorganizado-iesta-su-pais-donde-deberia\/#breadcrumb\"},\"inLanguage\":\"es\",\"potentialAction\":[{\"@type\":\"ReadAction\",\"target\":[\"https:\/\/aeronoticias.com.pe\/noticiero\/internacionales\/mapamundi-reorganizado-iesta-su-pais-donde-deberia\/\"]}]},{\"@type\":\"BreadcrumbList\",\"@id\":\"https:\/\/aeronoticias.com.pe\/noticiero\/internacionales\/mapamundi-reorganizado-iesta-su-pais-donde-deberia\/#breadcrumb\",\"itemListElement\":[{\"@type\":\"ListItem\",\"position\":1,\"name\":\"Portada\",\"item\":\"https:\/\/aeronoticias.com.pe\/noticiero\/\"},{\"@type\":\"ListItem\",\"position\":2,\"name\":\"Mapamundi reorganizado: \u00bfest\u00e1 su pa\u00eds donde deber\u00eda?\"}]},{\"@type\":\"WebSite\",\"@id\":\"https:\/\/aeronoticias.com.pe\/noticiero\/#website\",\"url\":\"https:\/\/aeronoticias.com.pe\/noticiero\/\",\"name\":\"Aeronoticias.com.pe\",\"description\":\"Noticias de tranporte aereo, turismo, hoteles, gastronomia, actualidad, internacional\",\"potentialAction\":[{\"@type\":\"SearchAction\",\"target\":{\"@type\":\"EntryPoint\",\"urlTemplate\":\"https:\/\/aeronoticias.com.pe\/noticiero\/?s={search_term_string}\"},\"query-input\":{\"@type\":\"PropertyValueSpecification\",\"valueRequired\":true,\"valueName\":\"search_term_string\"}}],\"inLanguage\":\"es\"},{\"@type\":\"Person\",\"@id\":\"https:\/\/aeronoticias.com.pe\/noticiero\/#\/schema\/person\/fc1e5d578f4b62ba1cf7ac2bba1170a0\",\"name\":\"Redacci\u00f3n Aeronoticias\",\"url\":\"https:\/\/aeronoticias.com.pe\/noticiero\/author\/piloto\/\"}]}<\/script>\n<!-- \/ Yoast SEO plugin. -->","yoast_head_json":{"title":"Mapamundi reorganizado: \u00bfest\u00e1 su pa\u00eds donde deber\u00eda?","description":"Portal de noticias del Per\u00fa sobre el transporte a\u00e9reo, aviaci\u00f3n, turismo, hoteleria, actualidad.","robots":{"index":"index","follow":"follow","max-snippet":"max-snippet:-1","max-image-preview":"max-image-preview:large","max-video-preview":"max-video-preview:-1"},"canonical":"https:\/\/aeronoticias.com.pe\/noticiero\/internacionales\/mapamundi-reorganizado-iesta-su-pais-donde-deberia\/","og_locale":"es_ES","og_type":"article","og_title":"Mapamundi reorganizado: \u00bfest\u00e1 su pa\u00eds donde deber\u00eda?","og_description":"Portal de noticias del Per\u00fa sobre el transporte a\u00e9reo, aviaci\u00f3n, turismo, hoteleria, actualidad.","og_url":"https:\/\/aeronoticias.com.pe\/noticiero\/internacionales\/mapamundi-reorganizado-iesta-su-pais-donde-deberia\/","og_site_name":"Aeronoticias.com.pe","article_publisher":"https:\/\/www.facebook.com\/Aeronoticias.com.pe\/","article_published_time":"2014-10-05T11:00:00+00:00","author":"Redacci\u00f3n Aeronoticias","twitter_card":"summary_large_image","twitter_creator":"@aeronoticias","twitter_site":"@aeronoticias","twitter_misc":{"Escrito por":"Redacci\u00f3n Aeronoticias","Tiempo de lectura":"2 minutos"},"schema":{"@context":"https:\/\/schema.org","@graph":[{"@type":"WebPage","@id":"https:\/\/aeronoticias.com.pe\/noticiero\/internacionales\/mapamundi-reorganizado-iesta-su-pais-donde-deberia\/","url":"https:\/\/aeronoticias.com.pe\/noticiero\/internacionales\/mapamundi-reorganizado-iesta-su-pais-donde-deberia\/","name":"Mapamundi reorganizado: \u00bfest\u00e1 su pa\u00eds donde deber\u00eda?","isPartOf":{"@id":"https:\/\/aeronoticias.com.pe\/noticiero\/#website"},"datePublished":"2014-10-05T11:00:00+00:00","author":{"@id":"https:\/\/aeronoticias.com.pe\/noticiero\/#\/schema\/person\/fc1e5d578f4b62ba1cf7ac2bba1170a0"},"description":"Portal de noticias del Per\u00fa sobre el transporte a\u00e9reo, aviaci\u00f3n, turismo, hoteleria, actualidad.","breadcrumb":{"@id":"https:\/\/aeronoticias.com.pe\/noticiero\/internacionales\/mapamundi-reorganizado-iesta-su-pais-donde-deberia\/#breadcrumb"},"inLanguage":"es","potentialAction":[{"@type":"ReadAction","target":["https:\/\/aeronoticias.com.pe\/noticiero\/internacionales\/mapamundi-reorganizado-iesta-su-pais-donde-deberia\/"]}]},{"@type":"BreadcrumbList","@id":"https:\/\/aeronoticias.com.pe\/noticiero\/internacionales\/mapamundi-reorganizado-iesta-su-pais-donde-deberia\/#breadcrumb","itemListElement":[{"@type":"ListItem","position":1,"name":"Portada","item":"https:\/\/aeronoticias.com.pe\/noticiero\/"},{"@type":"ListItem","position":2,"name":"Mapamundi reorganizado: \u00bfest\u00e1 su pa\u00eds donde deber\u00eda?"}]},{"@type":"WebSite","@id":"https:\/\/aeronoticias.com.pe\/noticiero\/#website","url":"https:\/\/aeronoticias.com.pe\/noticiero\/","name":"Aeronoticias.com.pe","description":"Noticias de tranporte aereo, turismo, hoteles, gastronomia, actualidad, internacional","potentialAction":[{"@type":"SearchAction","target":{"@type":"EntryPoint","urlTemplate":"https:\/\/aeronoticias.com.pe\/noticiero\/?s={search_term_string}"},"query-input":{"@type":"PropertyValueSpecification","valueRequired":true,"valueName":"search_term_string"}}],"inLanguage":"es"},{"@type":"Person","@id":"https:\/\/aeronoticias.com.pe\/noticiero\/#\/schema\/person\/fc1e5d578f4b62ba1cf7ac2bba1170a0","name":"Redacci\u00f3n Aeronoticias","url":"https:\/\/aeronoticias.com.pe\/noticiero\/author\/piloto\/"}]}},"_links":{"self":[{"href":"https:\/\/aeronoticias.com.pe\/noticiero\/wp-json\/wp\/v2\/posts\/49402","targetHints":{"allow":["GET"]}}],"collection":[{"href":"https:\/\/aeronoticias.com.pe\/noticiero\/wp-json\/wp\/v2\/posts"}],"about":[{"href":"https:\/\/aeronoticias.com.pe\/noticiero\/wp-json\/wp\/v2\/types\/post"}],"author":[{"embeddable":true,"href":"https:\/\/aeronoticias.com.pe\/noticiero\/wp-json\/wp\/v2\/users\/1"}],"replies":[{"embeddable":true,"href":"https:\/\/aeronoticias.com.pe\/noticiero\/wp-json\/wp\/v2\/comments?post=49402"}],"version-history":[{"count":0,"href":"https:\/\/aeronoticias.com.pe\/noticiero\/wp-json\/wp\/v2\/posts\/49402\/revisions"}],"wp:attachment":[{"href":"https:\/\/aeronoticias.com.pe\/noticiero\/wp-json\/wp\/v2\/media?parent=49402"}],"wp:term":[{"taxonomy":"category","embeddable":true,"href":"https:\/\/aeronoticias.com.pe\/noticiero\/wp-json\/wp\/v2\/categories?post=49402"},{"taxonomy":"post_tag","embeddable":true,"href":"https:\/\/aeronoticias.com.pe\/noticiero\/wp-json\/wp\/v2\/tags?post=49402"}],"curies":[{"name":"wp","href":"https:\/\/api.w.org\/{rel}","templated":true}]}}