{"id":49426,"date":"2014-10-06T19:05:18","date_gmt":"2014-10-06T19:05:18","guid":{"rendered":"http:\/\/desarrollo.mcvicious.com\/aero2020\/2014\/10\/06\/la-temporada-en-su-etapa-final\/"},"modified":"2014-10-06T19:05:18","modified_gmt":"2014-10-06T19:05:18","slug":"la-temporada-en-su-etapa-final","status":"publish","type":"post","link":"https:\/\/aeronoticias.com.pe\/noticiero\/taurina-taurina\/la-temporada-en-su-etapa-final\/","title":{"rendered":"La temporada en su etapa final"},"content":{"rendered":"<p style=\"text-align: justify;\"><strong>(Aeronoticias) <\/strong><span style=\"line-height: 1.3em;\"><strong>Siguen los triunfos de Andr\u00e9s Roca Rey.- <\/strong><\/span><span style=\"line-height: 1.3em;\">Andr\u00e9s Roca Rey ha sido declarado triunfador de la feria de novilladas de la localidad madrile\u00f1a de Cadalso de los Vidrios tras su gran actuaci\u00f3n el pasado 15 de septiembre. De esta manera, el peruano se alz\u00f3 con el XII Trofeo Racimo de Oro &#8216;Villa de Cadalso&#8217;.<\/span><\/p>\n<p style=\"text-align: justify;\">Gran actuaci\u00f3n tambi\u00e9n en la Feria de Arnedo, la m\u00e1s importante cita para los novilleros disputando el preciado trofeo del zapato de oro. Tuvimos la ocasi\u00f3n de ver su actuaci\u00f3n en una tarde de mucho compromiso alternando con Borja Jim\u00e9nez y Gin\u00e9s Mar\u00edn. En verdad que despoj\u00e1ndonos de cualquier sentimiento nacionalista \u00a0somos de opini\u00f3n de que el ganador del trofeo debi\u00f3 ser el novillero peruano. Es cierto que Gin\u00e9s Mar\u00edn es un chico con buenas maneras pero no estuvo a la altura de Andr\u00e9s que adem\u00e1s fue el \u00fanico que sali\u00f3 por la puerta grande cortando orejas en sus dos novillos. Mar\u00edn cort\u00f3 una oreja en su primero pero en el segundo si bien hizo faena con algunos momentos art\u00edsticos, tambi\u00e9n vimos que el novillo le tropezaba la muleta muchas veces y finalmente mat\u00f3 mal pues a punto estuvo de recibir el tercer aviso. Nuestro paisano estuvo muy puesto, entendiendo a sus novillos y siempre por encima de ellos. Si bien \u00a0 Andr\u00e9s recibi\u00f3 el trofeo al mejor toreo de capote, la realidad es que fue el triunfador de la Feria y si quer\u00edan darle de todas maneras el premio a un espa\u00f1ol, hubo varios que lo hubieran merecido m\u00e1s que Mar\u00edn, por ejemplo Francisco Jos\u00e9 Cadena o Filiberto, por mencionar solo a dos de ellos.<\/p>\n<p style=\"text-align: justify;\">Y en Valencia el domingo 5 de octubre obtuvo un nuevo triunfo cortando una oreja en el sexto novillo y siendo ovacionado en el tercero. Sigue destacando Andr\u00e9s y en este caso se trata de un triunfo en Plaza de primera lo que debe contar mucho para su campa\u00f1a en la pr\u00f3xima temporada.<\/p>\n<p style=\"text-align: justify;\"><strong>La Feria de Oto\u00f1o de Madrid.- <\/strong><span style=\"line-height: 1.3em;\">El viernes 3 de octubre se dio inicio a la Feria de Oto\u00f1o de Madrid, la \u00faltima que se realiza en la capital de Espa\u00f1a. Ese d\u00eda se llev\u00f3 a cabo una novillada en la que hemos visto a dos de los novilleros que vendr\u00e1n a nuestra Feria, Borja Jim\u00e9nez y Francisco Jos\u00e9 Espada, quienes se enfrentaron a una seria novillada de Fuente Ymbro que sali\u00f3 muy deslucida. Ambos novilleros resolvieron bien en su actuaci\u00f3n mostrando mucha solvencia y estuvieron por encima de sus lotes. Pensamos que es un acierto haberlos incluido en la segunda novillada de la Feria del Se\u00f1or de los Milagros.<\/span><\/p>\n<p style=\"text-align: justify;\">El s\u00e1bado 4 se llev\u00f3 a cabos la encerrona de Miguel Abell\u00e1n con toros del Puerto de San Lorenzo, muy descastados. Lamentablemente no hubo el triunfo esperado, si bien el torero estuvo bien en todos los toros.<\/p>\n<p style=\"text-align: justify;\">La Feria culmin\u00f3 el domingo 5 con el triunfo de Diego Urdiales y de Seraf\u00edn Mar\u00edn que en una muy buena actuaci\u00f3n cortaron una oreja cada uno a los toros de Adolfo Mart\u00edn.<\/p>\n<p><img decoding=\"async\" src=\"images\/stories\/14\/10\/061014\/arocarey1.jpg\" border=\"0\" \/><\/p>\n<p>\u00a0<\/p>\n<p>\u00a0<\/p>\n","protected":false},"excerpt":{"rendered":"<p>(Aeronoticias) Siguen los triunfos de Andr\u00e9s Roca Rey.- Andr\u00e9s Roca Rey ha sido declarado triunfador de la feria de novilladas de la localidad madrile\u00f1a de Cadalso de los Vidrios tras su gran actuaci\u00f3n el pasado 15 de septiembre. De esta manera, el peruano se alz\u00f3 con el XII Trofeo Racimo de Oro &#8216;Villa de Cadalso&#8217;. [&hellip;]<\/p>\n","protected":false},"author":1,"featured_media":0,"comment_status":"open","ping_status":"open","sticky":false,"template":"","format":"standard","meta":{"tdm_status":"","tdm_grid_status":"","footnotes":""},"categories":[46],"tags":[],"class_list":{"0":"post-49426","1":"post","2":"type-post","3":"status-publish","4":"format-standard","6":"category-taurina-taurina"},"yoast_head":"<!-- This site is optimized with the Yoast SEO plugin v25.1 - https:\/\/yoast.com\/wordpress\/plugins\/seo\/ -->\n<title>La temporada en su etapa final<\/title>\n<meta name=\"description\" content=\"Portal de noticias del Per\u00fa sobre el transporte a\u00e9reo, aviaci\u00f3n, turismo, hoteleria, actualidad.\" \/>\n<meta name=\"robots\" content=\"index, follow, max-snippet:-1, max-image-preview:large, max-video-preview:-1\" \/>\n<link rel=\"canonical\" href=\"https:\/\/aeronoticias.com.pe\/noticiero\/taurina-taurina\/la-temporada-en-su-etapa-final\/\" \/>\n<meta property=\"og:locale\" content=\"es_ES\" \/>\n<meta property=\"og:type\" content=\"article\" \/>\n<meta property=\"og:title\" content=\"La temporada en su etapa final\" \/>\n<meta property=\"og:description\" content=\"Portal de noticias del Per\u00fa sobre el transporte a\u00e9reo, aviaci\u00f3n, turismo, hoteleria, actualidad.\" \/>\n<meta property=\"og:url\" content=\"https:\/\/aeronoticias.com.pe\/noticiero\/taurina-taurina\/la-temporada-en-su-etapa-final\/\" \/>\n<meta property=\"og:site_name\" content=\"Aeronoticias.com.pe\" \/>\n<meta property=\"article:publisher\" content=\"https:\/\/www.facebook.com\/Aeronoticias.com.pe\/\" \/>\n<meta property=\"article:published_time\" content=\"2014-10-06T19:05:18+00:00\" \/>\n<meta name=\"author\" content=\"Redacci\u00f3n Aeronoticias\" \/>\n<meta name=\"twitter:card\" content=\"summary_large_image\" \/>\n<meta name=\"twitter:creator\" content=\"@aeronoticias\" \/>\n<meta name=\"twitter:site\" content=\"@aeronoticias\" \/>\n<meta name=\"twitter:label1\" content=\"Escrito por\" \/>\n\t<meta name=\"twitter:data1\" content=\"Redacci\u00f3n Aeronoticias\" \/>\n\t<meta name=\"twitter:label2\" content=\"Tiempo de lectura\" \/>\n\t<meta name=\"twitter:data2\" content=\"3 minutos\" \/>\n<script type=\"application\/ld+json\" class=\"yoast-schema-graph\">{\"@context\":\"https:\/\/schema.org\",\"@graph\":[{\"@type\":\"WebPage\",\"@id\":\"https:\/\/aeronoticias.com.pe\/noticiero\/taurina-taurina\/la-temporada-en-su-etapa-final\/\",\"url\":\"https:\/\/aeronoticias.com.pe\/noticiero\/taurina-taurina\/la-temporada-en-su-etapa-final\/\",\"name\":\"La temporada en su etapa final\",\"isPartOf\":{\"@id\":\"https:\/\/aeronoticias.com.pe\/noticiero\/#website\"},\"datePublished\":\"2014-10-06T19:05:18+00:00\",\"author\":{\"@id\":\"https:\/\/aeronoticias.com.pe\/noticiero\/#\/schema\/person\/fc1e5d578f4b62ba1cf7ac2bba1170a0\"},\"description\":\"Portal de noticias del Per\u00fa sobre el transporte a\u00e9reo, aviaci\u00f3n, turismo, hoteleria, actualidad.\",\"breadcrumb\":{\"@id\":\"https:\/\/aeronoticias.com.pe\/noticiero\/taurina-taurina\/la-temporada-en-su-etapa-final\/#breadcrumb\"},\"inLanguage\":\"es\",\"potentialAction\":[{\"@type\":\"ReadAction\",\"target\":[\"https:\/\/aeronoticias.com.pe\/noticiero\/taurina-taurina\/la-temporada-en-su-etapa-final\/\"]}]},{\"@type\":\"BreadcrumbList\",\"@id\":\"https:\/\/aeronoticias.com.pe\/noticiero\/taurina-taurina\/la-temporada-en-su-etapa-final\/#breadcrumb\",\"itemListElement\":[{\"@type\":\"ListItem\",\"position\":1,\"name\":\"Portada\",\"item\":\"https:\/\/aeronoticias.com.pe\/noticiero\/\"},{\"@type\":\"ListItem\",\"position\":2,\"name\":\"La temporada en su etapa final\"}]},{\"@type\":\"WebSite\",\"@id\":\"https:\/\/aeronoticias.com.pe\/noticiero\/#website\",\"url\":\"https:\/\/aeronoticias.com.pe\/noticiero\/\",\"name\":\"Aeronoticias.com.pe\",\"description\":\"Noticias de tranporte aereo, turismo, hoteles, gastronomia, actualidad, internacional\",\"potentialAction\":[{\"@type\":\"SearchAction\",\"target\":{\"@type\":\"EntryPoint\",\"urlTemplate\":\"https:\/\/aeronoticias.com.pe\/noticiero\/?s={search_term_string}\"},\"query-input\":{\"@type\":\"PropertyValueSpecification\",\"valueRequired\":true,\"valueName\":\"search_term_string\"}}],\"inLanguage\":\"es\"},{\"@type\":\"Person\",\"@id\":\"https:\/\/aeronoticias.com.pe\/noticiero\/#\/schema\/person\/fc1e5d578f4b62ba1cf7ac2bba1170a0\",\"name\":\"Redacci\u00f3n Aeronoticias\",\"url\":\"https:\/\/aeronoticias.com.pe\/noticiero\/author\/piloto\/\"}]}<\/script>\n<!-- \/ Yoast SEO plugin. -->","yoast_head_json":{"title":"La temporada en su etapa final","description":"Portal de noticias del Per\u00fa sobre el transporte a\u00e9reo, aviaci\u00f3n, turismo, hoteleria, actualidad.","robots":{"index":"index","follow":"follow","max-snippet":"max-snippet:-1","max-image-preview":"max-image-preview:large","max-video-preview":"max-video-preview:-1"},"canonical":"https:\/\/aeronoticias.com.pe\/noticiero\/taurina-taurina\/la-temporada-en-su-etapa-final\/","og_locale":"es_ES","og_type":"article","og_title":"La temporada en su etapa final","og_description":"Portal de noticias del Per\u00fa sobre el transporte a\u00e9reo, aviaci\u00f3n, turismo, hoteleria, actualidad.","og_url":"https:\/\/aeronoticias.com.pe\/noticiero\/taurina-taurina\/la-temporada-en-su-etapa-final\/","og_site_name":"Aeronoticias.com.pe","article_publisher":"https:\/\/www.facebook.com\/Aeronoticias.com.pe\/","article_published_time":"2014-10-06T19:05:18+00:00","author":"Redacci\u00f3n Aeronoticias","twitter_card":"summary_large_image","twitter_creator":"@aeronoticias","twitter_site":"@aeronoticias","twitter_misc":{"Escrito por":"Redacci\u00f3n Aeronoticias","Tiempo de lectura":"3 minutos"},"schema":{"@context":"https:\/\/schema.org","@graph":[{"@type":"WebPage","@id":"https:\/\/aeronoticias.com.pe\/noticiero\/taurina-taurina\/la-temporada-en-su-etapa-final\/","url":"https:\/\/aeronoticias.com.pe\/noticiero\/taurina-taurina\/la-temporada-en-su-etapa-final\/","name":"La temporada en su etapa final","isPartOf":{"@id":"https:\/\/aeronoticias.com.pe\/noticiero\/#website"},"datePublished":"2014-10-06T19:05:18+00:00","author":{"@id":"https:\/\/aeronoticias.com.pe\/noticiero\/#\/schema\/person\/fc1e5d578f4b62ba1cf7ac2bba1170a0"},"description":"Portal de noticias del Per\u00fa sobre el transporte a\u00e9reo, aviaci\u00f3n, turismo, hoteleria, actualidad.","breadcrumb":{"@id":"https:\/\/aeronoticias.com.pe\/noticiero\/taurina-taurina\/la-temporada-en-su-etapa-final\/#breadcrumb"},"inLanguage":"es","potentialAction":[{"@type":"ReadAction","target":["https:\/\/aeronoticias.com.pe\/noticiero\/taurina-taurina\/la-temporada-en-su-etapa-final\/"]}]},{"@type":"BreadcrumbList","@id":"https:\/\/aeronoticias.com.pe\/noticiero\/taurina-taurina\/la-temporada-en-su-etapa-final\/#breadcrumb","itemListElement":[{"@type":"ListItem","position":1,"name":"Portada","item":"https:\/\/aeronoticias.com.pe\/noticiero\/"},{"@type":"ListItem","position":2,"name":"La temporada en su etapa final"}]},{"@type":"WebSite","@id":"https:\/\/aeronoticias.com.pe\/noticiero\/#website","url":"https:\/\/aeronoticias.com.pe\/noticiero\/","name":"Aeronoticias.com.pe","description":"Noticias de tranporte aereo, turismo, hoteles, gastronomia, actualidad, internacional","potentialAction":[{"@type":"SearchAction","target":{"@type":"EntryPoint","urlTemplate":"https:\/\/aeronoticias.com.pe\/noticiero\/?s={search_term_string}"},"query-input":{"@type":"PropertyValueSpecification","valueRequired":true,"valueName":"search_term_string"}}],"inLanguage":"es"},{"@type":"Person","@id":"https:\/\/aeronoticias.com.pe\/noticiero\/#\/schema\/person\/fc1e5d578f4b62ba1cf7ac2bba1170a0","name":"Redacci\u00f3n Aeronoticias","url":"https:\/\/aeronoticias.com.pe\/noticiero\/author\/piloto\/"}]}},"_links":{"self":[{"href":"https:\/\/aeronoticias.com.pe\/noticiero\/wp-json\/wp\/v2\/posts\/49426","targetHints":{"allow":["GET"]}}],"collection":[{"href":"https:\/\/aeronoticias.com.pe\/noticiero\/wp-json\/wp\/v2\/posts"}],"about":[{"href":"https:\/\/aeronoticias.com.pe\/noticiero\/wp-json\/wp\/v2\/types\/post"}],"author":[{"embeddable":true,"href":"https:\/\/aeronoticias.com.pe\/noticiero\/wp-json\/wp\/v2\/users\/1"}],"replies":[{"embeddable":true,"href":"https:\/\/aeronoticias.com.pe\/noticiero\/wp-json\/wp\/v2\/comments?post=49426"}],"version-history":[{"count":0,"href":"https:\/\/aeronoticias.com.pe\/noticiero\/wp-json\/wp\/v2\/posts\/49426\/revisions"}],"wp:attachment":[{"href":"https:\/\/aeronoticias.com.pe\/noticiero\/wp-json\/wp\/v2\/media?parent=49426"}],"wp:term":[{"taxonomy":"category","embeddable":true,"href":"https:\/\/aeronoticias.com.pe\/noticiero\/wp-json\/wp\/v2\/categories?post=49426"},{"taxonomy":"post_tag","embeddable":true,"href":"https:\/\/aeronoticias.com.pe\/noticiero\/wp-json\/wp\/v2\/tags?post=49426"}],"curies":[{"name":"wp","href":"https:\/\/api.w.org\/{rel}","templated":true}]}}