{"id":49428,"date":"2014-10-06T20:06:00","date_gmt":"2014-10-06T20:06:00","guid":{"rendered":"http:\/\/desarrollo.mcvicious.com\/aero2020\/2014\/10\/06\/peru-presente-en-la-feria-del-libro-mas-importante-del-mundo-2\/"},"modified":"2020-09-11T16:04:16","modified_gmt":"2020-09-11T16:04:16","slug":"peru-presente-en-la-feria-del-libro-mas-importante-del-mundo-2","status":"publish","type":"post","link":"https:\/\/aeronoticias.com.pe\/noticiero\/institucionales\/peru-presente-en-la-feria-del-libro-mas-importante-del-mundo-2\/","title":{"rendered":"Per\u00fa participar\u00e1 en la Feria del libro de Frankfrut 2014"},"content":{"rendered":"<p style=\"text-align: justify;\"><strong>(Aeronoticias) <\/strong><span style=\"line-height: 1.3em;\">El ministerio de Comercio Exterior y Turismo (MINCETUR), la Comisi\u00f3n de Promoci\u00f3n del Per\u00fa para la Exportaci\u00f3n y el Turismo (PROMPER\u00da) y la C\u00e1mara Peruana del Libro, con apoyo del Ministerio de Cultura del Per\u00fa, participar\u00e1n en la Feria del Libro de Frankfurt 2014, considerado el evento editorial m\u00e1s importante del mundo, que se realizar\u00e1 en Alemania, del 8 al 12 de octubre. <\/span><\/p>\n<p style=\"text-align: justify;\"><span style=\"line-height: 1.3em;\">Per\u00fa participar\u00e1 por segunda vez con el objetivo de promover la oferta editorial peruana y establecer redes de contacto que generen oportunidades comerciales y de cooperaci\u00f3n. \u00a0En el Stand Per\u00fa se podr\u00e1n encontrar m\u00e1s de 172 publicaciones de tem\u00e1tica variada: libros acad\u00e9micos, ficci\u00f3n, no-ficci\u00f3n, libros para ni\u00f1os y comics.<\/span><\/p>\n<p style=\"text-align: justify;\"><span style=\"line-height: 1.3em;\">En esta oportunidad, la exhibici\u00f3n contar\u00e1 con muestras de las principales universidades peruanas como la PUCP, San Mart\u00edn, Alas Peruanas, San Marcos, C\u00e9sar Vallejo, Inca Garcilaso de la Vega. Participan tambi\u00e9n importantes editoriales como Peisa, Palestra, Editorial Bermudas, Ediciones Zeta y los comics Ayar la leyenda y Supermanco.<\/span><\/p>\n<p style=\"text-align: justify;\"><span style=\"line-height: 1.3em;\">Como parte de la exhibici\u00f3n peruana, el viernes 10 de octubre se llevar\u00e1 a cabo la presentaci\u00f3n del libro \u00abIsabel de los Mares, Primera Embajadora de Am\u00e9rica\u00bb, a cargo del Embajador Ernesto Pinto-Bazurco Rittler. Seguidamente, el Presidente de la C\u00e1mara Peruana del Libro, Germ\u00e1n Coronado, realizar\u00e1 una presentaci\u00f3n de las editoriales peruanas. \u00a0Inaugurar\u00e1 el programa de actividades el C\u00f3nsul General del Per\u00fa en Frankfurt y finalizar\u00e1 con un c\u00f3ctel de honor.<\/span><\/p>\n<p style=\"text-align: justify;\"><span style=\"line-height: 1.3em;\"><strong><em>Fuente: Andina<\/em><\/strong><\/span><\/p>\n<p style=\"text-align: justify;\"><span style=\"line-height: 1.3em;\"><strong><em><img decoding=\"async\" src=\"images\/stories\/14\/10\/061014\/ferialibro.jpg\" border=\"0\" \/><br \/><\/em><\/strong><\/span><\/p>\n<p style=\"text-align: justify;\"><span style=\"line-height: 1.3em;\"><strong><em><br \/><\/em><\/strong><\/span><\/p>\n","protected":false},"excerpt":{"rendered":"<p>(Aeronoticias) El ministerio de Comercio Exterior y Turismo (MINCETUR), la Comisi\u00f3n de Promoci\u00f3n del Per\u00fa para la Exportaci\u00f3n y el Turismo (PROMPER\u00da) y la C\u00e1mara Peruana del Libro, con apoyo del Ministerio de Cultura del Per\u00fa, participar\u00e1n en la Feria del Libro de Frankfurt 2014, considerado el evento editorial m\u00e1s importante del mundo, que se [&hellip;]<\/p>\n","protected":false},"author":1,"featured_media":0,"comment_status":"open","ping_status":"open","sticky":false,"template":"","format":"standard","meta":{"tdm_status":"","tdm_grid_status":"","footnotes":""},"categories":[45,18],"tags":[],"class_list":{"0":"post-49428","1":"post","2":"type-post","3":"status-publish","4":"format-standard","6":"category-eventos","7":"category-institucionales"},"yoast_head":"<!-- This site is optimized with the Yoast SEO plugin v25.1 - https:\/\/yoast.com\/wordpress\/plugins\/seo\/ -->\n<title>Per\u00fa participar\u00e1 en la Feria del libro de Frankfrut 2014<\/title>\n<meta name=\"description\" content=\"Portal de noticias del Per\u00fa sobre el transporte a\u00e9reo, aviaci\u00f3n, turismo, hoteleria, actualidad.\" \/>\n<meta name=\"robots\" content=\"index, follow, max-snippet:-1, max-image-preview:large, max-video-preview:-1\" \/>\n<link rel=\"canonical\" href=\"https:\/\/aeronoticias.com.pe\/noticiero\/institucionales\/peru-presente-en-la-feria-del-libro-mas-importante-del-mundo-2\/\" \/>\n<meta property=\"og:locale\" content=\"es_ES\" \/>\n<meta property=\"og:type\" content=\"article\" \/>\n<meta property=\"og:title\" content=\"Per\u00fa participar\u00e1 en la Feria del libro de Frankfrut 2014\" \/>\n<meta property=\"og:description\" content=\"Portal de noticias del Per\u00fa sobre el transporte a\u00e9reo, aviaci\u00f3n, turismo, hoteleria, actualidad.\" \/>\n<meta property=\"og:url\" content=\"https:\/\/aeronoticias.com.pe\/noticiero\/institucionales\/peru-presente-en-la-feria-del-libro-mas-importante-del-mundo-2\/\" \/>\n<meta property=\"og:site_name\" content=\"Aeronoticias.com.pe\" \/>\n<meta property=\"article:publisher\" content=\"https:\/\/www.facebook.com\/Aeronoticias.com.pe\/\" \/>\n<meta property=\"article:published_time\" content=\"2014-10-06T20:06:00+00:00\" \/>\n<meta property=\"article:modified_time\" content=\"2020-09-11T16:04:16+00:00\" \/>\n<meta name=\"author\" content=\"Redacci\u00f3n Aeronoticias\" \/>\n<meta name=\"twitter:card\" content=\"summary_large_image\" \/>\n<meta name=\"twitter:creator\" content=\"@aeronoticias\" \/>\n<meta name=\"twitter:site\" content=\"@aeronoticias\" \/>\n<meta name=\"twitter:label1\" content=\"Escrito por\" \/>\n\t<meta name=\"twitter:data1\" content=\"Redacci\u00f3n Aeronoticias\" \/>\n\t<meta name=\"twitter:label2\" content=\"Tiempo de lectura\" \/>\n\t<meta name=\"twitter:data2\" content=\"1 minuto\" \/>\n<script type=\"application\/ld+json\" class=\"yoast-schema-graph\">{\"@context\":\"https:\/\/schema.org\",\"@graph\":[{\"@type\":\"WebPage\",\"@id\":\"https:\/\/aeronoticias.com.pe\/noticiero\/institucionales\/peru-presente-en-la-feria-del-libro-mas-importante-del-mundo-2\/\",\"url\":\"https:\/\/aeronoticias.com.pe\/noticiero\/institucionales\/peru-presente-en-la-feria-del-libro-mas-importante-del-mundo-2\/\",\"name\":\"Per\u00fa participar\u00e1 en la Feria del libro de Frankfrut 2014\",\"isPartOf\":{\"@id\":\"https:\/\/aeronoticias.com.pe\/noticiero\/#website\"},\"datePublished\":\"2014-10-06T20:06:00+00:00\",\"dateModified\":\"2020-09-11T16:04:16+00:00\",\"author\":{\"@id\":\"https:\/\/aeronoticias.com.pe\/noticiero\/#\/schema\/person\/fc1e5d578f4b62ba1cf7ac2bba1170a0\"},\"description\":\"Portal de noticias del Per\u00fa sobre el transporte a\u00e9reo, aviaci\u00f3n, turismo, hoteleria, actualidad.\",\"breadcrumb\":{\"@id\":\"https:\/\/aeronoticias.com.pe\/noticiero\/institucionales\/peru-presente-en-la-feria-del-libro-mas-importante-del-mundo-2\/#breadcrumb\"},\"inLanguage\":\"es\",\"potentialAction\":[{\"@type\":\"ReadAction\",\"target\":[\"https:\/\/aeronoticias.com.pe\/noticiero\/institucionales\/peru-presente-en-la-feria-del-libro-mas-importante-del-mundo-2\/\"]}]},{\"@type\":\"BreadcrumbList\",\"@id\":\"https:\/\/aeronoticias.com.pe\/noticiero\/institucionales\/peru-presente-en-la-feria-del-libro-mas-importante-del-mundo-2\/#breadcrumb\",\"itemListElement\":[{\"@type\":\"ListItem\",\"position\":1,\"name\":\"Portada\",\"item\":\"https:\/\/aeronoticias.com.pe\/noticiero\/\"},{\"@type\":\"ListItem\",\"position\":2,\"name\":\"Per\u00fa participar\u00e1 en la Feria del libro de Frankfrut 2014\"}]},{\"@type\":\"WebSite\",\"@id\":\"https:\/\/aeronoticias.com.pe\/noticiero\/#website\",\"url\":\"https:\/\/aeronoticias.com.pe\/noticiero\/\",\"name\":\"Aeronoticias.com.pe\",\"description\":\"Noticias de tranporte aereo, turismo, hoteles, gastronomia, actualidad, internacional\",\"potentialAction\":[{\"@type\":\"SearchAction\",\"target\":{\"@type\":\"EntryPoint\",\"urlTemplate\":\"https:\/\/aeronoticias.com.pe\/noticiero\/?s={search_term_string}\"},\"query-input\":{\"@type\":\"PropertyValueSpecification\",\"valueRequired\":true,\"valueName\":\"search_term_string\"}}],\"inLanguage\":\"es\"},{\"@type\":\"Person\",\"@id\":\"https:\/\/aeronoticias.com.pe\/noticiero\/#\/schema\/person\/fc1e5d578f4b62ba1cf7ac2bba1170a0\",\"name\":\"Redacci\u00f3n Aeronoticias\",\"url\":\"https:\/\/aeronoticias.com.pe\/noticiero\/author\/piloto\/\"}]}<\/script>\n<!-- \/ Yoast SEO plugin. -->","yoast_head_json":{"title":"Per\u00fa participar\u00e1 en la Feria del libro de Frankfrut 2014","description":"Portal de noticias del Per\u00fa sobre el transporte a\u00e9reo, aviaci\u00f3n, turismo, hoteleria, actualidad.","robots":{"index":"index","follow":"follow","max-snippet":"max-snippet:-1","max-image-preview":"max-image-preview:large","max-video-preview":"max-video-preview:-1"},"canonical":"https:\/\/aeronoticias.com.pe\/noticiero\/institucionales\/peru-presente-en-la-feria-del-libro-mas-importante-del-mundo-2\/","og_locale":"es_ES","og_type":"article","og_title":"Per\u00fa participar\u00e1 en la Feria del libro de Frankfrut 2014","og_description":"Portal de noticias del Per\u00fa sobre el transporte a\u00e9reo, aviaci\u00f3n, turismo, hoteleria, actualidad.","og_url":"https:\/\/aeronoticias.com.pe\/noticiero\/institucionales\/peru-presente-en-la-feria-del-libro-mas-importante-del-mundo-2\/","og_site_name":"Aeronoticias.com.pe","article_publisher":"https:\/\/www.facebook.com\/Aeronoticias.com.pe\/","article_published_time":"2014-10-06T20:06:00+00:00","article_modified_time":"2020-09-11T16:04:16+00:00","author":"Redacci\u00f3n Aeronoticias","twitter_card":"summary_large_image","twitter_creator":"@aeronoticias","twitter_site":"@aeronoticias","twitter_misc":{"Escrito por":"Redacci\u00f3n Aeronoticias","Tiempo de lectura":"1 minuto"},"schema":{"@context":"https:\/\/schema.org","@graph":[{"@type":"WebPage","@id":"https:\/\/aeronoticias.com.pe\/noticiero\/institucionales\/peru-presente-en-la-feria-del-libro-mas-importante-del-mundo-2\/","url":"https:\/\/aeronoticias.com.pe\/noticiero\/institucionales\/peru-presente-en-la-feria-del-libro-mas-importante-del-mundo-2\/","name":"Per\u00fa participar\u00e1 en la Feria del libro de Frankfrut 2014","isPartOf":{"@id":"https:\/\/aeronoticias.com.pe\/noticiero\/#website"},"datePublished":"2014-10-06T20:06:00+00:00","dateModified":"2020-09-11T16:04:16+00:00","author":{"@id":"https:\/\/aeronoticias.com.pe\/noticiero\/#\/schema\/person\/fc1e5d578f4b62ba1cf7ac2bba1170a0"},"description":"Portal de noticias del Per\u00fa sobre el transporte a\u00e9reo, aviaci\u00f3n, turismo, hoteleria, actualidad.","breadcrumb":{"@id":"https:\/\/aeronoticias.com.pe\/noticiero\/institucionales\/peru-presente-en-la-feria-del-libro-mas-importante-del-mundo-2\/#breadcrumb"},"inLanguage":"es","potentialAction":[{"@type":"ReadAction","target":["https:\/\/aeronoticias.com.pe\/noticiero\/institucionales\/peru-presente-en-la-feria-del-libro-mas-importante-del-mundo-2\/"]}]},{"@type":"BreadcrumbList","@id":"https:\/\/aeronoticias.com.pe\/noticiero\/institucionales\/peru-presente-en-la-feria-del-libro-mas-importante-del-mundo-2\/#breadcrumb","itemListElement":[{"@type":"ListItem","position":1,"name":"Portada","item":"https:\/\/aeronoticias.com.pe\/noticiero\/"},{"@type":"ListItem","position":2,"name":"Per\u00fa participar\u00e1 en la Feria del libro de Frankfrut 2014"}]},{"@type":"WebSite","@id":"https:\/\/aeronoticias.com.pe\/noticiero\/#website","url":"https:\/\/aeronoticias.com.pe\/noticiero\/","name":"Aeronoticias.com.pe","description":"Noticias de tranporte aereo, turismo, hoteles, gastronomia, actualidad, internacional","potentialAction":[{"@type":"SearchAction","target":{"@type":"EntryPoint","urlTemplate":"https:\/\/aeronoticias.com.pe\/noticiero\/?s={search_term_string}"},"query-input":{"@type":"PropertyValueSpecification","valueRequired":true,"valueName":"search_term_string"}}],"inLanguage":"es"},{"@type":"Person","@id":"https:\/\/aeronoticias.com.pe\/noticiero\/#\/schema\/person\/fc1e5d578f4b62ba1cf7ac2bba1170a0","name":"Redacci\u00f3n Aeronoticias","url":"https:\/\/aeronoticias.com.pe\/noticiero\/author\/piloto\/"}]}},"_links":{"self":[{"href":"https:\/\/aeronoticias.com.pe\/noticiero\/wp-json\/wp\/v2\/posts\/49428","targetHints":{"allow":["GET"]}}],"collection":[{"href":"https:\/\/aeronoticias.com.pe\/noticiero\/wp-json\/wp\/v2\/posts"}],"about":[{"href":"https:\/\/aeronoticias.com.pe\/noticiero\/wp-json\/wp\/v2\/types\/post"}],"author":[{"embeddable":true,"href":"https:\/\/aeronoticias.com.pe\/noticiero\/wp-json\/wp\/v2\/users\/1"}],"replies":[{"embeddable":true,"href":"https:\/\/aeronoticias.com.pe\/noticiero\/wp-json\/wp\/v2\/comments?post=49428"}],"version-history":[{"count":0,"href":"https:\/\/aeronoticias.com.pe\/noticiero\/wp-json\/wp\/v2\/posts\/49428\/revisions"}],"wp:attachment":[{"href":"https:\/\/aeronoticias.com.pe\/noticiero\/wp-json\/wp\/v2\/media?parent=49428"}],"wp:term":[{"taxonomy":"category","embeddable":true,"href":"https:\/\/aeronoticias.com.pe\/noticiero\/wp-json\/wp\/v2\/categories?post=49428"},{"taxonomy":"post_tag","embeddable":true,"href":"https:\/\/aeronoticias.com.pe\/noticiero\/wp-json\/wp\/v2\/tags?post=49428"}],"curies":[{"name":"wp","href":"https:\/\/api.w.org\/{rel}","templated":true}]}}