{"id":49431,"date":"2014-10-07T14:39:39","date_gmt":"2014-10-07T14:39:39","guid":{"rendered":"http:\/\/desarrollo.mcvicious.com\/aero2020\/2014\/10\/07\/dhl-inicia-servicio-de-mensajeria-con-drones-el-parcelcopter\/"},"modified":"2014-10-07T14:39:39","modified_gmt":"2014-10-07T14:39:39","slug":"dhl-inicia-servicio-de-mensajeria-con-drones-el-parcelcopter","status":"publish","type":"post","link":"https:\/\/aeronoticias.com.pe\/noticiero\/transporte-aereo\/internacional\/dhl-inicia-servicio-de-mensajeria-con-drones-el-parcelcopter\/","title":{"rendered":"Drones de DHL: De esta forma opera su servicio de mensajer\u00eda"},"content":{"rendered":"<p style=\"text-align: justify;\"><img decoding=\"async\" src=\"images\/stories\/14\/10\/071014\/a2.jpg\" border=\"0\" \/><\/p>\n<p style=\"text-align: justify;\"><strong>(Aeronoticias).-<\/strong> Primer vuelo aut\u00f3nomo del <strong>Parcelcopter<\/strong> fue autorizado en Europa.<\/p>\n<p>  <!--more-->  <\/p>\n<ul>\n<li><span style=\"font-size: 11.8181819915771px; line-height: 1.3em;\">Realizara viajes regulares a la isla alemana de Juist.<\/span><\/li>\n<li><span style=\"font-size: 11.8181819915771px; line-height: 1.3em;\">Se prueba para env\u00edos de emergencia y medicamentos.<\/span><\/li>\n<\/ul>\n<p style=\"text-align: justify;\">La compa\u00f1\u00eda de log\u00edstica DHL inici\u00f3 servicio de mensajer\u00eda con drones, un proyecto piloto \u00fanico en la isla alemana de Juist. Por primera vez en el mundo, medicamentos y otros bienes de emergencia ser\u00e1n transportados a la isla a determinadas horas del d\u00eda por el DHL Parcelcopter. Este proyecto de prueba representa la primera y \u00fanica vez en la que una nave aut\u00f3noma volar\u00e1 en Europa siendo controlada remotamente por un piloto en tierra, y en donde la nave estar\u00e1 fuera del campo de visi\u00f3n del piloto durante parte del trayecto.<\/p>\n<p style=\"text-align: justify;\"><em>\u201cEstamos orgullosos en saber que este servicio adicional puede ofrecer un valor agregado a los residentes y visitantes de la isla de Juist, y nos sentimos satisfechos con el soporte que hemos recibido de las agencias y comunidades involucradas.\u201d<\/em><\/p>\n<p style=\"text-align: justify;\"><span style=\"text-decoration: underline;\">Primer vuelo y entrega del DHL Parcelcopter<\/span><\/p>\n<p style=\"text-align: justify;\">Las innovaciones t\u00e9cnicas con las que cuenta el DHL Parcelcopter incluyen mayor duraci\u00f3n y rango de vuelo: el trayecto hacia la isla es de aproximadamente 12 kil\u00f3metros. Por primera vez este vuelo se realizar\u00e1 de forma completamente aut\u00f3noma. Esto significa que el piloto no realiza acci\u00f3n alguna durante ninguna fase del vuelo. Por razones de seguridad, y en cumplimiento con las normativas establecidas por las agencias responsables, el DHL Parcelcopter ser\u00e1 monitoreado constantemente durante el vuelo por una estaci\u00f3n m\u00f3vil en tierra ubicada en Norddeich de manera que de ser necesaria una intervenci\u00f3n manual a causa de alguna falla o aver\u00eda, esta pueda realizarse de forma inmediata. La estaci\u00f3n tambi\u00e9n estar\u00e1 en constante contacto con controladores a\u00e9reos.<\/p>\n<p style=\"text-align: justify;\">Para asegurar que el DHL Parcelcopter vuele de forma segura y aterrice siempre en la ubicaci\u00f3n correcta, se desarrollo un sistema de piloto autom\u00e1tico que realiza las funciones de despegue y aterrizaje. Este es un sistema robusto y confiable, en el que se han realizado extensas pruebas. A una altura de 50 metros, el Parcelcopter puede desplazarse hasta 18 metros por segundo dependiendo de la velocidad del viento; y ser\u00e1 utilizado principalmente para transportar medicamentos y otros bienes de emergencia hacia la isla de Juist. Estas pruebas se concentrar\u00e1n en horas del d\u00eda donde otras alternativas como los ferris o los vuelos no est\u00e1n disponibles. El Parcelcopter despegar\u00e1 desde la bah\u00eda de Norddeich y aterrizar\u00e1 en un campo de la isla reservado especialmente para esta prueba. \u00a0Para asegurar la integridad de los bienes transportados, DHL Parcel desarroll\u00f3 un contenedor especial que es considerablemente liviano adem\u00e1s de ser resistente al clima y al agua.<\/p>\n<p style=\"text-align: justify;\">Actualmente, no hay planes de utilizar el DHL Parcelcopter en las operaciones rutinarias de entregas. Esta fase del proyecto es para evaluar las posibilidades que este m\u00e9todo de transporte ofrece. Siempre que sea t\u00e9cnicamente posible y econ\u00f3micamente realizable, el uso de parcelcopters para hacer entregas urgentes en \u00e1reas remotas o durante emergencias es una opci\u00f3n muy interesante para el futuro.<\/p>\n<p style=\"text-align: justify;\">Trabajando con el Institute of Flight System Dynamics en la RWTH Aachen University y con Microdrones GmbH, el DHL Parcelcopter ha pasado por un exhaustivo proceso de aprobaci\u00f3n dirigido por el Ministerio de Econom\u00eda, Trabajo y Transporte de Lower Saxony. En coordinaci\u00f3n con el DFS Deutsche Flugsicherung GmbH, el Ministerio de Transporte e Infraestructura Digital alem\u00e1n estableci\u00f3 un \u00e1rea de vuelo restringida exclusiva para estas pruebas. Adem\u00e1s de la isla de Juist y la ciudad de Norden, la unidad administrativa del parque nacional Wattenmeer tambi\u00e9n aprob\u00f3 los vuelos del Parcelcopter.<\/p>\n<p style=\"text-align: center;\"> <object width=\"610\" height=\"409\" data=\"http:\/\/www.youtube.com\/v\/7uEQFEf4buo&amp;feature=youtu.be? fs=1&amp;hl=en_US&amp;autoplay=0&amp; showinfo=0&amp;rel=0\" type=\"application\/x-shockwave-flash\"><param name=\"movie\" value=\"http:\/\/www.youtube.com\/v\/7uEQFEf4buo&amp;feature=youtu.be? fs=1&amp;hl=en_US&amp;autoplay=0&amp; showinfo=0&amp;rel=0\" \/><param name=\"wmode\" value=\"transparent\" \/><\/object> <\/p>\n<p style=\"text-align: justify;\">\u00a0<\/p>\n<p style=\"text-align: justify;\">Fuente: <strong><em>DHL<\/em><\/strong><\/p>\n<p style=\"text-align: justify;\">Foto: <strong><em>DHL<\/em><\/strong><\/p>\n","protected":false},"excerpt":{"rendered":"<p>(Aeronoticias).- Primer vuelo aut\u00f3nomo del Parcelcopter fue autorizado en Europa.<\/p>\n","protected":false},"author":1,"featured_media":0,"comment_status":"open","ping_status":"open","sticky":false,"template":"","format":"standard","meta":{"tdm_status":"","tdm_grid_status":"","footnotes":""},"categories":[32],"tags":[],"class_list":{"0":"post-49431","1":"post","2":"type-post","3":"status-publish","4":"format-standard","6":"category-internacional"},"yoast_head":"<!-- This site is optimized with the Yoast SEO plugin v25.1 - https:\/\/yoast.com\/wordpress\/plugins\/seo\/ -->\n<title>Drones de DHL: De esta forma opera su servicio de mensajer\u00eda<\/title>\n<meta name=\"description\" content=\"Portal de noticias del Per\u00fa sobre el transporte a\u00e9reo, aviaci\u00f3n, turismo, hoteleria, actualidad.\" \/>\n<meta name=\"robots\" content=\"index, follow, max-snippet:-1, max-image-preview:large, max-video-preview:-1\" \/>\n<link rel=\"canonical\" href=\"https:\/\/aeronoticias.com.pe\/noticiero\/transporte-aereo\/internacional\/dhl-inicia-servicio-de-mensajeria-con-drones-el-parcelcopter\/\" \/>\n<meta property=\"og:locale\" content=\"es_ES\" \/>\n<meta property=\"og:type\" content=\"article\" \/>\n<meta property=\"og:title\" content=\"Drones de DHL: De esta forma opera su servicio de mensajer\u00eda\" \/>\n<meta property=\"og:description\" content=\"Portal de noticias del Per\u00fa sobre el transporte a\u00e9reo, aviaci\u00f3n, turismo, hoteleria, actualidad.\" \/>\n<meta property=\"og:url\" content=\"https:\/\/aeronoticias.com.pe\/noticiero\/transporte-aereo\/internacional\/dhl-inicia-servicio-de-mensajeria-con-drones-el-parcelcopter\/\" \/>\n<meta property=\"og:site_name\" content=\"Aeronoticias.com.pe\" \/>\n<meta property=\"article:publisher\" content=\"https:\/\/www.facebook.com\/Aeronoticias.com.pe\/\" \/>\n<meta property=\"article:published_time\" content=\"2014-10-07T14:39:39+00:00\" \/>\n<meta name=\"author\" content=\"Redacci\u00f3n Aeronoticias\" \/>\n<meta name=\"twitter:card\" content=\"summary_large_image\" \/>\n<meta name=\"twitter:creator\" content=\"@aeronoticias\" \/>\n<meta name=\"twitter:site\" content=\"@aeronoticias\" \/>\n<meta name=\"twitter:label1\" content=\"Escrito por\" \/>\n\t<meta name=\"twitter:data1\" content=\"Redacci\u00f3n Aeronoticias\" \/>\n\t<meta name=\"twitter:label2\" content=\"Tiempo de lectura\" \/>\n\t<meta name=\"twitter:data2\" content=\"3 minutos\" \/>\n<script type=\"application\/ld+json\" class=\"yoast-schema-graph\">{\"@context\":\"https:\/\/schema.org\",\"@graph\":[{\"@type\":\"WebPage\",\"@id\":\"https:\/\/aeronoticias.com.pe\/noticiero\/transporte-aereo\/internacional\/dhl-inicia-servicio-de-mensajeria-con-drones-el-parcelcopter\/\",\"url\":\"https:\/\/aeronoticias.com.pe\/noticiero\/transporte-aereo\/internacional\/dhl-inicia-servicio-de-mensajeria-con-drones-el-parcelcopter\/\",\"name\":\"Drones de DHL: De esta forma opera su servicio de mensajer\u00eda\",\"isPartOf\":{\"@id\":\"https:\/\/aeronoticias.com.pe\/noticiero\/#website\"},\"datePublished\":\"2014-10-07T14:39:39+00:00\",\"author\":{\"@id\":\"https:\/\/aeronoticias.com.pe\/noticiero\/#\/schema\/person\/fc1e5d578f4b62ba1cf7ac2bba1170a0\"},\"description\":\"Portal de noticias del Per\u00fa sobre el transporte a\u00e9reo, aviaci\u00f3n, turismo, hoteleria, actualidad.\",\"breadcrumb\":{\"@id\":\"https:\/\/aeronoticias.com.pe\/noticiero\/transporte-aereo\/internacional\/dhl-inicia-servicio-de-mensajeria-con-drones-el-parcelcopter\/#breadcrumb\"},\"inLanguage\":\"es\",\"potentialAction\":[{\"@type\":\"ReadAction\",\"target\":[\"https:\/\/aeronoticias.com.pe\/noticiero\/transporte-aereo\/internacional\/dhl-inicia-servicio-de-mensajeria-con-drones-el-parcelcopter\/\"]}]},{\"@type\":\"BreadcrumbList\",\"@id\":\"https:\/\/aeronoticias.com.pe\/noticiero\/transporte-aereo\/internacional\/dhl-inicia-servicio-de-mensajeria-con-drones-el-parcelcopter\/#breadcrumb\",\"itemListElement\":[{\"@type\":\"ListItem\",\"position\":1,\"name\":\"Portada\",\"item\":\"https:\/\/aeronoticias.com.pe\/noticiero\/\"},{\"@type\":\"ListItem\",\"position\":2,\"name\":\"Drones de DHL: De esta forma opera su servicio de mensajer\u00eda\"}]},{\"@type\":\"WebSite\",\"@id\":\"https:\/\/aeronoticias.com.pe\/noticiero\/#website\",\"url\":\"https:\/\/aeronoticias.com.pe\/noticiero\/\",\"name\":\"Aeronoticias.com.pe\",\"description\":\"Noticias de tranporte aereo, turismo, hoteles, gastronomia, actualidad, internacional\",\"potentialAction\":[{\"@type\":\"SearchAction\",\"target\":{\"@type\":\"EntryPoint\",\"urlTemplate\":\"https:\/\/aeronoticias.com.pe\/noticiero\/?s={search_term_string}\"},\"query-input\":{\"@type\":\"PropertyValueSpecification\",\"valueRequired\":true,\"valueName\":\"search_term_string\"}}],\"inLanguage\":\"es\"},{\"@type\":\"Person\",\"@id\":\"https:\/\/aeronoticias.com.pe\/noticiero\/#\/schema\/person\/fc1e5d578f4b62ba1cf7ac2bba1170a0\",\"name\":\"Redacci\u00f3n Aeronoticias\",\"url\":\"https:\/\/aeronoticias.com.pe\/noticiero\/author\/piloto\/\"}]}<\/script>\n<!-- \/ Yoast SEO plugin. -->","yoast_head_json":{"title":"Drones de DHL: De esta forma opera su servicio de mensajer\u00eda","description":"Portal de noticias del Per\u00fa sobre el transporte a\u00e9reo, aviaci\u00f3n, turismo, hoteleria, actualidad.","robots":{"index":"index","follow":"follow","max-snippet":"max-snippet:-1","max-image-preview":"max-image-preview:large","max-video-preview":"max-video-preview:-1"},"canonical":"https:\/\/aeronoticias.com.pe\/noticiero\/transporte-aereo\/internacional\/dhl-inicia-servicio-de-mensajeria-con-drones-el-parcelcopter\/","og_locale":"es_ES","og_type":"article","og_title":"Drones de DHL: De esta forma opera su servicio de mensajer\u00eda","og_description":"Portal de noticias del Per\u00fa sobre el transporte a\u00e9reo, aviaci\u00f3n, turismo, hoteleria, actualidad.","og_url":"https:\/\/aeronoticias.com.pe\/noticiero\/transporte-aereo\/internacional\/dhl-inicia-servicio-de-mensajeria-con-drones-el-parcelcopter\/","og_site_name":"Aeronoticias.com.pe","article_publisher":"https:\/\/www.facebook.com\/Aeronoticias.com.pe\/","article_published_time":"2014-10-07T14:39:39+00:00","author":"Redacci\u00f3n Aeronoticias","twitter_card":"summary_large_image","twitter_creator":"@aeronoticias","twitter_site":"@aeronoticias","twitter_misc":{"Escrito por":"Redacci\u00f3n Aeronoticias","Tiempo de lectura":"3 minutos"},"schema":{"@context":"https:\/\/schema.org","@graph":[{"@type":"WebPage","@id":"https:\/\/aeronoticias.com.pe\/noticiero\/transporte-aereo\/internacional\/dhl-inicia-servicio-de-mensajeria-con-drones-el-parcelcopter\/","url":"https:\/\/aeronoticias.com.pe\/noticiero\/transporte-aereo\/internacional\/dhl-inicia-servicio-de-mensajeria-con-drones-el-parcelcopter\/","name":"Drones de DHL: De esta forma opera su servicio de mensajer\u00eda","isPartOf":{"@id":"https:\/\/aeronoticias.com.pe\/noticiero\/#website"},"datePublished":"2014-10-07T14:39:39+00:00","author":{"@id":"https:\/\/aeronoticias.com.pe\/noticiero\/#\/schema\/person\/fc1e5d578f4b62ba1cf7ac2bba1170a0"},"description":"Portal de noticias del Per\u00fa sobre el transporte a\u00e9reo, aviaci\u00f3n, turismo, hoteleria, actualidad.","breadcrumb":{"@id":"https:\/\/aeronoticias.com.pe\/noticiero\/transporte-aereo\/internacional\/dhl-inicia-servicio-de-mensajeria-con-drones-el-parcelcopter\/#breadcrumb"},"inLanguage":"es","potentialAction":[{"@type":"ReadAction","target":["https:\/\/aeronoticias.com.pe\/noticiero\/transporte-aereo\/internacional\/dhl-inicia-servicio-de-mensajeria-con-drones-el-parcelcopter\/"]}]},{"@type":"BreadcrumbList","@id":"https:\/\/aeronoticias.com.pe\/noticiero\/transporte-aereo\/internacional\/dhl-inicia-servicio-de-mensajeria-con-drones-el-parcelcopter\/#breadcrumb","itemListElement":[{"@type":"ListItem","position":1,"name":"Portada","item":"https:\/\/aeronoticias.com.pe\/noticiero\/"},{"@type":"ListItem","position":2,"name":"Drones de DHL: De esta forma opera su servicio de mensajer\u00eda"}]},{"@type":"WebSite","@id":"https:\/\/aeronoticias.com.pe\/noticiero\/#website","url":"https:\/\/aeronoticias.com.pe\/noticiero\/","name":"Aeronoticias.com.pe","description":"Noticias de tranporte aereo, turismo, hoteles, gastronomia, actualidad, internacional","potentialAction":[{"@type":"SearchAction","target":{"@type":"EntryPoint","urlTemplate":"https:\/\/aeronoticias.com.pe\/noticiero\/?s={search_term_string}"},"query-input":{"@type":"PropertyValueSpecification","valueRequired":true,"valueName":"search_term_string"}}],"inLanguage":"es"},{"@type":"Person","@id":"https:\/\/aeronoticias.com.pe\/noticiero\/#\/schema\/person\/fc1e5d578f4b62ba1cf7ac2bba1170a0","name":"Redacci\u00f3n Aeronoticias","url":"https:\/\/aeronoticias.com.pe\/noticiero\/author\/piloto\/"}]}},"_links":{"self":[{"href":"https:\/\/aeronoticias.com.pe\/noticiero\/wp-json\/wp\/v2\/posts\/49431","targetHints":{"allow":["GET"]}}],"collection":[{"href":"https:\/\/aeronoticias.com.pe\/noticiero\/wp-json\/wp\/v2\/posts"}],"about":[{"href":"https:\/\/aeronoticias.com.pe\/noticiero\/wp-json\/wp\/v2\/types\/post"}],"author":[{"embeddable":true,"href":"https:\/\/aeronoticias.com.pe\/noticiero\/wp-json\/wp\/v2\/users\/1"}],"replies":[{"embeddable":true,"href":"https:\/\/aeronoticias.com.pe\/noticiero\/wp-json\/wp\/v2\/comments?post=49431"}],"version-history":[{"count":0,"href":"https:\/\/aeronoticias.com.pe\/noticiero\/wp-json\/wp\/v2\/posts\/49431\/revisions"}],"wp:attachment":[{"href":"https:\/\/aeronoticias.com.pe\/noticiero\/wp-json\/wp\/v2\/media?parent=49431"}],"wp:term":[{"taxonomy":"category","embeddable":true,"href":"https:\/\/aeronoticias.com.pe\/noticiero\/wp-json\/wp\/v2\/categories?post=49431"},{"taxonomy":"post_tag","embeddable":true,"href":"https:\/\/aeronoticias.com.pe\/noticiero\/wp-json\/wp\/v2\/tags?post=49431"}],"curies":[{"name":"wp","href":"https:\/\/api.w.org\/{rel}","templated":true}]}}