{"id":49433,"date":"2014-10-07T14:55:22","date_gmt":"2014-10-07T14:55:22","guid":{"rendered":"http:\/\/desarrollo.mcvicious.com\/aero2020\/2014\/10\/07\/peru-y-chile-darian-cumplimiento-cabal-al-fallo-de-la-haya-antes-de-fin-de-ano\/"},"modified":"2014-10-07T14:55:22","modified_gmt":"2014-10-07T14:55:22","slug":"peru-y-chile-darian-cumplimiento-cabal-al-fallo-de-la-haya-antes-de-fin-de-ano","status":"publish","type":"post","link":"https:\/\/aeronoticias.com.pe\/noticiero\/internacionales\/peru-y-chile-darian-cumplimiento-cabal-al-fallo-de-la-haya-antes-de-fin-de-ano\/","title":{"rendered":"Per\u00fa y Chile dar\u00edan  cumplimiento cabal al fallo de La Haya antes  de fin de a\u00f1o"},"content":{"rendered":"<p style=\"text-align: justify;\"><img decoding=\"async\" src=\"images\/stories\/14\/10\/071014\/ray1.jpg\" border=\"0\" \/><\/p>\n<p style=\"text-align: justify;\"><strong>(Aeronoticias).-<\/strong> Los cancilleres \u00a0de Chile y Per\u00fa, Heraldo Mu\u00f1oz y Fernando Rojas, respectivamente, coincidieron ayer en Santiago en declarar que es inminente el cumplimiento del fallo de La Haya sobre el nuevo l\u00edmite mar\u00edtimo entre ambos pa\u00edses.<\/p>\n<p style=\"text-align: justify;\">  <!--more-->  Solo \u00a0falta que sus correspondientes \u00a0congresos aprueben las actas ya elaboradas as\u00ed como la nueva cartograf\u00eda que fij\u00f3 las coordenadas del l\u00edmite mar\u00edtimo conforme lo estableci\u00f3 oportunamente la Corte Internacional de Justicia.<\/p>\n<p style=\"text-align: justify;\">De acuerdo con lo que declar\u00f3 ayer el canciller peruano en la capital chilena las normativas que ata\u00f1en \u00a0a nuestro pa\u00eds \u00a0<em>\u201cson un aspecto que tiene que ver con comunicaciones y telecomunicaciones para adecuar nuestra normativa interna a lo establecido por el fallo\u201d.<\/em><\/p>\n<p style=\"text-align: justify;\">Por su parte el canciller chileno sostuvo que \u00a0tanto el Per\u00fa como Chile han cumplido de manera ejemplar con la fijaci\u00f3n de las mencionadas coordenadas del nuevo l\u00edmite mar\u00edtimo y ahora solo se espera que se terminen de hacer los \u00faltimos ajustes.<\/p>\n<p style=\"text-align: justify;\">Finalmente los dos diplom\u00e1ticos estuvieron de acuerdo en manifestar que cerrado este hist\u00f3rico paso, Chile y el Per\u00fa tendr\u00e1n oportunidad de profundizar sus relaciones para construir un mejor futuro para sus respectivos pa\u00edses.<\/p>\n<div><\/div>\n","protected":false},"excerpt":{"rendered":"<p>(Aeronoticias).- Los cancilleres \u00a0de Chile y Per\u00fa, Heraldo Mu\u00f1oz y Fernando Rojas, respectivamente, coincidieron ayer en Santiago en declarar que es inminente el cumplimiento del fallo de La Haya sobre el nuevo l\u00edmite mar\u00edtimo entre ambos pa\u00edses.<\/p>\n","protected":false},"author":1,"featured_media":0,"comment_status":"open","ping_status":"open","sticky":false,"template":"","format":"standard","meta":{"tdm_status":"","tdm_grid_status":"","footnotes":""},"categories":[34],"tags":[],"class_list":{"0":"post-49433","1":"post","2":"type-post","3":"status-publish","4":"format-standard","6":"category-internacionales"},"yoast_head":"<!-- This site is optimized with the Yoast SEO plugin v25.1 - https:\/\/yoast.com\/wordpress\/plugins\/seo\/ -->\n<title>Per\u00fa y Chile dar\u00edan cumplimiento cabal al fallo de La Haya antes de fin de a\u00f1o<\/title>\n<meta name=\"description\" content=\"Portal de noticias del Per\u00fa sobre el transporte a\u00e9reo, aviaci\u00f3n, turismo, hoteleria, actualidad.\" \/>\n<meta name=\"robots\" content=\"index, follow, max-snippet:-1, max-image-preview:large, max-video-preview:-1\" \/>\n<link rel=\"canonical\" href=\"https:\/\/aeronoticias.com.pe\/noticiero\/internacionales\/peru-y-chile-darian-cumplimiento-cabal-al-fallo-de-la-haya-antes-de-fin-de-ano\/\" \/>\n<meta property=\"og:locale\" content=\"es_ES\" \/>\n<meta property=\"og:type\" content=\"article\" \/>\n<meta property=\"og:title\" content=\"Per\u00fa y Chile dar\u00edan cumplimiento cabal al fallo de La Haya antes de fin de a\u00f1o\" \/>\n<meta property=\"og:description\" content=\"Portal de noticias del Per\u00fa sobre el transporte a\u00e9reo, aviaci\u00f3n, turismo, hoteleria, actualidad.\" \/>\n<meta property=\"og:url\" content=\"https:\/\/aeronoticias.com.pe\/noticiero\/internacionales\/peru-y-chile-darian-cumplimiento-cabal-al-fallo-de-la-haya-antes-de-fin-de-ano\/\" \/>\n<meta property=\"og:site_name\" content=\"Aeronoticias.com.pe\" \/>\n<meta property=\"article:publisher\" content=\"https:\/\/www.facebook.com\/Aeronoticias.com.pe\/\" \/>\n<meta property=\"article:published_time\" content=\"2014-10-07T14:55:22+00:00\" \/>\n<meta name=\"author\" content=\"Redacci\u00f3n Aeronoticias\" \/>\n<meta name=\"twitter:card\" content=\"summary_large_image\" \/>\n<meta name=\"twitter:creator\" content=\"@aeronoticias\" \/>\n<meta name=\"twitter:site\" content=\"@aeronoticias\" \/>\n<meta name=\"twitter:label1\" content=\"Escrito por\" \/>\n\t<meta name=\"twitter:data1\" content=\"Redacci\u00f3n Aeronoticias\" \/>\n\t<meta name=\"twitter:label2\" content=\"Tiempo de lectura\" \/>\n\t<meta name=\"twitter:data2\" content=\"1 minuto\" \/>\n<script type=\"application\/ld+json\" class=\"yoast-schema-graph\">{\"@context\":\"https:\/\/schema.org\",\"@graph\":[{\"@type\":\"WebPage\",\"@id\":\"https:\/\/aeronoticias.com.pe\/noticiero\/internacionales\/peru-y-chile-darian-cumplimiento-cabal-al-fallo-de-la-haya-antes-de-fin-de-ano\/\",\"url\":\"https:\/\/aeronoticias.com.pe\/noticiero\/internacionales\/peru-y-chile-darian-cumplimiento-cabal-al-fallo-de-la-haya-antes-de-fin-de-ano\/\",\"name\":\"Per\u00fa y Chile dar\u00edan cumplimiento cabal al fallo de La Haya antes de fin de a\u00f1o\",\"isPartOf\":{\"@id\":\"https:\/\/aeronoticias.com.pe\/noticiero\/#website\"},\"datePublished\":\"2014-10-07T14:55:22+00:00\",\"author\":{\"@id\":\"https:\/\/aeronoticias.com.pe\/noticiero\/#\/schema\/person\/fc1e5d578f4b62ba1cf7ac2bba1170a0\"},\"description\":\"Portal de noticias del Per\u00fa sobre el transporte a\u00e9reo, aviaci\u00f3n, turismo, hoteleria, actualidad.\",\"breadcrumb\":{\"@id\":\"https:\/\/aeronoticias.com.pe\/noticiero\/internacionales\/peru-y-chile-darian-cumplimiento-cabal-al-fallo-de-la-haya-antes-de-fin-de-ano\/#breadcrumb\"},\"inLanguage\":\"es\",\"potentialAction\":[{\"@type\":\"ReadAction\",\"target\":[\"https:\/\/aeronoticias.com.pe\/noticiero\/internacionales\/peru-y-chile-darian-cumplimiento-cabal-al-fallo-de-la-haya-antes-de-fin-de-ano\/\"]}]},{\"@type\":\"BreadcrumbList\",\"@id\":\"https:\/\/aeronoticias.com.pe\/noticiero\/internacionales\/peru-y-chile-darian-cumplimiento-cabal-al-fallo-de-la-haya-antes-de-fin-de-ano\/#breadcrumb\",\"itemListElement\":[{\"@type\":\"ListItem\",\"position\":1,\"name\":\"Portada\",\"item\":\"https:\/\/aeronoticias.com.pe\/noticiero\/\"},{\"@type\":\"ListItem\",\"position\":2,\"name\":\"Per\u00fa y Chile dar\u00edan cumplimiento cabal al fallo de La Haya antes de fin de a\u00f1o\"}]},{\"@type\":\"WebSite\",\"@id\":\"https:\/\/aeronoticias.com.pe\/noticiero\/#website\",\"url\":\"https:\/\/aeronoticias.com.pe\/noticiero\/\",\"name\":\"Aeronoticias.com.pe\",\"description\":\"Noticias de tranporte aereo, turismo, hoteles, gastronomia, actualidad, internacional\",\"potentialAction\":[{\"@type\":\"SearchAction\",\"target\":{\"@type\":\"EntryPoint\",\"urlTemplate\":\"https:\/\/aeronoticias.com.pe\/noticiero\/?s={search_term_string}\"},\"query-input\":{\"@type\":\"PropertyValueSpecification\",\"valueRequired\":true,\"valueName\":\"search_term_string\"}}],\"inLanguage\":\"es\"},{\"@type\":\"Person\",\"@id\":\"https:\/\/aeronoticias.com.pe\/noticiero\/#\/schema\/person\/fc1e5d578f4b62ba1cf7ac2bba1170a0\",\"name\":\"Redacci\u00f3n Aeronoticias\",\"url\":\"https:\/\/aeronoticias.com.pe\/noticiero\/author\/piloto\/\"}]}<\/script>\n<!-- \/ Yoast SEO plugin. -->","yoast_head_json":{"title":"Per\u00fa y Chile dar\u00edan cumplimiento cabal al fallo de La Haya antes de fin de a\u00f1o","description":"Portal de noticias del Per\u00fa sobre el transporte a\u00e9reo, aviaci\u00f3n, turismo, hoteleria, actualidad.","robots":{"index":"index","follow":"follow","max-snippet":"max-snippet:-1","max-image-preview":"max-image-preview:large","max-video-preview":"max-video-preview:-1"},"canonical":"https:\/\/aeronoticias.com.pe\/noticiero\/internacionales\/peru-y-chile-darian-cumplimiento-cabal-al-fallo-de-la-haya-antes-de-fin-de-ano\/","og_locale":"es_ES","og_type":"article","og_title":"Per\u00fa y Chile dar\u00edan cumplimiento cabal al fallo de La Haya antes de fin de a\u00f1o","og_description":"Portal de noticias del Per\u00fa sobre el transporte a\u00e9reo, aviaci\u00f3n, turismo, hoteleria, actualidad.","og_url":"https:\/\/aeronoticias.com.pe\/noticiero\/internacionales\/peru-y-chile-darian-cumplimiento-cabal-al-fallo-de-la-haya-antes-de-fin-de-ano\/","og_site_name":"Aeronoticias.com.pe","article_publisher":"https:\/\/www.facebook.com\/Aeronoticias.com.pe\/","article_published_time":"2014-10-07T14:55:22+00:00","author":"Redacci\u00f3n Aeronoticias","twitter_card":"summary_large_image","twitter_creator":"@aeronoticias","twitter_site":"@aeronoticias","twitter_misc":{"Escrito por":"Redacci\u00f3n Aeronoticias","Tiempo de lectura":"1 minuto"},"schema":{"@context":"https:\/\/schema.org","@graph":[{"@type":"WebPage","@id":"https:\/\/aeronoticias.com.pe\/noticiero\/internacionales\/peru-y-chile-darian-cumplimiento-cabal-al-fallo-de-la-haya-antes-de-fin-de-ano\/","url":"https:\/\/aeronoticias.com.pe\/noticiero\/internacionales\/peru-y-chile-darian-cumplimiento-cabal-al-fallo-de-la-haya-antes-de-fin-de-ano\/","name":"Per\u00fa y Chile dar\u00edan cumplimiento cabal al fallo de La Haya antes de fin de a\u00f1o","isPartOf":{"@id":"https:\/\/aeronoticias.com.pe\/noticiero\/#website"},"datePublished":"2014-10-07T14:55:22+00:00","author":{"@id":"https:\/\/aeronoticias.com.pe\/noticiero\/#\/schema\/person\/fc1e5d578f4b62ba1cf7ac2bba1170a0"},"description":"Portal de noticias del Per\u00fa sobre el transporte a\u00e9reo, aviaci\u00f3n, turismo, hoteleria, actualidad.","breadcrumb":{"@id":"https:\/\/aeronoticias.com.pe\/noticiero\/internacionales\/peru-y-chile-darian-cumplimiento-cabal-al-fallo-de-la-haya-antes-de-fin-de-ano\/#breadcrumb"},"inLanguage":"es","potentialAction":[{"@type":"ReadAction","target":["https:\/\/aeronoticias.com.pe\/noticiero\/internacionales\/peru-y-chile-darian-cumplimiento-cabal-al-fallo-de-la-haya-antes-de-fin-de-ano\/"]}]},{"@type":"BreadcrumbList","@id":"https:\/\/aeronoticias.com.pe\/noticiero\/internacionales\/peru-y-chile-darian-cumplimiento-cabal-al-fallo-de-la-haya-antes-de-fin-de-ano\/#breadcrumb","itemListElement":[{"@type":"ListItem","position":1,"name":"Portada","item":"https:\/\/aeronoticias.com.pe\/noticiero\/"},{"@type":"ListItem","position":2,"name":"Per\u00fa y Chile dar\u00edan cumplimiento cabal al fallo de La Haya antes de fin de a\u00f1o"}]},{"@type":"WebSite","@id":"https:\/\/aeronoticias.com.pe\/noticiero\/#website","url":"https:\/\/aeronoticias.com.pe\/noticiero\/","name":"Aeronoticias.com.pe","description":"Noticias de tranporte aereo, turismo, hoteles, gastronomia, actualidad, internacional","potentialAction":[{"@type":"SearchAction","target":{"@type":"EntryPoint","urlTemplate":"https:\/\/aeronoticias.com.pe\/noticiero\/?s={search_term_string}"},"query-input":{"@type":"PropertyValueSpecification","valueRequired":true,"valueName":"search_term_string"}}],"inLanguage":"es"},{"@type":"Person","@id":"https:\/\/aeronoticias.com.pe\/noticiero\/#\/schema\/person\/fc1e5d578f4b62ba1cf7ac2bba1170a0","name":"Redacci\u00f3n Aeronoticias","url":"https:\/\/aeronoticias.com.pe\/noticiero\/author\/piloto\/"}]}},"_links":{"self":[{"href":"https:\/\/aeronoticias.com.pe\/noticiero\/wp-json\/wp\/v2\/posts\/49433","targetHints":{"allow":["GET"]}}],"collection":[{"href":"https:\/\/aeronoticias.com.pe\/noticiero\/wp-json\/wp\/v2\/posts"}],"about":[{"href":"https:\/\/aeronoticias.com.pe\/noticiero\/wp-json\/wp\/v2\/types\/post"}],"author":[{"embeddable":true,"href":"https:\/\/aeronoticias.com.pe\/noticiero\/wp-json\/wp\/v2\/users\/1"}],"replies":[{"embeddable":true,"href":"https:\/\/aeronoticias.com.pe\/noticiero\/wp-json\/wp\/v2\/comments?post=49433"}],"version-history":[{"count":0,"href":"https:\/\/aeronoticias.com.pe\/noticiero\/wp-json\/wp\/v2\/posts\/49433\/revisions"}],"wp:attachment":[{"href":"https:\/\/aeronoticias.com.pe\/noticiero\/wp-json\/wp\/v2\/media?parent=49433"}],"wp:term":[{"taxonomy":"category","embeddable":true,"href":"https:\/\/aeronoticias.com.pe\/noticiero\/wp-json\/wp\/v2\/categories?post=49433"},{"taxonomy":"post_tag","embeddable":true,"href":"https:\/\/aeronoticias.com.pe\/noticiero\/wp-json\/wp\/v2\/tags?post=49433"}],"curies":[{"name":"wp","href":"https:\/\/api.w.org\/{rel}","templated":true}]}}