{"id":49434,"date":"2014-10-07T15:15:29","date_gmt":"2014-10-07T15:15:29","guid":{"rendered":"http:\/\/desarrollo.mcvicious.com\/aero2020\/2014\/10\/07\/iberia-y-samsung-estrenan-una-tarjeta-de-embarque-wearable\/"},"modified":"2014-10-07T15:15:29","modified_gmt":"2014-10-07T15:15:29","slug":"iberia-y-samsung-estrenan-una-tarjeta-de-embarque-wearable","status":"publish","type":"post","link":"https:\/\/aeronoticias.com.pe\/noticiero\/27\/iberia-y-samsung-estrenan-una-tarjeta-de-embarque-wearable\/","title":{"rendered":"Iberia y Samsung estrenan una tarjeta de embarque &#8216;wearable&#8217;"},"content":{"rendered":"<p style=\"text-align: justify;\"><img decoding=\"async\" src=\"images\/stories\/14\/10\/071014\/a3_1.jpg\" border=\"0\" \/><\/p>\n<p style=\"text-align: justify;\"><strong>(Aeronoticias).-<\/strong> <strong>Iberia<\/strong> y <strong>Samsung<\/strong> se han aliado para ofrecer a sus clientes una tarjeta de embarque en sus dispositivos <em>&#8216;wearables&#8217;<\/em>, los <strong>smartwatch Samsung Gear 2<\/strong> y <strong>Gear Neo<\/strong>.<\/p>\n<p style=\"text-align: justify;\">  <!--more-->  De esta forma, los clientes podr\u00e1n llevar la tarjeta de embarque en su mu\u00f1eca y sin necesidad de nada m\u00e1s que embarcar en su vuelo.<\/p>\n<p style=\"text-align: justify;\">Seg\u00fan han informado en un comunicado, para descargarse esta aplicaci\u00f3n es necesario entrar en la tienda de aplicaciones <strong>Samsung Galaxy Apps<\/strong> y bajarse la aplicaci\u00f3n de Iberia compatible con <strong>Gear 2<\/strong> y <strong>Gear Neo<\/strong>.<\/p>\n<p style=\"text-align: justify;\"><img decoding=\"async\" src=\"images\/stories\/14\/10\/071014\/a3_2.jpg\" border=\"0\" \/><\/p>\n<p style=\"text-align: justify;\">En caso de que el cliente tenga ya instalada la aplicaci\u00f3n de Iberia, s\u00f3lo tiene que desinstalarla y descargar de nuevo la versi\u00f3n compatible. La aplicaci\u00f3n de Iberia tambi\u00e9n permite enviar al smartwatch las tarjetas de embarque m\u00f3viles almacenadas en el tel\u00e9fono previamente<\/p>\n<p style=\"text-align: justify;\">El director del negocio digital de Iberia, Miguel \u00c1ngel Henales, ha afirmado que <span style=\"text-decoration: underline;\">iberia.com<\/span> <em>\u00abest\u00e1 continuamente incorporando nuevos servicios y tecnolog\u00edas\u00bb. \u00abEstamos convencidos de que esta innovadora tarjeta de embarque tendr\u00e1 una muy buena acogida entre nuestros clientes\u00bb<\/em>, ha a\u00f1adido<\/p>\n<p style=\"text-align: justify;\">Por su parte, el vicepresidente corporativo de <strong>Samsung Electronics<\/strong>, Celestino Garc\u00eda, ha se\u00f1alado que gracias a este acuerdo <em>\u00ablos pasajeros que tengan un Gear 2 o Gear Neo dispondr\u00e1n de su tarjeta de embarque en un soporte digital, que facilitar\u00e1 su log\u00edstica de viaje\u00bb.<\/em><\/p>\n<p style=\"text-align: justify;\">\u00a0<\/p>\n<p style=\"text-align: justify;\">Fuente: <strong><em>europapres<\/em><\/strong><\/p>\n<p style=\"text-align: justify;\"><strong><em><br \/><\/em><\/strong><\/p>\n<p>{jathumbnail off images=\u00bbimages\/stories\/14\/10\/071014\/a3_1.jpg,images\/stories\/14\/10\/071014\/a3_2.jpg\u00bb}<\/p>\n","protected":false},"excerpt":{"rendered":"<p>(Aeronoticias).- Iberia y Samsung se han aliado para ofrecer a sus clientes una tarjeta de embarque en sus dispositivos &#8216;wearables&#8217;, los smartwatch Samsung Gear 2 y Gear Neo.<\/p>\n","protected":false},"author":1,"featured_media":0,"comment_status":"open","ping_status":"open","sticky":false,"template":"","format":"standard","meta":{"tdm_status":"","tdm_grid_status":"","footnotes":""},"categories":[35],"tags":[],"class_list":{"0":"post-49434","1":"post","2":"type-post","3":"status-publish","4":"format-standard","6":"category-35"},"yoast_head":"<!-- This site is optimized with the Yoast SEO plugin v25.1 - https:\/\/yoast.com\/wordpress\/plugins\/seo\/ -->\n<title>Iberia y Samsung estrenan una tarjeta de embarque &#039;wearable&#039;<\/title>\n<meta name=\"description\" content=\"Portal de noticias del Per\u00fa sobre el transporte a\u00e9reo, aviaci\u00f3n, turismo, hoteleria, actualidad.\" \/>\n<meta name=\"robots\" content=\"index, follow, max-snippet:-1, max-image-preview:large, max-video-preview:-1\" \/>\n<link rel=\"canonical\" href=\"https:\/\/aeronoticias.com.pe\/noticiero\/27\/iberia-y-samsung-estrenan-una-tarjeta-de-embarque-wearable\/\" \/>\n<meta property=\"og:locale\" content=\"es_ES\" \/>\n<meta property=\"og:type\" content=\"article\" \/>\n<meta property=\"og:title\" content=\"Iberia y Samsung estrenan una tarjeta de embarque &#039;wearable&#039;\" \/>\n<meta property=\"og:description\" content=\"Portal de noticias del Per\u00fa sobre el transporte a\u00e9reo, aviaci\u00f3n, turismo, hoteleria, actualidad.\" \/>\n<meta property=\"og:url\" content=\"https:\/\/aeronoticias.com.pe\/noticiero\/27\/iberia-y-samsung-estrenan-una-tarjeta-de-embarque-wearable\/\" \/>\n<meta property=\"og:site_name\" content=\"Aeronoticias.com.pe\" \/>\n<meta property=\"article:publisher\" content=\"https:\/\/www.facebook.com\/Aeronoticias.com.pe\/\" \/>\n<meta property=\"article:published_time\" content=\"2014-10-07T15:15:29+00:00\" \/>\n<meta name=\"author\" content=\"Redacci\u00f3n Aeronoticias\" \/>\n<meta name=\"twitter:card\" content=\"summary_large_image\" \/>\n<meta name=\"twitter:creator\" content=\"@aeronoticias\" \/>\n<meta name=\"twitter:site\" content=\"@aeronoticias\" \/>\n<meta name=\"twitter:label1\" content=\"Escrito por\" \/>\n\t<meta name=\"twitter:data1\" content=\"Redacci\u00f3n Aeronoticias\" \/>\n\t<meta name=\"twitter:label2\" content=\"Tiempo de lectura\" \/>\n\t<meta name=\"twitter:data2\" content=\"1 minuto\" \/>\n<script type=\"application\/ld+json\" class=\"yoast-schema-graph\">{\"@context\":\"https:\/\/schema.org\",\"@graph\":[{\"@type\":\"WebPage\",\"@id\":\"https:\/\/aeronoticias.com.pe\/noticiero\/27\/iberia-y-samsung-estrenan-una-tarjeta-de-embarque-wearable\/\",\"url\":\"https:\/\/aeronoticias.com.pe\/noticiero\/27\/iberia-y-samsung-estrenan-una-tarjeta-de-embarque-wearable\/\",\"name\":\"Iberia y Samsung estrenan una tarjeta de embarque 'wearable'\",\"isPartOf\":{\"@id\":\"https:\/\/aeronoticias.com.pe\/noticiero\/#website\"},\"datePublished\":\"2014-10-07T15:15:29+00:00\",\"author\":{\"@id\":\"https:\/\/aeronoticias.com.pe\/noticiero\/#\/schema\/person\/fc1e5d578f4b62ba1cf7ac2bba1170a0\"},\"description\":\"Portal de noticias del Per\u00fa sobre el transporte a\u00e9reo, aviaci\u00f3n, turismo, hoteleria, actualidad.\",\"breadcrumb\":{\"@id\":\"https:\/\/aeronoticias.com.pe\/noticiero\/27\/iberia-y-samsung-estrenan-una-tarjeta-de-embarque-wearable\/#breadcrumb\"},\"inLanguage\":\"es\",\"potentialAction\":[{\"@type\":\"ReadAction\",\"target\":[\"https:\/\/aeronoticias.com.pe\/noticiero\/27\/iberia-y-samsung-estrenan-una-tarjeta-de-embarque-wearable\/\"]}]},{\"@type\":\"BreadcrumbList\",\"@id\":\"https:\/\/aeronoticias.com.pe\/noticiero\/27\/iberia-y-samsung-estrenan-una-tarjeta-de-embarque-wearable\/#breadcrumb\",\"itemListElement\":[{\"@type\":\"ListItem\",\"position\":1,\"name\":\"Portada\",\"item\":\"https:\/\/aeronoticias.com.pe\/noticiero\/\"},{\"@type\":\"ListItem\",\"position\":2,\"name\":\"Iberia y Samsung estrenan una tarjeta de embarque &#8216;wearable&#8217;\"}]},{\"@type\":\"WebSite\",\"@id\":\"https:\/\/aeronoticias.com.pe\/noticiero\/#website\",\"url\":\"https:\/\/aeronoticias.com.pe\/noticiero\/\",\"name\":\"Aeronoticias.com.pe\",\"description\":\"Noticias de tranporte aereo, turismo, hoteles, gastronomia, actualidad, internacional\",\"potentialAction\":[{\"@type\":\"SearchAction\",\"target\":{\"@type\":\"EntryPoint\",\"urlTemplate\":\"https:\/\/aeronoticias.com.pe\/noticiero\/?s={search_term_string}\"},\"query-input\":{\"@type\":\"PropertyValueSpecification\",\"valueRequired\":true,\"valueName\":\"search_term_string\"}}],\"inLanguage\":\"es\"},{\"@type\":\"Person\",\"@id\":\"https:\/\/aeronoticias.com.pe\/noticiero\/#\/schema\/person\/fc1e5d578f4b62ba1cf7ac2bba1170a0\",\"name\":\"Redacci\u00f3n Aeronoticias\",\"url\":\"https:\/\/aeronoticias.com.pe\/noticiero\/author\/piloto\/\"}]}<\/script>\n<!-- \/ Yoast SEO plugin. -->","yoast_head_json":{"title":"Iberia y Samsung estrenan una tarjeta de embarque 'wearable'","description":"Portal de noticias del Per\u00fa sobre el transporte a\u00e9reo, aviaci\u00f3n, turismo, hoteleria, actualidad.","robots":{"index":"index","follow":"follow","max-snippet":"max-snippet:-1","max-image-preview":"max-image-preview:large","max-video-preview":"max-video-preview:-1"},"canonical":"https:\/\/aeronoticias.com.pe\/noticiero\/27\/iberia-y-samsung-estrenan-una-tarjeta-de-embarque-wearable\/","og_locale":"es_ES","og_type":"article","og_title":"Iberia y Samsung estrenan una tarjeta de embarque 'wearable'","og_description":"Portal de noticias del Per\u00fa sobre el transporte a\u00e9reo, aviaci\u00f3n, turismo, hoteleria, actualidad.","og_url":"https:\/\/aeronoticias.com.pe\/noticiero\/27\/iberia-y-samsung-estrenan-una-tarjeta-de-embarque-wearable\/","og_site_name":"Aeronoticias.com.pe","article_publisher":"https:\/\/www.facebook.com\/Aeronoticias.com.pe\/","article_published_time":"2014-10-07T15:15:29+00:00","author":"Redacci\u00f3n Aeronoticias","twitter_card":"summary_large_image","twitter_creator":"@aeronoticias","twitter_site":"@aeronoticias","twitter_misc":{"Escrito por":"Redacci\u00f3n Aeronoticias","Tiempo de lectura":"1 minuto"},"schema":{"@context":"https:\/\/schema.org","@graph":[{"@type":"WebPage","@id":"https:\/\/aeronoticias.com.pe\/noticiero\/27\/iberia-y-samsung-estrenan-una-tarjeta-de-embarque-wearable\/","url":"https:\/\/aeronoticias.com.pe\/noticiero\/27\/iberia-y-samsung-estrenan-una-tarjeta-de-embarque-wearable\/","name":"Iberia y Samsung estrenan una tarjeta de embarque 'wearable'","isPartOf":{"@id":"https:\/\/aeronoticias.com.pe\/noticiero\/#website"},"datePublished":"2014-10-07T15:15:29+00:00","author":{"@id":"https:\/\/aeronoticias.com.pe\/noticiero\/#\/schema\/person\/fc1e5d578f4b62ba1cf7ac2bba1170a0"},"description":"Portal de noticias del Per\u00fa sobre el transporte a\u00e9reo, aviaci\u00f3n, turismo, hoteleria, actualidad.","breadcrumb":{"@id":"https:\/\/aeronoticias.com.pe\/noticiero\/27\/iberia-y-samsung-estrenan-una-tarjeta-de-embarque-wearable\/#breadcrumb"},"inLanguage":"es","potentialAction":[{"@type":"ReadAction","target":["https:\/\/aeronoticias.com.pe\/noticiero\/27\/iberia-y-samsung-estrenan-una-tarjeta-de-embarque-wearable\/"]}]},{"@type":"BreadcrumbList","@id":"https:\/\/aeronoticias.com.pe\/noticiero\/27\/iberia-y-samsung-estrenan-una-tarjeta-de-embarque-wearable\/#breadcrumb","itemListElement":[{"@type":"ListItem","position":1,"name":"Portada","item":"https:\/\/aeronoticias.com.pe\/noticiero\/"},{"@type":"ListItem","position":2,"name":"Iberia y Samsung estrenan una tarjeta de embarque &#8216;wearable&#8217;"}]},{"@type":"WebSite","@id":"https:\/\/aeronoticias.com.pe\/noticiero\/#website","url":"https:\/\/aeronoticias.com.pe\/noticiero\/","name":"Aeronoticias.com.pe","description":"Noticias de tranporte aereo, turismo, hoteles, gastronomia, actualidad, internacional","potentialAction":[{"@type":"SearchAction","target":{"@type":"EntryPoint","urlTemplate":"https:\/\/aeronoticias.com.pe\/noticiero\/?s={search_term_string}"},"query-input":{"@type":"PropertyValueSpecification","valueRequired":true,"valueName":"search_term_string"}}],"inLanguage":"es"},{"@type":"Person","@id":"https:\/\/aeronoticias.com.pe\/noticiero\/#\/schema\/person\/fc1e5d578f4b62ba1cf7ac2bba1170a0","name":"Redacci\u00f3n Aeronoticias","url":"https:\/\/aeronoticias.com.pe\/noticiero\/author\/piloto\/"}]}},"_links":{"self":[{"href":"https:\/\/aeronoticias.com.pe\/noticiero\/wp-json\/wp\/v2\/posts\/49434","targetHints":{"allow":["GET"]}}],"collection":[{"href":"https:\/\/aeronoticias.com.pe\/noticiero\/wp-json\/wp\/v2\/posts"}],"about":[{"href":"https:\/\/aeronoticias.com.pe\/noticiero\/wp-json\/wp\/v2\/types\/post"}],"author":[{"embeddable":true,"href":"https:\/\/aeronoticias.com.pe\/noticiero\/wp-json\/wp\/v2\/users\/1"}],"replies":[{"embeddable":true,"href":"https:\/\/aeronoticias.com.pe\/noticiero\/wp-json\/wp\/v2\/comments?post=49434"}],"version-history":[{"count":0,"href":"https:\/\/aeronoticias.com.pe\/noticiero\/wp-json\/wp\/v2\/posts\/49434\/revisions"}],"wp:attachment":[{"href":"https:\/\/aeronoticias.com.pe\/noticiero\/wp-json\/wp\/v2\/media?parent=49434"}],"wp:term":[{"taxonomy":"category","embeddable":true,"href":"https:\/\/aeronoticias.com.pe\/noticiero\/wp-json\/wp\/v2\/categories?post=49434"},{"taxonomy":"post_tag","embeddable":true,"href":"https:\/\/aeronoticias.com.pe\/noticiero\/wp-json\/wp\/v2\/tags?post=49434"}],"curies":[{"name":"wp","href":"https:\/\/api.w.org\/{rel}","templated":true}]}}