{"id":49436,"date":"2014-10-07T13:30:01","date_gmt":"2014-10-07T13:30:01","guid":{"rendered":"http:\/\/desarrollo.mcvicious.com\/aero2020\/2014\/10\/07\/qla-sub20-me-da-vergueenzaq-asi-lo-afirmo-natalia-malaga\/"},"modified":"2014-10-07T13:30:01","modified_gmt":"2014-10-07T13:30:01","slug":"qla-sub20-me-da-vergueenzaq-asi-lo-afirmo-natalia-malaga","status":"publish","type":"post","link":"https:\/\/aeronoticias.com.pe\/noticiero\/deportes\/qla-sub20-me-da-vergueenzaq-asi-lo-afirmo-natalia-malaga\/","title":{"rendered":"\u00abLa sub20 me da verg\u00fcenza\u00bb as\u00ed lo afirm\u00f3 Natalia M\u00e1laga"},"content":{"rendered":"<p style=\"text-align: justify;\"><img decoding=\"async\" src=\"images\/stories\/14\/10\/071014\/a5.jpg\" border=\"0\" \/><\/p>\n<p style=\"text-align: justify;\"><strong>(Aeronoticias).- <\/strong>Natalia M\u00e1laga, fiel a su estilo pol\u00e9mico y mordaz, esta vez ha despotricado contra sus propias jugadoras pese a la clasificaci\u00f3n de su selecci\u00f3n al Mundial de v\u00f3ley sub 20. Como siempre, tuvo palabras muy fuertes para su equipo que seguramente generar\u00e1n pol\u00e9mica.<\/p>\n<p style=\"text-align: justify;\">\u00a0<\/p>\n<p>  <!--more-->  <\/p>\n<p>M\u00e1laga calific\u00f3 de malo el desempe\u00f1o de la selecci\u00f3n y afirm\u00f3 que ella <em>\u00abno entren\u00f3 para eso\u00bb.<\/em><\/p>\n<p>\u00a0<\/p>\n<p style=\"text-align: justify;\"><em>\u00abMe da verg\u00fcenza, me hace pensar que no s\u00e9 si no soy la persona m\u00e1s apta o capaz de poderles seguir ense\u00f1ando m\u00e1s. O soy menos de lo que ellas captan o son ellas las que no entienden\u00bb<\/em>, expres\u00f3 la entrenadora de Per\u00fa a El Comercio.<\/p>\n<p style=\"text-align: justify;\">Luego continu\u00f3 espetando contra sus dirigidas en un tono bastante fuerte:<\/p>\n<p style=\"text-align: justify;\"><em>\u00abEste equipo no tiene coraz\u00f3n, no tiene sangre, no tiene personalidad. Olv\u00eddate de lo que entrenan, porque uno entrena una cosa y en el partido es otra. \u00bfQu\u00e9 es esto? A m\u00ed me da verg\u00fcenza.\u00bb<\/em><\/p>\n<p style=\"text-align: justify;\">Sobre el rigor de la competencia, Natalia envi\u00f3 un mensaje tambi\u00e9n a la federaci\u00f3n de v\u00f3ley:<\/p>\n<p style=\"text-align: justify;\"><em>\u00abEs lo que me manda la federaci\u00f3n, no hay otro equipo. Yo ya estoy harta, cansada de estar asumiendo mayor, juvenil y cualquier copa universitaria que se nos presente. Eso cansa, desgasta. Pero jugadoras con esa mentalidad, no de edad, que es muy distinto, no se puede, no tienen actitud\u00bb<\/em>, finaliz\u00f3 M\u00e1laga.<\/p>\n<p style=\"text-align: justify;\">\u00a0<\/p>\n<p style=\"text-align: justify;\">Fuente:<strong><em> RPP<\/em><\/strong><\/p>\n<p style=\"text-align: justify;\">Foto: <strong><em>RPP<\/em><\/strong><\/p>\n","protected":false},"excerpt":{"rendered":"<p>(Aeronoticias).- Natalia M\u00e1laga, fiel a su estilo pol\u00e9mico y mordaz, esta vez ha despotricado contra sus propias jugadoras pese a la clasificaci\u00f3n de su selecci\u00f3n al Mundial de v\u00f3ley sub 20. Como siempre, tuvo palabras muy fuertes para su equipo que seguramente generar\u00e1n pol\u00e9mica. \u00a0<\/p>\n","protected":false},"author":1,"featured_media":0,"comment_status":"open","ping_status":"open","sticky":false,"template":"","format":"standard","meta":{"tdm_status":"","tdm_grid_status":"","footnotes":""},"categories":[40],"tags":[],"class_list":{"0":"post-49436","1":"post","2":"type-post","3":"status-publish","4":"format-standard","6":"category-deportes"},"yoast_head":"<!-- This site is optimized with the Yoast SEO plugin v25.1 - https:\/\/yoast.com\/wordpress\/plugins\/seo\/ -->\n<title>&quot;La sub20 me da verg\u00fcenza&quot; as\u00ed lo afirm\u00f3 Natalia M\u00e1laga<\/title>\n<meta name=\"description\" content=\"Portal de noticias del Per\u00fa sobre el transporte a\u00e9reo, aviaci\u00f3n, turismo, hoteleria, actualidad.\" \/>\n<meta name=\"robots\" content=\"index, follow, max-snippet:-1, max-image-preview:large, max-video-preview:-1\" \/>\n<link rel=\"canonical\" href=\"https:\/\/aeronoticias.com.pe\/noticiero\/deportes\/qla-sub20-me-da-vergueenzaq-asi-lo-afirmo-natalia-malaga\/\" \/>\n<meta property=\"og:locale\" content=\"es_ES\" \/>\n<meta property=\"og:type\" content=\"article\" \/>\n<meta property=\"og:title\" content=\"&quot;La sub20 me da verg\u00fcenza&quot; as\u00ed lo afirm\u00f3 Natalia M\u00e1laga\" \/>\n<meta property=\"og:description\" content=\"Portal de noticias del Per\u00fa sobre el transporte a\u00e9reo, aviaci\u00f3n, turismo, hoteleria, actualidad.\" \/>\n<meta property=\"og:url\" content=\"https:\/\/aeronoticias.com.pe\/noticiero\/deportes\/qla-sub20-me-da-vergueenzaq-asi-lo-afirmo-natalia-malaga\/\" \/>\n<meta property=\"og:site_name\" content=\"Aeronoticias.com.pe\" \/>\n<meta property=\"article:publisher\" content=\"https:\/\/www.facebook.com\/Aeronoticias.com.pe\/\" \/>\n<meta property=\"article:published_time\" content=\"2014-10-07T13:30:01+00:00\" \/>\n<meta name=\"author\" content=\"Redacci\u00f3n Aeronoticias\" \/>\n<meta name=\"twitter:card\" content=\"summary_large_image\" \/>\n<meta name=\"twitter:creator\" content=\"@aeronoticias\" \/>\n<meta name=\"twitter:site\" content=\"@aeronoticias\" \/>\n<meta name=\"twitter:label1\" content=\"Escrito por\" \/>\n\t<meta name=\"twitter:data1\" content=\"Redacci\u00f3n Aeronoticias\" \/>\n\t<meta name=\"twitter:label2\" content=\"Tiempo de lectura\" \/>\n\t<meta name=\"twitter:data2\" content=\"1 minuto\" \/>\n<script type=\"application\/ld+json\" class=\"yoast-schema-graph\">{\"@context\":\"https:\/\/schema.org\",\"@graph\":[{\"@type\":\"WebPage\",\"@id\":\"https:\/\/aeronoticias.com.pe\/noticiero\/deportes\/qla-sub20-me-da-vergueenzaq-asi-lo-afirmo-natalia-malaga\/\",\"url\":\"https:\/\/aeronoticias.com.pe\/noticiero\/deportes\/qla-sub20-me-da-vergueenzaq-asi-lo-afirmo-natalia-malaga\/\",\"name\":\"\\\"La sub20 me da verg\u00fcenza\\\" as\u00ed lo afirm\u00f3 Natalia M\u00e1laga\",\"isPartOf\":{\"@id\":\"https:\/\/aeronoticias.com.pe\/noticiero\/#website\"},\"datePublished\":\"2014-10-07T13:30:01+00:00\",\"author\":{\"@id\":\"https:\/\/aeronoticias.com.pe\/noticiero\/#\/schema\/person\/fc1e5d578f4b62ba1cf7ac2bba1170a0\"},\"description\":\"Portal de noticias del Per\u00fa sobre el transporte a\u00e9reo, aviaci\u00f3n, turismo, hoteleria, actualidad.\",\"breadcrumb\":{\"@id\":\"https:\/\/aeronoticias.com.pe\/noticiero\/deportes\/qla-sub20-me-da-vergueenzaq-asi-lo-afirmo-natalia-malaga\/#breadcrumb\"},\"inLanguage\":\"es\",\"potentialAction\":[{\"@type\":\"ReadAction\",\"target\":[\"https:\/\/aeronoticias.com.pe\/noticiero\/deportes\/qla-sub20-me-da-vergueenzaq-asi-lo-afirmo-natalia-malaga\/\"]}]},{\"@type\":\"BreadcrumbList\",\"@id\":\"https:\/\/aeronoticias.com.pe\/noticiero\/deportes\/qla-sub20-me-da-vergueenzaq-asi-lo-afirmo-natalia-malaga\/#breadcrumb\",\"itemListElement\":[{\"@type\":\"ListItem\",\"position\":1,\"name\":\"Portada\",\"item\":\"https:\/\/aeronoticias.com.pe\/noticiero\/\"},{\"@type\":\"ListItem\",\"position\":2,\"name\":\"\u00abLa sub20 me da verg\u00fcenza\u00bb as\u00ed lo afirm\u00f3 Natalia M\u00e1laga\"}]},{\"@type\":\"WebSite\",\"@id\":\"https:\/\/aeronoticias.com.pe\/noticiero\/#website\",\"url\":\"https:\/\/aeronoticias.com.pe\/noticiero\/\",\"name\":\"Aeronoticias.com.pe\",\"description\":\"Noticias de tranporte aereo, turismo, hoteles, gastronomia, actualidad, internacional\",\"potentialAction\":[{\"@type\":\"SearchAction\",\"target\":{\"@type\":\"EntryPoint\",\"urlTemplate\":\"https:\/\/aeronoticias.com.pe\/noticiero\/?s={search_term_string}\"},\"query-input\":{\"@type\":\"PropertyValueSpecification\",\"valueRequired\":true,\"valueName\":\"search_term_string\"}}],\"inLanguage\":\"es\"},{\"@type\":\"Person\",\"@id\":\"https:\/\/aeronoticias.com.pe\/noticiero\/#\/schema\/person\/fc1e5d578f4b62ba1cf7ac2bba1170a0\",\"name\":\"Redacci\u00f3n Aeronoticias\",\"url\":\"https:\/\/aeronoticias.com.pe\/noticiero\/author\/piloto\/\"}]}<\/script>\n<!-- \/ Yoast SEO plugin. -->","yoast_head_json":{"title":"\"La sub20 me da verg\u00fcenza\" as\u00ed lo afirm\u00f3 Natalia M\u00e1laga","description":"Portal de noticias del Per\u00fa sobre el transporte a\u00e9reo, aviaci\u00f3n, turismo, hoteleria, actualidad.","robots":{"index":"index","follow":"follow","max-snippet":"max-snippet:-1","max-image-preview":"max-image-preview:large","max-video-preview":"max-video-preview:-1"},"canonical":"https:\/\/aeronoticias.com.pe\/noticiero\/deportes\/qla-sub20-me-da-vergueenzaq-asi-lo-afirmo-natalia-malaga\/","og_locale":"es_ES","og_type":"article","og_title":"\"La sub20 me da verg\u00fcenza\" as\u00ed lo afirm\u00f3 Natalia M\u00e1laga","og_description":"Portal de noticias del Per\u00fa sobre el transporte a\u00e9reo, aviaci\u00f3n, turismo, hoteleria, actualidad.","og_url":"https:\/\/aeronoticias.com.pe\/noticiero\/deportes\/qla-sub20-me-da-vergueenzaq-asi-lo-afirmo-natalia-malaga\/","og_site_name":"Aeronoticias.com.pe","article_publisher":"https:\/\/www.facebook.com\/Aeronoticias.com.pe\/","article_published_time":"2014-10-07T13:30:01+00:00","author":"Redacci\u00f3n Aeronoticias","twitter_card":"summary_large_image","twitter_creator":"@aeronoticias","twitter_site":"@aeronoticias","twitter_misc":{"Escrito por":"Redacci\u00f3n Aeronoticias","Tiempo de lectura":"1 minuto"},"schema":{"@context":"https:\/\/schema.org","@graph":[{"@type":"WebPage","@id":"https:\/\/aeronoticias.com.pe\/noticiero\/deportes\/qla-sub20-me-da-vergueenzaq-asi-lo-afirmo-natalia-malaga\/","url":"https:\/\/aeronoticias.com.pe\/noticiero\/deportes\/qla-sub20-me-da-vergueenzaq-asi-lo-afirmo-natalia-malaga\/","name":"\"La sub20 me da verg\u00fcenza\" as\u00ed lo afirm\u00f3 Natalia M\u00e1laga","isPartOf":{"@id":"https:\/\/aeronoticias.com.pe\/noticiero\/#website"},"datePublished":"2014-10-07T13:30:01+00:00","author":{"@id":"https:\/\/aeronoticias.com.pe\/noticiero\/#\/schema\/person\/fc1e5d578f4b62ba1cf7ac2bba1170a0"},"description":"Portal de noticias del Per\u00fa sobre el transporte a\u00e9reo, aviaci\u00f3n, turismo, hoteleria, actualidad.","breadcrumb":{"@id":"https:\/\/aeronoticias.com.pe\/noticiero\/deportes\/qla-sub20-me-da-vergueenzaq-asi-lo-afirmo-natalia-malaga\/#breadcrumb"},"inLanguage":"es","potentialAction":[{"@type":"ReadAction","target":["https:\/\/aeronoticias.com.pe\/noticiero\/deportes\/qla-sub20-me-da-vergueenzaq-asi-lo-afirmo-natalia-malaga\/"]}]},{"@type":"BreadcrumbList","@id":"https:\/\/aeronoticias.com.pe\/noticiero\/deportes\/qla-sub20-me-da-vergueenzaq-asi-lo-afirmo-natalia-malaga\/#breadcrumb","itemListElement":[{"@type":"ListItem","position":1,"name":"Portada","item":"https:\/\/aeronoticias.com.pe\/noticiero\/"},{"@type":"ListItem","position":2,"name":"\u00abLa sub20 me da verg\u00fcenza\u00bb as\u00ed lo afirm\u00f3 Natalia M\u00e1laga"}]},{"@type":"WebSite","@id":"https:\/\/aeronoticias.com.pe\/noticiero\/#website","url":"https:\/\/aeronoticias.com.pe\/noticiero\/","name":"Aeronoticias.com.pe","description":"Noticias de tranporte aereo, turismo, hoteles, gastronomia, actualidad, internacional","potentialAction":[{"@type":"SearchAction","target":{"@type":"EntryPoint","urlTemplate":"https:\/\/aeronoticias.com.pe\/noticiero\/?s={search_term_string}"},"query-input":{"@type":"PropertyValueSpecification","valueRequired":true,"valueName":"search_term_string"}}],"inLanguage":"es"},{"@type":"Person","@id":"https:\/\/aeronoticias.com.pe\/noticiero\/#\/schema\/person\/fc1e5d578f4b62ba1cf7ac2bba1170a0","name":"Redacci\u00f3n Aeronoticias","url":"https:\/\/aeronoticias.com.pe\/noticiero\/author\/piloto\/"}]}},"_links":{"self":[{"href":"https:\/\/aeronoticias.com.pe\/noticiero\/wp-json\/wp\/v2\/posts\/49436","targetHints":{"allow":["GET"]}}],"collection":[{"href":"https:\/\/aeronoticias.com.pe\/noticiero\/wp-json\/wp\/v2\/posts"}],"about":[{"href":"https:\/\/aeronoticias.com.pe\/noticiero\/wp-json\/wp\/v2\/types\/post"}],"author":[{"embeddable":true,"href":"https:\/\/aeronoticias.com.pe\/noticiero\/wp-json\/wp\/v2\/users\/1"}],"replies":[{"embeddable":true,"href":"https:\/\/aeronoticias.com.pe\/noticiero\/wp-json\/wp\/v2\/comments?post=49436"}],"version-history":[{"count":0,"href":"https:\/\/aeronoticias.com.pe\/noticiero\/wp-json\/wp\/v2\/posts\/49436\/revisions"}],"wp:attachment":[{"href":"https:\/\/aeronoticias.com.pe\/noticiero\/wp-json\/wp\/v2\/media?parent=49436"}],"wp:term":[{"taxonomy":"category","embeddable":true,"href":"https:\/\/aeronoticias.com.pe\/noticiero\/wp-json\/wp\/v2\/categories?post=49436"},{"taxonomy":"post_tag","embeddable":true,"href":"https:\/\/aeronoticias.com.pe\/noticiero\/wp-json\/wp\/v2\/tags?post=49436"}],"curies":[{"name":"wp","href":"https:\/\/api.w.org\/{rel}","templated":true}]}}