{"id":49438,"date":"2014-10-07T16:19:35","date_gmt":"2014-10-07T16:19:35","guid":{"rendered":"http:\/\/desarrollo.mcvicious.com\/aero2020\/2014\/10\/07\/klm-celebra-sus-95-anos\/"},"modified":"2014-10-07T16:19:35","modified_gmt":"2014-10-07T16:19:35","slug":"klm-celebra-sus-95-anos","status":"publish","type":"post","link":"https:\/\/aeronoticias.com.pe\/noticiero\/transporte-aereo\/internacional\/klm-celebra-sus-95-anos\/","title":{"rendered":"Koninklijke Luchtvaart Maatschappij: Para muchos, solo KLM \u00a1hoy cumple 95 a\u00f1os!"},"content":{"rendered":"<p style=\"text-align: justify;\"><img decoding=\"async\" src=\"images\/stories\/14\/10\/071014\/a7_1.jpg\" border=\"0\" \/><\/p>\n<p style=\"text-align: justify;\"><strong>(Aeronoticias).-<\/strong> El 7 de octubre de 1019 nac\u00eda una nueva aerol\u00ednea: <strong>Koninklijke Luchtvaart Maatschappij<\/strong>, m\u00e1s conocida por sus siglas <strong>KLM<\/strong>. Hoy es la aerol\u00ednea m\u00e1s antigua del mundo que contin\u00faa usando su nombre original.<\/p>\n<p>  <!--more-->  <\/p>\n<p style=\"text-align: justify;\">KLM celebra hoy 7 de octubre sus 95 a\u00f1os y lo hace con una serie de actos que incluyen el inicio de las obras de una nueva sala VIP para sus pasajeros intercontinentales en el aeropuerto de Schiphol (Amsterdam); el lanzamiento de ofertas en numerosas rutas; y la presentaci\u00f3n de una nueva casa en miniatura de cer\u00e1mica de Delft especial por los 95 a\u00f1os. Estas miniaturas, que se regalan a los pasajeros de clase ejecutiva en vuelos de largo recorrido desde los a\u00f1os 50, son r\u00e9plicas de aut\u00e9nticas casas en Holanda, y cada 7 de octubre se lanza un nuevo modelo. La colecci\u00f3n alcanza ya las 95 casas con la que hoy se presenta.<\/p>\n<p style=\"text-align: justify;\"><img decoding=\"async\" src=\"images\/stories\/14\/10\/a7_2.jpg\" border=\"0\" \/><\/p>\n<p style=\"text-align: justify;\">Adem\u00e1s, se ha presentado tambi\u00e9n el logotipo del 95 aniversario a\u00f1adido a un MD-11 y que posteriormente se colocar\u00e1 en un ejemplar de cada modelo de avi\u00f3n de largo recorrido en servicio.<\/p>\n<p style=\"text-align: justify;\">KLM, aunque fue adquirida por Air France en 2004, \u00a0fue la decimos\u00e9ptima aerol\u00ednea del mundo. La primera es DELAG que oper\u00f3 con dirigibles desde el 16 de noviembre de 1009. Algunas otras anteriores se fusionaron entre s\u00ed o con otras cambiando de nombre, entre ellas antecesoras de Air France o Lufthansa. Qantas, fundada el 16 de noviembre de 1920 reclama que ellos son la aerol\u00ednea m\u00e1s antigua del mundo que ha operado de forma continua con su nombre original dado que KLM ces\u00f3 sus operaciones durante la Segunda Guerra Mundial, momento en el que s\u00f3lo operaba su filial en Indonesia.<\/p>\n<p style=\"text-align: center;\"> <object width=\"610\" height=\"409\" type=\"application\/x-shockwave-flash\" data=\"http:\/\/www.youtube.com\/v\/-fVKAW_cCls? fs=1&amp;hl=en_US&amp;autoplay=0&amp; showinfo=0&amp;rel=0\"><param name=\"movie\" value=\"http:\/\/www.youtube.com\/v\/-fVKAW_cCls? fs=1&amp;hl=en_US&amp;autoplay=0&amp; showinfo=0&amp;rel=0\" \/><param name=\"wmode\" value=\"transparent\" \/><\/object> <\/p>\n<p style=\"text-align: justify;\">\u00a0<\/p>\n<p style=\"text-align: justify;\">Fuente: <strong style=\"font-style: italic;\">Fly-news<\/strong><br \/>Foto:\u00a0<strong><em>Martyn Gill (Airplane-Pictures.net) \/ Captura web<\/em><\/strong><\/p>\n<p>{jathumbnail off images=\u00bbimages\/stories\/14\/10\/071014\/a7_1.jpg,images\/stories\/14\/10\/a7_2.jpg\u00bb}<\/p>\n","protected":false},"excerpt":{"rendered":"<p>(Aeronoticias).- El 7 de octubre de 1019 nac\u00eda una nueva aerol\u00ednea: Koninklijke Luchtvaart Maatschappij, m\u00e1s conocida por sus siglas KLM. Hoy es la aerol\u00ednea m\u00e1s antigua del mundo que contin\u00faa usando su nombre original.<\/p>\n","protected":false},"author":1,"featured_media":0,"comment_status":"open","ping_status":"open","sticky":false,"template":"","format":"standard","meta":{"tdm_status":"","tdm_grid_status":"","footnotes":""},"categories":[32],"tags":[],"class_list":{"0":"post-49438","1":"post","2":"type-post","3":"status-publish","4":"format-standard","6":"category-internacional"},"yoast_head":"<!-- This site is optimized with the Yoast SEO plugin v25.1 - https:\/\/yoast.com\/wordpress\/plugins\/seo\/ -->\n<title>Koninklijke Luchtvaart Maatschappij: Para muchos, solo KLM \u00a1hoy cumple 95 a\u00f1os!<\/title>\n<meta name=\"description\" content=\"Portal de noticias del Per\u00fa sobre el transporte a\u00e9reo, aviaci\u00f3n, turismo, hoteleria, actualidad.\" \/>\n<meta name=\"robots\" content=\"index, follow, max-snippet:-1, max-image-preview:large, max-video-preview:-1\" \/>\n<link rel=\"canonical\" href=\"https:\/\/aeronoticias.com.pe\/noticiero\/transporte-aereo\/internacional\/klm-celebra-sus-95-anos\/\" \/>\n<meta property=\"og:locale\" content=\"es_ES\" \/>\n<meta property=\"og:type\" content=\"article\" \/>\n<meta property=\"og:title\" content=\"Koninklijke Luchtvaart Maatschappij: Para muchos, solo KLM \u00a1hoy cumple 95 a\u00f1os!\" \/>\n<meta property=\"og:description\" content=\"Portal de noticias del Per\u00fa sobre el transporte a\u00e9reo, aviaci\u00f3n, turismo, hoteleria, actualidad.\" \/>\n<meta property=\"og:url\" content=\"https:\/\/aeronoticias.com.pe\/noticiero\/transporte-aereo\/internacional\/klm-celebra-sus-95-anos\/\" \/>\n<meta property=\"og:site_name\" content=\"Aeronoticias.com.pe\" \/>\n<meta property=\"article:publisher\" content=\"https:\/\/www.facebook.com\/Aeronoticias.com.pe\/\" \/>\n<meta property=\"article:published_time\" content=\"2014-10-07T16:19:35+00:00\" \/>\n<meta name=\"author\" content=\"Redacci\u00f3n Aeronoticias\" \/>\n<meta name=\"twitter:card\" content=\"summary_large_image\" \/>\n<meta name=\"twitter:creator\" content=\"@aeronoticias\" \/>\n<meta name=\"twitter:site\" content=\"@aeronoticias\" \/>\n<meta name=\"twitter:label1\" content=\"Escrito por\" \/>\n\t<meta name=\"twitter:data1\" content=\"Redacci\u00f3n Aeronoticias\" \/>\n\t<meta name=\"twitter:label2\" content=\"Tiempo de lectura\" \/>\n\t<meta name=\"twitter:data2\" content=\"2 minutos\" \/>\n<script type=\"application\/ld+json\" class=\"yoast-schema-graph\">{\"@context\":\"https:\/\/schema.org\",\"@graph\":[{\"@type\":\"WebPage\",\"@id\":\"https:\/\/aeronoticias.com.pe\/noticiero\/transporte-aereo\/internacional\/klm-celebra-sus-95-anos\/\",\"url\":\"https:\/\/aeronoticias.com.pe\/noticiero\/transporte-aereo\/internacional\/klm-celebra-sus-95-anos\/\",\"name\":\"Koninklijke Luchtvaart Maatschappij: Para muchos, solo KLM \u00a1hoy cumple 95 a\u00f1os!\",\"isPartOf\":{\"@id\":\"https:\/\/aeronoticias.com.pe\/noticiero\/#website\"},\"datePublished\":\"2014-10-07T16:19:35+00:00\",\"author\":{\"@id\":\"https:\/\/aeronoticias.com.pe\/noticiero\/#\/schema\/person\/fc1e5d578f4b62ba1cf7ac2bba1170a0\"},\"description\":\"Portal de noticias del Per\u00fa sobre el transporte a\u00e9reo, aviaci\u00f3n, turismo, hoteleria, actualidad.\",\"breadcrumb\":{\"@id\":\"https:\/\/aeronoticias.com.pe\/noticiero\/transporte-aereo\/internacional\/klm-celebra-sus-95-anos\/#breadcrumb\"},\"inLanguage\":\"es\",\"potentialAction\":[{\"@type\":\"ReadAction\",\"target\":[\"https:\/\/aeronoticias.com.pe\/noticiero\/transporte-aereo\/internacional\/klm-celebra-sus-95-anos\/\"]}]},{\"@type\":\"BreadcrumbList\",\"@id\":\"https:\/\/aeronoticias.com.pe\/noticiero\/transporte-aereo\/internacional\/klm-celebra-sus-95-anos\/#breadcrumb\",\"itemListElement\":[{\"@type\":\"ListItem\",\"position\":1,\"name\":\"Portada\",\"item\":\"https:\/\/aeronoticias.com.pe\/noticiero\/\"},{\"@type\":\"ListItem\",\"position\":2,\"name\":\"Koninklijke Luchtvaart Maatschappij: Para muchos, solo KLM \u00a1hoy cumple 95 a\u00f1os!\"}]},{\"@type\":\"WebSite\",\"@id\":\"https:\/\/aeronoticias.com.pe\/noticiero\/#website\",\"url\":\"https:\/\/aeronoticias.com.pe\/noticiero\/\",\"name\":\"Aeronoticias.com.pe\",\"description\":\"Noticias de tranporte aereo, turismo, hoteles, gastronomia, actualidad, internacional\",\"potentialAction\":[{\"@type\":\"SearchAction\",\"target\":{\"@type\":\"EntryPoint\",\"urlTemplate\":\"https:\/\/aeronoticias.com.pe\/noticiero\/?s={search_term_string}\"},\"query-input\":{\"@type\":\"PropertyValueSpecification\",\"valueRequired\":true,\"valueName\":\"search_term_string\"}}],\"inLanguage\":\"es\"},{\"@type\":\"Person\",\"@id\":\"https:\/\/aeronoticias.com.pe\/noticiero\/#\/schema\/person\/fc1e5d578f4b62ba1cf7ac2bba1170a0\",\"name\":\"Redacci\u00f3n Aeronoticias\",\"url\":\"https:\/\/aeronoticias.com.pe\/noticiero\/author\/piloto\/\"}]}<\/script>\n<!-- \/ Yoast SEO plugin. -->","yoast_head_json":{"title":"Koninklijke Luchtvaart Maatschappij: Para muchos, solo KLM \u00a1hoy cumple 95 a\u00f1os!","description":"Portal de noticias del Per\u00fa sobre el transporte a\u00e9reo, aviaci\u00f3n, turismo, hoteleria, actualidad.","robots":{"index":"index","follow":"follow","max-snippet":"max-snippet:-1","max-image-preview":"max-image-preview:large","max-video-preview":"max-video-preview:-1"},"canonical":"https:\/\/aeronoticias.com.pe\/noticiero\/transporte-aereo\/internacional\/klm-celebra-sus-95-anos\/","og_locale":"es_ES","og_type":"article","og_title":"Koninklijke Luchtvaart Maatschappij: Para muchos, solo KLM \u00a1hoy cumple 95 a\u00f1os!","og_description":"Portal de noticias del Per\u00fa sobre el transporte a\u00e9reo, aviaci\u00f3n, turismo, hoteleria, actualidad.","og_url":"https:\/\/aeronoticias.com.pe\/noticiero\/transporte-aereo\/internacional\/klm-celebra-sus-95-anos\/","og_site_name":"Aeronoticias.com.pe","article_publisher":"https:\/\/www.facebook.com\/Aeronoticias.com.pe\/","article_published_time":"2014-10-07T16:19:35+00:00","author":"Redacci\u00f3n Aeronoticias","twitter_card":"summary_large_image","twitter_creator":"@aeronoticias","twitter_site":"@aeronoticias","twitter_misc":{"Escrito por":"Redacci\u00f3n Aeronoticias","Tiempo de lectura":"2 minutos"},"schema":{"@context":"https:\/\/schema.org","@graph":[{"@type":"WebPage","@id":"https:\/\/aeronoticias.com.pe\/noticiero\/transporte-aereo\/internacional\/klm-celebra-sus-95-anos\/","url":"https:\/\/aeronoticias.com.pe\/noticiero\/transporte-aereo\/internacional\/klm-celebra-sus-95-anos\/","name":"Koninklijke Luchtvaart Maatschappij: Para muchos, solo KLM \u00a1hoy cumple 95 a\u00f1os!","isPartOf":{"@id":"https:\/\/aeronoticias.com.pe\/noticiero\/#website"},"datePublished":"2014-10-07T16:19:35+00:00","author":{"@id":"https:\/\/aeronoticias.com.pe\/noticiero\/#\/schema\/person\/fc1e5d578f4b62ba1cf7ac2bba1170a0"},"description":"Portal de noticias del Per\u00fa sobre el transporte a\u00e9reo, aviaci\u00f3n, turismo, hoteleria, actualidad.","breadcrumb":{"@id":"https:\/\/aeronoticias.com.pe\/noticiero\/transporte-aereo\/internacional\/klm-celebra-sus-95-anos\/#breadcrumb"},"inLanguage":"es","potentialAction":[{"@type":"ReadAction","target":["https:\/\/aeronoticias.com.pe\/noticiero\/transporte-aereo\/internacional\/klm-celebra-sus-95-anos\/"]}]},{"@type":"BreadcrumbList","@id":"https:\/\/aeronoticias.com.pe\/noticiero\/transporte-aereo\/internacional\/klm-celebra-sus-95-anos\/#breadcrumb","itemListElement":[{"@type":"ListItem","position":1,"name":"Portada","item":"https:\/\/aeronoticias.com.pe\/noticiero\/"},{"@type":"ListItem","position":2,"name":"Koninklijke Luchtvaart Maatschappij: Para muchos, solo KLM \u00a1hoy cumple 95 a\u00f1os!"}]},{"@type":"WebSite","@id":"https:\/\/aeronoticias.com.pe\/noticiero\/#website","url":"https:\/\/aeronoticias.com.pe\/noticiero\/","name":"Aeronoticias.com.pe","description":"Noticias de tranporte aereo, turismo, hoteles, gastronomia, actualidad, internacional","potentialAction":[{"@type":"SearchAction","target":{"@type":"EntryPoint","urlTemplate":"https:\/\/aeronoticias.com.pe\/noticiero\/?s={search_term_string}"},"query-input":{"@type":"PropertyValueSpecification","valueRequired":true,"valueName":"search_term_string"}}],"inLanguage":"es"},{"@type":"Person","@id":"https:\/\/aeronoticias.com.pe\/noticiero\/#\/schema\/person\/fc1e5d578f4b62ba1cf7ac2bba1170a0","name":"Redacci\u00f3n Aeronoticias","url":"https:\/\/aeronoticias.com.pe\/noticiero\/author\/piloto\/"}]}},"_links":{"self":[{"href":"https:\/\/aeronoticias.com.pe\/noticiero\/wp-json\/wp\/v2\/posts\/49438","targetHints":{"allow":["GET"]}}],"collection":[{"href":"https:\/\/aeronoticias.com.pe\/noticiero\/wp-json\/wp\/v2\/posts"}],"about":[{"href":"https:\/\/aeronoticias.com.pe\/noticiero\/wp-json\/wp\/v2\/types\/post"}],"author":[{"embeddable":true,"href":"https:\/\/aeronoticias.com.pe\/noticiero\/wp-json\/wp\/v2\/users\/1"}],"replies":[{"embeddable":true,"href":"https:\/\/aeronoticias.com.pe\/noticiero\/wp-json\/wp\/v2\/comments?post=49438"}],"version-history":[{"count":0,"href":"https:\/\/aeronoticias.com.pe\/noticiero\/wp-json\/wp\/v2\/posts\/49438\/revisions"}],"wp:attachment":[{"href":"https:\/\/aeronoticias.com.pe\/noticiero\/wp-json\/wp\/v2\/media?parent=49438"}],"wp:term":[{"taxonomy":"category","embeddable":true,"href":"https:\/\/aeronoticias.com.pe\/noticiero\/wp-json\/wp\/v2\/categories?post=49438"},{"taxonomy":"post_tag","embeddable":true,"href":"https:\/\/aeronoticias.com.pe\/noticiero\/wp-json\/wp\/v2\/tags?post=49438"}],"curies":[{"name":"wp","href":"https:\/\/api.w.org\/{rel}","templated":true}]}}