{"id":49440,"date":"2014-10-07T17:26:51","date_gmt":"2014-10-07T17:26:51","guid":{"rendered":"http:\/\/desarrollo.mcvicious.com\/aero2020\/2014\/10\/07\/fmi-estima-que-crecimiento-de-peru-sera-de-36-este-ano-y-51-en-el-2015\/"},"modified":"2014-10-07T17:26:51","modified_gmt":"2014-10-07T17:26:51","slug":"fmi-estima-que-crecimiento-de-peru-sera-de-36-este-ano-y-51-en-el-2015","status":"publish","type":"post","link":"https:\/\/aeronoticias.com.pe\/noticiero\/economia\/fmi-estima-que-crecimiento-de-peru-sera-de-36-este-ano-y-51-en-el-2015\/","title":{"rendered":"FMI estima que crecimiento de Per\u00fa ser\u00e1 de 3.6% este a\u00f1o y 5.1% en el 2015"},"content":{"rendered":"<p style=\"text-align: justify;\"><strong>(Aeronoticias) <\/strong><span style=\"line-height: 1.3em;\">El Fondo Monetario Internacional (FMI) proyect\u00f3 hoy que el crecimiento del Per\u00fa ser\u00e1 de 3.6 por ciento este a\u00f1o, en tanto que en el 2015 mostrar\u00e1 un mayor dinamismo y se expandir\u00e1 5.1 por ciento.<\/span><\/p>\n<p style=\"text-align: justify;\"><span style=\"line-height: 1.3em;\">La cifra estimada por el FMI para este a\u00f1o es ligeramente superior a la prevista por el Banco Central de Reserva (BCR) de 3.5 por ciento.<\/span><\/p>\n<p style=\"text-align: justify;\"><span style=\"line-height: 1.3em;\">El organismo multilateral estim\u00f3, asimismo, que la inflaci\u00f3n al cierre de este a\u00f1o ser\u00e1 de 3.2 por ciento y en el 2015 de 2.3 por ciento.<\/span><\/p>\n<p style=\"text-align: justify;\"><span style=\"line-height: 1.3em;\">El Sub Director del Departamento de Estudios del FMI, Gian Maria Milesi-Ferreti, explic\u00f3 que el bajo crecimiento se debe a una reducci\u00f3n de la inversi\u00f3n en general y de la inversi\u00f3n en el sector minero.<\/span><\/p>\n<p style=\"text-align: justify;\"><span style=\"line-height: 1.3em;\">Sin embargo, se\u00f1al\u00f3 que el crecimiento del pr\u00f3ximo a\u00f1o estar\u00e1 basado en la recuperaci\u00f3n de la actividad minera.<\/span><\/p>\n<p style=\"text-align: justify;\"><span style=\"line-height: 1.3em;\">Seg\u00fan el FMI, las perspectivas de crecimiento del Per\u00fa deben mejorar en la medida que el impacto de la disminuci\u00f3n temporal de la producci\u00f3n de metales se revierta y que las medidas pol\u00edticas de apoyo tomen vigor.<\/span><\/p>\n<p style=\"text-align: justify;\"><span style=\"line-height: 1.3em;\">El FMI ofreci\u00f3 hoy una conferencia sobre las Perspectiva Econ\u00f3micas en el Mundo, cuyo crecimiento promedio ser\u00e1 de 3.3 por ciento este a\u00f1o y de 3.8 por ciento en el 2015.<\/span><\/p>\n<p style=\"text-align: justify;\"><span style=\"line-height: 1.3em;\">Al respecto, el Consejero Econ\u00f3mico y Director del Departamento de Estudios del FMI, Oliver Blanchard, estim\u00f3 que en Am\u00e9rica Latina la tasa de crecimiento se reducir\u00e1 a la mitad este a\u00f1o y llegar\u00e1 a alrededor de 1.3 por ciento, debido a factores externos.<\/span><\/p>\n<p style=\"text-align: justify;\"><span style=\"line-height: 1.3em;\">Se\u00f1al\u00f3 que algunos de los factores que afectan a la econom\u00eda latinoamericana son las exportaciones, que fueron m\u00e1s \u2018flojas\u2019 de lo previsto, y las limitaciones internas de los pa\u00edses de la regi\u00f3n. <\/span><\/p>\n<p style=\"text-align: justify;\"><span style=\"line-height: 1.3em;\">Estim\u00f3 que el crecimiento para Latinoam\u00e9rica en el 2015 ser\u00e1 de aproximadamente 2.2 por ciento.<\/span><\/p>\n<p style=\"text-align: justify;\"><span style=\"line-height: 1.3em;\"><strong><em>Fuente: Andina<\/em><\/strong><\/span><\/p>\n<p style=\"text-align: justify;\"><span style=\"line-height: 1.3em;\"><strong><em><img decoding=\"async\" src=\"images\/stories\/14\/10\/071014\/perucrecimiento.jpg\" border=\"0\" \/><br \/><\/em><\/strong><\/span><\/p>\n","protected":false},"excerpt":{"rendered":"<p>(Aeronoticias) El Fondo Monetario Internacional (FMI) proyect\u00f3 hoy que el crecimiento del Per\u00fa ser\u00e1 de 3.6 por ciento este a\u00f1o, en tanto que en el 2015 mostrar\u00e1 un mayor dinamismo y se expandir\u00e1 5.1 por ciento. La cifra estimada por el FMI para este a\u00f1o es ligeramente superior a la prevista por el Banco Central [&hellip;]<\/p>\n","protected":false},"author":1,"featured_media":0,"comment_status":"open","ping_status":"open","sticky":false,"template":"","format":"standard","meta":{"tdm_status":"","tdm_grid_status":"","footnotes":""},"categories":[33],"tags":[],"class_list":{"0":"post-49440","1":"post","2":"type-post","3":"status-publish","4":"format-standard","6":"category-economia"},"yoast_head":"<!-- This site is optimized with the Yoast SEO plugin v25.1 - https:\/\/yoast.com\/wordpress\/plugins\/seo\/ -->\n<title>FMI estima que crecimiento de Per\u00fa ser\u00e1 de 3.6% este a\u00f1o y 5.1% en el 2015<\/title>\n<meta name=\"description\" content=\"Portal de noticias del Per\u00fa sobre el transporte a\u00e9reo, aviaci\u00f3n, turismo, hoteleria, actualidad.\" \/>\n<meta name=\"robots\" content=\"index, follow, max-snippet:-1, max-image-preview:large, max-video-preview:-1\" \/>\n<link rel=\"canonical\" href=\"https:\/\/aeronoticias.com.pe\/noticiero\/economia\/fmi-estima-que-crecimiento-de-peru-sera-de-36-este-ano-y-51-en-el-2015\/\" \/>\n<meta property=\"og:locale\" content=\"es_ES\" \/>\n<meta property=\"og:type\" content=\"article\" \/>\n<meta property=\"og:title\" content=\"FMI estima que crecimiento de Per\u00fa ser\u00e1 de 3.6% este a\u00f1o y 5.1% en el 2015\" \/>\n<meta property=\"og:description\" content=\"Portal de noticias del Per\u00fa sobre el transporte a\u00e9reo, aviaci\u00f3n, turismo, hoteleria, actualidad.\" \/>\n<meta property=\"og:url\" content=\"https:\/\/aeronoticias.com.pe\/noticiero\/economia\/fmi-estima-que-crecimiento-de-peru-sera-de-36-este-ano-y-51-en-el-2015\/\" \/>\n<meta property=\"og:site_name\" content=\"Aeronoticias.com.pe\" \/>\n<meta property=\"article:publisher\" content=\"https:\/\/www.facebook.com\/Aeronoticias.com.pe\/\" \/>\n<meta property=\"article:published_time\" content=\"2014-10-07T17:26:51+00:00\" \/>\n<meta name=\"author\" content=\"Redacci\u00f3n Aeronoticias\" \/>\n<meta name=\"twitter:card\" content=\"summary_large_image\" \/>\n<meta name=\"twitter:creator\" content=\"@aeronoticias\" \/>\n<meta name=\"twitter:site\" content=\"@aeronoticias\" \/>\n<meta name=\"twitter:label1\" content=\"Escrito por\" \/>\n\t<meta name=\"twitter:data1\" content=\"Redacci\u00f3n Aeronoticias\" \/>\n\t<meta name=\"twitter:label2\" content=\"Tiempo de lectura\" \/>\n\t<meta name=\"twitter:data2\" content=\"2 minutos\" \/>\n<script type=\"application\/ld+json\" class=\"yoast-schema-graph\">{\"@context\":\"https:\/\/schema.org\",\"@graph\":[{\"@type\":\"WebPage\",\"@id\":\"https:\/\/aeronoticias.com.pe\/noticiero\/economia\/fmi-estima-que-crecimiento-de-peru-sera-de-36-este-ano-y-51-en-el-2015\/\",\"url\":\"https:\/\/aeronoticias.com.pe\/noticiero\/economia\/fmi-estima-que-crecimiento-de-peru-sera-de-36-este-ano-y-51-en-el-2015\/\",\"name\":\"FMI estima que crecimiento de Per\u00fa ser\u00e1 de 3.6% este a\u00f1o y 5.1% en el 2015\",\"isPartOf\":{\"@id\":\"https:\/\/aeronoticias.com.pe\/noticiero\/#website\"},\"datePublished\":\"2014-10-07T17:26:51+00:00\",\"author\":{\"@id\":\"https:\/\/aeronoticias.com.pe\/noticiero\/#\/schema\/person\/fc1e5d578f4b62ba1cf7ac2bba1170a0\"},\"description\":\"Portal de noticias del Per\u00fa sobre el transporte a\u00e9reo, aviaci\u00f3n, turismo, hoteleria, actualidad.\",\"breadcrumb\":{\"@id\":\"https:\/\/aeronoticias.com.pe\/noticiero\/economia\/fmi-estima-que-crecimiento-de-peru-sera-de-36-este-ano-y-51-en-el-2015\/#breadcrumb\"},\"inLanguage\":\"es\",\"potentialAction\":[{\"@type\":\"ReadAction\",\"target\":[\"https:\/\/aeronoticias.com.pe\/noticiero\/economia\/fmi-estima-que-crecimiento-de-peru-sera-de-36-este-ano-y-51-en-el-2015\/\"]}]},{\"@type\":\"BreadcrumbList\",\"@id\":\"https:\/\/aeronoticias.com.pe\/noticiero\/economia\/fmi-estima-que-crecimiento-de-peru-sera-de-36-este-ano-y-51-en-el-2015\/#breadcrumb\",\"itemListElement\":[{\"@type\":\"ListItem\",\"position\":1,\"name\":\"Portada\",\"item\":\"https:\/\/aeronoticias.com.pe\/noticiero\/\"},{\"@type\":\"ListItem\",\"position\":2,\"name\":\"FMI estima que crecimiento de Per\u00fa ser\u00e1 de 3.6% este a\u00f1o y 5.1% en el 2015\"}]},{\"@type\":\"WebSite\",\"@id\":\"https:\/\/aeronoticias.com.pe\/noticiero\/#website\",\"url\":\"https:\/\/aeronoticias.com.pe\/noticiero\/\",\"name\":\"Aeronoticias.com.pe\",\"description\":\"Noticias de tranporte aereo, turismo, hoteles, gastronomia, actualidad, internacional\",\"potentialAction\":[{\"@type\":\"SearchAction\",\"target\":{\"@type\":\"EntryPoint\",\"urlTemplate\":\"https:\/\/aeronoticias.com.pe\/noticiero\/?s={search_term_string}\"},\"query-input\":{\"@type\":\"PropertyValueSpecification\",\"valueRequired\":true,\"valueName\":\"search_term_string\"}}],\"inLanguage\":\"es\"},{\"@type\":\"Person\",\"@id\":\"https:\/\/aeronoticias.com.pe\/noticiero\/#\/schema\/person\/fc1e5d578f4b62ba1cf7ac2bba1170a0\",\"name\":\"Redacci\u00f3n Aeronoticias\",\"url\":\"https:\/\/aeronoticias.com.pe\/noticiero\/author\/piloto\/\"}]}<\/script>\n<!-- \/ Yoast SEO plugin. -->","yoast_head_json":{"title":"FMI estima que crecimiento de Per\u00fa ser\u00e1 de 3.6% este a\u00f1o y 5.1% en el 2015","description":"Portal de noticias del Per\u00fa sobre el transporte a\u00e9reo, aviaci\u00f3n, turismo, hoteleria, actualidad.","robots":{"index":"index","follow":"follow","max-snippet":"max-snippet:-1","max-image-preview":"max-image-preview:large","max-video-preview":"max-video-preview:-1"},"canonical":"https:\/\/aeronoticias.com.pe\/noticiero\/economia\/fmi-estima-que-crecimiento-de-peru-sera-de-36-este-ano-y-51-en-el-2015\/","og_locale":"es_ES","og_type":"article","og_title":"FMI estima que crecimiento de Per\u00fa ser\u00e1 de 3.6% este a\u00f1o y 5.1% en el 2015","og_description":"Portal de noticias del Per\u00fa sobre el transporte a\u00e9reo, aviaci\u00f3n, turismo, hoteleria, actualidad.","og_url":"https:\/\/aeronoticias.com.pe\/noticiero\/economia\/fmi-estima-que-crecimiento-de-peru-sera-de-36-este-ano-y-51-en-el-2015\/","og_site_name":"Aeronoticias.com.pe","article_publisher":"https:\/\/www.facebook.com\/Aeronoticias.com.pe\/","article_published_time":"2014-10-07T17:26:51+00:00","author":"Redacci\u00f3n Aeronoticias","twitter_card":"summary_large_image","twitter_creator":"@aeronoticias","twitter_site":"@aeronoticias","twitter_misc":{"Escrito por":"Redacci\u00f3n Aeronoticias","Tiempo de lectura":"2 minutos"},"schema":{"@context":"https:\/\/schema.org","@graph":[{"@type":"WebPage","@id":"https:\/\/aeronoticias.com.pe\/noticiero\/economia\/fmi-estima-que-crecimiento-de-peru-sera-de-36-este-ano-y-51-en-el-2015\/","url":"https:\/\/aeronoticias.com.pe\/noticiero\/economia\/fmi-estima-que-crecimiento-de-peru-sera-de-36-este-ano-y-51-en-el-2015\/","name":"FMI estima que crecimiento de Per\u00fa ser\u00e1 de 3.6% este a\u00f1o y 5.1% en el 2015","isPartOf":{"@id":"https:\/\/aeronoticias.com.pe\/noticiero\/#website"},"datePublished":"2014-10-07T17:26:51+00:00","author":{"@id":"https:\/\/aeronoticias.com.pe\/noticiero\/#\/schema\/person\/fc1e5d578f4b62ba1cf7ac2bba1170a0"},"description":"Portal de noticias del Per\u00fa sobre el transporte a\u00e9reo, aviaci\u00f3n, turismo, hoteleria, actualidad.","breadcrumb":{"@id":"https:\/\/aeronoticias.com.pe\/noticiero\/economia\/fmi-estima-que-crecimiento-de-peru-sera-de-36-este-ano-y-51-en-el-2015\/#breadcrumb"},"inLanguage":"es","potentialAction":[{"@type":"ReadAction","target":["https:\/\/aeronoticias.com.pe\/noticiero\/economia\/fmi-estima-que-crecimiento-de-peru-sera-de-36-este-ano-y-51-en-el-2015\/"]}]},{"@type":"BreadcrumbList","@id":"https:\/\/aeronoticias.com.pe\/noticiero\/economia\/fmi-estima-que-crecimiento-de-peru-sera-de-36-este-ano-y-51-en-el-2015\/#breadcrumb","itemListElement":[{"@type":"ListItem","position":1,"name":"Portada","item":"https:\/\/aeronoticias.com.pe\/noticiero\/"},{"@type":"ListItem","position":2,"name":"FMI estima que crecimiento de Per\u00fa ser\u00e1 de 3.6% este a\u00f1o y 5.1% en el 2015"}]},{"@type":"WebSite","@id":"https:\/\/aeronoticias.com.pe\/noticiero\/#website","url":"https:\/\/aeronoticias.com.pe\/noticiero\/","name":"Aeronoticias.com.pe","description":"Noticias de tranporte aereo, turismo, hoteles, gastronomia, actualidad, internacional","potentialAction":[{"@type":"SearchAction","target":{"@type":"EntryPoint","urlTemplate":"https:\/\/aeronoticias.com.pe\/noticiero\/?s={search_term_string}"},"query-input":{"@type":"PropertyValueSpecification","valueRequired":true,"valueName":"search_term_string"}}],"inLanguage":"es"},{"@type":"Person","@id":"https:\/\/aeronoticias.com.pe\/noticiero\/#\/schema\/person\/fc1e5d578f4b62ba1cf7ac2bba1170a0","name":"Redacci\u00f3n Aeronoticias","url":"https:\/\/aeronoticias.com.pe\/noticiero\/author\/piloto\/"}]}},"_links":{"self":[{"href":"https:\/\/aeronoticias.com.pe\/noticiero\/wp-json\/wp\/v2\/posts\/49440","targetHints":{"allow":["GET"]}}],"collection":[{"href":"https:\/\/aeronoticias.com.pe\/noticiero\/wp-json\/wp\/v2\/posts"}],"about":[{"href":"https:\/\/aeronoticias.com.pe\/noticiero\/wp-json\/wp\/v2\/types\/post"}],"author":[{"embeddable":true,"href":"https:\/\/aeronoticias.com.pe\/noticiero\/wp-json\/wp\/v2\/users\/1"}],"replies":[{"embeddable":true,"href":"https:\/\/aeronoticias.com.pe\/noticiero\/wp-json\/wp\/v2\/comments?post=49440"}],"version-history":[{"count":0,"href":"https:\/\/aeronoticias.com.pe\/noticiero\/wp-json\/wp\/v2\/posts\/49440\/revisions"}],"wp:attachment":[{"href":"https:\/\/aeronoticias.com.pe\/noticiero\/wp-json\/wp\/v2\/media?parent=49440"}],"wp:term":[{"taxonomy":"category","embeddable":true,"href":"https:\/\/aeronoticias.com.pe\/noticiero\/wp-json\/wp\/v2\/categories?post=49440"},{"taxonomy":"post_tag","embeddable":true,"href":"https:\/\/aeronoticias.com.pe\/noticiero\/wp-json\/wp\/v2\/tags?post=49440"}],"curies":[{"name":"wp","href":"https:\/\/api.w.org\/{rel}","templated":true}]}}