{"id":49527,"date":"2014-10-12T11:30:00","date_gmt":"2014-10-12T11:30:00","guid":{"rendered":"http:\/\/desarrollo.mcvicious.com\/aero2020\/2014\/10\/12\/partido-de-villaran-espera-participar-en-elecciones-del-2016\/"},"modified":"2014-10-12T11:30:00","modified_gmt":"2014-10-12T11:30:00","slug":"partido-de-villaran-espera-participar-en-elecciones-del-2016","status":"publish","type":"post","link":"https:\/\/aeronoticias.com.pe\/noticiero\/politica\/partido-de-villaran-espera-participar-en-elecciones-del-2016\/","title":{"rendered":"Partido de Villar\u00e1n espera participar en elecciones del 2016"},"content":{"rendered":"<p style=\"text-align: justify;\"><img decoding=\"async\" src=\"images\/stories\/14\/10\/121014\/a2.jpg\" border=\"0\" \/><\/p>\n<p style=\"text-align: justify;\"><strong>(Aeronoticias).<\/strong>&#8211; Sigifredo Vel\u00e1squez, presidente de Fuerza Social, se\u00f1al\u00f3 que buscar\u00e1n alianzas electorales con agrupaciones afines.<\/p>\n<p style=\"text-align: justify;\">  <!--more-->  Fuerza Social, partido liderado por la alcaldesa de Lima, Susana Villar\u00e1n, espera poder participar de las elecciones presidenciales del 2016. As\u00ed lo se\u00f1al\u00f3 su presidente, Sigifredo Vel\u00e1squez, quien dijo que buscar\u00e1n alianzas con agrupaciones afines para ese objetivo.<\/p>\n<p style=\"text-align: justify;\">\u00abEn este momento no tenemos la posibilidad de presentar una candidatura en el 2016\u00bb, dijo Vel\u00e1squez en declaraciones a la Agencia Andina. \u00abNo llegaremos a recolectar firmas para una inscripci\u00f3n propia, pero s\u00ed queremos participar\u00bb, a\u00f1adi\u00f3 el dirigente.<\/p>\n<p style=\"text-align: justify;\">Seg\u00fan explic\u00f3, esperan participar de los pr\u00f3ximos comicios en alianza con agrupaciones que tengan su inscripci\u00f3n vigente en el Jurado Nacional de Elecciones (JNE), pues ellos, como se recuerda, perdieron la suya en el 2012 al no superar la valla electoral.<\/p>\n<p style=\"text-align: justify;\">Consultado sobre la posibilidad de presentar su propia candidatura al 2016, Vel\u00e1squez dijo que \u201cuna eventual candidatura ser\u00eda demasiada exposici\u00f3n en un momento en el que el mensaje pol\u00edtico es que se vaya despacio\u00bb. Asimismo, destac\u00f3 el liderazgo de Villar\u00e1n.<\/p>\n<p style=\"text-align: justify;\">El dirigente tambi\u00e9n coment\u00f3 que su partido se encuentra en un periodo de autocr\u00edtica tras los resultados negativos en el \u00faltimo proceso electoral. \u00abQueremos ver qu\u00e9 ha pasado, qu\u00e9 ha faltado porque estos resultados no reflejan el esfuerzo que tuvo la gesti\u00f3n\u00bb.<\/p>\n<p style=\"text-align: justify;\">\u00a0<\/p>\n<p style=\"text-align: justify;\">Fuente: <strong><em>El Comercio<\/em><\/strong><\/p>\n<p style=\"text-align: justify;\">Foto: <strong><em>El Comercio<\/em><\/strong><\/p>\n","protected":false},"excerpt":{"rendered":"<p>(Aeronoticias).&#8211; Sigifredo Vel\u00e1squez, presidente de Fuerza Social, se\u00f1al\u00f3 que buscar\u00e1n alianzas electorales con agrupaciones afines.<\/p>\n","protected":false},"author":1,"featured_media":0,"comment_status":"open","ping_status":"open","sticky":false,"template":"","format":"standard","meta":{"tdm_status":"","tdm_grid_status":"","footnotes":""},"categories":[36],"tags":[],"class_list":{"0":"post-49527","1":"post","2":"type-post","3":"status-publish","4":"format-standard","6":"category-politica"},"yoast_head":"<!-- This site is optimized with the Yoast SEO plugin v25.1 - https:\/\/yoast.com\/wordpress\/plugins\/seo\/ -->\n<title>Partido de Villar\u00e1n espera participar en elecciones del 2016<\/title>\n<meta name=\"description\" content=\"Portal de noticias del Per\u00fa sobre el transporte a\u00e9reo, aviaci\u00f3n, turismo, hoteleria, actualidad.\" \/>\n<meta name=\"robots\" content=\"index, follow, max-snippet:-1, max-image-preview:large, max-video-preview:-1\" \/>\n<link rel=\"canonical\" href=\"https:\/\/aeronoticias.com.pe\/noticiero\/politica\/partido-de-villaran-espera-participar-en-elecciones-del-2016\/\" \/>\n<meta property=\"og:locale\" content=\"es_ES\" \/>\n<meta property=\"og:type\" content=\"article\" \/>\n<meta property=\"og:title\" content=\"Partido de Villar\u00e1n espera participar en elecciones del 2016\" \/>\n<meta property=\"og:description\" content=\"Portal de noticias del Per\u00fa sobre el transporte a\u00e9reo, aviaci\u00f3n, turismo, hoteleria, actualidad.\" \/>\n<meta property=\"og:url\" content=\"https:\/\/aeronoticias.com.pe\/noticiero\/politica\/partido-de-villaran-espera-participar-en-elecciones-del-2016\/\" \/>\n<meta property=\"og:site_name\" content=\"Aeronoticias.com.pe\" \/>\n<meta property=\"article:publisher\" content=\"https:\/\/www.facebook.com\/Aeronoticias.com.pe\/\" \/>\n<meta property=\"article:published_time\" content=\"2014-10-12T11:30:00+00:00\" \/>\n<meta name=\"author\" content=\"Redacci\u00f3n Aeronoticias\" \/>\n<meta name=\"twitter:card\" content=\"summary_large_image\" \/>\n<meta name=\"twitter:creator\" content=\"@aeronoticias\" \/>\n<meta name=\"twitter:site\" content=\"@aeronoticias\" \/>\n<meta name=\"twitter:label1\" content=\"Escrito por\" \/>\n\t<meta name=\"twitter:data1\" content=\"Redacci\u00f3n Aeronoticias\" \/>\n\t<meta name=\"twitter:label2\" content=\"Tiempo de lectura\" \/>\n\t<meta name=\"twitter:data2\" content=\"1 minuto\" \/>\n<script type=\"application\/ld+json\" class=\"yoast-schema-graph\">{\"@context\":\"https:\/\/schema.org\",\"@graph\":[{\"@type\":\"WebPage\",\"@id\":\"https:\/\/aeronoticias.com.pe\/noticiero\/politica\/partido-de-villaran-espera-participar-en-elecciones-del-2016\/\",\"url\":\"https:\/\/aeronoticias.com.pe\/noticiero\/politica\/partido-de-villaran-espera-participar-en-elecciones-del-2016\/\",\"name\":\"Partido de Villar\u00e1n espera participar en elecciones del 2016\",\"isPartOf\":{\"@id\":\"https:\/\/aeronoticias.com.pe\/noticiero\/#website\"},\"datePublished\":\"2014-10-12T11:30:00+00:00\",\"author\":{\"@id\":\"https:\/\/aeronoticias.com.pe\/noticiero\/#\/schema\/person\/fc1e5d578f4b62ba1cf7ac2bba1170a0\"},\"description\":\"Portal de noticias del Per\u00fa sobre el transporte a\u00e9reo, aviaci\u00f3n, turismo, hoteleria, actualidad.\",\"breadcrumb\":{\"@id\":\"https:\/\/aeronoticias.com.pe\/noticiero\/politica\/partido-de-villaran-espera-participar-en-elecciones-del-2016\/#breadcrumb\"},\"inLanguage\":\"es\",\"potentialAction\":[{\"@type\":\"ReadAction\",\"target\":[\"https:\/\/aeronoticias.com.pe\/noticiero\/politica\/partido-de-villaran-espera-participar-en-elecciones-del-2016\/\"]}]},{\"@type\":\"BreadcrumbList\",\"@id\":\"https:\/\/aeronoticias.com.pe\/noticiero\/politica\/partido-de-villaran-espera-participar-en-elecciones-del-2016\/#breadcrumb\",\"itemListElement\":[{\"@type\":\"ListItem\",\"position\":1,\"name\":\"Portada\",\"item\":\"https:\/\/aeronoticias.com.pe\/noticiero\/\"},{\"@type\":\"ListItem\",\"position\":2,\"name\":\"Partido de Villar\u00e1n espera participar en elecciones del 2016\"}]},{\"@type\":\"WebSite\",\"@id\":\"https:\/\/aeronoticias.com.pe\/noticiero\/#website\",\"url\":\"https:\/\/aeronoticias.com.pe\/noticiero\/\",\"name\":\"Aeronoticias.com.pe\",\"description\":\"Noticias de tranporte aereo, turismo, hoteles, gastronomia, actualidad, internacional\",\"potentialAction\":[{\"@type\":\"SearchAction\",\"target\":{\"@type\":\"EntryPoint\",\"urlTemplate\":\"https:\/\/aeronoticias.com.pe\/noticiero\/?s={search_term_string}\"},\"query-input\":{\"@type\":\"PropertyValueSpecification\",\"valueRequired\":true,\"valueName\":\"search_term_string\"}}],\"inLanguage\":\"es\"},{\"@type\":\"Person\",\"@id\":\"https:\/\/aeronoticias.com.pe\/noticiero\/#\/schema\/person\/fc1e5d578f4b62ba1cf7ac2bba1170a0\",\"name\":\"Redacci\u00f3n Aeronoticias\",\"url\":\"https:\/\/aeronoticias.com.pe\/noticiero\/author\/piloto\/\"}]}<\/script>\n<!-- \/ Yoast SEO plugin. -->","yoast_head_json":{"title":"Partido de Villar\u00e1n espera participar en elecciones del 2016","description":"Portal de noticias del Per\u00fa sobre el transporte a\u00e9reo, aviaci\u00f3n, turismo, hoteleria, actualidad.","robots":{"index":"index","follow":"follow","max-snippet":"max-snippet:-1","max-image-preview":"max-image-preview:large","max-video-preview":"max-video-preview:-1"},"canonical":"https:\/\/aeronoticias.com.pe\/noticiero\/politica\/partido-de-villaran-espera-participar-en-elecciones-del-2016\/","og_locale":"es_ES","og_type":"article","og_title":"Partido de Villar\u00e1n espera participar en elecciones del 2016","og_description":"Portal de noticias del Per\u00fa sobre el transporte a\u00e9reo, aviaci\u00f3n, turismo, hoteleria, actualidad.","og_url":"https:\/\/aeronoticias.com.pe\/noticiero\/politica\/partido-de-villaran-espera-participar-en-elecciones-del-2016\/","og_site_name":"Aeronoticias.com.pe","article_publisher":"https:\/\/www.facebook.com\/Aeronoticias.com.pe\/","article_published_time":"2014-10-12T11:30:00+00:00","author":"Redacci\u00f3n Aeronoticias","twitter_card":"summary_large_image","twitter_creator":"@aeronoticias","twitter_site":"@aeronoticias","twitter_misc":{"Escrito por":"Redacci\u00f3n Aeronoticias","Tiempo de lectura":"1 minuto"},"schema":{"@context":"https:\/\/schema.org","@graph":[{"@type":"WebPage","@id":"https:\/\/aeronoticias.com.pe\/noticiero\/politica\/partido-de-villaran-espera-participar-en-elecciones-del-2016\/","url":"https:\/\/aeronoticias.com.pe\/noticiero\/politica\/partido-de-villaran-espera-participar-en-elecciones-del-2016\/","name":"Partido de Villar\u00e1n espera participar en elecciones del 2016","isPartOf":{"@id":"https:\/\/aeronoticias.com.pe\/noticiero\/#website"},"datePublished":"2014-10-12T11:30:00+00:00","author":{"@id":"https:\/\/aeronoticias.com.pe\/noticiero\/#\/schema\/person\/fc1e5d578f4b62ba1cf7ac2bba1170a0"},"description":"Portal de noticias del Per\u00fa sobre el transporte a\u00e9reo, aviaci\u00f3n, turismo, hoteleria, actualidad.","breadcrumb":{"@id":"https:\/\/aeronoticias.com.pe\/noticiero\/politica\/partido-de-villaran-espera-participar-en-elecciones-del-2016\/#breadcrumb"},"inLanguage":"es","potentialAction":[{"@type":"ReadAction","target":["https:\/\/aeronoticias.com.pe\/noticiero\/politica\/partido-de-villaran-espera-participar-en-elecciones-del-2016\/"]}]},{"@type":"BreadcrumbList","@id":"https:\/\/aeronoticias.com.pe\/noticiero\/politica\/partido-de-villaran-espera-participar-en-elecciones-del-2016\/#breadcrumb","itemListElement":[{"@type":"ListItem","position":1,"name":"Portada","item":"https:\/\/aeronoticias.com.pe\/noticiero\/"},{"@type":"ListItem","position":2,"name":"Partido de Villar\u00e1n espera participar en elecciones del 2016"}]},{"@type":"WebSite","@id":"https:\/\/aeronoticias.com.pe\/noticiero\/#website","url":"https:\/\/aeronoticias.com.pe\/noticiero\/","name":"Aeronoticias.com.pe","description":"Noticias de tranporte aereo, turismo, hoteles, gastronomia, actualidad, internacional","potentialAction":[{"@type":"SearchAction","target":{"@type":"EntryPoint","urlTemplate":"https:\/\/aeronoticias.com.pe\/noticiero\/?s={search_term_string}"},"query-input":{"@type":"PropertyValueSpecification","valueRequired":true,"valueName":"search_term_string"}}],"inLanguage":"es"},{"@type":"Person","@id":"https:\/\/aeronoticias.com.pe\/noticiero\/#\/schema\/person\/fc1e5d578f4b62ba1cf7ac2bba1170a0","name":"Redacci\u00f3n Aeronoticias","url":"https:\/\/aeronoticias.com.pe\/noticiero\/author\/piloto\/"}]}},"_links":{"self":[{"href":"https:\/\/aeronoticias.com.pe\/noticiero\/wp-json\/wp\/v2\/posts\/49527","targetHints":{"allow":["GET"]}}],"collection":[{"href":"https:\/\/aeronoticias.com.pe\/noticiero\/wp-json\/wp\/v2\/posts"}],"about":[{"href":"https:\/\/aeronoticias.com.pe\/noticiero\/wp-json\/wp\/v2\/types\/post"}],"author":[{"embeddable":true,"href":"https:\/\/aeronoticias.com.pe\/noticiero\/wp-json\/wp\/v2\/users\/1"}],"replies":[{"embeddable":true,"href":"https:\/\/aeronoticias.com.pe\/noticiero\/wp-json\/wp\/v2\/comments?post=49527"}],"version-history":[{"count":0,"href":"https:\/\/aeronoticias.com.pe\/noticiero\/wp-json\/wp\/v2\/posts\/49527\/revisions"}],"wp:attachment":[{"href":"https:\/\/aeronoticias.com.pe\/noticiero\/wp-json\/wp\/v2\/media?parent=49527"}],"wp:term":[{"taxonomy":"category","embeddable":true,"href":"https:\/\/aeronoticias.com.pe\/noticiero\/wp-json\/wp\/v2\/categories?post=49527"},{"taxonomy":"post_tag","embeddable":true,"href":"https:\/\/aeronoticias.com.pe\/noticiero\/wp-json\/wp\/v2\/tags?post=49527"}],"curies":[{"name":"wp","href":"https:\/\/api.w.org\/{rel}","templated":true}]}}