{"id":49658,"date":"2014-10-18T05:00:56","date_gmt":"2014-10-18T05:00:56","guid":{"rendered":"http:\/\/desarrollo.mcvicious.com\/aero2020\/2014\/10\/18\/exministro-pedraza-asegura-que-denuncio-a-fiscalia-ilegal-resguardo-a-lopez-meneses\/"},"modified":"2014-10-18T05:00:56","modified_gmt":"2014-10-18T05:00:56","slug":"exministro-pedraza-asegura-que-denuncio-a-fiscalia-ilegal-resguardo-a-lopez-meneses","status":"publish","type":"post","link":"https:\/\/aeronoticias.com.pe\/noticiero\/politica\/exministro-pedraza-asegura-que-denuncio-a-fiscalia-ilegal-resguardo-a-lopez-meneses\/","title":{"rendered":"Exministro Pedraza asegura que denunci\u00f3 a Fiscal\u00eda ilegal resguardo a L\u00f3pez Meneses"},"content":{"rendered":"<p style=\"text-align: justify;\"><img decoding=\"async\" src=\"images\/stories\/14\/10\/181014\/a2.jpg\" border=\"0\" \/><\/p>\n<p style=\"text-align: justify;\"><strong>(Aeronoticias).-<\/strong> El exministro del Interior, Wilfredo Pedraza, asegur\u00f3 hoy que en su momento formul\u00f3 denuncia penal ante el Ministerio P\u00fablico por el indebido reguardo policial a la casa del exoperador de Vladimiro Montesinos, \u00d3scar L\u00f3pez Meneses.<\/p>\n<p style=\"text-align: justify;\">\u00a0<\/p>\n<p>  <!--more-->  <\/p>\n<p>A trav\u00e9s de su cuenta de Twitter, Pedraza, quien era ministro del Interior cuando se conoci\u00f3 este hecho irregular, dijo que entreg\u00f3 una copia del cargo de su denuncia a la comisi\u00f3n que presidente el congresista fujimorista Juan Jos\u00e9 D\u00edaz Dios.<\/p>\n<p>\u00a0<\/p>\n<p style=\"text-align: justify;\">D\u00edas Dios indic\u00f3 en un medio de comunicaci\u00f3n que el Gobierno no ha presentado \u00abhasta el momento\u00bb denuncia alguna por este caso ante el Ministerio P\u00fablico, y que esta instituci\u00f3n actuado de \u00aboficio\u00bb.<\/p>\n<p style=\"text-align: justify;\"><span style=\"text-decoration: underline;\">Respalda a jefa del Gabinete<\/span><\/p>\n<p style=\"text-align: justify;\">Pedraza respald\u00f3 tambi\u00e9n las declaraciones de la presidenta del Consejo de Ministros, Ana Jara, quien indic\u00f3 el martes \u00faltimo que el objetivo de la comisi\u00f3n L\u00f3pez Meneses no es encontrar la verdad, sino perjudicar al presidente Ollanta Humala.<\/p>\n<p style=\"text-align: justify;\">\u00abSuscribo lo que dijo, era tiempo de denunciar la pretensi\u00f3n de esta comisi\u00f3n\u00bb, refiri\u00f3, tras se\u00f1alar que en este caso existe un componente pol\u00edtico y era necesario responder en el sentido que lo hizo Jara, como vocera del Gobierno.<\/p>\n<p style=\"text-align: justify;\">\u00abElla ha dicho basta ya de eso esfuerzos ilegales de conectar el caso \u00d3scar L\u00f3pez Meneses con el Presidente, no existe ninguna conexi\u00f3n\u00bb, acot\u00f3.<\/p>\n<p style=\"text-align: justify;\">Record\u00f3 que durante las investigaciones de la comisi\u00f3n se intent\u00f3 \u00abtergiversar la realidad\u00bb y presentar informes que no guardan relaci\u00f3n, para mostrar v\u00ednculos del ilegal reguardo con Palacio de Gobierno, lo que impide que se conozca la verdad.<\/p>\n<p style=\"text-align: justify;\">Refiri\u00f3 que la comisi\u00f3n debe continuar con sus investigaciones y hacer p\u00fablico su trabajo para que la poblaci\u00f3n sepa si han cumplido con el encargo de determinar qui\u00e9n orden\u00f3 el ilegal reguardo y qu\u00e9 actividades se realizaban en esa vivienda.<\/p>\n<p style=\"text-align: justify;\">\u00abEsta es una comisi\u00f3n que se supone trabaja bajo la l\u00f3gica de la reserva pero est\u00e1 discutiendo todos los d\u00edas la informaci\u00f3n que tiene, ser\u00eda bueno que levanten la reserva para que la poblaci\u00f3n sepa quien miente\u00bb, asever\u00f3.<\/p>\n<p style=\"text-align: justify;\">\u00a0<\/p>\n<p style=\"text-align: justify;\">Fuente: <em><strong>Andina<\/strong><\/em><\/p>\n<p style=\"text-align: justify;\">Foto: <strong><em>Andina<\/em><\/strong><\/p>\n","protected":false},"excerpt":{"rendered":"<p>(Aeronoticias).- El exministro del Interior, Wilfredo Pedraza, asegur\u00f3 hoy que en su momento formul\u00f3 denuncia penal ante el Ministerio P\u00fablico por el indebido reguardo policial a la casa del exoperador de Vladimiro Montesinos, \u00d3scar L\u00f3pez Meneses. \u00a0<\/p>\n","protected":false},"author":1,"featured_media":0,"comment_status":"open","ping_status":"open","sticky":false,"template":"","format":"standard","meta":{"tdm_status":"","tdm_grid_status":"","footnotes":""},"categories":[36],"tags":[],"class_list":{"0":"post-49658","1":"post","2":"type-post","3":"status-publish","4":"format-standard","6":"category-politica"},"yoast_head":"<!-- This site is optimized with the Yoast SEO plugin v25.1 - https:\/\/yoast.com\/wordpress\/plugins\/seo\/ -->\n<title>Exministro Pedraza asegura que denunci\u00f3 a Fiscal\u00eda ilegal resguardo a L\u00f3pez Meneses<\/title>\n<meta name=\"description\" content=\"Portal de noticias del Per\u00fa sobre el transporte a\u00e9reo, aviaci\u00f3n, turismo, hoteleria, actualidad.\" \/>\n<meta name=\"robots\" content=\"index, follow, max-snippet:-1, max-image-preview:large, max-video-preview:-1\" \/>\n<link rel=\"canonical\" href=\"https:\/\/aeronoticias.com.pe\/noticiero\/politica\/exministro-pedraza-asegura-que-denuncio-a-fiscalia-ilegal-resguardo-a-lopez-meneses\/\" \/>\n<meta property=\"og:locale\" content=\"es_ES\" \/>\n<meta property=\"og:type\" content=\"article\" \/>\n<meta property=\"og:title\" content=\"Exministro Pedraza asegura que denunci\u00f3 a Fiscal\u00eda ilegal resguardo a L\u00f3pez Meneses\" \/>\n<meta property=\"og:description\" content=\"Portal de noticias del Per\u00fa sobre el transporte a\u00e9reo, aviaci\u00f3n, turismo, hoteleria, actualidad.\" \/>\n<meta property=\"og:url\" content=\"https:\/\/aeronoticias.com.pe\/noticiero\/politica\/exministro-pedraza-asegura-que-denuncio-a-fiscalia-ilegal-resguardo-a-lopez-meneses\/\" \/>\n<meta property=\"og:site_name\" content=\"Aeronoticias.com.pe\" \/>\n<meta property=\"article:publisher\" content=\"https:\/\/www.facebook.com\/Aeronoticias.com.pe\/\" \/>\n<meta property=\"article:published_time\" content=\"2014-10-18T05:00:56+00:00\" \/>\n<meta name=\"author\" content=\"Redacci\u00f3n Aeronoticias\" \/>\n<meta name=\"twitter:card\" content=\"summary_large_image\" \/>\n<meta name=\"twitter:creator\" content=\"@aeronoticias\" \/>\n<meta name=\"twitter:site\" content=\"@aeronoticias\" \/>\n<meta name=\"twitter:label1\" content=\"Escrito por\" \/>\n\t<meta name=\"twitter:data1\" content=\"Redacci\u00f3n Aeronoticias\" \/>\n\t<meta name=\"twitter:label2\" content=\"Tiempo de lectura\" \/>\n\t<meta name=\"twitter:data2\" content=\"2 minutos\" \/>\n<script type=\"application\/ld+json\" class=\"yoast-schema-graph\">{\"@context\":\"https:\/\/schema.org\",\"@graph\":[{\"@type\":\"WebPage\",\"@id\":\"https:\/\/aeronoticias.com.pe\/noticiero\/politica\/exministro-pedraza-asegura-que-denuncio-a-fiscalia-ilegal-resguardo-a-lopez-meneses\/\",\"url\":\"https:\/\/aeronoticias.com.pe\/noticiero\/politica\/exministro-pedraza-asegura-que-denuncio-a-fiscalia-ilegal-resguardo-a-lopez-meneses\/\",\"name\":\"Exministro Pedraza asegura que denunci\u00f3 a Fiscal\u00eda ilegal resguardo a L\u00f3pez Meneses\",\"isPartOf\":{\"@id\":\"https:\/\/aeronoticias.com.pe\/noticiero\/#website\"},\"datePublished\":\"2014-10-18T05:00:56+00:00\",\"author\":{\"@id\":\"https:\/\/aeronoticias.com.pe\/noticiero\/#\/schema\/person\/fc1e5d578f4b62ba1cf7ac2bba1170a0\"},\"description\":\"Portal de noticias del Per\u00fa sobre el transporte a\u00e9reo, aviaci\u00f3n, turismo, hoteleria, actualidad.\",\"breadcrumb\":{\"@id\":\"https:\/\/aeronoticias.com.pe\/noticiero\/politica\/exministro-pedraza-asegura-que-denuncio-a-fiscalia-ilegal-resguardo-a-lopez-meneses\/#breadcrumb\"},\"inLanguage\":\"es\",\"potentialAction\":[{\"@type\":\"ReadAction\",\"target\":[\"https:\/\/aeronoticias.com.pe\/noticiero\/politica\/exministro-pedraza-asegura-que-denuncio-a-fiscalia-ilegal-resguardo-a-lopez-meneses\/\"]}]},{\"@type\":\"BreadcrumbList\",\"@id\":\"https:\/\/aeronoticias.com.pe\/noticiero\/politica\/exministro-pedraza-asegura-que-denuncio-a-fiscalia-ilegal-resguardo-a-lopez-meneses\/#breadcrumb\",\"itemListElement\":[{\"@type\":\"ListItem\",\"position\":1,\"name\":\"Portada\",\"item\":\"https:\/\/aeronoticias.com.pe\/noticiero\/\"},{\"@type\":\"ListItem\",\"position\":2,\"name\":\"Exministro Pedraza asegura que denunci\u00f3 a Fiscal\u00eda ilegal resguardo a L\u00f3pez Meneses\"}]},{\"@type\":\"WebSite\",\"@id\":\"https:\/\/aeronoticias.com.pe\/noticiero\/#website\",\"url\":\"https:\/\/aeronoticias.com.pe\/noticiero\/\",\"name\":\"Aeronoticias.com.pe\",\"description\":\"Noticias de tranporte aereo, turismo, hoteles, gastronomia, actualidad, internacional\",\"potentialAction\":[{\"@type\":\"SearchAction\",\"target\":{\"@type\":\"EntryPoint\",\"urlTemplate\":\"https:\/\/aeronoticias.com.pe\/noticiero\/?s={search_term_string}\"},\"query-input\":{\"@type\":\"PropertyValueSpecification\",\"valueRequired\":true,\"valueName\":\"search_term_string\"}}],\"inLanguage\":\"es\"},{\"@type\":\"Person\",\"@id\":\"https:\/\/aeronoticias.com.pe\/noticiero\/#\/schema\/person\/fc1e5d578f4b62ba1cf7ac2bba1170a0\",\"name\":\"Redacci\u00f3n Aeronoticias\",\"url\":\"https:\/\/aeronoticias.com.pe\/noticiero\/author\/piloto\/\"}]}<\/script>\n<!-- \/ Yoast SEO plugin. -->","yoast_head_json":{"title":"Exministro Pedraza asegura que denunci\u00f3 a Fiscal\u00eda ilegal resguardo a L\u00f3pez Meneses","description":"Portal de noticias del Per\u00fa sobre el transporte a\u00e9reo, aviaci\u00f3n, turismo, hoteleria, actualidad.","robots":{"index":"index","follow":"follow","max-snippet":"max-snippet:-1","max-image-preview":"max-image-preview:large","max-video-preview":"max-video-preview:-1"},"canonical":"https:\/\/aeronoticias.com.pe\/noticiero\/politica\/exministro-pedraza-asegura-que-denuncio-a-fiscalia-ilegal-resguardo-a-lopez-meneses\/","og_locale":"es_ES","og_type":"article","og_title":"Exministro Pedraza asegura que denunci\u00f3 a Fiscal\u00eda ilegal resguardo a L\u00f3pez Meneses","og_description":"Portal de noticias del Per\u00fa sobre el transporte a\u00e9reo, aviaci\u00f3n, turismo, hoteleria, actualidad.","og_url":"https:\/\/aeronoticias.com.pe\/noticiero\/politica\/exministro-pedraza-asegura-que-denuncio-a-fiscalia-ilegal-resguardo-a-lopez-meneses\/","og_site_name":"Aeronoticias.com.pe","article_publisher":"https:\/\/www.facebook.com\/Aeronoticias.com.pe\/","article_published_time":"2014-10-18T05:00:56+00:00","author":"Redacci\u00f3n Aeronoticias","twitter_card":"summary_large_image","twitter_creator":"@aeronoticias","twitter_site":"@aeronoticias","twitter_misc":{"Escrito por":"Redacci\u00f3n Aeronoticias","Tiempo de lectura":"2 minutos"},"schema":{"@context":"https:\/\/schema.org","@graph":[{"@type":"WebPage","@id":"https:\/\/aeronoticias.com.pe\/noticiero\/politica\/exministro-pedraza-asegura-que-denuncio-a-fiscalia-ilegal-resguardo-a-lopez-meneses\/","url":"https:\/\/aeronoticias.com.pe\/noticiero\/politica\/exministro-pedraza-asegura-que-denuncio-a-fiscalia-ilegal-resguardo-a-lopez-meneses\/","name":"Exministro Pedraza asegura que denunci\u00f3 a Fiscal\u00eda ilegal resguardo a L\u00f3pez Meneses","isPartOf":{"@id":"https:\/\/aeronoticias.com.pe\/noticiero\/#website"},"datePublished":"2014-10-18T05:00:56+00:00","author":{"@id":"https:\/\/aeronoticias.com.pe\/noticiero\/#\/schema\/person\/fc1e5d578f4b62ba1cf7ac2bba1170a0"},"description":"Portal de noticias del Per\u00fa sobre el transporte a\u00e9reo, aviaci\u00f3n, turismo, hoteleria, actualidad.","breadcrumb":{"@id":"https:\/\/aeronoticias.com.pe\/noticiero\/politica\/exministro-pedraza-asegura-que-denuncio-a-fiscalia-ilegal-resguardo-a-lopez-meneses\/#breadcrumb"},"inLanguage":"es","potentialAction":[{"@type":"ReadAction","target":["https:\/\/aeronoticias.com.pe\/noticiero\/politica\/exministro-pedraza-asegura-que-denuncio-a-fiscalia-ilegal-resguardo-a-lopez-meneses\/"]}]},{"@type":"BreadcrumbList","@id":"https:\/\/aeronoticias.com.pe\/noticiero\/politica\/exministro-pedraza-asegura-que-denuncio-a-fiscalia-ilegal-resguardo-a-lopez-meneses\/#breadcrumb","itemListElement":[{"@type":"ListItem","position":1,"name":"Portada","item":"https:\/\/aeronoticias.com.pe\/noticiero\/"},{"@type":"ListItem","position":2,"name":"Exministro Pedraza asegura que denunci\u00f3 a Fiscal\u00eda ilegal resguardo a L\u00f3pez Meneses"}]},{"@type":"WebSite","@id":"https:\/\/aeronoticias.com.pe\/noticiero\/#website","url":"https:\/\/aeronoticias.com.pe\/noticiero\/","name":"Aeronoticias.com.pe","description":"Noticias de tranporte aereo, turismo, hoteles, gastronomia, actualidad, internacional","potentialAction":[{"@type":"SearchAction","target":{"@type":"EntryPoint","urlTemplate":"https:\/\/aeronoticias.com.pe\/noticiero\/?s={search_term_string}"},"query-input":{"@type":"PropertyValueSpecification","valueRequired":true,"valueName":"search_term_string"}}],"inLanguage":"es"},{"@type":"Person","@id":"https:\/\/aeronoticias.com.pe\/noticiero\/#\/schema\/person\/fc1e5d578f4b62ba1cf7ac2bba1170a0","name":"Redacci\u00f3n Aeronoticias","url":"https:\/\/aeronoticias.com.pe\/noticiero\/author\/piloto\/"}]}},"_links":{"self":[{"href":"https:\/\/aeronoticias.com.pe\/noticiero\/wp-json\/wp\/v2\/posts\/49658","targetHints":{"allow":["GET"]}}],"collection":[{"href":"https:\/\/aeronoticias.com.pe\/noticiero\/wp-json\/wp\/v2\/posts"}],"about":[{"href":"https:\/\/aeronoticias.com.pe\/noticiero\/wp-json\/wp\/v2\/types\/post"}],"author":[{"embeddable":true,"href":"https:\/\/aeronoticias.com.pe\/noticiero\/wp-json\/wp\/v2\/users\/1"}],"replies":[{"embeddable":true,"href":"https:\/\/aeronoticias.com.pe\/noticiero\/wp-json\/wp\/v2\/comments?post=49658"}],"version-history":[{"count":0,"href":"https:\/\/aeronoticias.com.pe\/noticiero\/wp-json\/wp\/v2\/posts\/49658\/revisions"}],"wp:attachment":[{"href":"https:\/\/aeronoticias.com.pe\/noticiero\/wp-json\/wp\/v2\/media?parent=49658"}],"wp:term":[{"taxonomy":"category","embeddable":true,"href":"https:\/\/aeronoticias.com.pe\/noticiero\/wp-json\/wp\/v2\/categories?post=49658"},{"taxonomy":"post_tag","embeddable":true,"href":"https:\/\/aeronoticias.com.pe\/noticiero\/wp-json\/wp\/v2\/tags?post=49658"}],"curies":[{"name":"wp","href":"https:\/\/api.w.org\/{rel}","templated":true}]}}