{"id":49724,"date":"2015-02-02T23:30:00","date_gmt":"2015-02-02T23:30:00","guid":{"rendered":"http:\/\/desarrollo.mcvicious.com\/aero2020\/2015\/02\/02\/un-avion-boeing-reconvertido-en-un-lujoso-hotel\/"},"modified":"2015-02-02T23:30:00","modified_gmt":"2015-02-02T23:30:00","slug":"un-avion-boeing-reconvertido-en-un-lujoso-hotel","status":"publish","type":"post","link":"https:\/\/aeronoticias.com.pe\/noticiero\/turismo\/13\/un-avion-boeing-reconvertido-en-un-lujoso-hotel\/","title":{"rendered":"Un avi\u00f3n que no piensa despegar m\u00e1s, es el lugar perfecto para relajarse"},"content":{"rendered":"<p style=\"text-align: justify;\"><img decoding=\"async\" src=\"images\/stories\/14\/10\/221014\/a4_1.jpg\" border=\"0\" \/><\/p>\n<p style=\"text-align: justify;\"><strong>(Aeronoticias).-<\/strong> Si pensabas que descansar en un avi\u00f3n era muy inc\u00f3modo, pues te equivocaste. Te presentamos al <span style=\"text-decoration: underline;\">727 Fuselage Home<\/span>, el avi\u00f3n que fue restaurado y transformado en el lujoso <span style=\"text-decoration: underline;\">hotel Costa Verde<\/span> en Costa Rica.<\/p>\n<p>  <!--more-->  <\/p>\n<p style=\"text-align: justify;\">El avi\u00f3n de clase Boeing, fue abandonado en los a\u00f1os 60, colgado sobre la jungla, cerca a un acantilado costero cercano al Parque Nacional Manuel Antonio, en la ciudad de Quepos, Costa Rica.<\/p>\n<p style=\"text-align: justify;\">Hoy en d\u00eda el pa\u00eds caribe\u00f1o se enorgullece en presentar al avi\u00f3n en su esencia, pero con una lujosa suite recubierta con paneles de madera en su interior.<\/p>\n<p style=\"text-align: justify;\">El hotel cuenta con dos dormitorios, un espacio para mirar televisi\u00f3n, cocina y un agradable comedor. Tambi\u00e9n cuenta con una terraza sobre cada ala del avi\u00f3n, con vista al oc\u00e9ano y a las puestas de sol.<\/p>\n<p style=\"text-align: justify;\"><img decoding=\"async\" src=\"images\/stories\/14\/10\/221014\/a4_2.jpg\" border=\"0\" \/><\/p>\n<p><span style=\"font-size: 11.8181819915771px; line-height: 1.3em;\"> <\/span><\/p>\n<ul>\n<li><span style=\"font-size: 11.8181819915771px; line-height: 1.3em;\"><strong>Entre los implementos m\u00e1s curiosos, el hotel cuenta con unas l\u00e1mparas de ara\u00f1a en su interior, lo que le permiti\u00f3 desprenderse de uno de los motores de la turbina, que un inicio brindaba iluminaci\u00f3n, para abrir un amplio tragaluz.<\/strong><\/span><\/li>\n<\/ul>\n<p style=\"text-align: justify;\"><img decoding=\"async\" src=\"images\/stories\/14\/10\/221014\/a4_3.jpg\" border=\"0\" \/><\/p>\n<ul>\n<li><strong style=\"font-size: 11.8181819915771px; line-height: 1.3em;\">El hotel tambi\u00e9n dispone de duchas con vista a la selva tropical y no es de sorprenderse cuando algunos monos locales se asoman para saludar a los hu\u00e9spedes.<\/strong><\/li>\n<\/ul>\n<p style=\"text-align: justify;\"><img decoding=\"async\" src=\"images\/stories\/14\/10\/221014\/a4_4.jpg\" border=\"0\" \/><\/p>\n<ul>\n<li><span style=\"font-size: 11.8181819915771px; line-height: 1.3em;\"><strong>Debido a que el avi\u00f3n se encuentra cerca al mar, los visitantes pueden disfrutar de una tranquila meditaci\u00f3n en las orillas del gigante azul o acudir a uno de los cuatro restaurantes, uno de los cuales est\u00e1 tambi\u00e9n construido en los interiores de un viejo avi\u00f3n.<\/strong><\/span><\/li>\n<\/ul>\n<p style=\"text-align: justify;\">\u00a0<\/p>\n<p style=\"text-align: justify;\">Fuente: <strong><em>RPP<\/em><\/strong><\/p>\n<p style=\"text-align: justify;\">Foto: <strong><em>hotel Costa Verde<\/em><\/strong><\/p>\n<p style=\"text-align: justify;\"><strong><em><br \/><\/em><\/strong><\/p>\n<p>{jathumbnail off images=\u00bbimages\/stories\/14\/10\/221014\/a4_1.jpg,images\/stories\/14\/10\/221014\/a4_2.jpg,images\/stories\/14\/10\/221014\/a4_3.jpg,images\/stories\/14\/10\/221014\/a4_4.jpg\u00bb}<\/p>\n","protected":false},"excerpt":{"rendered":"<p>(Aeronoticias).- Si pensabas que descansar en un avi\u00f3n era muy inc\u00f3modo, pues te equivocaste. Te presentamos al 727 Fuselage Home, el avi\u00f3n que fue restaurado y transformado en el lujoso hotel Costa Verde en Costa Rica.<\/p>\n","protected":false},"author":1,"featured_media":0,"comment_status":"open","ping_status":"open","sticky":false,"template":"","format":"standard","meta":{"tdm_status":"","tdm_grid_status":"","footnotes":""},"categories":[31],"tags":[],"class_list":{"0":"post-49724","1":"post","2":"type-post","3":"status-publish","4":"format-standard","6":"category-31"},"yoast_head":"<!-- This site is optimized with the Yoast SEO plugin v25.1 - https:\/\/yoast.com\/wordpress\/plugins\/seo\/ -->\n<title>Un avi\u00f3n que no piensa despegar m\u00e1s, es el lugar perfecto para relajarse<\/title>\n<meta name=\"description\" content=\"Portal de noticias del Per\u00fa sobre el transporte a\u00e9reo, aviaci\u00f3n, turismo, hoteleria, actualidad.\" \/>\n<meta name=\"robots\" content=\"index, follow, max-snippet:-1, max-image-preview:large, max-video-preview:-1\" \/>\n<link rel=\"canonical\" href=\"https:\/\/aeronoticias.com.pe\/noticiero\/turismo\/13\/un-avion-boeing-reconvertido-en-un-lujoso-hotel\/\" \/>\n<meta property=\"og:locale\" content=\"es_ES\" \/>\n<meta property=\"og:type\" content=\"article\" \/>\n<meta property=\"og:title\" content=\"Un avi\u00f3n que no piensa despegar m\u00e1s, es el lugar perfecto para relajarse\" \/>\n<meta property=\"og:description\" content=\"Portal de noticias del Per\u00fa sobre el transporte a\u00e9reo, aviaci\u00f3n, turismo, hoteleria, actualidad.\" \/>\n<meta property=\"og:url\" content=\"https:\/\/aeronoticias.com.pe\/noticiero\/turismo\/13\/un-avion-boeing-reconvertido-en-un-lujoso-hotel\/\" \/>\n<meta property=\"og:site_name\" content=\"Aeronoticias.com.pe\" \/>\n<meta property=\"article:publisher\" content=\"https:\/\/www.facebook.com\/Aeronoticias.com.pe\/\" \/>\n<meta property=\"article:published_time\" content=\"2015-02-02T23:30:00+00:00\" \/>\n<meta name=\"author\" content=\"Redacci\u00f3n Aeronoticias\" \/>\n<meta name=\"twitter:card\" content=\"summary_large_image\" \/>\n<meta name=\"twitter:creator\" content=\"@aeronoticias\" \/>\n<meta name=\"twitter:site\" content=\"@aeronoticias\" \/>\n<meta name=\"twitter:label1\" content=\"Escrito por\" \/>\n\t<meta name=\"twitter:data1\" content=\"Redacci\u00f3n Aeronoticias\" \/>\n\t<meta name=\"twitter:label2\" content=\"Tiempo de lectura\" \/>\n\t<meta name=\"twitter:data2\" content=\"1 minuto\" \/>\n<script type=\"application\/ld+json\" class=\"yoast-schema-graph\">{\"@context\":\"https:\/\/schema.org\",\"@graph\":[{\"@type\":\"WebPage\",\"@id\":\"https:\/\/aeronoticias.com.pe\/noticiero\/turismo\/13\/un-avion-boeing-reconvertido-en-un-lujoso-hotel\/\",\"url\":\"https:\/\/aeronoticias.com.pe\/noticiero\/turismo\/13\/un-avion-boeing-reconvertido-en-un-lujoso-hotel\/\",\"name\":\"Un avi\u00f3n que no piensa despegar m\u00e1s, es el lugar perfecto para relajarse\",\"isPartOf\":{\"@id\":\"https:\/\/aeronoticias.com.pe\/noticiero\/#website\"},\"datePublished\":\"2015-02-02T23:30:00+00:00\",\"author\":{\"@id\":\"https:\/\/aeronoticias.com.pe\/noticiero\/#\/schema\/person\/fc1e5d578f4b62ba1cf7ac2bba1170a0\"},\"description\":\"Portal de noticias del Per\u00fa sobre el transporte a\u00e9reo, aviaci\u00f3n, turismo, hoteleria, actualidad.\",\"breadcrumb\":{\"@id\":\"https:\/\/aeronoticias.com.pe\/noticiero\/turismo\/13\/un-avion-boeing-reconvertido-en-un-lujoso-hotel\/#breadcrumb\"},\"inLanguage\":\"es\",\"potentialAction\":[{\"@type\":\"ReadAction\",\"target\":[\"https:\/\/aeronoticias.com.pe\/noticiero\/turismo\/13\/un-avion-boeing-reconvertido-en-un-lujoso-hotel\/\"]}]},{\"@type\":\"BreadcrumbList\",\"@id\":\"https:\/\/aeronoticias.com.pe\/noticiero\/turismo\/13\/un-avion-boeing-reconvertido-en-un-lujoso-hotel\/#breadcrumb\",\"itemListElement\":[{\"@type\":\"ListItem\",\"position\":1,\"name\":\"Portada\",\"item\":\"https:\/\/aeronoticias.com.pe\/noticiero\/\"},{\"@type\":\"ListItem\",\"position\":2,\"name\":\"Un avi\u00f3n que no piensa despegar m\u00e1s, es el lugar perfecto para relajarse\"}]},{\"@type\":\"WebSite\",\"@id\":\"https:\/\/aeronoticias.com.pe\/noticiero\/#website\",\"url\":\"https:\/\/aeronoticias.com.pe\/noticiero\/\",\"name\":\"Aeronoticias.com.pe\",\"description\":\"Noticias de tranporte aereo, turismo, hoteles, gastronomia, actualidad, internacional\",\"potentialAction\":[{\"@type\":\"SearchAction\",\"target\":{\"@type\":\"EntryPoint\",\"urlTemplate\":\"https:\/\/aeronoticias.com.pe\/noticiero\/?s={search_term_string}\"},\"query-input\":{\"@type\":\"PropertyValueSpecification\",\"valueRequired\":true,\"valueName\":\"search_term_string\"}}],\"inLanguage\":\"es\"},{\"@type\":\"Person\",\"@id\":\"https:\/\/aeronoticias.com.pe\/noticiero\/#\/schema\/person\/fc1e5d578f4b62ba1cf7ac2bba1170a0\",\"name\":\"Redacci\u00f3n Aeronoticias\",\"url\":\"https:\/\/aeronoticias.com.pe\/noticiero\/author\/piloto\/\"}]}<\/script>\n<!-- \/ Yoast SEO plugin. -->","yoast_head_json":{"title":"Un avi\u00f3n que no piensa despegar m\u00e1s, es el lugar perfecto para relajarse","description":"Portal de noticias del Per\u00fa sobre el transporte a\u00e9reo, aviaci\u00f3n, turismo, hoteleria, actualidad.","robots":{"index":"index","follow":"follow","max-snippet":"max-snippet:-1","max-image-preview":"max-image-preview:large","max-video-preview":"max-video-preview:-1"},"canonical":"https:\/\/aeronoticias.com.pe\/noticiero\/turismo\/13\/un-avion-boeing-reconvertido-en-un-lujoso-hotel\/","og_locale":"es_ES","og_type":"article","og_title":"Un avi\u00f3n que no piensa despegar m\u00e1s, es el lugar perfecto para relajarse","og_description":"Portal de noticias del Per\u00fa sobre el transporte a\u00e9reo, aviaci\u00f3n, turismo, hoteleria, actualidad.","og_url":"https:\/\/aeronoticias.com.pe\/noticiero\/turismo\/13\/un-avion-boeing-reconvertido-en-un-lujoso-hotel\/","og_site_name":"Aeronoticias.com.pe","article_publisher":"https:\/\/www.facebook.com\/Aeronoticias.com.pe\/","article_published_time":"2015-02-02T23:30:00+00:00","author":"Redacci\u00f3n Aeronoticias","twitter_card":"summary_large_image","twitter_creator":"@aeronoticias","twitter_site":"@aeronoticias","twitter_misc":{"Escrito por":"Redacci\u00f3n Aeronoticias","Tiempo de lectura":"1 minuto"},"schema":{"@context":"https:\/\/schema.org","@graph":[{"@type":"WebPage","@id":"https:\/\/aeronoticias.com.pe\/noticiero\/turismo\/13\/un-avion-boeing-reconvertido-en-un-lujoso-hotel\/","url":"https:\/\/aeronoticias.com.pe\/noticiero\/turismo\/13\/un-avion-boeing-reconvertido-en-un-lujoso-hotel\/","name":"Un avi\u00f3n que no piensa despegar m\u00e1s, es el lugar perfecto para relajarse","isPartOf":{"@id":"https:\/\/aeronoticias.com.pe\/noticiero\/#website"},"datePublished":"2015-02-02T23:30:00+00:00","author":{"@id":"https:\/\/aeronoticias.com.pe\/noticiero\/#\/schema\/person\/fc1e5d578f4b62ba1cf7ac2bba1170a0"},"description":"Portal de noticias del Per\u00fa sobre el transporte a\u00e9reo, aviaci\u00f3n, turismo, hoteleria, actualidad.","breadcrumb":{"@id":"https:\/\/aeronoticias.com.pe\/noticiero\/turismo\/13\/un-avion-boeing-reconvertido-en-un-lujoso-hotel\/#breadcrumb"},"inLanguage":"es","potentialAction":[{"@type":"ReadAction","target":["https:\/\/aeronoticias.com.pe\/noticiero\/turismo\/13\/un-avion-boeing-reconvertido-en-un-lujoso-hotel\/"]}]},{"@type":"BreadcrumbList","@id":"https:\/\/aeronoticias.com.pe\/noticiero\/turismo\/13\/un-avion-boeing-reconvertido-en-un-lujoso-hotel\/#breadcrumb","itemListElement":[{"@type":"ListItem","position":1,"name":"Portada","item":"https:\/\/aeronoticias.com.pe\/noticiero\/"},{"@type":"ListItem","position":2,"name":"Un avi\u00f3n que no piensa despegar m\u00e1s, es el lugar perfecto para relajarse"}]},{"@type":"WebSite","@id":"https:\/\/aeronoticias.com.pe\/noticiero\/#website","url":"https:\/\/aeronoticias.com.pe\/noticiero\/","name":"Aeronoticias.com.pe","description":"Noticias de tranporte aereo, turismo, hoteles, gastronomia, actualidad, internacional","potentialAction":[{"@type":"SearchAction","target":{"@type":"EntryPoint","urlTemplate":"https:\/\/aeronoticias.com.pe\/noticiero\/?s={search_term_string}"},"query-input":{"@type":"PropertyValueSpecification","valueRequired":true,"valueName":"search_term_string"}}],"inLanguage":"es"},{"@type":"Person","@id":"https:\/\/aeronoticias.com.pe\/noticiero\/#\/schema\/person\/fc1e5d578f4b62ba1cf7ac2bba1170a0","name":"Redacci\u00f3n Aeronoticias","url":"https:\/\/aeronoticias.com.pe\/noticiero\/author\/piloto\/"}]}},"_links":{"self":[{"href":"https:\/\/aeronoticias.com.pe\/noticiero\/wp-json\/wp\/v2\/posts\/49724","targetHints":{"allow":["GET"]}}],"collection":[{"href":"https:\/\/aeronoticias.com.pe\/noticiero\/wp-json\/wp\/v2\/posts"}],"about":[{"href":"https:\/\/aeronoticias.com.pe\/noticiero\/wp-json\/wp\/v2\/types\/post"}],"author":[{"embeddable":true,"href":"https:\/\/aeronoticias.com.pe\/noticiero\/wp-json\/wp\/v2\/users\/1"}],"replies":[{"embeddable":true,"href":"https:\/\/aeronoticias.com.pe\/noticiero\/wp-json\/wp\/v2\/comments?post=49724"}],"version-history":[{"count":0,"href":"https:\/\/aeronoticias.com.pe\/noticiero\/wp-json\/wp\/v2\/posts\/49724\/revisions"}],"wp:attachment":[{"href":"https:\/\/aeronoticias.com.pe\/noticiero\/wp-json\/wp\/v2\/media?parent=49724"}],"wp:term":[{"taxonomy":"category","embeddable":true,"href":"https:\/\/aeronoticias.com.pe\/noticiero\/wp-json\/wp\/v2\/categories?post=49724"},{"taxonomy":"post_tag","embeddable":true,"href":"https:\/\/aeronoticias.com.pe\/noticiero\/wp-json\/wp\/v2\/tags?post=49724"}],"curies":[{"name":"wp","href":"https:\/\/api.w.org\/{rel}","templated":true}]}}