{"id":49794,"date":"2014-10-26T11:00:00","date_gmt":"2014-10-26T11:00:00","guid":{"rendered":"http:\/\/desarrollo.mcvicious.com\/aero2020\/2014\/10\/26\/fuerza-popular-en-contra-de-pedido-de-vacancia-presidencial\/"},"modified":"2014-10-26T11:00:00","modified_gmt":"2014-10-26T11:00:00","slug":"fuerza-popular-en-contra-de-pedido-de-vacancia-presidencial","status":"publish","type":"post","link":"https:\/\/aeronoticias.com.pe\/noticiero\/politica\/fuerza-popular-en-contra-de-pedido-de-vacancia-presidencial\/","title":{"rendered":"Fuerza Popular en contra de pedido de vacancia presidencial"},"content":{"rendered":"<p style=\"text-align: justify;\"><img decoding=\"async\" src=\"images\/stories\/14\/10\/261014\/a9.jpg\" border=\"0\" \/><\/p>\n<p style=\"text-align: justify;\"><strong>(Aeronoticias).-<\/strong> Gobierno debe terminar su mandato, dijo su vocero, H\u00e9ctor Becerril.<\/p>\n<p style=\"text-align: justify;\">  <!--more-->  El vocero de Fuerza Popular, H\u00e9ctor Becerril, dijo hoy que su bancada no respalda el pedido de vacancia presidencial que present\u00f3 en la v\u00edspera el dirigente de los mineros ilegales, V\u00edctor Chanduv\u00ed.<\/p>\n<p style=\"text-align: justify;\">\u00abSomos un partido democr\u00e1tico que considera que la instituci\u00f3n presidencial tiene que fortalecerse. Por lo tanto, desvirtuamos totalmente que tengamos algo que ver con este pedido de vacancia presidencial\u00bb, refiri\u00f3.<\/p>\n<p style=\"text-align: justify;\">En declaraciones a la Agencia Andina dijo que, por tanto, su bancada expresa su \u00abtotal desacuerdo\u00bb con este pedido, dado que el pa\u00eds ha elegido al presidente Ollanta Humala para cumplir un mandato de cinco a\u00f1os.<\/p>\n<p style=\"text-align: justify;\">Consider\u00f3, por otra parte, que la petici\u00f3n de vacancia de Chanduv\u00ed obedece a las diferencias entre el Gobierno y la miner\u00eda informal, mas no a una maniobra de la oposici\u00f3n.<\/p>\n<p style=\"text-align: justify;\">Sobre las 46 visitas de Chanduv\u00ed a los despachos de los legisadores fujimoristas Julio Rosas y \u00c1ngel Ney, refiri\u00f3 que en las reuniones se habr\u00edan tratado temas concernientes a la miner\u00eda y a la situaci\u00f3n de los mineros.<\/p>\n<p style=\"text-align: justify;\">\u00abS\u00e9 que los congresistas Rosas y Neyra han estado preocupados por el problema con la miner\u00eda. Creo que recibieron a Chanduv\u00ed debido a esa preocupaci\u00f3n que hay por la formalizaci\u00f3n de los mineros, que se han estado quejando por la interdicci\u00f3n\u00bb, a\u00f1adi\u00f3.<\/p>\n<p style=\"text-align: justify;\">Por \u00faltimo, reiter\u00f3 que \u00e9l nunca recibi\u00f3 en su despacho a Chanduv\u00ed, por lo que rechaz\u00f3 las afirmaciones que lo sindican ser asesor del pedido de vacancia presidencial.<\/p>\n<p style=\"text-align: justify;\">En la v\u00edspera, el l\u00edder de los mineros informales, V\u00edctor Chanduv\u00ed, dej\u00f3 en mesa de partes del Congreso un escrito solicitando la vacancia presidencial.<\/p>\n<p style=\"text-align: justify;\">\u00a0<\/p>\n<p style=\"text-align: justify;\">Fuente: <strong><em>Andina<\/em><\/strong><\/p>\n<p style=\"text-align: justify;\">Foto: <strong><em>Andina<\/em><\/strong><\/p>\n","protected":false},"excerpt":{"rendered":"<p>(Aeronoticias).- Gobierno debe terminar su mandato, dijo su vocero, H\u00e9ctor Becerril.<\/p>\n","protected":false},"author":1,"featured_media":0,"comment_status":"open","ping_status":"open","sticky":false,"template":"","format":"standard","meta":{"tdm_status":"","tdm_grid_status":"","footnotes":""},"categories":[36],"tags":[],"class_list":{"0":"post-49794","1":"post","2":"type-post","3":"status-publish","4":"format-standard","6":"category-politica"},"yoast_head":"<!-- This site is optimized with the Yoast SEO plugin v25.1 - https:\/\/yoast.com\/wordpress\/plugins\/seo\/ -->\n<title>Fuerza Popular en contra de pedido de vacancia presidencial<\/title>\n<meta name=\"description\" content=\"Portal de noticias del Per\u00fa sobre el transporte a\u00e9reo, aviaci\u00f3n, turismo, hoteleria, actualidad.\" \/>\n<meta name=\"robots\" content=\"index, follow, max-snippet:-1, max-image-preview:large, max-video-preview:-1\" \/>\n<link rel=\"canonical\" href=\"https:\/\/aeronoticias.com.pe\/noticiero\/politica\/fuerza-popular-en-contra-de-pedido-de-vacancia-presidencial\/\" \/>\n<meta property=\"og:locale\" content=\"es_ES\" \/>\n<meta property=\"og:type\" content=\"article\" \/>\n<meta property=\"og:title\" content=\"Fuerza Popular en contra de pedido de vacancia presidencial\" \/>\n<meta property=\"og:description\" content=\"Portal de noticias del Per\u00fa sobre el transporte a\u00e9reo, aviaci\u00f3n, turismo, hoteleria, actualidad.\" \/>\n<meta property=\"og:url\" content=\"https:\/\/aeronoticias.com.pe\/noticiero\/politica\/fuerza-popular-en-contra-de-pedido-de-vacancia-presidencial\/\" \/>\n<meta property=\"og:site_name\" content=\"Aeronoticias.com.pe\" \/>\n<meta property=\"article:publisher\" content=\"https:\/\/www.facebook.com\/Aeronoticias.com.pe\/\" \/>\n<meta property=\"article:published_time\" content=\"2014-10-26T11:00:00+00:00\" \/>\n<meta name=\"author\" content=\"Redacci\u00f3n Aeronoticias\" \/>\n<meta name=\"twitter:card\" content=\"summary_large_image\" \/>\n<meta name=\"twitter:creator\" content=\"@aeronoticias\" \/>\n<meta name=\"twitter:site\" content=\"@aeronoticias\" \/>\n<meta name=\"twitter:label1\" content=\"Escrito por\" \/>\n\t<meta name=\"twitter:data1\" content=\"Redacci\u00f3n Aeronoticias\" \/>\n\t<meta name=\"twitter:label2\" content=\"Tiempo de lectura\" \/>\n\t<meta name=\"twitter:data2\" content=\"1 minuto\" \/>\n<script type=\"application\/ld+json\" class=\"yoast-schema-graph\">{\"@context\":\"https:\/\/schema.org\",\"@graph\":[{\"@type\":\"WebPage\",\"@id\":\"https:\/\/aeronoticias.com.pe\/noticiero\/politica\/fuerza-popular-en-contra-de-pedido-de-vacancia-presidencial\/\",\"url\":\"https:\/\/aeronoticias.com.pe\/noticiero\/politica\/fuerza-popular-en-contra-de-pedido-de-vacancia-presidencial\/\",\"name\":\"Fuerza Popular en contra de pedido de vacancia presidencial\",\"isPartOf\":{\"@id\":\"https:\/\/aeronoticias.com.pe\/noticiero\/#website\"},\"datePublished\":\"2014-10-26T11:00:00+00:00\",\"author\":{\"@id\":\"https:\/\/aeronoticias.com.pe\/noticiero\/#\/schema\/person\/fc1e5d578f4b62ba1cf7ac2bba1170a0\"},\"description\":\"Portal de noticias del Per\u00fa sobre el transporte a\u00e9reo, aviaci\u00f3n, turismo, hoteleria, actualidad.\",\"breadcrumb\":{\"@id\":\"https:\/\/aeronoticias.com.pe\/noticiero\/politica\/fuerza-popular-en-contra-de-pedido-de-vacancia-presidencial\/#breadcrumb\"},\"inLanguage\":\"es\",\"potentialAction\":[{\"@type\":\"ReadAction\",\"target\":[\"https:\/\/aeronoticias.com.pe\/noticiero\/politica\/fuerza-popular-en-contra-de-pedido-de-vacancia-presidencial\/\"]}]},{\"@type\":\"BreadcrumbList\",\"@id\":\"https:\/\/aeronoticias.com.pe\/noticiero\/politica\/fuerza-popular-en-contra-de-pedido-de-vacancia-presidencial\/#breadcrumb\",\"itemListElement\":[{\"@type\":\"ListItem\",\"position\":1,\"name\":\"Portada\",\"item\":\"https:\/\/aeronoticias.com.pe\/noticiero\/\"},{\"@type\":\"ListItem\",\"position\":2,\"name\":\"Fuerza Popular en contra de pedido de vacancia presidencial\"}]},{\"@type\":\"WebSite\",\"@id\":\"https:\/\/aeronoticias.com.pe\/noticiero\/#website\",\"url\":\"https:\/\/aeronoticias.com.pe\/noticiero\/\",\"name\":\"Aeronoticias.com.pe\",\"description\":\"Noticias de tranporte aereo, turismo, hoteles, gastronomia, actualidad, internacional\",\"potentialAction\":[{\"@type\":\"SearchAction\",\"target\":{\"@type\":\"EntryPoint\",\"urlTemplate\":\"https:\/\/aeronoticias.com.pe\/noticiero\/?s={search_term_string}\"},\"query-input\":{\"@type\":\"PropertyValueSpecification\",\"valueRequired\":true,\"valueName\":\"search_term_string\"}}],\"inLanguage\":\"es\"},{\"@type\":\"Person\",\"@id\":\"https:\/\/aeronoticias.com.pe\/noticiero\/#\/schema\/person\/fc1e5d578f4b62ba1cf7ac2bba1170a0\",\"name\":\"Redacci\u00f3n Aeronoticias\",\"url\":\"https:\/\/aeronoticias.com.pe\/noticiero\/author\/piloto\/\"}]}<\/script>\n<!-- \/ Yoast SEO plugin. -->","yoast_head_json":{"title":"Fuerza Popular en contra de pedido de vacancia presidencial","description":"Portal de noticias del Per\u00fa sobre el transporte a\u00e9reo, aviaci\u00f3n, turismo, hoteleria, actualidad.","robots":{"index":"index","follow":"follow","max-snippet":"max-snippet:-1","max-image-preview":"max-image-preview:large","max-video-preview":"max-video-preview:-1"},"canonical":"https:\/\/aeronoticias.com.pe\/noticiero\/politica\/fuerza-popular-en-contra-de-pedido-de-vacancia-presidencial\/","og_locale":"es_ES","og_type":"article","og_title":"Fuerza Popular en contra de pedido de vacancia presidencial","og_description":"Portal de noticias del Per\u00fa sobre el transporte a\u00e9reo, aviaci\u00f3n, turismo, hoteleria, actualidad.","og_url":"https:\/\/aeronoticias.com.pe\/noticiero\/politica\/fuerza-popular-en-contra-de-pedido-de-vacancia-presidencial\/","og_site_name":"Aeronoticias.com.pe","article_publisher":"https:\/\/www.facebook.com\/Aeronoticias.com.pe\/","article_published_time":"2014-10-26T11:00:00+00:00","author":"Redacci\u00f3n Aeronoticias","twitter_card":"summary_large_image","twitter_creator":"@aeronoticias","twitter_site":"@aeronoticias","twitter_misc":{"Escrito por":"Redacci\u00f3n Aeronoticias","Tiempo de lectura":"1 minuto"},"schema":{"@context":"https:\/\/schema.org","@graph":[{"@type":"WebPage","@id":"https:\/\/aeronoticias.com.pe\/noticiero\/politica\/fuerza-popular-en-contra-de-pedido-de-vacancia-presidencial\/","url":"https:\/\/aeronoticias.com.pe\/noticiero\/politica\/fuerza-popular-en-contra-de-pedido-de-vacancia-presidencial\/","name":"Fuerza Popular en contra de pedido de vacancia presidencial","isPartOf":{"@id":"https:\/\/aeronoticias.com.pe\/noticiero\/#website"},"datePublished":"2014-10-26T11:00:00+00:00","author":{"@id":"https:\/\/aeronoticias.com.pe\/noticiero\/#\/schema\/person\/fc1e5d578f4b62ba1cf7ac2bba1170a0"},"description":"Portal de noticias del Per\u00fa sobre el transporte a\u00e9reo, aviaci\u00f3n, turismo, hoteleria, actualidad.","breadcrumb":{"@id":"https:\/\/aeronoticias.com.pe\/noticiero\/politica\/fuerza-popular-en-contra-de-pedido-de-vacancia-presidencial\/#breadcrumb"},"inLanguage":"es","potentialAction":[{"@type":"ReadAction","target":["https:\/\/aeronoticias.com.pe\/noticiero\/politica\/fuerza-popular-en-contra-de-pedido-de-vacancia-presidencial\/"]}]},{"@type":"BreadcrumbList","@id":"https:\/\/aeronoticias.com.pe\/noticiero\/politica\/fuerza-popular-en-contra-de-pedido-de-vacancia-presidencial\/#breadcrumb","itemListElement":[{"@type":"ListItem","position":1,"name":"Portada","item":"https:\/\/aeronoticias.com.pe\/noticiero\/"},{"@type":"ListItem","position":2,"name":"Fuerza Popular en contra de pedido de vacancia presidencial"}]},{"@type":"WebSite","@id":"https:\/\/aeronoticias.com.pe\/noticiero\/#website","url":"https:\/\/aeronoticias.com.pe\/noticiero\/","name":"Aeronoticias.com.pe","description":"Noticias de tranporte aereo, turismo, hoteles, gastronomia, actualidad, internacional","potentialAction":[{"@type":"SearchAction","target":{"@type":"EntryPoint","urlTemplate":"https:\/\/aeronoticias.com.pe\/noticiero\/?s={search_term_string}"},"query-input":{"@type":"PropertyValueSpecification","valueRequired":true,"valueName":"search_term_string"}}],"inLanguage":"es"},{"@type":"Person","@id":"https:\/\/aeronoticias.com.pe\/noticiero\/#\/schema\/person\/fc1e5d578f4b62ba1cf7ac2bba1170a0","name":"Redacci\u00f3n Aeronoticias","url":"https:\/\/aeronoticias.com.pe\/noticiero\/author\/piloto\/"}]}},"_links":{"self":[{"href":"https:\/\/aeronoticias.com.pe\/noticiero\/wp-json\/wp\/v2\/posts\/49794","targetHints":{"allow":["GET"]}}],"collection":[{"href":"https:\/\/aeronoticias.com.pe\/noticiero\/wp-json\/wp\/v2\/posts"}],"about":[{"href":"https:\/\/aeronoticias.com.pe\/noticiero\/wp-json\/wp\/v2\/types\/post"}],"author":[{"embeddable":true,"href":"https:\/\/aeronoticias.com.pe\/noticiero\/wp-json\/wp\/v2\/users\/1"}],"replies":[{"embeddable":true,"href":"https:\/\/aeronoticias.com.pe\/noticiero\/wp-json\/wp\/v2\/comments?post=49794"}],"version-history":[{"count":0,"href":"https:\/\/aeronoticias.com.pe\/noticiero\/wp-json\/wp\/v2\/posts\/49794\/revisions"}],"wp:attachment":[{"href":"https:\/\/aeronoticias.com.pe\/noticiero\/wp-json\/wp\/v2\/media?parent=49794"}],"wp:term":[{"taxonomy":"category","embeddable":true,"href":"https:\/\/aeronoticias.com.pe\/noticiero\/wp-json\/wp\/v2\/categories?post=49794"},{"taxonomy":"post_tag","embeddable":true,"href":"https:\/\/aeronoticias.com.pe\/noticiero\/wp-json\/wp\/v2\/tags?post=49794"}],"curies":[{"name":"wp","href":"https:\/\/api.w.org\/{rel}","templated":true}]}}