{"id":49932,"date":"2014-11-02T11:00:00","date_gmt":"2014-11-02T11:00:00","guid":{"rendered":"http:\/\/desarrollo.mcvicious.com\/aero2020\/2014\/11\/02\/ramos-heredia-se-nego-a-investigar-a-cesar-alvarez-por-enriquecimiento\/"},"modified":"2014-11-02T11:00:00","modified_gmt":"2014-11-02T11:00:00","slug":"ramos-heredia-se-nego-a-investigar-a-cesar-alvarez-por-enriquecimiento","status":"publish","type":"post","link":"https:\/\/aeronoticias.com.pe\/noticiero\/politica\/ramos-heredia-se-nego-a-investigar-a-cesar-alvarez-por-enriquecimiento\/","title":{"rendered":"Ramos Heredia se neg\u00f3 a investigar a C\u00e9sar \u00c1lvarez por enriquecimiento"},"content":{"rendered":"<p style=\"text-align: justify;\"><img decoding=\"async\" src=\"images\/stories\/14\/11\/021114\/a4.jpg\" border=\"0\" \/><\/p>\n<p style=\"text-align: justify;\"><strong>(Aeronoticias).- <\/strong>El fiscal de la Naci\u00f3n, Carlos Ramos Heredia, se rehus\u00f3 a investigar al expresidente de la regi\u00f3n \u00c1ncash C\u00e9sar \u00c1lvarez por enriquecimiento il\u00edcito, alegando \u00abfalta de presupuesto\u00bb, informa un diario local.<\/p>\n<p style=\"text-align: justify;\">  <!--more-->  El congresista Modesto Julca, a trav\u00e9s de un oficio, solicit\u00f3 a Ramos Heredia que se reabran las indagaciones, pero este respondi\u00f3 que \u00abde surgir nuevos elementos de juicio (&#8230;) se adoptar\u00e1n las acciones de ley\u00bb.<\/p>\n<p style=\"text-align: justify;\">Seg\u00fan Correo, se trata de la segunda vez que Julca solicita sin \u00e9xito a Ramos Heredia la investigaci\u00f3n por enriquecimiento il\u00edcito.<\/p>\n<p style=\"text-align: justify;\">Y es que el pasado 26 de mayo, el legislador ya hab\u00eda hecho el pedido, argumentando que la investigaci\u00f3n que hab\u00eda llevado a cabo el antecesor de Ramos Heredia, Jos\u00e9 Antonio Pel\u00e1ez Bardales, hab\u00eda sido \u00abdeficiente e incompleta\u00bb por lo cual fue archivada.<\/p>\n<p style=\"text-align: justify;\">Por su parte, Mes\u00edas Guevara, presidente de la comisi\u00f3n que indaga los actos de corrupci\u00f3n en la regi\u00f3n Cajamarca, indic\u00f3 que hasta el momento no tienen acceso a las cuentas bancarias de \u00c1lvarez.<\/p>\n<p style=\"text-align: justify;\">\u00abEl levantamiento de su secreto bancario fue admitido por la Superintendencia de Banca y Seguros (SBS), pero hasta hoy la informaci\u00f3n no llega\u00bb, manifest\u00f3.<\/p>\n<p style=\"text-align: justify;\">\u00a0<\/p>\n<p style=\"text-align: justify;\">Fuente: <strong><em>RPP<\/em><\/strong><\/p>\n<p style=\"text-align: justify;\">Foto: <strong><em>RPP<\/em><\/strong><\/p>\n","protected":false},"excerpt":{"rendered":"<p>(Aeronoticias).- El fiscal de la Naci\u00f3n, Carlos Ramos Heredia, se rehus\u00f3 a investigar al expresidente de la regi\u00f3n \u00c1ncash C\u00e9sar \u00c1lvarez por enriquecimiento il\u00edcito, alegando \u00abfalta de presupuesto\u00bb, informa un diario local.<\/p>\n","protected":false},"author":1,"featured_media":0,"comment_status":"open","ping_status":"open","sticky":false,"template":"","format":"standard","meta":{"tdm_status":"","tdm_grid_status":"","footnotes":""},"categories":[36],"tags":[],"class_list":{"0":"post-49932","1":"post","2":"type-post","3":"status-publish","4":"format-standard","6":"category-politica"},"yoast_head":"<!-- This site is optimized with the Yoast SEO plugin v25.1 - https:\/\/yoast.com\/wordpress\/plugins\/seo\/ -->\n<title>Ramos Heredia se neg\u00f3 a investigar a C\u00e9sar \u00c1lvarez por enriquecimiento<\/title>\n<meta name=\"description\" content=\"Portal de noticias del Per\u00fa sobre el transporte a\u00e9reo, aviaci\u00f3n, turismo, hoteleria, actualidad.\" \/>\n<meta name=\"robots\" content=\"index, follow, max-snippet:-1, max-image-preview:large, max-video-preview:-1\" \/>\n<link rel=\"canonical\" href=\"https:\/\/aeronoticias.com.pe\/noticiero\/politica\/ramos-heredia-se-nego-a-investigar-a-cesar-alvarez-por-enriquecimiento\/\" \/>\n<meta property=\"og:locale\" content=\"es_ES\" \/>\n<meta property=\"og:type\" content=\"article\" \/>\n<meta property=\"og:title\" content=\"Ramos Heredia se neg\u00f3 a investigar a C\u00e9sar \u00c1lvarez por enriquecimiento\" \/>\n<meta property=\"og:description\" content=\"Portal de noticias del Per\u00fa sobre el transporte a\u00e9reo, aviaci\u00f3n, turismo, hoteleria, actualidad.\" \/>\n<meta property=\"og:url\" content=\"https:\/\/aeronoticias.com.pe\/noticiero\/politica\/ramos-heredia-se-nego-a-investigar-a-cesar-alvarez-por-enriquecimiento\/\" \/>\n<meta property=\"og:site_name\" content=\"Aeronoticias.com.pe\" \/>\n<meta property=\"article:publisher\" content=\"https:\/\/www.facebook.com\/Aeronoticias.com.pe\/\" \/>\n<meta property=\"article:published_time\" content=\"2014-11-02T11:00:00+00:00\" \/>\n<meta name=\"author\" content=\"Redacci\u00f3n Aeronoticias\" \/>\n<meta name=\"twitter:card\" content=\"summary_large_image\" \/>\n<meta name=\"twitter:creator\" content=\"@aeronoticias\" \/>\n<meta name=\"twitter:site\" content=\"@aeronoticias\" \/>\n<meta name=\"twitter:label1\" content=\"Escrito por\" \/>\n\t<meta name=\"twitter:data1\" content=\"Redacci\u00f3n Aeronoticias\" \/>\n\t<meta name=\"twitter:label2\" content=\"Tiempo de lectura\" \/>\n\t<meta name=\"twitter:data2\" content=\"1 minuto\" \/>\n<script type=\"application\/ld+json\" class=\"yoast-schema-graph\">{\"@context\":\"https:\/\/schema.org\",\"@graph\":[{\"@type\":\"WebPage\",\"@id\":\"https:\/\/aeronoticias.com.pe\/noticiero\/politica\/ramos-heredia-se-nego-a-investigar-a-cesar-alvarez-por-enriquecimiento\/\",\"url\":\"https:\/\/aeronoticias.com.pe\/noticiero\/politica\/ramos-heredia-se-nego-a-investigar-a-cesar-alvarez-por-enriquecimiento\/\",\"name\":\"Ramos Heredia se neg\u00f3 a investigar a C\u00e9sar \u00c1lvarez por enriquecimiento\",\"isPartOf\":{\"@id\":\"https:\/\/aeronoticias.com.pe\/noticiero\/#website\"},\"datePublished\":\"2014-11-02T11:00:00+00:00\",\"author\":{\"@id\":\"https:\/\/aeronoticias.com.pe\/noticiero\/#\/schema\/person\/fc1e5d578f4b62ba1cf7ac2bba1170a0\"},\"description\":\"Portal de noticias del Per\u00fa sobre el transporte a\u00e9reo, aviaci\u00f3n, turismo, hoteleria, actualidad.\",\"breadcrumb\":{\"@id\":\"https:\/\/aeronoticias.com.pe\/noticiero\/politica\/ramos-heredia-se-nego-a-investigar-a-cesar-alvarez-por-enriquecimiento\/#breadcrumb\"},\"inLanguage\":\"es\",\"potentialAction\":[{\"@type\":\"ReadAction\",\"target\":[\"https:\/\/aeronoticias.com.pe\/noticiero\/politica\/ramos-heredia-se-nego-a-investigar-a-cesar-alvarez-por-enriquecimiento\/\"]}]},{\"@type\":\"BreadcrumbList\",\"@id\":\"https:\/\/aeronoticias.com.pe\/noticiero\/politica\/ramos-heredia-se-nego-a-investigar-a-cesar-alvarez-por-enriquecimiento\/#breadcrumb\",\"itemListElement\":[{\"@type\":\"ListItem\",\"position\":1,\"name\":\"Portada\",\"item\":\"https:\/\/aeronoticias.com.pe\/noticiero\/\"},{\"@type\":\"ListItem\",\"position\":2,\"name\":\"Ramos Heredia se neg\u00f3 a investigar a C\u00e9sar \u00c1lvarez por enriquecimiento\"}]},{\"@type\":\"WebSite\",\"@id\":\"https:\/\/aeronoticias.com.pe\/noticiero\/#website\",\"url\":\"https:\/\/aeronoticias.com.pe\/noticiero\/\",\"name\":\"Aeronoticias.com.pe\",\"description\":\"Noticias de tranporte aereo, turismo, hoteles, gastronomia, actualidad, internacional\",\"potentialAction\":[{\"@type\":\"SearchAction\",\"target\":{\"@type\":\"EntryPoint\",\"urlTemplate\":\"https:\/\/aeronoticias.com.pe\/noticiero\/?s={search_term_string}\"},\"query-input\":{\"@type\":\"PropertyValueSpecification\",\"valueRequired\":true,\"valueName\":\"search_term_string\"}}],\"inLanguage\":\"es\"},{\"@type\":\"Person\",\"@id\":\"https:\/\/aeronoticias.com.pe\/noticiero\/#\/schema\/person\/fc1e5d578f4b62ba1cf7ac2bba1170a0\",\"name\":\"Redacci\u00f3n Aeronoticias\",\"url\":\"https:\/\/aeronoticias.com.pe\/noticiero\/author\/piloto\/\"}]}<\/script>\n<!-- \/ Yoast SEO plugin. -->","yoast_head_json":{"title":"Ramos Heredia se neg\u00f3 a investigar a C\u00e9sar \u00c1lvarez por enriquecimiento","description":"Portal de noticias del Per\u00fa sobre el transporte a\u00e9reo, aviaci\u00f3n, turismo, hoteleria, actualidad.","robots":{"index":"index","follow":"follow","max-snippet":"max-snippet:-1","max-image-preview":"max-image-preview:large","max-video-preview":"max-video-preview:-1"},"canonical":"https:\/\/aeronoticias.com.pe\/noticiero\/politica\/ramos-heredia-se-nego-a-investigar-a-cesar-alvarez-por-enriquecimiento\/","og_locale":"es_ES","og_type":"article","og_title":"Ramos Heredia se neg\u00f3 a investigar a C\u00e9sar \u00c1lvarez por enriquecimiento","og_description":"Portal de noticias del Per\u00fa sobre el transporte a\u00e9reo, aviaci\u00f3n, turismo, hoteleria, actualidad.","og_url":"https:\/\/aeronoticias.com.pe\/noticiero\/politica\/ramos-heredia-se-nego-a-investigar-a-cesar-alvarez-por-enriquecimiento\/","og_site_name":"Aeronoticias.com.pe","article_publisher":"https:\/\/www.facebook.com\/Aeronoticias.com.pe\/","article_published_time":"2014-11-02T11:00:00+00:00","author":"Redacci\u00f3n Aeronoticias","twitter_card":"summary_large_image","twitter_creator":"@aeronoticias","twitter_site":"@aeronoticias","twitter_misc":{"Escrito por":"Redacci\u00f3n Aeronoticias","Tiempo de lectura":"1 minuto"},"schema":{"@context":"https:\/\/schema.org","@graph":[{"@type":"WebPage","@id":"https:\/\/aeronoticias.com.pe\/noticiero\/politica\/ramos-heredia-se-nego-a-investigar-a-cesar-alvarez-por-enriquecimiento\/","url":"https:\/\/aeronoticias.com.pe\/noticiero\/politica\/ramos-heredia-se-nego-a-investigar-a-cesar-alvarez-por-enriquecimiento\/","name":"Ramos Heredia se neg\u00f3 a investigar a C\u00e9sar \u00c1lvarez por enriquecimiento","isPartOf":{"@id":"https:\/\/aeronoticias.com.pe\/noticiero\/#website"},"datePublished":"2014-11-02T11:00:00+00:00","author":{"@id":"https:\/\/aeronoticias.com.pe\/noticiero\/#\/schema\/person\/fc1e5d578f4b62ba1cf7ac2bba1170a0"},"description":"Portal de noticias del Per\u00fa sobre el transporte a\u00e9reo, aviaci\u00f3n, turismo, hoteleria, actualidad.","breadcrumb":{"@id":"https:\/\/aeronoticias.com.pe\/noticiero\/politica\/ramos-heredia-se-nego-a-investigar-a-cesar-alvarez-por-enriquecimiento\/#breadcrumb"},"inLanguage":"es","potentialAction":[{"@type":"ReadAction","target":["https:\/\/aeronoticias.com.pe\/noticiero\/politica\/ramos-heredia-se-nego-a-investigar-a-cesar-alvarez-por-enriquecimiento\/"]}]},{"@type":"BreadcrumbList","@id":"https:\/\/aeronoticias.com.pe\/noticiero\/politica\/ramos-heredia-se-nego-a-investigar-a-cesar-alvarez-por-enriquecimiento\/#breadcrumb","itemListElement":[{"@type":"ListItem","position":1,"name":"Portada","item":"https:\/\/aeronoticias.com.pe\/noticiero\/"},{"@type":"ListItem","position":2,"name":"Ramos Heredia se neg\u00f3 a investigar a C\u00e9sar \u00c1lvarez por enriquecimiento"}]},{"@type":"WebSite","@id":"https:\/\/aeronoticias.com.pe\/noticiero\/#website","url":"https:\/\/aeronoticias.com.pe\/noticiero\/","name":"Aeronoticias.com.pe","description":"Noticias de tranporte aereo, turismo, hoteles, gastronomia, actualidad, internacional","potentialAction":[{"@type":"SearchAction","target":{"@type":"EntryPoint","urlTemplate":"https:\/\/aeronoticias.com.pe\/noticiero\/?s={search_term_string}"},"query-input":{"@type":"PropertyValueSpecification","valueRequired":true,"valueName":"search_term_string"}}],"inLanguage":"es"},{"@type":"Person","@id":"https:\/\/aeronoticias.com.pe\/noticiero\/#\/schema\/person\/fc1e5d578f4b62ba1cf7ac2bba1170a0","name":"Redacci\u00f3n Aeronoticias","url":"https:\/\/aeronoticias.com.pe\/noticiero\/author\/piloto\/"}]}},"_links":{"self":[{"href":"https:\/\/aeronoticias.com.pe\/noticiero\/wp-json\/wp\/v2\/posts\/49932","targetHints":{"allow":["GET"]}}],"collection":[{"href":"https:\/\/aeronoticias.com.pe\/noticiero\/wp-json\/wp\/v2\/posts"}],"about":[{"href":"https:\/\/aeronoticias.com.pe\/noticiero\/wp-json\/wp\/v2\/types\/post"}],"author":[{"embeddable":true,"href":"https:\/\/aeronoticias.com.pe\/noticiero\/wp-json\/wp\/v2\/users\/1"}],"replies":[{"embeddable":true,"href":"https:\/\/aeronoticias.com.pe\/noticiero\/wp-json\/wp\/v2\/comments?post=49932"}],"version-history":[{"count":0,"href":"https:\/\/aeronoticias.com.pe\/noticiero\/wp-json\/wp\/v2\/posts\/49932\/revisions"}],"wp:attachment":[{"href":"https:\/\/aeronoticias.com.pe\/noticiero\/wp-json\/wp\/v2\/media?parent=49932"}],"wp:term":[{"taxonomy":"category","embeddable":true,"href":"https:\/\/aeronoticias.com.pe\/noticiero\/wp-json\/wp\/v2\/categories?post=49932"},{"taxonomy":"post_tag","embeddable":true,"href":"https:\/\/aeronoticias.com.pe\/noticiero\/wp-json\/wp\/v2\/tags?post=49932"}],"curies":[{"name":"wp","href":"https:\/\/api.w.org\/{rel}","templated":true}]}}