{"id":50080,"date":"2014-11-09T11:00:01","date_gmt":"2014-11-09T11:00:01","guid":{"rendered":"http:\/\/desarrollo.mcvicious.com\/aero2020\/2014\/11\/09\/fiscalia-planteara-acusacion-contra-chinguel-por-caso-qnarcoindultosq\/"},"modified":"2014-11-09T11:00:01","modified_gmt":"2014-11-09T11:00:01","slug":"fiscalia-planteara-acusacion-contra-chinguel-por-caso-qnarcoindultosq","status":"publish","type":"post","link":"https:\/\/aeronoticias.com.pe\/noticiero\/politica\/fiscalia-planteara-acusacion-contra-chinguel-por-caso-qnarcoindultosq\/","title":{"rendered":"Fiscal\u00eda plantear\u00e1 acusaci\u00f3n contra Chinguel por caso \u00abnarcoindultos\u00bb"},"content":{"rendered":"<p style=\"text-align: justify;\"><img decoding=\"async\" src=\"images\/stories\/14\/11\/091114\/a3.jpg\" border=\"0\" \/><\/p>\n<p style=\"text-align: justify;\"><strong>(Aeronoticias).-<\/strong> La fase de investigaci\u00f3n se cerr\u00f3 y en los pr\u00f3ximos d\u00edas el Ministerio P\u00fablico deber\u00eda estar planteando acusaci\u00f3n contra Facundo Chinguel y los otros procesados por el llamado caso \u00abnarcoindultos\u00bb, inform\u00f3 hoy el procurador anticorrupci\u00f3n, Christian Salas.<\/p>\n<p style=\"text-align: justify;\">\u00abHay una gran cantidad de elementos probatorios contra Facundo Chinguel y los dem\u00e1s procesados, que \u00a0son en un promedio de 13, la mayor\u00eda miembros de la comisi\u00f3n que \u00a0presidi\u00f3 Chinguel\u00bb, indic\u00f3 en radio Nacional.<\/p>\n<p style=\"text-align: justify;\">En marzo, el Poder Judicial dispuso prolongar por nueve meses la prisi\u00f3n preventiva contra Chinguel, extitular de la Comisi\u00f3n de Gracia Presidenciales del segundo gobierno aprista, por el caso de los denominados \u201cnarcoindultos\u201d.<\/p>\n<p style=\"text-align: justify;\">Sobre \u00e9l pesan graves cargos como haber presuntamente encabezado una organizaci\u00f3n delictiva destinada a conceder indultos o gracias presidenciales a sentenciados por narcotr\u00e1fico a cambio de dinero.<\/p>\n<p style=\"text-align: justify;\">Salas record\u00f3 que en la investigaci\u00f3n que se sigue en la Fiscal\u00eda de la Naci\u00f3n contra el exministro de Justicia, Aurelio Pastor, se observaron indicios que involucraban en el caso al expresidente Alan Garc\u00eda, por lo que se solicit\u00f3 su inclusi\u00f3n.<\/p>\n<p style=\"text-align: justify;\">Dicho pedido, dijo el procurador, fue planteado hasta en tres ocasiones, sin embargo la Fiscal\u00eda de la Naci\u00f3n no lo consider\u00f3 procedente.<\/p>\n<p style=\"text-align: justify;\">La \u00abmegacomisi\u00f3n\u00bb del Congreso que investig\u00f3 los denominados \u00abnarcoindultos\u00bb, encontr\u00f3 indicios de responsabilidad en el expresidente Garc\u00eda, el exministro Pastor, en cuya gesti\u00f3n se concedieron indultos y conmutaciones de penas, \u00a0y en los exmiembros de la comisi\u00f3n de indultos, liderado por Chinguel.<\/p>\n<p style=\"text-align: justify;\">\u00a0<\/p>\n<p style=\"text-align: justify;\">Fuente: <strong><em>Andina<\/em><\/strong><\/p>\n<p style=\"text-align: justify;\">Foto: <strong><em><span style=\"text-decoration: line-through;\">Andina<\/span><\/em><\/strong><\/p>\n","protected":false},"excerpt":{"rendered":"<p>(Aeronoticias).- La fase de investigaci\u00f3n se cerr\u00f3 y en los pr\u00f3ximos d\u00edas el Ministerio P\u00fablico deber\u00eda estar planteando acusaci\u00f3n contra Facundo Chinguel y los otros procesados por el llamado caso \u00abnarcoindultos\u00bb, inform\u00f3 hoy el procurador anticorrupci\u00f3n, Christian Salas. \u00abHay una gran cantidad de elementos probatorios contra Facundo Chinguel y los dem\u00e1s procesados, que \u00a0son en [&hellip;]<\/p>\n","protected":false},"author":1,"featured_media":0,"comment_status":"open","ping_status":"open","sticky":false,"template":"","format":"standard","meta":{"tdm_status":"","tdm_grid_status":"","footnotes":""},"categories":[36],"tags":[],"class_list":{"0":"post-50080","1":"post","2":"type-post","3":"status-publish","4":"format-standard","6":"category-politica"},"yoast_head":"<!-- This site is optimized with the Yoast SEO plugin v25.1 - https:\/\/yoast.com\/wordpress\/plugins\/seo\/ -->\n<title>Fiscal\u00eda plantear\u00e1 acusaci\u00f3n contra Chinguel por caso &quot;narcoindultos&quot;<\/title>\n<meta name=\"description\" content=\"Portal de noticias del Per\u00fa sobre el transporte a\u00e9reo, aviaci\u00f3n, turismo, hoteleria, actualidad.\" \/>\n<meta name=\"robots\" content=\"index, follow, max-snippet:-1, max-image-preview:large, max-video-preview:-1\" \/>\n<link rel=\"canonical\" href=\"https:\/\/aeronoticias.com.pe\/noticiero\/politica\/fiscalia-planteara-acusacion-contra-chinguel-por-caso-qnarcoindultosq\/\" \/>\n<meta property=\"og:locale\" content=\"es_ES\" \/>\n<meta property=\"og:type\" content=\"article\" \/>\n<meta property=\"og:title\" content=\"Fiscal\u00eda plantear\u00e1 acusaci\u00f3n contra Chinguel por caso &quot;narcoindultos&quot;\" \/>\n<meta property=\"og:description\" content=\"Portal de noticias del Per\u00fa sobre el transporte a\u00e9reo, aviaci\u00f3n, turismo, hoteleria, actualidad.\" \/>\n<meta property=\"og:url\" content=\"https:\/\/aeronoticias.com.pe\/noticiero\/politica\/fiscalia-planteara-acusacion-contra-chinguel-por-caso-qnarcoindultosq\/\" \/>\n<meta property=\"og:site_name\" content=\"Aeronoticias.com.pe\" \/>\n<meta property=\"article:publisher\" content=\"https:\/\/www.facebook.com\/Aeronoticias.com.pe\/\" \/>\n<meta property=\"article:published_time\" content=\"2014-11-09T11:00:01+00:00\" \/>\n<meta name=\"author\" content=\"Redacci\u00f3n Aeronoticias\" \/>\n<meta name=\"twitter:card\" content=\"summary_large_image\" \/>\n<meta name=\"twitter:creator\" content=\"@aeronoticias\" \/>\n<meta name=\"twitter:site\" content=\"@aeronoticias\" \/>\n<meta name=\"twitter:label1\" content=\"Escrito por\" \/>\n\t<meta name=\"twitter:data1\" content=\"Redacci\u00f3n Aeronoticias\" \/>\n\t<meta name=\"twitter:label2\" content=\"Tiempo de lectura\" \/>\n\t<meta name=\"twitter:data2\" content=\"1 minuto\" \/>\n<script type=\"application\/ld+json\" class=\"yoast-schema-graph\">{\"@context\":\"https:\/\/schema.org\",\"@graph\":[{\"@type\":\"WebPage\",\"@id\":\"https:\/\/aeronoticias.com.pe\/noticiero\/politica\/fiscalia-planteara-acusacion-contra-chinguel-por-caso-qnarcoindultosq\/\",\"url\":\"https:\/\/aeronoticias.com.pe\/noticiero\/politica\/fiscalia-planteara-acusacion-contra-chinguel-por-caso-qnarcoindultosq\/\",\"name\":\"Fiscal\u00eda plantear\u00e1 acusaci\u00f3n contra Chinguel por caso \\\"narcoindultos\\\"\",\"isPartOf\":{\"@id\":\"https:\/\/aeronoticias.com.pe\/noticiero\/#website\"},\"datePublished\":\"2014-11-09T11:00:01+00:00\",\"author\":{\"@id\":\"https:\/\/aeronoticias.com.pe\/noticiero\/#\/schema\/person\/fc1e5d578f4b62ba1cf7ac2bba1170a0\"},\"description\":\"Portal de noticias del Per\u00fa sobre el transporte a\u00e9reo, aviaci\u00f3n, turismo, hoteleria, actualidad.\",\"breadcrumb\":{\"@id\":\"https:\/\/aeronoticias.com.pe\/noticiero\/politica\/fiscalia-planteara-acusacion-contra-chinguel-por-caso-qnarcoindultosq\/#breadcrumb\"},\"inLanguage\":\"es\",\"potentialAction\":[{\"@type\":\"ReadAction\",\"target\":[\"https:\/\/aeronoticias.com.pe\/noticiero\/politica\/fiscalia-planteara-acusacion-contra-chinguel-por-caso-qnarcoindultosq\/\"]}]},{\"@type\":\"BreadcrumbList\",\"@id\":\"https:\/\/aeronoticias.com.pe\/noticiero\/politica\/fiscalia-planteara-acusacion-contra-chinguel-por-caso-qnarcoindultosq\/#breadcrumb\",\"itemListElement\":[{\"@type\":\"ListItem\",\"position\":1,\"name\":\"Portada\",\"item\":\"https:\/\/aeronoticias.com.pe\/noticiero\/\"},{\"@type\":\"ListItem\",\"position\":2,\"name\":\"Fiscal\u00eda plantear\u00e1 acusaci\u00f3n contra Chinguel por caso \u00abnarcoindultos\u00bb\"}]},{\"@type\":\"WebSite\",\"@id\":\"https:\/\/aeronoticias.com.pe\/noticiero\/#website\",\"url\":\"https:\/\/aeronoticias.com.pe\/noticiero\/\",\"name\":\"Aeronoticias.com.pe\",\"description\":\"Noticias de tranporte aereo, turismo, hoteles, gastronomia, actualidad, internacional\",\"potentialAction\":[{\"@type\":\"SearchAction\",\"target\":{\"@type\":\"EntryPoint\",\"urlTemplate\":\"https:\/\/aeronoticias.com.pe\/noticiero\/?s={search_term_string}\"},\"query-input\":{\"@type\":\"PropertyValueSpecification\",\"valueRequired\":true,\"valueName\":\"search_term_string\"}}],\"inLanguage\":\"es\"},{\"@type\":\"Person\",\"@id\":\"https:\/\/aeronoticias.com.pe\/noticiero\/#\/schema\/person\/fc1e5d578f4b62ba1cf7ac2bba1170a0\",\"name\":\"Redacci\u00f3n Aeronoticias\",\"url\":\"https:\/\/aeronoticias.com.pe\/noticiero\/author\/piloto\/\"}]}<\/script>\n<!-- \/ Yoast SEO plugin. -->","yoast_head_json":{"title":"Fiscal\u00eda plantear\u00e1 acusaci\u00f3n contra Chinguel por caso \"narcoindultos\"","description":"Portal de noticias del Per\u00fa sobre el transporte a\u00e9reo, aviaci\u00f3n, turismo, hoteleria, actualidad.","robots":{"index":"index","follow":"follow","max-snippet":"max-snippet:-1","max-image-preview":"max-image-preview:large","max-video-preview":"max-video-preview:-1"},"canonical":"https:\/\/aeronoticias.com.pe\/noticiero\/politica\/fiscalia-planteara-acusacion-contra-chinguel-por-caso-qnarcoindultosq\/","og_locale":"es_ES","og_type":"article","og_title":"Fiscal\u00eda plantear\u00e1 acusaci\u00f3n contra Chinguel por caso \"narcoindultos\"","og_description":"Portal de noticias del Per\u00fa sobre el transporte a\u00e9reo, aviaci\u00f3n, turismo, hoteleria, actualidad.","og_url":"https:\/\/aeronoticias.com.pe\/noticiero\/politica\/fiscalia-planteara-acusacion-contra-chinguel-por-caso-qnarcoindultosq\/","og_site_name":"Aeronoticias.com.pe","article_publisher":"https:\/\/www.facebook.com\/Aeronoticias.com.pe\/","article_published_time":"2014-11-09T11:00:01+00:00","author":"Redacci\u00f3n Aeronoticias","twitter_card":"summary_large_image","twitter_creator":"@aeronoticias","twitter_site":"@aeronoticias","twitter_misc":{"Escrito por":"Redacci\u00f3n Aeronoticias","Tiempo de lectura":"1 minuto"},"schema":{"@context":"https:\/\/schema.org","@graph":[{"@type":"WebPage","@id":"https:\/\/aeronoticias.com.pe\/noticiero\/politica\/fiscalia-planteara-acusacion-contra-chinguel-por-caso-qnarcoindultosq\/","url":"https:\/\/aeronoticias.com.pe\/noticiero\/politica\/fiscalia-planteara-acusacion-contra-chinguel-por-caso-qnarcoindultosq\/","name":"Fiscal\u00eda plantear\u00e1 acusaci\u00f3n contra Chinguel por caso \"narcoindultos\"","isPartOf":{"@id":"https:\/\/aeronoticias.com.pe\/noticiero\/#website"},"datePublished":"2014-11-09T11:00:01+00:00","author":{"@id":"https:\/\/aeronoticias.com.pe\/noticiero\/#\/schema\/person\/fc1e5d578f4b62ba1cf7ac2bba1170a0"},"description":"Portal de noticias del Per\u00fa sobre el transporte a\u00e9reo, aviaci\u00f3n, turismo, hoteleria, actualidad.","breadcrumb":{"@id":"https:\/\/aeronoticias.com.pe\/noticiero\/politica\/fiscalia-planteara-acusacion-contra-chinguel-por-caso-qnarcoindultosq\/#breadcrumb"},"inLanguage":"es","potentialAction":[{"@type":"ReadAction","target":["https:\/\/aeronoticias.com.pe\/noticiero\/politica\/fiscalia-planteara-acusacion-contra-chinguel-por-caso-qnarcoindultosq\/"]}]},{"@type":"BreadcrumbList","@id":"https:\/\/aeronoticias.com.pe\/noticiero\/politica\/fiscalia-planteara-acusacion-contra-chinguel-por-caso-qnarcoindultosq\/#breadcrumb","itemListElement":[{"@type":"ListItem","position":1,"name":"Portada","item":"https:\/\/aeronoticias.com.pe\/noticiero\/"},{"@type":"ListItem","position":2,"name":"Fiscal\u00eda plantear\u00e1 acusaci\u00f3n contra Chinguel por caso \u00abnarcoindultos\u00bb"}]},{"@type":"WebSite","@id":"https:\/\/aeronoticias.com.pe\/noticiero\/#website","url":"https:\/\/aeronoticias.com.pe\/noticiero\/","name":"Aeronoticias.com.pe","description":"Noticias de tranporte aereo, turismo, hoteles, gastronomia, actualidad, internacional","potentialAction":[{"@type":"SearchAction","target":{"@type":"EntryPoint","urlTemplate":"https:\/\/aeronoticias.com.pe\/noticiero\/?s={search_term_string}"},"query-input":{"@type":"PropertyValueSpecification","valueRequired":true,"valueName":"search_term_string"}}],"inLanguage":"es"},{"@type":"Person","@id":"https:\/\/aeronoticias.com.pe\/noticiero\/#\/schema\/person\/fc1e5d578f4b62ba1cf7ac2bba1170a0","name":"Redacci\u00f3n Aeronoticias","url":"https:\/\/aeronoticias.com.pe\/noticiero\/author\/piloto\/"}]}},"_links":{"self":[{"href":"https:\/\/aeronoticias.com.pe\/noticiero\/wp-json\/wp\/v2\/posts\/50080","targetHints":{"allow":["GET"]}}],"collection":[{"href":"https:\/\/aeronoticias.com.pe\/noticiero\/wp-json\/wp\/v2\/posts"}],"about":[{"href":"https:\/\/aeronoticias.com.pe\/noticiero\/wp-json\/wp\/v2\/types\/post"}],"author":[{"embeddable":true,"href":"https:\/\/aeronoticias.com.pe\/noticiero\/wp-json\/wp\/v2\/users\/1"}],"replies":[{"embeddable":true,"href":"https:\/\/aeronoticias.com.pe\/noticiero\/wp-json\/wp\/v2\/comments?post=50080"}],"version-history":[{"count":0,"href":"https:\/\/aeronoticias.com.pe\/noticiero\/wp-json\/wp\/v2\/posts\/50080\/revisions"}],"wp:attachment":[{"href":"https:\/\/aeronoticias.com.pe\/noticiero\/wp-json\/wp\/v2\/media?parent=50080"}],"wp:term":[{"taxonomy":"category","embeddable":true,"href":"https:\/\/aeronoticias.com.pe\/noticiero\/wp-json\/wp\/v2\/categories?post=50080"},{"taxonomy":"post_tag","embeddable":true,"href":"https:\/\/aeronoticias.com.pe\/noticiero\/wp-json\/wp\/v2\/tags?post=50080"}],"curies":[{"name":"wp","href":"https:\/\/api.w.org\/{rel}","templated":true}]}}