{"id":50177,"date":"2014-11-13T18:22:46","date_gmt":"2014-11-13T18:22:46","guid":{"rendered":"http:\/\/desarrollo.mcvicious.com\/aero2020\/2014\/11\/13\/bono-qun-hombre-con-suerteq-la-puerta-de-su-learjet-se-desprendio-en-pleno-vuelo\/"},"modified":"2014-11-13T18:22:46","modified_gmt":"2014-11-13T18:22:46","slug":"bono-qun-hombre-con-suerteq-la-puerta-de-su-learjet-se-desprendio-en-pleno-vuelo","status":"publish","type":"post","link":"https:\/\/aeronoticias.com.pe\/noticiero\/espectaculos\/bono-qun-hombre-con-suerteq-la-puerta-de-su-learjet-se-desprendio-en-pleno-vuelo\/","title":{"rendered":"Bono \u00abun hombre con suerte\u00bb: La puerta de su Learjet se desprendi\u00f3 en pleno vuelo"},"content":{"rendered":"<p style=\"text-align: justify;\"><img decoding=\"async\" src=\"images\/stories\/14\/11\/131114\/a7.jpg\" border=\"0\" \/><\/p>\n<p style=\"text-align: justify;\"><strong>(Aeronoticias).-<\/strong> El l\u00edder de U2, Bono, pas\u00f3 el susto de su vida el mi\u00e9rcoles cuando la puerta trasera de su Learjet privado sali\u00f3 desprendida en pleno vuelo.<\/p>\n<p>  <!--more-->  <\/p>\n<p style=\"text-align: justify;\">Seg\u00fan una fuente citada por el Daily Mail, el incidente se produjo una hora despu\u00e9s de que el cantante partiera de Dubl\u00edn (Irlanda) con cuatro amigos para dirigirse a Alemania.<\/p>\n<p style=\"text-align: justify;\">De acuerdo a este medio, los pasajeros escucharon un \u201cgran golpe\u201d en la parte trasera de la aeronave, pero esta pudo aterrizar poco despu\u00e9s sin ning\u00fan peligro en el aeropuerto de Berl\u00edn-Sch\u00f6nefeld.<\/p>\n<p style=\"text-align: justify;\"><img decoding=\"async\" src=\"images\/stories\/14\/11\/131114\/a7_1.jpg\" border=\"0\" \/><\/p>\n<p style=\"text-align: justify;\">La misma fuente relat\u00f3 que Bono y sus compa\u00f1eros quedaron aterrorizados al descubrir lo que hab\u00eda ocurrido en la parte trasera del avi\u00f3n.<\/p>\n<p style=\"text-align: justify;\">\u201cToda la puerta junto al equipaje de Bono y sus compa\u00f1eros hab\u00eda ca\u00eddo en pleno vuelo. Ellos no saben si la puerta y sus pertenencias cayeron sobre el agua o el suelo, pero son muy afortunados\u201d, agreg\u00f3.<\/p>\n<p style=\"text-align: justify;\">El cantante irland\u00e9s no ha hablado del incidente hasta el momento, pero las autoridades del aeropuerto confirmaron que la aeronave aterriz\u00f3 con un port\u00f3n trasero da\u00f1ado.<\/p>\n<p style=\"text-align: justify;\">\u00a0<\/p>\n<p style=\"text-align: justify;\">Fuente: <strong><em>La Prensa<\/em><\/strong><\/p>\n<p style=\"text-align: justify;\">Foto: <strong><em>El Comercio<\/em><\/strong><\/p>\n<p style=\"text-align: justify;\"><strong><em><br \/><\/em><\/strong><\/p>\n<p>{jathumbnail off images=\u00bbimages\/stories\/14\/11\/131114\/a7.jpg,images\/stories\/14\/11\/131114\/a7_1.jpg\u00bb}<\/p>\n","protected":false},"excerpt":{"rendered":"<p>(Aeronoticias).- El l\u00edder de U2, Bono, pas\u00f3 el susto de su vida el mi\u00e9rcoles cuando la puerta trasera de su Learjet privado sali\u00f3 desprendida en pleno vuelo.<\/p>\n","protected":false},"author":1,"featured_media":0,"comment_status":"open","ping_status":"open","sticky":false,"template":"","format":"standard","meta":{"tdm_status":"","tdm_grid_status":"","footnotes":""},"categories":[41],"tags":[],"class_list":{"0":"post-50177","1":"post","2":"type-post","3":"status-publish","4":"format-standard","6":"category-espectaculos"},"yoast_head":"<!-- This site is optimized with the Yoast SEO plugin v25.1 - https:\/\/yoast.com\/wordpress\/plugins\/seo\/ -->\n<title>Bono &quot;un hombre con suerte&quot;: La puerta de su Learjet se desprendi\u00f3 en pleno vuelo<\/title>\n<meta name=\"description\" content=\"Portal de noticias del Per\u00fa sobre el transporte a\u00e9reo, aviaci\u00f3n, turismo, hoteleria, actualidad.\" \/>\n<meta name=\"robots\" content=\"index, follow, max-snippet:-1, max-image-preview:large, max-video-preview:-1\" \/>\n<link rel=\"canonical\" href=\"https:\/\/aeronoticias.com.pe\/noticiero\/espectaculos\/bono-qun-hombre-con-suerteq-la-puerta-de-su-learjet-se-desprendio-en-pleno-vuelo\/\" \/>\n<meta property=\"og:locale\" content=\"es_ES\" \/>\n<meta property=\"og:type\" content=\"article\" \/>\n<meta property=\"og:title\" content=\"Bono &quot;un hombre con suerte&quot;: La puerta de su Learjet se desprendi\u00f3 en pleno vuelo\" \/>\n<meta property=\"og:description\" content=\"Portal de noticias del Per\u00fa sobre el transporte a\u00e9reo, aviaci\u00f3n, turismo, hoteleria, actualidad.\" \/>\n<meta property=\"og:url\" content=\"https:\/\/aeronoticias.com.pe\/noticiero\/espectaculos\/bono-qun-hombre-con-suerteq-la-puerta-de-su-learjet-se-desprendio-en-pleno-vuelo\/\" \/>\n<meta property=\"og:site_name\" content=\"Aeronoticias.com.pe\" \/>\n<meta property=\"article:publisher\" content=\"https:\/\/www.facebook.com\/Aeronoticias.com.pe\/\" \/>\n<meta property=\"article:published_time\" content=\"2014-11-13T18:22:46+00:00\" \/>\n<meta name=\"author\" content=\"Redacci\u00f3n Aeronoticias\" \/>\n<meta name=\"twitter:card\" content=\"summary_large_image\" \/>\n<meta name=\"twitter:creator\" content=\"@aeronoticias\" \/>\n<meta name=\"twitter:site\" content=\"@aeronoticias\" \/>\n<meta name=\"twitter:label1\" content=\"Escrito por\" \/>\n\t<meta name=\"twitter:data1\" content=\"Redacci\u00f3n Aeronoticias\" \/>\n\t<meta name=\"twitter:label2\" content=\"Tiempo de lectura\" \/>\n\t<meta name=\"twitter:data2\" content=\"1 minuto\" \/>\n<script type=\"application\/ld+json\" class=\"yoast-schema-graph\">{\"@context\":\"https:\/\/schema.org\",\"@graph\":[{\"@type\":\"WebPage\",\"@id\":\"https:\/\/aeronoticias.com.pe\/noticiero\/espectaculos\/bono-qun-hombre-con-suerteq-la-puerta-de-su-learjet-se-desprendio-en-pleno-vuelo\/\",\"url\":\"https:\/\/aeronoticias.com.pe\/noticiero\/espectaculos\/bono-qun-hombre-con-suerteq-la-puerta-de-su-learjet-se-desprendio-en-pleno-vuelo\/\",\"name\":\"Bono \\\"un hombre con suerte\\\": La puerta de su Learjet se desprendi\u00f3 en pleno vuelo\",\"isPartOf\":{\"@id\":\"https:\/\/aeronoticias.com.pe\/noticiero\/#website\"},\"datePublished\":\"2014-11-13T18:22:46+00:00\",\"author\":{\"@id\":\"https:\/\/aeronoticias.com.pe\/noticiero\/#\/schema\/person\/fc1e5d578f4b62ba1cf7ac2bba1170a0\"},\"description\":\"Portal de noticias del Per\u00fa sobre el transporte a\u00e9reo, aviaci\u00f3n, turismo, hoteleria, actualidad.\",\"breadcrumb\":{\"@id\":\"https:\/\/aeronoticias.com.pe\/noticiero\/espectaculos\/bono-qun-hombre-con-suerteq-la-puerta-de-su-learjet-se-desprendio-en-pleno-vuelo\/#breadcrumb\"},\"inLanguage\":\"es\",\"potentialAction\":[{\"@type\":\"ReadAction\",\"target\":[\"https:\/\/aeronoticias.com.pe\/noticiero\/espectaculos\/bono-qun-hombre-con-suerteq-la-puerta-de-su-learjet-se-desprendio-en-pleno-vuelo\/\"]}]},{\"@type\":\"BreadcrumbList\",\"@id\":\"https:\/\/aeronoticias.com.pe\/noticiero\/espectaculos\/bono-qun-hombre-con-suerteq-la-puerta-de-su-learjet-se-desprendio-en-pleno-vuelo\/#breadcrumb\",\"itemListElement\":[{\"@type\":\"ListItem\",\"position\":1,\"name\":\"Portada\",\"item\":\"https:\/\/aeronoticias.com.pe\/noticiero\/\"},{\"@type\":\"ListItem\",\"position\":2,\"name\":\"Bono \u00abun hombre con suerte\u00bb: La puerta de su Learjet se desprendi\u00f3 en pleno vuelo\"}]},{\"@type\":\"WebSite\",\"@id\":\"https:\/\/aeronoticias.com.pe\/noticiero\/#website\",\"url\":\"https:\/\/aeronoticias.com.pe\/noticiero\/\",\"name\":\"Aeronoticias.com.pe\",\"description\":\"Noticias de tranporte aereo, turismo, hoteles, gastronomia, actualidad, internacional\",\"potentialAction\":[{\"@type\":\"SearchAction\",\"target\":{\"@type\":\"EntryPoint\",\"urlTemplate\":\"https:\/\/aeronoticias.com.pe\/noticiero\/?s={search_term_string}\"},\"query-input\":{\"@type\":\"PropertyValueSpecification\",\"valueRequired\":true,\"valueName\":\"search_term_string\"}}],\"inLanguage\":\"es\"},{\"@type\":\"Person\",\"@id\":\"https:\/\/aeronoticias.com.pe\/noticiero\/#\/schema\/person\/fc1e5d578f4b62ba1cf7ac2bba1170a0\",\"name\":\"Redacci\u00f3n Aeronoticias\",\"url\":\"https:\/\/aeronoticias.com.pe\/noticiero\/author\/piloto\/\"}]}<\/script>\n<!-- \/ Yoast SEO plugin. -->","yoast_head_json":{"title":"Bono \"un hombre con suerte\": La puerta de su Learjet se desprendi\u00f3 en pleno vuelo","description":"Portal de noticias del Per\u00fa sobre el transporte a\u00e9reo, aviaci\u00f3n, turismo, hoteleria, actualidad.","robots":{"index":"index","follow":"follow","max-snippet":"max-snippet:-1","max-image-preview":"max-image-preview:large","max-video-preview":"max-video-preview:-1"},"canonical":"https:\/\/aeronoticias.com.pe\/noticiero\/espectaculos\/bono-qun-hombre-con-suerteq-la-puerta-de-su-learjet-se-desprendio-en-pleno-vuelo\/","og_locale":"es_ES","og_type":"article","og_title":"Bono \"un hombre con suerte\": La puerta de su Learjet se desprendi\u00f3 en pleno vuelo","og_description":"Portal de noticias del Per\u00fa sobre el transporte a\u00e9reo, aviaci\u00f3n, turismo, hoteleria, actualidad.","og_url":"https:\/\/aeronoticias.com.pe\/noticiero\/espectaculos\/bono-qun-hombre-con-suerteq-la-puerta-de-su-learjet-se-desprendio-en-pleno-vuelo\/","og_site_name":"Aeronoticias.com.pe","article_publisher":"https:\/\/www.facebook.com\/Aeronoticias.com.pe\/","article_published_time":"2014-11-13T18:22:46+00:00","author":"Redacci\u00f3n Aeronoticias","twitter_card":"summary_large_image","twitter_creator":"@aeronoticias","twitter_site":"@aeronoticias","twitter_misc":{"Escrito por":"Redacci\u00f3n Aeronoticias","Tiempo de lectura":"1 minuto"},"schema":{"@context":"https:\/\/schema.org","@graph":[{"@type":"WebPage","@id":"https:\/\/aeronoticias.com.pe\/noticiero\/espectaculos\/bono-qun-hombre-con-suerteq-la-puerta-de-su-learjet-se-desprendio-en-pleno-vuelo\/","url":"https:\/\/aeronoticias.com.pe\/noticiero\/espectaculos\/bono-qun-hombre-con-suerteq-la-puerta-de-su-learjet-se-desprendio-en-pleno-vuelo\/","name":"Bono \"un hombre con suerte\": La puerta de su Learjet se desprendi\u00f3 en pleno vuelo","isPartOf":{"@id":"https:\/\/aeronoticias.com.pe\/noticiero\/#website"},"datePublished":"2014-11-13T18:22:46+00:00","author":{"@id":"https:\/\/aeronoticias.com.pe\/noticiero\/#\/schema\/person\/fc1e5d578f4b62ba1cf7ac2bba1170a0"},"description":"Portal de noticias del Per\u00fa sobre el transporte a\u00e9reo, aviaci\u00f3n, turismo, hoteleria, actualidad.","breadcrumb":{"@id":"https:\/\/aeronoticias.com.pe\/noticiero\/espectaculos\/bono-qun-hombre-con-suerteq-la-puerta-de-su-learjet-se-desprendio-en-pleno-vuelo\/#breadcrumb"},"inLanguage":"es","potentialAction":[{"@type":"ReadAction","target":["https:\/\/aeronoticias.com.pe\/noticiero\/espectaculos\/bono-qun-hombre-con-suerteq-la-puerta-de-su-learjet-se-desprendio-en-pleno-vuelo\/"]}]},{"@type":"BreadcrumbList","@id":"https:\/\/aeronoticias.com.pe\/noticiero\/espectaculos\/bono-qun-hombre-con-suerteq-la-puerta-de-su-learjet-se-desprendio-en-pleno-vuelo\/#breadcrumb","itemListElement":[{"@type":"ListItem","position":1,"name":"Portada","item":"https:\/\/aeronoticias.com.pe\/noticiero\/"},{"@type":"ListItem","position":2,"name":"Bono \u00abun hombre con suerte\u00bb: La puerta de su Learjet se desprendi\u00f3 en pleno vuelo"}]},{"@type":"WebSite","@id":"https:\/\/aeronoticias.com.pe\/noticiero\/#website","url":"https:\/\/aeronoticias.com.pe\/noticiero\/","name":"Aeronoticias.com.pe","description":"Noticias de tranporte aereo, turismo, hoteles, gastronomia, actualidad, internacional","potentialAction":[{"@type":"SearchAction","target":{"@type":"EntryPoint","urlTemplate":"https:\/\/aeronoticias.com.pe\/noticiero\/?s={search_term_string}"},"query-input":{"@type":"PropertyValueSpecification","valueRequired":true,"valueName":"search_term_string"}}],"inLanguage":"es"},{"@type":"Person","@id":"https:\/\/aeronoticias.com.pe\/noticiero\/#\/schema\/person\/fc1e5d578f4b62ba1cf7ac2bba1170a0","name":"Redacci\u00f3n Aeronoticias","url":"https:\/\/aeronoticias.com.pe\/noticiero\/author\/piloto\/"}]}},"_links":{"self":[{"href":"https:\/\/aeronoticias.com.pe\/noticiero\/wp-json\/wp\/v2\/posts\/50177","targetHints":{"allow":["GET"]}}],"collection":[{"href":"https:\/\/aeronoticias.com.pe\/noticiero\/wp-json\/wp\/v2\/posts"}],"about":[{"href":"https:\/\/aeronoticias.com.pe\/noticiero\/wp-json\/wp\/v2\/types\/post"}],"author":[{"embeddable":true,"href":"https:\/\/aeronoticias.com.pe\/noticiero\/wp-json\/wp\/v2\/users\/1"}],"replies":[{"embeddable":true,"href":"https:\/\/aeronoticias.com.pe\/noticiero\/wp-json\/wp\/v2\/comments?post=50177"}],"version-history":[{"count":0,"href":"https:\/\/aeronoticias.com.pe\/noticiero\/wp-json\/wp\/v2\/posts\/50177\/revisions"}],"wp:attachment":[{"href":"https:\/\/aeronoticias.com.pe\/noticiero\/wp-json\/wp\/v2\/media?parent=50177"}],"wp:term":[{"taxonomy":"category","embeddable":true,"href":"https:\/\/aeronoticias.com.pe\/noticiero\/wp-json\/wp\/v2\/categories?post=50177"},{"taxonomy":"post_tag","embeddable":true,"href":"https:\/\/aeronoticias.com.pe\/noticiero\/wp-json\/wp\/v2\/tags?post=50177"}],"curies":[{"name":"wp","href":"https:\/\/api.w.org\/{rel}","templated":true}]}}