{"id":50178,"date":"2014-11-13T19:13:41","date_gmt":"2014-11-13T19:13:41","guid":{"rendered":"http:\/\/desarrollo.mcvicious.com\/aero2020\/2014\/11\/13\/estado-islamico-difunde-un-audio-del-califa-abu-bakr-al-baghdadi\/"},"modified":"2014-11-13T19:13:41","modified_gmt":"2014-11-13T19:13:41","slug":"estado-islamico-difunde-un-audio-del-califa-abu-bakr-al-baghdadi","status":"publish","type":"post","link":"https:\/\/aeronoticias.com.pe\/noticiero\/internacionales\/estado-islamico-difunde-un-audio-del-califa-abu-bakr-al-baghdadi\/","title":{"rendered":"Estado Isl\u00e1mico difunde un audio del califa Abu Bakr al Baghdadi"},"content":{"rendered":"<p style=\"text-align: justify;\"><img decoding=\"async\" src=\"images\/stories\/14\/11\/131114\/a9.jpg\" border=\"0\" \/><\/p>\n<p style=\"text-align: justify;\"><strong>(Aeronoticias).-<\/strong> Los terroristas del Estado Isl\u00e1mico tratan de desbaratar los rumores sobre la muerte de Abu Bakr al Bagdadi en un bombardeo de la coalici\u00f3n en Irak.<\/p>\n<p style=\"text-align: justify;\">  <!--more-->  El grupo yihadista Estado Isl\u00e1mico (EI) difundi\u00f3 este jueves un audio atribuido a su jefe Abu Bakr al Baghdadi, unos d\u00edas despu\u00e9s de los rumores seg\u00fan los cuales habr\u00eda resultado herido o muerto en un bombardeo de la coalici\u00f3n en Irak.<\/p>\n<p style=\"text-align: justify;\">En este mensaje de 17 minutos, el hombre que se presenta como Baghdadi no habla del supuesto bombardeo, pero s\u00ed de acontecimientos que ocurrieron desde entonces.<\/p>\n<p style=\"text-align: justify;\">Los rumores sobre las heridas de Baghdadi forzaron incluso un comunicado oficial del Departamento de Estado de Estados Unidos a trav\u00e9s de su vocera Jen Psaki.<\/p>\n<p style=\"text-align: justify;\">\u201cHubo aviones de la coalici\u00f3n llevando a cabo una serie de bombardeos el 7 de noviembre en Irak contra un blanco identificado como un refugio de l\u00edderes del EI cerca de Mosul, que destruyeron un convoy de veh\u00edculos, que consist\u00eda en diez camionetas armadas. No podemos confirmar si Baghdadi, el l\u00edder del EI, estaba entre los presentes\u201d, se\u00f1al\u00f3 el comunicado del Departamento de Estado de EEUU.<\/p>\n<p style=\"text-align: justify;\">La versi\u00f3n se expandi\u00f3 r\u00e1pidamente, pero no pudo ser confirmada y las dudas de los medios internacionales superan en gran medida a las certezas. La aparici\u00f3n de m\u00faltiples videos e im\u00e1genes en las que se ve a Al Baghdadi ensangrentado e incluso muerto no han generado cr\u00e9dito alguno, pero los EEUU se vieron forzados a dar una declaraci\u00f3n oficial sobre el tema.<\/p>\n<p style=\"text-align: justify;\">\u00a0<\/p>\n<p style=\"text-align: justify;\">Fuente: <em><strong>Infobae<\/strong><\/em><\/p>\n<p style=\"text-align: justify;\">Foto: <strong><em>Captura de video<\/em><\/strong><\/p>\n","protected":false},"excerpt":{"rendered":"<p>(Aeronoticias).- Los terroristas del Estado Isl\u00e1mico tratan de desbaratar los rumores sobre la muerte de Abu Bakr al Bagdadi en un bombardeo de la coalici\u00f3n en Irak.<\/p>\n","protected":false},"author":1,"featured_media":0,"comment_status":"open","ping_status":"open","sticky":false,"template":"","format":"standard","meta":{"tdm_status":"","tdm_grid_status":"","footnotes":""},"categories":[34],"tags":[],"class_list":{"0":"post-50178","1":"post","2":"type-post","3":"status-publish","4":"format-standard","6":"category-internacionales"},"yoast_head":"<!-- This site is optimized with the Yoast SEO plugin v25.1 - https:\/\/yoast.com\/wordpress\/plugins\/seo\/ -->\n<title>Estado Isl\u00e1mico difunde un audio del califa Abu Bakr al Baghdadi<\/title>\n<meta name=\"description\" content=\"Portal de noticias del Per\u00fa sobre el transporte a\u00e9reo, aviaci\u00f3n, turismo, hoteleria, actualidad.\" \/>\n<meta name=\"robots\" content=\"index, follow, max-snippet:-1, max-image-preview:large, max-video-preview:-1\" \/>\n<link rel=\"canonical\" href=\"https:\/\/aeronoticias.com.pe\/noticiero\/internacionales\/estado-islamico-difunde-un-audio-del-califa-abu-bakr-al-baghdadi\/\" \/>\n<meta property=\"og:locale\" content=\"es_ES\" \/>\n<meta property=\"og:type\" content=\"article\" \/>\n<meta property=\"og:title\" content=\"Estado Isl\u00e1mico difunde un audio del califa Abu Bakr al Baghdadi\" \/>\n<meta property=\"og:description\" content=\"Portal de noticias del Per\u00fa sobre el transporte a\u00e9reo, aviaci\u00f3n, turismo, hoteleria, actualidad.\" \/>\n<meta property=\"og:url\" content=\"https:\/\/aeronoticias.com.pe\/noticiero\/internacionales\/estado-islamico-difunde-un-audio-del-califa-abu-bakr-al-baghdadi\/\" \/>\n<meta property=\"og:site_name\" content=\"Aeronoticias.com.pe\" \/>\n<meta property=\"article:publisher\" content=\"https:\/\/www.facebook.com\/Aeronoticias.com.pe\/\" \/>\n<meta property=\"article:published_time\" content=\"2014-11-13T19:13:41+00:00\" \/>\n<meta name=\"author\" content=\"Redacci\u00f3n Aeronoticias\" \/>\n<meta name=\"twitter:card\" content=\"summary_large_image\" \/>\n<meta name=\"twitter:creator\" content=\"@aeronoticias\" \/>\n<meta name=\"twitter:site\" content=\"@aeronoticias\" \/>\n<meta name=\"twitter:label1\" content=\"Escrito por\" \/>\n\t<meta name=\"twitter:data1\" content=\"Redacci\u00f3n Aeronoticias\" \/>\n\t<meta name=\"twitter:label2\" content=\"Tiempo de lectura\" \/>\n\t<meta name=\"twitter:data2\" content=\"1 minuto\" \/>\n<script type=\"application\/ld+json\" class=\"yoast-schema-graph\">{\"@context\":\"https:\/\/schema.org\",\"@graph\":[{\"@type\":\"WebPage\",\"@id\":\"https:\/\/aeronoticias.com.pe\/noticiero\/internacionales\/estado-islamico-difunde-un-audio-del-califa-abu-bakr-al-baghdadi\/\",\"url\":\"https:\/\/aeronoticias.com.pe\/noticiero\/internacionales\/estado-islamico-difunde-un-audio-del-califa-abu-bakr-al-baghdadi\/\",\"name\":\"Estado Isl\u00e1mico difunde un audio del califa Abu Bakr al Baghdadi\",\"isPartOf\":{\"@id\":\"https:\/\/aeronoticias.com.pe\/noticiero\/#website\"},\"datePublished\":\"2014-11-13T19:13:41+00:00\",\"author\":{\"@id\":\"https:\/\/aeronoticias.com.pe\/noticiero\/#\/schema\/person\/fc1e5d578f4b62ba1cf7ac2bba1170a0\"},\"description\":\"Portal de noticias del Per\u00fa sobre el transporte a\u00e9reo, aviaci\u00f3n, turismo, hoteleria, actualidad.\",\"breadcrumb\":{\"@id\":\"https:\/\/aeronoticias.com.pe\/noticiero\/internacionales\/estado-islamico-difunde-un-audio-del-califa-abu-bakr-al-baghdadi\/#breadcrumb\"},\"inLanguage\":\"es\",\"potentialAction\":[{\"@type\":\"ReadAction\",\"target\":[\"https:\/\/aeronoticias.com.pe\/noticiero\/internacionales\/estado-islamico-difunde-un-audio-del-califa-abu-bakr-al-baghdadi\/\"]}]},{\"@type\":\"BreadcrumbList\",\"@id\":\"https:\/\/aeronoticias.com.pe\/noticiero\/internacionales\/estado-islamico-difunde-un-audio-del-califa-abu-bakr-al-baghdadi\/#breadcrumb\",\"itemListElement\":[{\"@type\":\"ListItem\",\"position\":1,\"name\":\"Portada\",\"item\":\"https:\/\/aeronoticias.com.pe\/noticiero\/\"},{\"@type\":\"ListItem\",\"position\":2,\"name\":\"Estado Isl\u00e1mico difunde un audio del califa Abu Bakr al Baghdadi\"}]},{\"@type\":\"WebSite\",\"@id\":\"https:\/\/aeronoticias.com.pe\/noticiero\/#website\",\"url\":\"https:\/\/aeronoticias.com.pe\/noticiero\/\",\"name\":\"Aeronoticias.com.pe\",\"description\":\"Noticias de tranporte aereo, turismo, hoteles, gastronomia, actualidad, internacional\",\"potentialAction\":[{\"@type\":\"SearchAction\",\"target\":{\"@type\":\"EntryPoint\",\"urlTemplate\":\"https:\/\/aeronoticias.com.pe\/noticiero\/?s={search_term_string}\"},\"query-input\":{\"@type\":\"PropertyValueSpecification\",\"valueRequired\":true,\"valueName\":\"search_term_string\"}}],\"inLanguage\":\"es\"},{\"@type\":\"Person\",\"@id\":\"https:\/\/aeronoticias.com.pe\/noticiero\/#\/schema\/person\/fc1e5d578f4b62ba1cf7ac2bba1170a0\",\"name\":\"Redacci\u00f3n Aeronoticias\",\"url\":\"https:\/\/aeronoticias.com.pe\/noticiero\/author\/piloto\/\"}]}<\/script>\n<!-- \/ Yoast SEO plugin. -->","yoast_head_json":{"title":"Estado Isl\u00e1mico difunde un audio del califa Abu Bakr al Baghdadi","description":"Portal de noticias del Per\u00fa sobre el transporte a\u00e9reo, aviaci\u00f3n, turismo, hoteleria, actualidad.","robots":{"index":"index","follow":"follow","max-snippet":"max-snippet:-1","max-image-preview":"max-image-preview:large","max-video-preview":"max-video-preview:-1"},"canonical":"https:\/\/aeronoticias.com.pe\/noticiero\/internacionales\/estado-islamico-difunde-un-audio-del-califa-abu-bakr-al-baghdadi\/","og_locale":"es_ES","og_type":"article","og_title":"Estado Isl\u00e1mico difunde un audio del califa Abu Bakr al Baghdadi","og_description":"Portal de noticias del Per\u00fa sobre el transporte a\u00e9reo, aviaci\u00f3n, turismo, hoteleria, actualidad.","og_url":"https:\/\/aeronoticias.com.pe\/noticiero\/internacionales\/estado-islamico-difunde-un-audio-del-califa-abu-bakr-al-baghdadi\/","og_site_name":"Aeronoticias.com.pe","article_publisher":"https:\/\/www.facebook.com\/Aeronoticias.com.pe\/","article_published_time":"2014-11-13T19:13:41+00:00","author":"Redacci\u00f3n Aeronoticias","twitter_card":"summary_large_image","twitter_creator":"@aeronoticias","twitter_site":"@aeronoticias","twitter_misc":{"Escrito por":"Redacci\u00f3n Aeronoticias","Tiempo de lectura":"1 minuto"},"schema":{"@context":"https:\/\/schema.org","@graph":[{"@type":"WebPage","@id":"https:\/\/aeronoticias.com.pe\/noticiero\/internacionales\/estado-islamico-difunde-un-audio-del-califa-abu-bakr-al-baghdadi\/","url":"https:\/\/aeronoticias.com.pe\/noticiero\/internacionales\/estado-islamico-difunde-un-audio-del-califa-abu-bakr-al-baghdadi\/","name":"Estado Isl\u00e1mico difunde un audio del califa Abu Bakr al Baghdadi","isPartOf":{"@id":"https:\/\/aeronoticias.com.pe\/noticiero\/#website"},"datePublished":"2014-11-13T19:13:41+00:00","author":{"@id":"https:\/\/aeronoticias.com.pe\/noticiero\/#\/schema\/person\/fc1e5d578f4b62ba1cf7ac2bba1170a0"},"description":"Portal de noticias del Per\u00fa sobre el transporte a\u00e9reo, aviaci\u00f3n, turismo, hoteleria, actualidad.","breadcrumb":{"@id":"https:\/\/aeronoticias.com.pe\/noticiero\/internacionales\/estado-islamico-difunde-un-audio-del-califa-abu-bakr-al-baghdadi\/#breadcrumb"},"inLanguage":"es","potentialAction":[{"@type":"ReadAction","target":["https:\/\/aeronoticias.com.pe\/noticiero\/internacionales\/estado-islamico-difunde-un-audio-del-califa-abu-bakr-al-baghdadi\/"]}]},{"@type":"BreadcrumbList","@id":"https:\/\/aeronoticias.com.pe\/noticiero\/internacionales\/estado-islamico-difunde-un-audio-del-califa-abu-bakr-al-baghdadi\/#breadcrumb","itemListElement":[{"@type":"ListItem","position":1,"name":"Portada","item":"https:\/\/aeronoticias.com.pe\/noticiero\/"},{"@type":"ListItem","position":2,"name":"Estado Isl\u00e1mico difunde un audio del califa Abu Bakr al Baghdadi"}]},{"@type":"WebSite","@id":"https:\/\/aeronoticias.com.pe\/noticiero\/#website","url":"https:\/\/aeronoticias.com.pe\/noticiero\/","name":"Aeronoticias.com.pe","description":"Noticias de tranporte aereo, turismo, hoteles, gastronomia, actualidad, internacional","potentialAction":[{"@type":"SearchAction","target":{"@type":"EntryPoint","urlTemplate":"https:\/\/aeronoticias.com.pe\/noticiero\/?s={search_term_string}"},"query-input":{"@type":"PropertyValueSpecification","valueRequired":true,"valueName":"search_term_string"}}],"inLanguage":"es"},{"@type":"Person","@id":"https:\/\/aeronoticias.com.pe\/noticiero\/#\/schema\/person\/fc1e5d578f4b62ba1cf7ac2bba1170a0","name":"Redacci\u00f3n Aeronoticias","url":"https:\/\/aeronoticias.com.pe\/noticiero\/author\/piloto\/"}]}},"_links":{"self":[{"href":"https:\/\/aeronoticias.com.pe\/noticiero\/wp-json\/wp\/v2\/posts\/50178","targetHints":{"allow":["GET"]}}],"collection":[{"href":"https:\/\/aeronoticias.com.pe\/noticiero\/wp-json\/wp\/v2\/posts"}],"about":[{"href":"https:\/\/aeronoticias.com.pe\/noticiero\/wp-json\/wp\/v2\/types\/post"}],"author":[{"embeddable":true,"href":"https:\/\/aeronoticias.com.pe\/noticiero\/wp-json\/wp\/v2\/users\/1"}],"replies":[{"embeddable":true,"href":"https:\/\/aeronoticias.com.pe\/noticiero\/wp-json\/wp\/v2\/comments?post=50178"}],"version-history":[{"count":0,"href":"https:\/\/aeronoticias.com.pe\/noticiero\/wp-json\/wp\/v2\/posts\/50178\/revisions"}],"wp:attachment":[{"href":"https:\/\/aeronoticias.com.pe\/noticiero\/wp-json\/wp\/v2\/media?parent=50178"}],"wp:term":[{"taxonomy":"category","embeddable":true,"href":"https:\/\/aeronoticias.com.pe\/noticiero\/wp-json\/wp\/v2\/categories?post=50178"},{"taxonomy":"post_tag","embeddable":true,"href":"https:\/\/aeronoticias.com.pe\/noticiero\/wp-json\/wp\/v2\/tags?post=50178"}],"curies":[{"name":"wp","href":"https:\/\/api.w.org\/{rel}","templated":true}]}}