{"id":50182,"date":"2014-11-13T16:29:47","date_gmt":"2014-11-13T16:29:47","guid":{"rendered":"http:\/\/desarrollo.mcvicious.com\/aero2020\/2014\/11\/13\/concertacion-parlamentaria-pide-que-se-investiguen-compras-militares\/"},"modified":"2014-11-13T16:29:47","modified_gmt":"2014-11-13T16:29:47","slug":"concertacion-parlamentaria-pide-que-se-investiguen-compras-militares","status":"publish","type":"post","link":"https:\/\/aeronoticias.com.pe\/noticiero\/internacionales\/concertacion-parlamentaria-pide-que-se-investiguen-compras-militares\/","title":{"rendered":"Concertaci\u00f3n Parlamentaria pide que se investiguen compras militares"},"content":{"rendered":"<p style=\"text-align: justify;\"><img decoding=\"async\" src=\"images\/stories\/14\/11\/131114\/a13.jpg\" border=\"0\" \/><\/p>\n<p style=\"text-align: justify;\"><strong>(Aeronoticias).-<\/strong> Pesquisas abarcar\u00edan compra de aviones KT-1 a Corea del Sur y de sat\u00e9lite a empresa francesa, que se hicieron de forma secreta.<\/p>\n<p style=\"text-align: justify;\">\u00a0<\/p>\n<p>  <!--more-->  <\/p>\n<p>Luego de su poco convincente exposici\u00f3n ante la Comisi\u00f3n de Relaciones Exteriores del Congreso el \u00faltimo lunes, el ministro de Defensa, Pedro Cateriano, enfrenta ahora un pedido para que se investiguen las presuntas irregularidades en las compras militares efectuadas por su sector.<\/p>\n<p>\u00a0<\/p>\n<p style=\"text-align: justify;\">La petici\u00f3n est\u00e1 contenida en una moci\u00f3n de orden del d\u00eda, que precisa que la investigaci\u00f3n se llevar\u00eda a cabo en un plazo m\u00e1ximo de 180 d\u00edas y con car\u00e1cter reservado.<\/p>\n<p style=\"text-align: justify;\">El vocero alterno de Concertaci\u00f3n Parlamentaria, Javier Vel\u00e1squez, precis\u00f3 que en la gesti\u00f3n de Cateriano se ha adquirido armamento y equipos en forma secreta y bajo la modalidad de gobierno a gobierno sin raz\u00f3n aparente que lo justifique.<\/p>\n<p style=\"text-align: justify;\">\u201cEse ha sido el procedimiento en la cuestionada compra de un sat\u00e9lite a una empresa francesa por S\/.557 millones pese a que, se ha informado, hab\u00eda otra oferta m\u00e1s adecuada de una empresa brit\u00e1nica\u201d, denunci\u00f3 Vel\u00e1squez.<\/p>\n<p style=\"text-align: justify;\">A\u00f1adi\u00f3 que, siendo las caracter\u00edsticas de estos sat\u00e9lites de dominio p\u00fablico, la compra debi\u00f3 realizarse a trav\u00e9s de una licitaci\u00f3n p\u00fablica internacional, pero no ocurri\u00f3 as\u00ed.<\/p>\n<p style=\"text-align: justify;\"><span style=\"text-decoration: underline;\">INCUMPLIMIENTO<\/span><\/p>\n<p style=\"text-align: justify;\">Agreg\u00f3 que el pedido de investigaci\u00f3n \u2013respaldado por el bloque de Fuerza Popular\u2013 debe incluir tambi\u00e9n la adquisici\u00f3n de ocho camiones Shaanxy Steyr SX-190, a fines de 2012, \u201cpese a que no cumpl\u00edan los requerimientos t\u00e9cnicos m\u00ednimos exigidos por el Comando de la Regi\u00f3n Militar del Vraem\u201d, subray\u00f3.<\/p>\n<p style=\"text-align: justify;\">\u00a0<\/p>\n<p style=\"text-align: justify;\">Fuente: <strong><em>Peru21<\/em><\/strong><\/p>\n<p style=\"text-align: justify;\">Foto: <strong><em>Peru21<\/em><\/strong><\/p>\n","protected":false},"excerpt":{"rendered":"<p>(Aeronoticias).- Pesquisas abarcar\u00edan compra de aviones KT-1 a Corea del Sur y de sat\u00e9lite a empresa francesa, que se hicieron de forma secreta. \u00a0<\/p>\n","protected":false},"author":1,"featured_media":0,"comment_status":"open","ping_status":"open","sticky":false,"template":"","format":"standard","meta":{"tdm_status":"","tdm_grid_status":"","footnotes":""},"categories":[34],"tags":[],"class_list":{"0":"post-50182","1":"post","2":"type-post","3":"status-publish","4":"format-standard","6":"category-internacionales"},"yoast_head":"<!-- This site is optimized with the Yoast SEO plugin v25.1 - https:\/\/yoast.com\/wordpress\/plugins\/seo\/ -->\n<title>Concertaci\u00f3n Parlamentaria pide que se investiguen compras militares<\/title>\n<meta name=\"description\" content=\"Portal de noticias del Per\u00fa sobre el transporte a\u00e9reo, aviaci\u00f3n, turismo, hoteleria, actualidad.\" \/>\n<meta name=\"robots\" content=\"index, follow, max-snippet:-1, max-image-preview:large, max-video-preview:-1\" \/>\n<link rel=\"canonical\" href=\"https:\/\/aeronoticias.com.pe\/noticiero\/internacionales\/concertacion-parlamentaria-pide-que-se-investiguen-compras-militares\/\" \/>\n<meta property=\"og:locale\" content=\"es_ES\" \/>\n<meta property=\"og:type\" content=\"article\" \/>\n<meta property=\"og:title\" content=\"Concertaci\u00f3n Parlamentaria pide que se investiguen compras militares\" \/>\n<meta property=\"og:description\" content=\"Portal de noticias del Per\u00fa sobre el transporte a\u00e9reo, aviaci\u00f3n, turismo, hoteleria, actualidad.\" \/>\n<meta property=\"og:url\" content=\"https:\/\/aeronoticias.com.pe\/noticiero\/internacionales\/concertacion-parlamentaria-pide-que-se-investiguen-compras-militares\/\" \/>\n<meta property=\"og:site_name\" content=\"Aeronoticias.com.pe\" \/>\n<meta property=\"article:publisher\" content=\"https:\/\/www.facebook.com\/Aeronoticias.com.pe\/\" \/>\n<meta property=\"article:published_time\" content=\"2014-11-13T16:29:47+00:00\" \/>\n<meta name=\"author\" content=\"Redacci\u00f3n Aeronoticias\" \/>\n<meta name=\"twitter:card\" content=\"summary_large_image\" \/>\n<meta name=\"twitter:creator\" content=\"@aeronoticias\" \/>\n<meta name=\"twitter:site\" content=\"@aeronoticias\" \/>\n<meta name=\"twitter:label1\" content=\"Escrito por\" \/>\n\t<meta name=\"twitter:data1\" content=\"Redacci\u00f3n Aeronoticias\" \/>\n\t<meta name=\"twitter:label2\" content=\"Tiempo de lectura\" \/>\n\t<meta name=\"twitter:data2\" content=\"1 minuto\" \/>\n<script type=\"application\/ld+json\" class=\"yoast-schema-graph\">{\"@context\":\"https:\/\/schema.org\",\"@graph\":[{\"@type\":\"WebPage\",\"@id\":\"https:\/\/aeronoticias.com.pe\/noticiero\/internacionales\/concertacion-parlamentaria-pide-que-se-investiguen-compras-militares\/\",\"url\":\"https:\/\/aeronoticias.com.pe\/noticiero\/internacionales\/concertacion-parlamentaria-pide-que-se-investiguen-compras-militares\/\",\"name\":\"Concertaci\u00f3n Parlamentaria pide que se investiguen compras militares\",\"isPartOf\":{\"@id\":\"https:\/\/aeronoticias.com.pe\/noticiero\/#website\"},\"datePublished\":\"2014-11-13T16:29:47+00:00\",\"author\":{\"@id\":\"https:\/\/aeronoticias.com.pe\/noticiero\/#\/schema\/person\/fc1e5d578f4b62ba1cf7ac2bba1170a0\"},\"description\":\"Portal de noticias del Per\u00fa sobre el transporte a\u00e9reo, aviaci\u00f3n, turismo, hoteleria, actualidad.\",\"breadcrumb\":{\"@id\":\"https:\/\/aeronoticias.com.pe\/noticiero\/internacionales\/concertacion-parlamentaria-pide-que-se-investiguen-compras-militares\/#breadcrumb\"},\"inLanguage\":\"es\",\"potentialAction\":[{\"@type\":\"ReadAction\",\"target\":[\"https:\/\/aeronoticias.com.pe\/noticiero\/internacionales\/concertacion-parlamentaria-pide-que-se-investiguen-compras-militares\/\"]}]},{\"@type\":\"BreadcrumbList\",\"@id\":\"https:\/\/aeronoticias.com.pe\/noticiero\/internacionales\/concertacion-parlamentaria-pide-que-se-investiguen-compras-militares\/#breadcrumb\",\"itemListElement\":[{\"@type\":\"ListItem\",\"position\":1,\"name\":\"Portada\",\"item\":\"https:\/\/aeronoticias.com.pe\/noticiero\/\"},{\"@type\":\"ListItem\",\"position\":2,\"name\":\"Concertaci\u00f3n Parlamentaria pide que se investiguen compras militares\"}]},{\"@type\":\"WebSite\",\"@id\":\"https:\/\/aeronoticias.com.pe\/noticiero\/#website\",\"url\":\"https:\/\/aeronoticias.com.pe\/noticiero\/\",\"name\":\"Aeronoticias.com.pe\",\"description\":\"Noticias de tranporte aereo, turismo, hoteles, gastronomia, actualidad, internacional\",\"potentialAction\":[{\"@type\":\"SearchAction\",\"target\":{\"@type\":\"EntryPoint\",\"urlTemplate\":\"https:\/\/aeronoticias.com.pe\/noticiero\/?s={search_term_string}\"},\"query-input\":{\"@type\":\"PropertyValueSpecification\",\"valueRequired\":true,\"valueName\":\"search_term_string\"}}],\"inLanguage\":\"es\"},{\"@type\":\"Person\",\"@id\":\"https:\/\/aeronoticias.com.pe\/noticiero\/#\/schema\/person\/fc1e5d578f4b62ba1cf7ac2bba1170a0\",\"name\":\"Redacci\u00f3n Aeronoticias\",\"url\":\"https:\/\/aeronoticias.com.pe\/noticiero\/author\/piloto\/\"}]}<\/script>\n<!-- \/ Yoast SEO plugin. -->","yoast_head_json":{"title":"Concertaci\u00f3n Parlamentaria pide que se investiguen compras militares","description":"Portal de noticias del Per\u00fa sobre el transporte a\u00e9reo, aviaci\u00f3n, turismo, hoteleria, actualidad.","robots":{"index":"index","follow":"follow","max-snippet":"max-snippet:-1","max-image-preview":"max-image-preview:large","max-video-preview":"max-video-preview:-1"},"canonical":"https:\/\/aeronoticias.com.pe\/noticiero\/internacionales\/concertacion-parlamentaria-pide-que-se-investiguen-compras-militares\/","og_locale":"es_ES","og_type":"article","og_title":"Concertaci\u00f3n Parlamentaria pide que se investiguen compras militares","og_description":"Portal de noticias del Per\u00fa sobre el transporte a\u00e9reo, aviaci\u00f3n, turismo, hoteleria, actualidad.","og_url":"https:\/\/aeronoticias.com.pe\/noticiero\/internacionales\/concertacion-parlamentaria-pide-que-se-investiguen-compras-militares\/","og_site_name":"Aeronoticias.com.pe","article_publisher":"https:\/\/www.facebook.com\/Aeronoticias.com.pe\/","article_published_time":"2014-11-13T16:29:47+00:00","author":"Redacci\u00f3n Aeronoticias","twitter_card":"summary_large_image","twitter_creator":"@aeronoticias","twitter_site":"@aeronoticias","twitter_misc":{"Escrito por":"Redacci\u00f3n Aeronoticias","Tiempo de lectura":"1 minuto"},"schema":{"@context":"https:\/\/schema.org","@graph":[{"@type":"WebPage","@id":"https:\/\/aeronoticias.com.pe\/noticiero\/internacionales\/concertacion-parlamentaria-pide-que-se-investiguen-compras-militares\/","url":"https:\/\/aeronoticias.com.pe\/noticiero\/internacionales\/concertacion-parlamentaria-pide-que-se-investiguen-compras-militares\/","name":"Concertaci\u00f3n Parlamentaria pide que se investiguen compras militares","isPartOf":{"@id":"https:\/\/aeronoticias.com.pe\/noticiero\/#website"},"datePublished":"2014-11-13T16:29:47+00:00","author":{"@id":"https:\/\/aeronoticias.com.pe\/noticiero\/#\/schema\/person\/fc1e5d578f4b62ba1cf7ac2bba1170a0"},"description":"Portal de noticias del Per\u00fa sobre el transporte a\u00e9reo, aviaci\u00f3n, turismo, hoteleria, actualidad.","breadcrumb":{"@id":"https:\/\/aeronoticias.com.pe\/noticiero\/internacionales\/concertacion-parlamentaria-pide-que-se-investiguen-compras-militares\/#breadcrumb"},"inLanguage":"es","potentialAction":[{"@type":"ReadAction","target":["https:\/\/aeronoticias.com.pe\/noticiero\/internacionales\/concertacion-parlamentaria-pide-que-se-investiguen-compras-militares\/"]}]},{"@type":"BreadcrumbList","@id":"https:\/\/aeronoticias.com.pe\/noticiero\/internacionales\/concertacion-parlamentaria-pide-que-se-investiguen-compras-militares\/#breadcrumb","itemListElement":[{"@type":"ListItem","position":1,"name":"Portada","item":"https:\/\/aeronoticias.com.pe\/noticiero\/"},{"@type":"ListItem","position":2,"name":"Concertaci\u00f3n Parlamentaria pide que se investiguen compras militares"}]},{"@type":"WebSite","@id":"https:\/\/aeronoticias.com.pe\/noticiero\/#website","url":"https:\/\/aeronoticias.com.pe\/noticiero\/","name":"Aeronoticias.com.pe","description":"Noticias de tranporte aereo, turismo, hoteles, gastronomia, actualidad, internacional","potentialAction":[{"@type":"SearchAction","target":{"@type":"EntryPoint","urlTemplate":"https:\/\/aeronoticias.com.pe\/noticiero\/?s={search_term_string}"},"query-input":{"@type":"PropertyValueSpecification","valueRequired":true,"valueName":"search_term_string"}}],"inLanguage":"es"},{"@type":"Person","@id":"https:\/\/aeronoticias.com.pe\/noticiero\/#\/schema\/person\/fc1e5d578f4b62ba1cf7ac2bba1170a0","name":"Redacci\u00f3n Aeronoticias","url":"https:\/\/aeronoticias.com.pe\/noticiero\/author\/piloto\/"}]}},"_links":{"self":[{"href":"https:\/\/aeronoticias.com.pe\/noticiero\/wp-json\/wp\/v2\/posts\/50182","targetHints":{"allow":["GET"]}}],"collection":[{"href":"https:\/\/aeronoticias.com.pe\/noticiero\/wp-json\/wp\/v2\/posts"}],"about":[{"href":"https:\/\/aeronoticias.com.pe\/noticiero\/wp-json\/wp\/v2\/types\/post"}],"author":[{"embeddable":true,"href":"https:\/\/aeronoticias.com.pe\/noticiero\/wp-json\/wp\/v2\/users\/1"}],"replies":[{"embeddable":true,"href":"https:\/\/aeronoticias.com.pe\/noticiero\/wp-json\/wp\/v2\/comments?post=50182"}],"version-history":[{"count":0,"href":"https:\/\/aeronoticias.com.pe\/noticiero\/wp-json\/wp\/v2\/posts\/50182\/revisions"}],"wp:attachment":[{"href":"https:\/\/aeronoticias.com.pe\/noticiero\/wp-json\/wp\/v2\/media?parent=50182"}],"wp:term":[{"taxonomy":"category","embeddable":true,"href":"https:\/\/aeronoticias.com.pe\/noticiero\/wp-json\/wp\/v2\/categories?post=50182"},{"taxonomy":"post_tag","embeddable":true,"href":"https:\/\/aeronoticias.com.pe\/noticiero\/wp-json\/wp\/v2\/tags?post=50182"}],"curies":[{"name":"wp","href":"https:\/\/api.w.org\/{rel}","templated":true}]}}