{"id":50326,"date":"2014-11-21T01:10:25","date_gmt":"2014-11-21T01:10:25","guid":{"rendered":"http:\/\/desarrollo.mcvicious.com\/aero2020\/2014\/11\/21\/ubican-avioneta-siniestrada-en-villa-maria-del-triunfo\/"},"modified":"2014-11-21T01:10:25","modified_gmt":"2014-11-21T01:10:25","slug":"ubican-avioneta-siniestrada-en-villa-maria-del-triunfo","status":"publish","type":"post","link":"https:\/\/aeronoticias.com.pe\/noticiero\/transporte-aereo\/nacional\/ubican-avioneta-siniestrada-en-villa-maria-del-triunfo\/","title":{"rendered":"Ubican avioneta siniestrada de la PNP en Villa Mar\u00eda del Triunfo"},"content":{"rendered":"<p style=\"text-align: justify;\"><strong>(Aeronoticias)<\/strong> <span style=\"font-size: 11.8181819915771px; line-height: 1.3em;\">La avioneta siniestrada de la PNP, fue encontrada en la zona de Jos\u00e9 Carlos Mari\u00e1tegui que pertenece a la jurisdicci\u00f3n del distrito de Villa Mar\u00eda del Triunfo, inform\u00f3 el coronel de la Polic\u00eda Pedro Vildoso, quien se\u00f1al\u00f3 que no se sabe a\u00fan si hay sobrevivientes.<\/span><\/p>\n<p style=\"text-align: justify;\"><span style=\"font-size: 11.8181819915771px; line-height: 1.3em;\">En un principio se pensaba que la avioneta Cessna 207, con tres tripulantes a bordo, se hab\u00eda precipitado en la zona de Rinconada del Lago en La Molina a espaldas del colegio San Pedro, pero luego se tuvo la informaci\u00f3n confirmada de que lleg\u00f3 a sobrepasar el l\u00edmite de ese distrito.<\/span><\/p>\n<p style=\"text-align: justify;\"><span style=\"font-size: 11.8181819915771px; line-height: 1.3em;\">El Director de Informaciones de la FAP, Mayor General Carlos Ch\u00e1vez, inform\u00f3 que una brigada de rescatistas se encuentra en camino hacia el lugar preciso del accidente. No se ha podido establecer ning\u00fan tipo de contacto con los tripulantes.<\/span><\/p>\n<p style=\"text-align: justify;\"><span style=\"font-size: 11.8181819915771px; line-height: 1.3em;\">En el momento de la emergencia tambi\u00e9n salieron aeronaves de apoyo pero tuvieron que retornar a sus bases por haber mal tiempo.<\/span><\/p>\n<p style=\"text-align: justify;\"><span style=\"font-size: 11.8181819915771px; line-height: 1.3em;\">El personal que se encontraba en la aeronave es el siguiente: el mayor Manuel Mart\u00edn S\u00e1nchez Mor\u00e1n, el teniente Luis Cancela Marquina y el suboficial Ricardo Flores Sotelo.<\/span><\/p>\n<p style=\"text-align: justify;\"><span style=\"font-size: 11.8181819915771px; line-height: 1.3em;\">La avioneta \u00a0cubr\u00eda el itinerario Lima \u2013 Pisco y se encontraba sobrevolando la zona del hip\u00f3dromo de Monterrico cuando dej\u00f3 de emitir sus reportes.<\/span><\/p>\n<p style=\"text-align: justify;\"><span style=\"font-size: 11.8181819915771px; line-height: 1.3em;\">Posteriormente emiti\u00f3 se\u00f1ales de radar por lo que la Fuerza A\u00e9rea del Per\u00fa activ\u00f3 inmediatamente el Sistema de B\u00fasqueda, Salvamento y Rescate (SAR), utilizando un avi\u00f3n Tucano y un helic\u00f3ptero Schweizer, con el equipo especializado para las operaciones SAR. A esta b\u00fasqueda, tambi\u00e9n se sum\u00f3 un helic\u00f3ptero de la Polic\u00eda Nacional.<\/span><\/p>\n<p style=\"text-align: justify;\"><span style=\"font-size: 11.8181819915771px; line-height: 1.3em;\">\u00abDespu\u00e9s de dos horas y media de intensa b\u00fasqueda, se activ\u00f3 el localizador de la aeronave perdida, marcando su posici\u00f3n a 9 kil\u00f3metros aproximadamente de la Base A\u00e9rea Las Palmas. Debido a las malas condiciones meteorol\u00f3gicas que presenta la zona, el personal de la brigada FAP (integrada por especialistas de Defensa y Operaciones Especiales, DOES), se dirige al lugar caminando para el rescate correspondiente\u00bb, dice el comunicado de la FAP.<\/span><\/p>\n<p><strong><em>Fuente: RPP<\/em><\/strong><\/p>\n<p><strong><em> <\/em><\/strong><\/p>\n<p><strong><img decoding=\"async\" src=\"images\/stories\/14\/11\/201114\/a16.jpg\" border=\"0\" \/><br \/><\/strong><\/p>\n<p><strong> <\/strong><\/p>\n<p><strong> <\/strong><\/p>\n","protected":false},"excerpt":{"rendered":"<p>(Aeronoticias) La avioneta siniestrada de la PNP, fue encontrada en la zona de Jos\u00e9 Carlos Mari\u00e1tegui que pertenece a la jurisdicci\u00f3n del distrito de Villa Mar\u00eda del Triunfo, inform\u00f3 el coronel de la Polic\u00eda Pedro Vildoso, quien se\u00f1al\u00f3 que no se sabe a\u00fan si hay sobrevivientes. En un principio se pensaba que la avioneta Cessna [&hellip;]<\/p>\n","protected":false},"author":1,"featured_media":0,"comment_status":"open","ping_status":"open","sticky":false,"template":"","format":"standard","meta":{"tdm_status":"","tdm_grid_status":"","footnotes":""},"categories":[51],"tags":[],"class_list":{"0":"post-50326","1":"post","2":"type-post","3":"status-publish","4":"format-standard","6":"category-nacional"},"yoast_head":"<!-- This site is optimized with the Yoast SEO plugin v25.1 - https:\/\/yoast.com\/wordpress\/plugins\/seo\/ -->\n<title>Ubican avioneta siniestrada de la PNP en Villa Mar\u00eda del Triunfo<\/title>\n<meta name=\"description\" content=\"Portal de noticias del Per\u00fa sobre el transporte a\u00e9reo, aviaci\u00f3n, turismo, hoteleria, actualidad.\" \/>\n<meta name=\"robots\" content=\"index, follow, max-snippet:-1, max-image-preview:large, max-video-preview:-1\" \/>\n<link rel=\"canonical\" href=\"https:\/\/aeronoticias.com.pe\/noticiero\/transporte-aereo\/nacional\/ubican-avioneta-siniestrada-en-villa-maria-del-triunfo\/\" \/>\n<meta property=\"og:locale\" content=\"es_ES\" \/>\n<meta property=\"og:type\" content=\"article\" \/>\n<meta property=\"og:title\" content=\"Ubican avioneta siniestrada de la PNP en Villa Mar\u00eda del Triunfo\" \/>\n<meta property=\"og:description\" content=\"Portal de noticias del Per\u00fa sobre el transporte a\u00e9reo, aviaci\u00f3n, turismo, hoteleria, actualidad.\" \/>\n<meta property=\"og:url\" content=\"https:\/\/aeronoticias.com.pe\/noticiero\/transporte-aereo\/nacional\/ubican-avioneta-siniestrada-en-villa-maria-del-triunfo\/\" \/>\n<meta property=\"og:site_name\" content=\"Aeronoticias.com.pe\" \/>\n<meta property=\"article:publisher\" content=\"https:\/\/www.facebook.com\/Aeronoticias.com.pe\/\" \/>\n<meta property=\"article:published_time\" content=\"2014-11-21T01:10:25+00:00\" \/>\n<meta name=\"author\" content=\"Redacci\u00f3n Aeronoticias\" \/>\n<meta name=\"twitter:card\" content=\"summary_large_image\" \/>\n<meta name=\"twitter:creator\" content=\"@aeronoticias\" \/>\n<meta name=\"twitter:site\" content=\"@aeronoticias\" \/>\n<meta name=\"twitter:label1\" content=\"Escrito por\" \/>\n\t<meta name=\"twitter:data1\" content=\"Redacci\u00f3n Aeronoticias\" \/>\n\t<meta name=\"twitter:label2\" content=\"Tiempo de lectura\" \/>\n\t<meta name=\"twitter:data2\" content=\"2 minutos\" \/>\n<script type=\"application\/ld+json\" class=\"yoast-schema-graph\">{\"@context\":\"https:\/\/schema.org\",\"@graph\":[{\"@type\":\"WebPage\",\"@id\":\"https:\/\/aeronoticias.com.pe\/noticiero\/transporte-aereo\/nacional\/ubican-avioneta-siniestrada-en-villa-maria-del-triunfo\/\",\"url\":\"https:\/\/aeronoticias.com.pe\/noticiero\/transporte-aereo\/nacional\/ubican-avioneta-siniestrada-en-villa-maria-del-triunfo\/\",\"name\":\"Ubican avioneta siniestrada de la PNP en Villa Mar\u00eda del Triunfo\",\"isPartOf\":{\"@id\":\"https:\/\/aeronoticias.com.pe\/noticiero\/#website\"},\"datePublished\":\"2014-11-21T01:10:25+00:00\",\"author\":{\"@id\":\"https:\/\/aeronoticias.com.pe\/noticiero\/#\/schema\/person\/fc1e5d578f4b62ba1cf7ac2bba1170a0\"},\"description\":\"Portal de noticias del Per\u00fa sobre el transporte a\u00e9reo, aviaci\u00f3n, turismo, hoteleria, actualidad.\",\"breadcrumb\":{\"@id\":\"https:\/\/aeronoticias.com.pe\/noticiero\/transporte-aereo\/nacional\/ubican-avioneta-siniestrada-en-villa-maria-del-triunfo\/#breadcrumb\"},\"inLanguage\":\"es\",\"potentialAction\":[{\"@type\":\"ReadAction\",\"target\":[\"https:\/\/aeronoticias.com.pe\/noticiero\/transporte-aereo\/nacional\/ubican-avioneta-siniestrada-en-villa-maria-del-triunfo\/\"]}]},{\"@type\":\"BreadcrumbList\",\"@id\":\"https:\/\/aeronoticias.com.pe\/noticiero\/transporte-aereo\/nacional\/ubican-avioneta-siniestrada-en-villa-maria-del-triunfo\/#breadcrumb\",\"itemListElement\":[{\"@type\":\"ListItem\",\"position\":1,\"name\":\"Portada\",\"item\":\"https:\/\/aeronoticias.com.pe\/noticiero\/\"},{\"@type\":\"ListItem\",\"position\":2,\"name\":\"Ubican avioneta siniestrada de la PNP en Villa Mar\u00eda del Triunfo\"}]},{\"@type\":\"WebSite\",\"@id\":\"https:\/\/aeronoticias.com.pe\/noticiero\/#website\",\"url\":\"https:\/\/aeronoticias.com.pe\/noticiero\/\",\"name\":\"Aeronoticias.com.pe\",\"description\":\"Noticias de tranporte aereo, turismo, hoteles, gastronomia, actualidad, internacional\",\"potentialAction\":[{\"@type\":\"SearchAction\",\"target\":{\"@type\":\"EntryPoint\",\"urlTemplate\":\"https:\/\/aeronoticias.com.pe\/noticiero\/?s={search_term_string}\"},\"query-input\":{\"@type\":\"PropertyValueSpecification\",\"valueRequired\":true,\"valueName\":\"search_term_string\"}}],\"inLanguage\":\"es\"},{\"@type\":\"Person\",\"@id\":\"https:\/\/aeronoticias.com.pe\/noticiero\/#\/schema\/person\/fc1e5d578f4b62ba1cf7ac2bba1170a0\",\"name\":\"Redacci\u00f3n Aeronoticias\",\"url\":\"https:\/\/aeronoticias.com.pe\/noticiero\/author\/piloto\/\"}]}<\/script>\n<!-- \/ Yoast SEO plugin. -->","yoast_head_json":{"title":"Ubican avioneta siniestrada de la PNP en Villa Mar\u00eda del Triunfo","description":"Portal de noticias del Per\u00fa sobre el transporte a\u00e9reo, aviaci\u00f3n, turismo, hoteleria, actualidad.","robots":{"index":"index","follow":"follow","max-snippet":"max-snippet:-1","max-image-preview":"max-image-preview:large","max-video-preview":"max-video-preview:-1"},"canonical":"https:\/\/aeronoticias.com.pe\/noticiero\/transporte-aereo\/nacional\/ubican-avioneta-siniestrada-en-villa-maria-del-triunfo\/","og_locale":"es_ES","og_type":"article","og_title":"Ubican avioneta siniestrada de la PNP en Villa Mar\u00eda del Triunfo","og_description":"Portal de noticias del Per\u00fa sobre el transporte a\u00e9reo, aviaci\u00f3n, turismo, hoteleria, actualidad.","og_url":"https:\/\/aeronoticias.com.pe\/noticiero\/transporte-aereo\/nacional\/ubican-avioneta-siniestrada-en-villa-maria-del-triunfo\/","og_site_name":"Aeronoticias.com.pe","article_publisher":"https:\/\/www.facebook.com\/Aeronoticias.com.pe\/","article_published_time":"2014-11-21T01:10:25+00:00","author":"Redacci\u00f3n Aeronoticias","twitter_card":"summary_large_image","twitter_creator":"@aeronoticias","twitter_site":"@aeronoticias","twitter_misc":{"Escrito por":"Redacci\u00f3n Aeronoticias","Tiempo de lectura":"2 minutos"},"schema":{"@context":"https:\/\/schema.org","@graph":[{"@type":"WebPage","@id":"https:\/\/aeronoticias.com.pe\/noticiero\/transporte-aereo\/nacional\/ubican-avioneta-siniestrada-en-villa-maria-del-triunfo\/","url":"https:\/\/aeronoticias.com.pe\/noticiero\/transporte-aereo\/nacional\/ubican-avioneta-siniestrada-en-villa-maria-del-triunfo\/","name":"Ubican avioneta siniestrada de la PNP en Villa Mar\u00eda del Triunfo","isPartOf":{"@id":"https:\/\/aeronoticias.com.pe\/noticiero\/#website"},"datePublished":"2014-11-21T01:10:25+00:00","author":{"@id":"https:\/\/aeronoticias.com.pe\/noticiero\/#\/schema\/person\/fc1e5d578f4b62ba1cf7ac2bba1170a0"},"description":"Portal de noticias del Per\u00fa sobre el transporte a\u00e9reo, aviaci\u00f3n, turismo, hoteleria, actualidad.","breadcrumb":{"@id":"https:\/\/aeronoticias.com.pe\/noticiero\/transporte-aereo\/nacional\/ubican-avioneta-siniestrada-en-villa-maria-del-triunfo\/#breadcrumb"},"inLanguage":"es","potentialAction":[{"@type":"ReadAction","target":["https:\/\/aeronoticias.com.pe\/noticiero\/transporte-aereo\/nacional\/ubican-avioneta-siniestrada-en-villa-maria-del-triunfo\/"]}]},{"@type":"BreadcrumbList","@id":"https:\/\/aeronoticias.com.pe\/noticiero\/transporte-aereo\/nacional\/ubican-avioneta-siniestrada-en-villa-maria-del-triunfo\/#breadcrumb","itemListElement":[{"@type":"ListItem","position":1,"name":"Portada","item":"https:\/\/aeronoticias.com.pe\/noticiero\/"},{"@type":"ListItem","position":2,"name":"Ubican avioneta siniestrada de la PNP en Villa Mar\u00eda del Triunfo"}]},{"@type":"WebSite","@id":"https:\/\/aeronoticias.com.pe\/noticiero\/#website","url":"https:\/\/aeronoticias.com.pe\/noticiero\/","name":"Aeronoticias.com.pe","description":"Noticias de tranporte aereo, turismo, hoteles, gastronomia, actualidad, internacional","potentialAction":[{"@type":"SearchAction","target":{"@type":"EntryPoint","urlTemplate":"https:\/\/aeronoticias.com.pe\/noticiero\/?s={search_term_string}"},"query-input":{"@type":"PropertyValueSpecification","valueRequired":true,"valueName":"search_term_string"}}],"inLanguage":"es"},{"@type":"Person","@id":"https:\/\/aeronoticias.com.pe\/noticiero\/#\/schema\/person\/fc1e5d578f4b62ba1cf7ac2bba1170a0","name":"Redacci\u00f3n Aeronoticias","url":"https:\/\/aeronoticias.com.pe\/noticiero\/author\/piloto\/"}]}},"_links":{"self":[{"href":"https:\/\/aeronoticias.com.pe\/noticiero\/wp-json\/wp\/v2\/posts\/50326","targetHints":{"allow":["GET"]}}],"collection":[{"href":"https:\/\/aeronoticias.com.pe\/noticiero\/wp-json\/wp\/v2\/posts"}],"about":[{"href":"https:\/\/aeronoticias.com.pe\/noticiero\/wp-json\/wp\/v2\/types\/post"}],"author":[{"embeddable":true,"href":"https:\/\/aeronoticias.com.pe\/noticiero\/wp-json\/wp\/v2\/users\/1"}],"replies":[{"embeddable":true,"href":"https:\/\/aeronoticias.com.pe\/noticiero\/wp-json\/wp\/v2\/comments?post=50326"}],"version-history":[{"count":0,"href":"https:\/\/aeronoticias.com.pe\/noticiero\/wp-json\/wp\/v2\/posts\/50326\/revisions"}],"wp:attachment":[{"href":"https:\/\/aeronoticias.com.pe\/noticiero\/wp-json\/wp\/v2\/media?parent=50326"}],"wp:term":[{"taxonomy":"category","embeddable":true,"href":"https:\/\/aeronoticias.com.pe\/noticiero\/wp-json\/wp\/v2\/categories?post=50326"},{"taxonomy":"post_tag","embeddable":true,"href":"https:\/\/aeronoticias.com.pe\/noticiero\/wp-json\/wp\/v2\/tags?post=50326"}],"curies":[{"name":"wp","href":"https:\/\/api.w.org\/{rel}","templated":true}]}}