{"id":50338,"date":"2014-11-21T17:28:37","date_gmt":"2014-11-21T17:28:37","guid":{"rendered":"http:\/\/desarrollo.mcvicious.com\/aero2020\/2014\/11\/21\/latin-grammy-2014\/"},"modified":"2014-11-21T17:28:37","modified_gmt":"2014-11-21T17:28:37","slug":"latin-grammy-2014","status":"publish","type":"post","link":"https:\/\/aeronoticias.com.pe\/noticiero\/espectaculos\/latin-grammy-2014\/","title":{"rendered":"Calle 13 y Enrique Iglesias se llevan dos Grammy Latino en la preceremonia"},"content":{"rendered":"<p style=\"text-align: justify;\"><strong>(Aeronoticias) <\/strong><span style=\"text-align: justify; line-height: 1.3em;\">El d\u00fao puertorrique\u00f1o Calle 13 y el cantante espa\u00f1ol Enrique Iglesias acapararon el mayor n\u00famero de premios en la preceremonia de la decimoquinta edici\u00f3n de los Grammy Latino, una gala celebrada en Las Vegas en la que los asistentes honraron al difunto guitarrista espa\u00f1ol Paco de Luc\u00eda.<\/span><\/p>\n<p style=\"text-align: justify;\"><span style=\"line-height: 1.3em;\">Calle 13 se alz\u00f3 con el galard\u00f3n de mejor \u00e1lbum de m\u00fasica urbana con \u00abMultiviral\u00bb y mejor canci\u00f3n alternativa por \u00abEl Aguante\u00bb, mientras que Iglesias, ausente en la \u00abciudad del pecado\u00bb, se hizo con el gram\u00f3fono dorado de mejor interpretaci\u00f3n urbana y mejor canci\u00f3n urbana por el tema \u00abBailando\u00bb.<\/span><\/p>\n<p style=\"text-align: justify;\"><span style=\"line-height: 1.3em;\">Iglesias comparte premio con los cubanos Descemer Bueno y Gente de Zona.<\/span><\/p>\n<p style=\"text-align: justify;\"><span style=\"line-height: 1.3em;\">El colombiano Juanes logr\u00f3 el vig\u00e9simo Grammy Latino de su carrera tras imponerse en la categor\u00eda de mejor \u00e1lbum pop\/rock con \u00abLoco de Amor\u00bb, y su compatriota Carlos Vives, junto con Andr\u00e9s Castro, ganaron el premio de mejor canci\u00f3n tropical con \u00abCuando nos volvamos a encontrar\u00bb.<\/span><\/p>\n<p style=\"text-align: justify;\"><span style=\"line-height: 1.3em;\"> <\/span><span style=\"line-height: 1.3em;\">El tambi\u00e9n colombiano Fonseca se adjudic\u00f3 con \u00abFonseca Sinf\u00f3nico\u00bb el Grammy Latino de mejor \u00e1lbum vocal pop tradicional.<\/span><\/p>\n<p style=\"text-align: justify;\"><span style=\"line-height: 1.3em;\">\u00abAgua Maldita\u00bb, de los mexicanos Molotov, fue proclamado el mejor disco rock del a\u00f1o; \u00abCuando no est\u00e1s\u00bb, del argentino Andr\u00e9s Calamaro, consigui\u00f3 el galard\u00f3n de mejor canci\u00f3n de rock y el grupo Babas\u00f3nicos, tambi\u00e9n argentinos, obtuvo el premio de mejor \u00e1lbum de m\u00fasica alternativa con \u00abRomantis\u00edsmico\u00bb.<\/span><\/p>\n<p style=\"text-align: justify;\"><span style=\"line-height: 1.3em;\">El premio de mejor \u00e1lbum tropical tradicional fue para los veteranos mexicanos de La Sonora Santanera con \u00abGrandes \u00c9xitos de las Sonoras, con la m\u00e1s Grande, La Sonora Santanera\u00bb, y el uruguayo Jorge Drexler se impuso con \u00abBailar en la Cueva\u00bb como mejor disco de un cantautor.<\/span><\/p>\n<p style=\"text-align: justify;\"><span style=\"line-height: 1.3em;\">Entre los premiados estuvieron tambi\u00e9n Pl\u00e1cido Domingo, Ivete Sangalo, Caf\u00e9 Tacvba, Rub\u00e9n Blades, Caetano Veloso y Paco de Luc\u00eda, guitarrista espa\u00f1ol fallecido en febrero en M\u00e9xico, que logr\u00f3 el Grammy Latino de mejor \u00e1lbum flamenco con \u00abCanci\u00f3n Andaluza\u00bb.<\/span><\/p>\n<p style=\"text-align: justify;\"><span style=\"line-height: 1.3em;\">Su viuda y dos de sus hijos recogieron el galard\u00f3n, que puso en pie a los asistentes a la ceremonia.<\/span><\/p>\n<p style=\"text-align: justify;\"><span style=\"line-height: 1.3em;\">El evento sirvi\u00f3 tambi\u00e9n para recordar al m\u00fasico Aldo Sarabia de la Banda El Recodo de Don Cruz Liz\u00e1rraga, agrupaci\u00f3n que gan\u00f3 el premio de mejor \u00e1lbum de banda con \u00abHaciendo Historia\u00bb.<\/span><\/p>\n<p style=\"text-align: justify;\"><span style=\"line-height: 1.3em;\">Sarabia fue asesinado en octubre pasado y su compa\u00f1ero Poncho Liz\u00e1rraga le dedic\u00f3 el triunfo en los Grammy Latino.<\/span><\/p>\n<p style=\"text-align: justify;\"><span style=\"line-height: 1.3em;\">Conjunto Primavera gan\u00f3 el premio de mejor \u00e1lbum de m\u00fasica norte\u00f1a con \u00abAmor Amor\u00bb; Jimmy Gonz\u00e1lez y Grupo Mazz ganaron con \u00abForever Mazz\u00bb el galard\u00f3n de mejor \u00e1lbum de m\u00fasica tejana, y Marco Antonio Sol\u00eds y su \u00abDe Mil Amores\u00bb se alz\u00f3 con el gram\u00f3fono dorado de mejor canci\u00f3n regional mexicana.<\/span><\/p>\n<p style=\"text-align: justify;\"><span style=\"line-height: 1.3em;\">Los gram\u00f3fonos de oro m\u00e1s cotizados, como mejor \u00e1lbum, mejor grabaci\u00f3n y mejor canci\u00f3n del a\u00f1o, se repartir\u00e1n en el evento televisado por Univision desde el auditorio principal del MGM a partir de las 17.00 hora local (01.00 GMT del viernes).<\/span><\/p>\n<p style=\"text-align: justify;\"><span style=\"line-height: 1.3em;\">El programa, que se prolongar\u00e1 durante tres horas, ser\u00e1 interrumpido con un discurso del presidente de EE.UU., Barack Obama, sobre inmigraci\u00f3n e incluir\u00e1 20 actuaciones.<\/span><\/p>\n<p style=\"text-align: justify;\"><span style=\"line-height: 1.3em;\">Entre esas actuaciones, estar\u00e1 la de Chris Brown con Pitbull y Wisin; Ricky Martin con Camila, Pepe Aguilar con Miguel Bos\u00e9, y tambi\u00e9n el proclamado como \u00abPersona del A\u00f1o\u00bb por la Academia de la Grabaci\u00f3n, Joan Manuel Serrat. <\/span><\/p>\n<p style=\"text-align: justify;\"><span style=\"line-height: 1.3em;\"><strong><em>Fuente: EFE<\/em><\/strong><\/span><\/p>\n<p style=\"text-align: justify;\"><span style=\"line-height: 1.3em;\"><strong><em><img decoding=\"async\" src=\"images\/stories\/14\/11\/211114\/calle13.jpg\" border=\"0\" \/><br \/><\/em><\/strong><\/span><\/p>\n","protected":false},"excerpt":{"rendered":"<p>(Aeronoticias) El d\u00fao puertorrique\u00f1o Calle 13 y el cantante espa\u00f1ol Enrique Iglesias acapararon el mayor n\u00famero de premios en la preceremonia de la decimoquinta edici\u00f3n de los Grammy Latino, una gala celebrada en Las Vegas en la que los asistentes honraron al difunto guitarrista espa\u00f1ol Paco de Luc\u00eda. Calle 13 se alz\u00f3 con el galard\u00f3n [&hellip;]<\/p>\n","protected":false},"author":1,"featured_media":0,"comment_status":"open","ping_status":"open","sticky":false,"template":"","format":"standard","meta":{"tdm_status":"","tdm_grid_status":"","footnotes":""},"categories":[41],"tags":[],"class_list":{"0":"post-50338","1":"post","2":"type-post","3":"status-publish","4":"format-standard","6":"category-espectaculos"},"yoast_head":"<!-- This site is optimized with the Yoast SEO plugin v25.1 - https:\/\/yoast.com\/wordpress\/plugins\/seo\/ -->\n<title>Calle 13 y Enrique Iglesias se llevan dos Grammy Latino en la preceremonia<\/title>\n<meta name=\"description\" content=\"Portal de noticias del Per\u00fa sobre el transporte a\u00e9reo, aviaci\u00f3n, turismo, hoteleria, actualidad.\" \/>\n<meta name=\"robots\" content=\"index, follow, max-snippet:-1, max-image-preview:large, max-video-preview:-1\" \/>\n<link rel=\"canonical\" href=\"https:\/\/aeronoticias.com.pe\/noticiero\/espectaculos\/latin-grammy-2014\/\" \/>\n<meta property=\"og:locale\" content=\"es_ES\" \/>\n<meta property=\"og:type\" content=\"article\" \/>\n<meta property=\"og:title\" content=\"Calle 13 y Enrique Iglesias se llevan dos Grammy Latino en la preceremonia\" \/>\n<meta property=\"og:description\" content=\"Portal de noticias del Per\u00fa sobre el transporte a\u00e9reo, aviaci\u00f3n, turismo, hoteleria, actualidad.\" \/>\n<meta property=\"og:url\" content=\"https:\/\/aeronoticias.com.pe\/noticiero\/espectaculos\/latin-grammy-2014\/\" \/>\n<meta property=\"og:site_name\" content=\"Aeronoticias.com.pe\" \/>\n<meta property=\"article:publisher\" content=\"https:\/\/www.facebook.com\/Aeronoticias.com.pe\/\" \/>\n<meta property=\"article:published_time\" content=\"2014-11-21T17:28:37+00:00\" \/>\n<meta name=\"author\" content=\"Redacci\u00f3n Aeronoticias\" \/>\n<meta name=\"twitter:card\" content=\"summary_large_image\" \/>\n<meta name=\"twitter:creator\" content=\"@aeronoticias\" \/>\n<meta name=\"twitter:site\" content=\"@aeronoticias\" \/>\n<meta name=\"twitter:label1\" content=\"Escrito por\" \/>\n\t<meta name=\"twitter:data1\" content=\"Redacci\u00f3n Aeronoticias\" \/>\n\t<meta name=\"twitter:label2\" content=\"Tiempo de lectura\" \/>\n\t<meta name=\"twitter:data2\" content=\"3 minutos\" \/>\n<script type=\"application\/ld+json\" class=\"yoast-schema-graph\">{\"@context\":\"https:\/\/schema.org\",\"@graph\":[{\"@type\":\"WebPage\",\"@id\":\"https:\/\/aeronoticias.com.pe\/noticiero\/espectaculos\/latin-grammy-2014\/\",\"url\":\"https:\/\/aeronoticias.com.pe\/noticiero\/espectaculos\/latin-grammy-2014\/\",\"name\":\"Calle 13 y Enrique Iglesias se llevan dos Grammy Latino en la preceremonia\",\"isPartOf\":{\"@id\":\"https:\/\/aeronoticias.com.pe\/noticiero\/#website\"},\"datePublished\":\"2014-11-21T17:28:37+00:00\",\"author\":{\"@id\":\"https:\/\/aeronoticias.com.pe\/noticiero\/#\/schema\/person\/fc1e5d578f4b62ba1cf7ac2bba1170a0\"},\"description\":\"Portal de noticias del Per\u00fa sobre el transporte a\u00e9reo, aviaci\u00f3n, turismo, hoteleria, actualidad.\",\"breadcrumb\":{\"@id\":\"https:\/\/aeronoticias.com.pe\/noticiero\/espectaculos\/latin-grammy-2014\/#breadcrumb\"},\"inLanguage\":\"es\",\"potentialAction\":[{\"@type\":\"ReadAction\",\"target\":[\"https:\/\/aeronoticias.com.pe\/noticiero\/espectaculos\/latin-grammy-2014\/\"]}]},{\"@type\":\"BreadcrumbList\",\"@id\":\"https:\/\/aeronoticias.com.pe\/noticiero\/espectaculos\/latin-grammy-2014\/#breadcrumb\",\"itemListElement\":[{\"@type\":\"ListItem\",\"position\":1,\"name\":\"Portada\",\"item\":\"https:\/\/aeronoticias.com.pe\/noticiero\/\"},{\"@type\":\"ListItem\",\"position\":2,\"name\":\"Calle 13 y Enrique Iglesias se llevan dos Grammy Latino en la preceremonia\"}]},{\"@type\":\"WebSite\",\"@id\":\"https:\/\/aeronoticias.com.pe\/noticiero\/#website\",\"url\":\"https:\/\/aeronoticias.com.pe\/noticiero\/\",\"name\":\"Aeronoticias.com.pe\",\"description\":\"Noticias de tranporte aereo, turismo, hoteles, gastronomia, actualidad, internacional\",\"potentialAction\":[{\"@type\":\"SearchAction\",\"target\":{\"@type\":\"EntryPoint\",\"urlTemplate\":\"https:\/\/aeronoticias.com.pe\/noticiero\/?s={search_term_string}\"},\"query-input\":{\"@type\":\"PropertyValueSpecification\",\"valueRequired\":true,\"valueName\":\"search_term_string\"}}],\"inLanguage\":\"es\"},{\"@type\":\"Person\",\"@id\":\"https:\/\/aeronoticias.com.pe\/noticiero\/#\/schema\/person\/fc1e5d578f4b62ba1cf7ac2bba1170a0\",\"name\":\"Redacci\u00f3n Aeronoticias\",\"url\":\"https:\/\/aeronoticias.com.pe\/noticiero\/author\/piloto\/\"}]}<\/script>\n<!-- \/ Yoast SEO plugin. -->","yoast_head_json":{"title":"Calle 13 y Enrique Iglesias se llevan dos Grammy Latino en la preceremonia","description":"Portal de noticias del Per\u00fa sobre el transporte a\u00e9reo, aviaci\u00f3n, turismo, hoteleria, actualidad.","robots":{"index":"index","follow":"follow","max-snippet":"max-snippet:-1","max-image-preview":"max-image-preview:large","max-video-preview":"max-video-preview:-1"},"canonical":"https:\/\/aeronoticias.com.pe\/noticiero\/espectaculos\/latin-grammy-2014\/","og_locale":"es_ES","og_type":"article","og_title":"Calle 13 y Enrique Iglesias se llevan dos Grammy Latino en la preceremonia","og_description":"Portal de noticias del Per\u00fa sobre el transporte a\u00e9reo, aviaci\u00f3n, turismo, hoteleria, actualidad.","og_url":"https:\/\/aeronoticias.com.pe\/noticiero\/espectaculos\/latin-grammy-2014\/","og_site_name":"Aeronoticias.com.pe","article_publisher":"https:\/\/www.facebook.com\/Aeronoticias.com.pe\/","article_published_time":"2014-11-21T17:28:37+00:00","author":"Redacci\u00f3n Aeronoticias","twitter_card":"summary_large_image","twitter_creator":"@aeronoticias","twitter_site":"@aeronoticias","twitter_misc":{"Escrito por":"Redacci\u00f3n Aeronoticias","Tiempo de lectura":"3 minutos"},"schema":{"@context":"https:\/\/schema.org","@graph":[{"@type":"WebPage","@id":"https:\/\/aeronoticias.com.pe\/noticiero\/espectaculos\/latin-grammy-2014\/","url":"https:\/\/aeronoticias.com.pe\/noticiero\/espectaculos\/latin-grammy-2014\/","name":"Calle 13 y Enrique Iglesias se llevan dos Grammy Latino en la preceremonia","isPartOf":{"@id":"https:\/\/aeronoticias.com.pe\/noticiero\/#website"},"datePublished":"2014-11-21T17:28:37+00:00","author":{"@id":"https:\/\/aeronoticias.com.pe\/noticiero\/#\/schema\/person\/fc1e5d578f4b62ba1cf7ac2bba1170a0"},"description":"Portal de noticias del Per\u00fa sobre el transporte a\u00e9reo, aviaci\u00f3n, turismo, hoteleria, actualidad.","breadcrumb":{"@id":"https:\/\/aeronoticias.com.pe\/noticiero\/espectaculos\/latin-grammy-2014\/#breadcrumb"},"inLanguage":"es","potentialAction":[{"@type":"ReadAction","target":["https:\/\/aeronoticias.com.pe\/noticiero\/espectaculos\/latin-grammy-2014\/"]}]},{"@type":"BreadcrumbList","@id":"https:\/\/aeronoticias.com.pe\/noticiero\/espectaculos\/latin-grammy-2014\/#breadcrumb","itemListElement":[{"@type":"ListItem","position":1,"name":"Portada","item":"https:\/\/aeronoticias.com.pe\/noticiero\/"},{"@type":"ListItem","position":2,"name":"Calle 13 y Enrique Iglesias se llevan dos Grammy Latino en la preceremonia"}]},{"@type":"WebSite","@id":"https:\/\/aeronoticias.com.pe\/noticiero\/#website","url":"https:\/\/aeronoticias.com.pe\/noticiero\/","name":"Aeronoticias.com.pe","description":"Noticias de tranporte aereo, turismo, hoteles, gastronomia, actualidad, internacional","potentialAction":[{"@type":"SearchAction","target":{"@type":"EntryPoint","urlTemplate":"https:\/\/aeronoticias.com.pe\/noticiero\/?s={search_term_string}"},"query-input":{"@type":"PropertyValueSpecification","valueRequired":true,"valueName":"search_term_string"}}],"inLanguage":"es"},{"@type":"Person","@id":"https:\/\/aeronoticias.com.pe\/noticiero\/#\/schema\/person\/fc1e5d578f4b62ba1cf7ac2bba1170a0","name":"Redacci\u00f3n Aeronoticias","url":"https:\/\/aeronoticias.com.pe\/noticiero\/author\/piloto\/"}]}},"_links":{"self":[{"href":"https:\/\/aeronoticias.com.pe\/noticiero\/wp-json\/wp\/v2\/posts\/50338","targetHints":{"allow":["GET"]}}],"collection":[{"href":"https:\/\/aeronoticias.com.pe\/noticiero\/wp-json\/wp\/v2\/posts"}],"about":[{"href":"https:\/\/aeronoticias.com.pe\/noticiero\/wp-json\/wp\/v2\/types\/post"}],"author":[{"embeddable":true,"href":"https:\/\/aeronoticias.com.pe\/noticiero\/wp-json\/wp\/v2\/users\/1"}],"replies":[{"embeddable":true,"href":"https:\/\/aeronoticias.com.pe\/noticiero\/wp-json\/wp\/v2\/comments?post=50338"}],"version-history":[{"count":0,"href":"https:\/\/aeronoticias.com.pe\/noticiero\/wp-json\/wp\/v2\/posts\/50338\/revisions"}],"wp:attachment":[{"href":"https:\/\/aeronoticias.com.pe\/noticiero\/wp-json\/wp\/v2\/media?parent=50338"}],"wp:term":[{"taxonomy":"category","embeddable":true,"href":"https:\/\/aeronoticias.com.pe\/noticiero\/wp-json\/wp\/v2\/categories?post=50338"},{"taxonomy":"post_tag","embeddable":true,"href":"https:\/\/aeronoticias.com.pe\/noticiero\/wp-json\/wp\/v2\/tags?post=50338"}],"curies":[{"name":"wp","href":"https:\/\/api.w.org\/{rel}","templated":true}]}}