{"id":50340,"date":"2014-11-21T17:34:14","date_gmt":"2014-11-21T17:34:14","guid":{"rendered":"http:\/\/desarrollo.mcvicious.com\/aero2020\/2014\/11\/21\/minedu-premia-a-ganadores-nacionales-de-feria-tecnologica-inti-y-concurso-de-buenas-practicas-tukuy-ruraq-amauta\/"},"modified":"2014-11-21T17:34:14","modified_gmt":"2014-11-21T17:34:14","slug":"minedu-premia-a-ganadores-nacionales-de-feria-tecnologica-inti-y-concurso-de-buenas-practicas-tukuy-ruraq-amauta","status":"publish","type":"post","link":"https:\/\/aeronoticias.com.pe\/noticiero\/nacionales\/minedu-premia-a-ganadores-nacionales-de-feria-tecnologica-inti-y-concurso-de-buenas-practicas-tukuy-ruraq-amauta\/","title":{"rendered":"Minedu premia a ganadores nacionales de Feria Tecnol\u00f3gica Inti y Concurso de Buenas Pr\u00e1cticas Tukuy Ruraq Amauta"},"content":{"rendered":"<p style=\"text-align: justify;\"><img decoding=\"async\" src=\"images\/stories\/14\/11\/211114\/a10.jpg\" border=\"0\" \/><\/p>\n<p style=\"text-align: justify;\"><strong>(Aeronoticias).-<\/strong> Participaron m\u00e1s de 850 propuestas de todas las regiones del pa\u00eds de entre 1019 institutos y centros de formaci\u00f3n\u00a0<span style=\"font-size: 11.8181819915771px; line-height: 1.3em;\">p\u00fablicos \u00a0donde estudian alrededor de 211 268 j\u00f3venes.<\/span><\/p>\n<p style=\"text-align: justify;\"><span style=\"font-size: 11.8181819915771px; line-height: 1.3em;\">  <!--more-->  El Ministerio de Educaci\u00f3n ofreci\u00f3 una merecida distinci\u00f3n a los ganadores de la III Feria Nacional de Investigaci\u00f3n e Innovaci\u00f3n Tecnol\u00f3gica Inti 2014 y el II Concurso Nacional de Buenas Pr\u00e1cticas en Educaci\u00f3n T\u00e9cnica Tukuy Ruraq Amauta &#8211; Maestro que todo lo hace, en una sensacional reuni\u00f3n llevada a cabo en el C\u00edrculo Militar del Per\u00fa de Jes\u00fas Mar\u00eda.<\/span><\/p>\n<p style=\"text-align: justify;\">El acto estuvo presidido por Miguel Calder\u00f3n Rivera, Director de Educaci\u00f3n Superior Tecnol\u00f3gica y T\u00e9cnico Productiva del MINEDU, quien remarc\u00f3 la importancia de promover espacios que conduzcan a fortalecer capacidades mediante el intercambio de conocimientos y aprendizajes entre los estudiantes, docentes y directivos de los institutos y centros de formaci\u00f3n p\u00fablicos.<\/p>\n<p style=\"text-align: justify;\"><img decoding=\"async\" src=\"images\/stories\/14\/11\/211114\/a10_1.jpg\" border=\"0\" \/><\/p>\n<p style=\"text-align: justify;\"><span style=\"text-decoration: underline;\">Ganadores absolutos de la III Feria Nacional de Investigaci\u00f3n e Innovaci\u00f3n Tecnol\u00f3gica Inti 2014. La innovaci\u00f3n parte de ti<\/span><\/p>\n<p style=\"text-align: justify;\">Los ganadores absolutos fueron los proyectos \u201cBata Multi-Confort\u201d del Instituto de Educaci\u00f3n Superior Tecnol\u00f3gico (IEST) Aparicio Pomares (Hu\u00e1nuco) que fue presentado por las estudiantes Cleyde Aldine Bendez\u00fa Salcedo, Sandy Gliceria Rojas Esteban, junto a su asesora la docente Angela Silvana Garc\u00eda Obreg\u00f3n.<\/p>\n<p style=\"text-align: justify;\">Tambi\u00e9n gan\u00f3 el proyecto \u201cSembradora y cosechadora manual ecol\u00f3gica de tub\u00e9rculos andinos\u201d del Centro de Educaci\u00f3n T\u00e9cnico Productiva (CETPRO) Puno (Puno) que fue desarrollado por los estudiantes Jhon Peter Aroapaza Ortega y Marcelo Vargas Ruelas junto a su asesor el docente Rodolfo Huanca Rodrigo.<\/p>\n<p style=\"text-align: justify;\"><img decoding=\"async\" src=\"images\/stories\/14\/11\/211114\/a10_2.jpg\" border=\"0\" \/><\/p>\n<p style=\"text-align: justify;\"><span style=\"text-decoration: underline;\">Ganadores absolutos del II Concurso Nacional de Buenas Pr\u00e1cticas en Educaci\u00f3n T\u00e9cnica Tukuy Ruraq Amauta 2014 &#8211; Maestro que todo lo hace<\/span><\/p>\n<p style=\"text-align: justify;\">Asimismo, los primeros puestos fueron para las buenas pr\u00e1cticas \u201cAbriendo fronteras \u00a0tecnol\u00f3gicas en Cajamarca\u201d \u00a0de Olga Liliana Llanos Ram\u00edrez, directora del IEST Cajamarca (Cajamarca). \u00a0De igual manera, destac\u00f3 \u201cPromoviendo el empoderamiento de la mujer y la competitividad productiva\u201d de Mar\u00eda del Pilar Escobar Jabo, directora del CETPRO Santa \u00darsula (Piura).<\/p>\n<p style=\"text-align: justify;\">Adem\u00e1s, \u201cAprendizaje vivencial con la naturaleza\u201d de F\u00e9lix Castillo Ichuta, docente del IEST Joaqu\u00edn Re\u00e1tegui Medina (Loreto); y \u00a0\u201cExperiencia de educaci\u00f3n t\u00e9cnico productiva itinerante con apoyo de recursos y capacidades locales\u201d de Segundo Miguel Zegarra Ru\u00edz docente del CETPRO CIPCA Loyola (Piura).<\/p>\n<p style=\"text-align: justify;\">\u00a0<\/p>\n<p style=\"text-align: justify;\">\u00a0<\/p>\n<p>{jathumbnail off images=\u00bbimages\/stories\/14\/11\/211114\/a10.jpg,images\/stories\/14\/11\/211114\/a10_1.jpg,images\/stories\/14\/11\/211114\/a10_2.jpg\u00bb}<\/p>\n","protected":false},"excerpt":{"rendered":"<p>(Aeronoticias).- Participaron m\u00e1s de 850 propuestas de todas las regiones del pa\u00eds de entre 1019 institutos y centros de formaci\u00f3n\u00a0p\u00fablicos \u00a0donde estudian alrededor de 211 268 j\u00f3venes.<\/p>\n","protected":false},"author":1,"featured_media":0,"comment_status":"open","ping_status":"open","sticky":false,"template":"","format":"standard","meta":{"tdm_status":"","tdm_grid_status":"","footnotes":""},"categories":[38],"tags":[],"class_list":{"0":"post-50340","1":"post","2":"type-post","3":"status-publish","4":"format-standard","6":"category-nacionales"},"yoast_head":"<!-- This site is optimized with the Yoast SEO plugin v25.1 - https:\/\/yoast.com\/wordpress\/plugins\/seo\/ -->\n<title>Minedu premia a ganadores nacionales de Feria Tecnol\u00f3gica Inti y Concurso de Buenas Pr\u00e1cticas Tukuy Ruraq Amauta<\/title>\n<meta name=\"description\" content=\"Portal de noticias del Per\u00fa sobre el transporte a\u00e9reo, aviaci\u00f3n, turismo, hoteleria, actualidad.\" \/>\n<meta name=\"robots\" content=\"index, follow, max-snippet:-1, max-image-preview:large, max-video-preview:-1\" \/>\n<link rel=\"canonical\" href=\"https:\/\/aeronoticias.com.pe\/noticiero\/nacionales\/minedu-premia-a-ganadores-nacionales-de-feria-tecnologica-inti-y-concurso-de-buenas-practicas-tukuy-ruraq-amauta\/\" \/>\n<meta property=\"og:locale\" content=\"es_ES\" \/>\n<meta property=\"og:type\" content=\"article\" \/>\n<meta property=\"og:title\" content=\"Minedu premia a ganadores nacionales de Feria Tecnol\u00f3gica Inti y Concurso de Buenas Pr\u00e1cticas Tukuy Ruraq Amauta\" \/>\n<meta property=\"og:description\" content=\"Portal de noticias del Per\u00fa sobre el transporte a\u00e9reo, aviaci\u00f3n, turismo, hoteleria, actualidad.\" \/>\n<meta property=\"og:url\" content=\"https:\/\/aeronoticias.com.pe\/noticiero\/nacionales\/minedu-premia-a-ganadores-nacionales-de-feria-tecnologica-inti-y-concurso-de-buenas-practicas-tukuy-ruraq-amauta\/\" \/>\n<meta property=\"og:site_name\" content=\"Aeronoticias.com.pe\" \/>\n<meta property=\"article:publisher\" content=\"https:\/\/www.facebook.com\/Aeronoticias.com.pe\/\" \/>\n<meta property=\"article:published_time\" content=\"2014-11-21T17:34:14+00:00\" \/>\n<meta name=\"author\" content=\"Redacci\u00f3n Aeronoticias\" \/>\n<meta name=\"twitter:card\" content=\"summary_large_image\" \/>\n<meta name=\"twitter:creator\" content=\"@aeronoticias\" \/>\n<meta name=\"twitter:site\" content=\"@aeronoticias\" \/>\n<meta name=\"twitter:label1\" content=\"Escrito por\" \/>\n\t<meta name=\"twitter:data1\" content=\"Redacci\u00f3n Aeronoticias\" \/>\n\t<meta name=\"twitter:label2\" content=\"Tiempo de lectura\" \/>\n\t<meta name=\"twitter:data2\" content=\"2 minutos\" \/>\n<script type=\"application\/ld+json\" class=\"yoast-schema-graph\">{\"@context\":\"https:\/\/schema.org\",\"@graph\":[{\"@type\":\"WebPage\",\"@id\":\"https:\/\/aeronoticias.com.pe\/noticiero\/nacionales\/minedu-premia-a-ganadores-nacionales-de-feria-tecnologica-inti-y-concurso-de-buenas-practicas-tukuy-ruraq-amauta\/\",\"url\":\"https:\/\/aeronoticias.com.pe\/noticiero\/nacionales\/minedu-premia-a-ganadores-nacionales-de-feria-tecnologica-inti-y-concurso-de-buenas-practicas-tukuy-ruraq-amauta\/\",\"name\":\"Minedu premia a ganadores nacionales de Feria Tecnol\u00f3gica Inti y Concurso de Buenas Pr\u00e1cticas Tukuy Ruraq Amauta\",\"isPartOf\":{\"@id\":\"https:\/\/aeronoticias.com.pe\/noticiero\/#website\"},\"datePublished\":\"2014-11-21T17:34:14+00:00\",\"author\":{\"@id\":\"https:\/\/aeronoticias.com.pe\/noticiero\/#\/schema\/person\/fc1e5d578f4b62ba1cf7ac2bba1170a0\"},\"description\":\"Portal de noticias del Per\u00fa sobre el transporte a\u00e9reo, aviaci\u00f3n, turismo, hoteleria, actualidad.\",\"breadcrumb\":{\"@id\":\"https:\/\/aeronoticias.com.pe\/noticiero\/nacionales\/minedu-premia-a-ganadores-nacionales-de-feria-tecnologica-inti-y-concurso-de-buenas-practicas-tukuy-ruraq-amauta\/#breadcrumb\"},\"inLanguage\":\"es\",\"potentialAction\":[{\"@type\":\"ReadAction\",\"target\":[\"https:\/\/aeronoticias.com.pe\/noticiero\/nacionales\/minedu-premia-a-ganadores-nacionales-de-feria-tecnologica-inti-y-concurso-de-buenas-practicas-tukuy-ruraq-amauta\/\"]}]},{\"@type\":\"BreadcrumbList\",\"@id\":\"https:\/\/aeronoticias.com.pe\/noticiero\/nacionales\/minedu-premia-a-ganadores-nacionales-de-feria-tecnologica-inti-y-concurso-de-buenas-practicas-tukuy-ruraq-amauta\/#breadcrumb\",\"itemListElement\":[{\"@type\":\"ListItem\",\"position\":1,\"name\":\"Portada\",\"item\":\"https:\/\/aeronoticias.com.pe\/noticiero\/\"},{\"@type\":\"ListItem\",\"position\":2,\"name\":\"Minedu premia a ganadores nacionales de Feria Tecnol\u00f3gica Inti y Concurso de Buenas Pr\u00e1cticas Tukuy Ruraq Amauta\"}]},{\"@type\":\"WebSite\",\"@id\":\"https:\/\/aeronoticias.com.pe\/noticiero\/#website\",\"url\":\"https:\/\/aeronoticias.com.pe\/noticiero\/\",\"name\":\"Aeronoticias.com.pe\",\"description\":\"Noticias de tranporte aereo, turismo, hoteles, gastronomia, actualidad, internacional\",\"potentialAction\":[{\"@type\":\"SearchAction\",\"target\":{\"@type\":\"EntryPoint\",\"urlTemplate\":\"https:\/\/aeronoticias.com.pe\/noticiero\/?s={search_term_string}\"},\"query-input\":{\"@type\":\"PropertyValueSpecification\",\"valueRequired\":true,\"valueName\":\"search_term_string\"}}],\"inLanguage\":\"es\"},{\"@type\":\"Person\",\"@id\":\"https:\/\/aeronoticias.com.pe\/noticiero\/#\/schema\/person\/fc1e5d578f4b62ba1cf7ac2bba1170a0\",\"name\":\"Redacci\u00f3n Aeronoticias\",\"url\":\"https:\/\/aeronoticias.com.pe\/noticiero\/author\/piloto\/\"}]}<\/script>\n<!-- \/ Yoast SEO plugin. -->","yoast_head_json":{"title":"Minedu premia a ganadores nacionales de Feria Tecnol\u00f3gica Inti y Concurso de Buenas Pr\u00e1cticas Tukuy Ruraq Amauta","description":"Portal de noticias del Per\u00fa sobre el transporte a\u00e9reo, aviaci\u00f3n, turismo, hoteleria, actualidad.","robots":{"index":"index","follow":"follow","max-snippet":"max-snippet:-1","max-image-preview":"max-image-preview:large","max-video-preview":"max-video-preview:-1"},"canonical":"https:\/\/aeronoticias.com.pe\/noticiero\/nacionales\/minedu-premia-a-ganadores-nacionales-de-feria-tecnologica-inti-y-concurso-de-buenas-practicas-tukuy-ruraq-amauta\/","og_locale":"es_ES","og_type":"article","og_title":"Minedu premia a ganadores nacionales de Feria Tecnol\u00f3gica Inti y Concurso de Buenas Pr\u00e1cticas Tukuy Ruraq Amauta","og_description":"Portal de noticias del Per\u00fa sobre el transporte a\u00e9reo, aviaci\u00f3n, turismo, hoteleria, actualidad.","og_url":"https:\/\/aeronoticias.com.pe\/noticiero\/nacionales\/minedu-premia-a-ganadores-nacionales-de-feria-tecnologica-inti-y-concurso-de-buenas-practicas-tukuy-ruraq-amauta\/","og_site_name":"Aeronoticias.com.pe","article_publisher":"https:\/\/www.facebook.com\/Aeronoticias.com.pe\/","article_published_time":"2014-11-21T17:34:14+00:00","author":"Redacci\u00f3n Aeronoticias","twitter_card":"summary_large_image","twitter_creator":"@aeronoticias","twitter_site":"@aeronoticias","twitter_misc":{"Escrito por":"Redacci\u00f3n Aeronoticias","Tiempo de lectura":"2 minutos"},"schema":{"@context":"https:\/\/schema.org","@graph":[{"@type":"WebPage","@id":"https:\/\/aeronoticias.com.pe\/noticiero\/nacionales\/minedu-premia-a-ganadores-nacionales-de-feria-tecnologica-inti-y-concurso-de-buenas-practicas-tukuy-ruraq-amauta\/","url":"https:\/\/aeronoticias.com.pe\/noticiero\/nacionales\/minedu-premia-a-ganadores-nacionales-de-feria-tecnologica-inti-y-concurso-de-buenas-practicas-tukuy-ruraq-amauta\/","name":"Minedu premia a ganadores nacionales de Feria Tecnol\u00f3gica Inti y Concurso de Buenas Pr\u00e1cticas Tukuy Ruraq Amauta","isPartOf":{"@id":"https:\/\/aeronoticias.com.pe\/noticiero\/#website"},"datePublished":"2014-11-21T17:34:14+00:00","author":{"@id":"https:\/\/aeronoticias.com.pe\/noticiero\/#\/schema\/person\/fc1e5d578f4b62ba1cf7ac2bba1170a0"},"description":"Portal de noticias del Per\u00fa sobre el transporte a\u00e9reo, aviaci\u00f3n, turismo, hoteleria, actualidad.","breadcrumb":{"@id":"https:\/\/aeronoticias.com.pe\/noticiero\/nacionales\/minedu-premia-a-ganadores-nacionales-de-feria-tecnologica-inti-y-concurso-de-buenas-practicas-tukuy-ruraq-amauta\/#breadcrumb"},"inLanguage":"es","potentialAction":[{"@type":"ReadAction","target":["https:\/\/aeronoticias.com.pe\/noticiero\/nacionales\/minedu-premia-a-ganadores-nacionales-de-feria-tecnologica-inti-y-concurso-de-buenas-practicas-tukuy-ruraq-amauta\/"]}]},{"@type":"BreadcrumbList","@id":"https:\/\/aeronoticias.com.pe\/noticiero\/nacionales\/minedu-premia-a-ganadores-nacionales-de-feria-tecnologica-inti-y-concurso-de-buenas-practicas-tukuy-ruraq-amauta\/#breadcrumb","itemListElement":[{"@type":"ListItem","position":1,"name":"Portada","item":"https:\/\/aeronoticias.com.pe\/noticiero\/"},{"@type":"ListItem","position":2,"name":"Minedu premia a ganadores nacionales de Feria Tecnol\u00f3gica Inti y Concurso de Buenas Pr\u00e1cticas Tukuy Ruraq Amauta"}]},{"@type":"WebSite","@id":"https:\/\/aeronoticias.com.pe\/noticiero\/#website","url":"https:\/\/aeronoticias.com.pe\/noticiero\/","name":"Aeronoticias.com.pe","description":"Noticias de tranporte aereo, turismo, hoteles, gastronomia, actualidad, internacional","potentialAction":[{"@type":"SearchAction","target":{"@type":"EntryPoint","urlTemplate":"https:\/\/aeronoticias.com.pe\/noticiero\/?s={search_term_string}"},"query-input":{"@type":"PropertyValueSpecification","valueRequired":true,"valueName":"search_term_string"}}],"inLanguage":"es"},{"@type":"Person","@id":"https:\/\/aeronoticias.com.pe\/noticiero\/#\/schema\/person\/fc1e5d578f4b62ba1cf7ac2bba1170a0","name":"Redacci\u00f3n Aeronoticias","url":"https:\/\/aeronoticias.com.pe\/noticiero\/author\/piloto\/"}]}},"_links":{"self":[{"href":"https:\/\/aeronoticias.com.pe\/noticiero\/wp-json\/wp\/v2\/posts\/50340","targetHints":{"allow":["GET"]}}],"collection":[{"href":"https:\/\/aeronoticias.com.pe\/noticiero\/wp-json\/wp\/v2\/posts"}],"about":[{"href":"https:\/\/aeronoticias.com.pe\/noticiero\/wp-json\/wp\/v2\/types\/post"}],"author":[{"embeddable":true,"href":"https:\/\/aeronoticias.com.pe\/noticiero\/wp-json\/wp\/v2\/users\/1"}],"replies":[{"embeddable":true,"href":"https:\/\/aeronoticias.com.pe\/noticiero\/wp-json\/wp\/v2\/comments?post=50340"}],"version-history":[{"count":0,"href":"https:\/\/aeronoticias.com.pe\/noticiero\/wp-json\/wp\/v2\/posts\/50340\/revisions"}],"wp:attachment":[{"href":"https:\/\/aeronoticias.com.pe\/noticiero\/wp-json\/wp\/v2\/media?parent=50340"}],"wp:term":[{"taxonomy":"category","embeddable":true,"href":"https:\/\/aeronoticias.com.pe\/noticiero\/wp-json\/wp\/v2\/categories?post=50340"},{"taxonomy":"post_tag","embeddable":true,"href":"https:\/\/aeronoticias.com.pe\/noticiero\/wp-json\/wp\/v2\/tags?post=50340"}],"curies":[{"name":"wp","href":"https:\/\/api.w.org\/{rel}","templated":true}]}}