{"id":50343,"date":"2014-11-21T17:49:02","date_gmt":"2014-11-21T17:49:02","guid":{"rendered":"http:\/\/desarrollo.mcvicious.com\/aero2020\/2014\/11\/21\/julian-palacin-sera-entrevistado-esta-noche-a-las-11-pm-por-juliana-oxenford-en-canal-10-sobre-accidente-de-avion-pnp\/"},"modified":"2014-11-21T17:49:02","modified_gmt":"2014-11-21T17:49:02","slug":"julian-palacin-sera-entrevistado-esta-noche-a-las-11-pm-por-juliana-oxenford-en-canal-10-sobre-accidente-de-avion-pnp","status":"publish","type":"post","link":"https:\/\/aeronoticias.com.pe\/noticiero\/nacionales\/julian-palacin-sera-entrevistado-esta-noche-a-las-11-pm-por-juliana-oxenford-en-canal-10-sobre-accidente-de-avion-pnp\/","title":{"rendered":"Juli\u00e1n Palacin ser\u00e1 entrevistado esta noche por Juliana Oxenford sobre accidente de avi\u00f3n PNP"},"content":{"rendered":"<p style=\"text-align: justify;\"><strong>(Aeronoticias)<\/strong> El d\u00eda de hoy viernes 21 de noviembre de 2014 a las 11 p.m. el programa \u201cAl estilo Juliana\u201d conducido por la periodista Juliana Oxenford en RPPTV (canal 10 Movistar), entrevistar\u00e1 al Presidente del Instituto Peruano de Derecho A\u00e9reo (IPDA), Juli\u00e1n Palacin Fern\u00e1ndez, sobre el accidente de aviaci\u00f3n de la aeronave Cessna 207 de la Direcci\u00f3n de la Aviaci\u00f3n Policial de la Polic\u00eda Nacional del Per\u00fa, que se precipit\u00f3 a tierra el d\u00eda de ayer a las 11:50 am en Villa Mar\u00eda del Triunfo.<\/p>\n<p style=\"text-align: justify;\">Palacin fue el abogado que en 1984 logr\u00f3 en defensa de la Polic\u00eda Nacional del Per\u00fa que vuele el primer helic\u00f3ptero policial, posteriormente con el Tnte. Gral. PNP Octavio Herrera Polo gestionaron con CORPAC el actual local de la Polic\u00eda A\u00e9rea en el Aeropuerto Internacional Jorge Ch\u00e1vez y se desempe\u00f1\u00f3 como profesor de Derecho A\u00e9reo de la primera y segunda promoci\u00f3n de pilotos policiales de esa \u00e9poca, es experto en Derecho A\u00e9reo y ha dictado una <a href=\"https:\/\/www.youtube.com\/watch?v=Qh2amhFZTnI\" target=\"_blank\" rel=\"noopener noreferrer\">conferencia magistral sobre investigaci\u00f3n de accidentes de aviaci\u00f3n en la Sala de Juramentos de la Corte Suprema del Per\u00fa<\/a>.<\/p>\n<p style=\"text-align: justify;\"><img decoding=\"async\" src=\"images\/stories\/14\/11\/211114\/oxenford-palacin.jpg\" border=\"0\" \/><\/p>\n<p style=\"text-align: justify;\">\u00a0<\/p>\n","protected":false},"excerpt":{"rendered":"<p>(Aeronoticias) El d\u00eda de hoy viernes 21 de noviembre de 2014 a las 11 p.m. el programa \u201cAl estilo Juliana\u201d conducido por la periodista Juliana Oxenford en RPPTV (canal 10 Movistar), entrevistar\u00e1 al Presidente del Instituto Peruano de Derecho A\u00e9reo (IPDA), Juli\u00e1n Palacin Fern\u00e1ndez, sobre el accidente de aviaci\u00f3n de la aeronave Cessna 207 de [&hellip;]<\/p>\n","protected":false},"author":1,"featured_media":0,"comment_status":"open","ping_status":"open","sticky":false,"template":"","format":"standard","meta":{"tdm_status":"","tdm_grid_status":"","footnotes":""},"categories":[38],"tags":[],"class_list":{"0":"post-50343","1":"post","2":"type-post","3":"status-publish","4":"format-standard","6":"category-nacionales"},"yoast_head":"<!-- This site is optimized with the Yoast SEO plugin v25.1 - https:\/\/yoast.com\/wordpress\/plugins\/seo\/ -->\n<title>Juli\u00e1n Palacin ser\u00e1 entrevistado esta noche por Juliana Oxenford sobre accidente de avi\u00f3n PNP<\/title>\n<meta name=\"description\" content=\"Portal de noticias del Per\u00fa sobre el transporte a\u00e9reo, aviaci\u00f3n, turismo, hoteleria, actualidad.\" \/>\n<meta name=\"robots\" content=\"index, follow, max-snippet:-1, max-image-preview:large, max-video-preview:-1\" \/>\n<link rel=\"canonical\" href=\"https:\/\/aeronoticias.com.pe\/noticiero\/nacionales\/julian-palacin-sera-entrevistado-esta-noche-a-las-11-pm-por-juliana-oxenford-en-canal-10-sobre-accidente-de-avion-pnp\/\" \/>\n<meta property=\"og:locale\" content=\"es_ES\" \/>\n<meta property=\"og:type\" content=\"article\" \/>\n<meta property=\"og:title\" content=\"Juli\u00e1n Palacin ser\u00e1 entrevistado esta noche por Juliana Oxenford sobre accidente de avi\u00f3n PNP\" \/>\n<meta property=\"og:description\" content=\"Portal de noticias del Per\u00fa sobre el transporte a\u00e9reo, aviaci\u00f3n, turismo, hoteleria, actualidad.\" \/>\n<meta property=\"og:url\" content=\"https:\/\/aeronoticias.com.pe\/noticiero\/nacionales\/julian-palacin-sera-entrevistado-esta-noche-a-las-11-pm-por-juliana-oxenford-en-canal-10-sobre-accidente-de-avion-pnp\/\" \/>\n<meta property=\"og:site_name\" content=\"Aeronoticias.com.pe\" \/>\n<meta property=\"article:publisher\" content=\"https:\/\/www.facebook.com\/Aeronoticias.com.pe\/\" \/>\n<meta property=\"article:published_time\" content=\"2014-11-21T17:49:02+00:00\" \/>\n<meta name=\"author\" content=\"Redacci\u00f3n Aeronoticias\" \/>\n<meta name=\"twitter:card\" content=\"summary_large_image\" \/>\n<meta name=\"twitter:creator\" content=\"@aeronoticias\" \/>\n<meta name=\"twitter:site\" content=\"@aeronoticias\" \/>\n<meta name=\"twitter:label1\" content=\"Escrito por\" \/>\n\t<meta name=\"twitter:data1\" content=\"Redacci\u00f3n Aeronoticias\" \/>\n\t<meta name=\"twitter:label2\" content=\"Tiempo de lectura\" \/>\n\t<meta name=\"twitter:data2\" content=\"1 minuto\" \/>\n<script type=\"application\/ld+json\" class=\"yoast-schema-graph\">{\"@context\":\"https:\/\/schema.org\",\"@graph\":[{\"@type\":\"WebPage\",\"@id\":\"https:\/\/aeronoticias.com.pe\/noticiero\/nacionales\/julian-palacin-sera-entrevistado-esta-noche-a-las-11-pm-por-juliana-oxenford-en-canal-10-sobre-accidente-de-avion-pnp\/\",\"url\":\"https:\/\/aeronoticias.com.pe\/noticiero\/nacionales\/julian-palacin-sera-entrevistado-esta-noche-a-las-11-pm-por-juliana-oxenford-en-canal-10-sobre-accidente-de-avion-pnp\/\",\"name\":\"Juli\u00e1n Palacin ser\u00e1 entrevistado esta noche por Juliana Oxenford sobre accidente de avi\u00f3n PNP\",\"isPartOf\":{\"@id\":\"https:\/\/aeronoticias.com.pe\/noticiero\/#website\"},\"datePublished\":\"2014-11-21T17:49:02+00:00\",\"author\":{\"@id\":\"https:\/\/aeronoticias.com.pe\/noticiero\/#\/schema\/person\/fc1e5d578f4b62ba1cf7ac2bba1170a0\"},\"description\":\"Portal de noticias del Per\u00fa sobre el transporte a\u00e9reo, aviaci\u00f3n, turismo, hoteleria, actualidad.\",\"breadcrumb\":{\"@id\":\"https:\/\/aeronoticias.com.pe\/noticiero\/nacionales\/julian-palacin-sera-entrevistado-esta-noche-a-las-11-pm-por-juliana-oxenford-en-canal-10-sobre-accidente-de-avion-pnp\/#breadcrumb\"},\"inLanguage\":\"es\",\"potentialAction\":[{\"@type\":\"ReadAction\",\"target\":[\"https:\/\/aeronoticias.com.pe\/noticiero\/nacionales\/julian-palacin-sera-entrevistado-esta-noche-a-las-11-pm-por-juliana-oxenford-en-canal-10-sobre-accidente-de-avion-pnp\/\"]}]},{\"@type\":\"BreadcrumbList\",\"@id\":\"https:\/\/aeronoticias.com.pe\/noticiero\/nacionales\/julian-palacin-sera-entrevistado-esta-noche-a-las-11-pm-por-juliana-oxenford-en-canal-10-sobre-accidente-de-avion-pnp\/#breadcrumb\",\"itemListElement\":[{\"@type\":\"ListItem\",\"position\":1,\"name\":\"Portada\",\"item\":\"https:\/\/aeronoticias.com.pe\/noticiero\/\"},{\"@type\":\"ListItem\",\"position\":2,\"name\":\"Juli\u00e1n Palacin ser\u00e1 entrevistado esta noche por Juliana Oxenford sobre accidente de avi\u00f3n PNP\"}]},{\"@type\":\"WebSite\",\"@id\":\"https:\/\/aeronoticias.com.pe\/noticiero\/#website\",\"url\":\"https:\/\/aeronoticias.com.pe\/noticiero\/\",\"name\":\"Aeronoticias.com.pe\",\"description\":\"Noticias de tranporte aereo, turismo, hoteles, gastronomia, actualidad, internacional\",\"potentialAction\":[{\"@type\":\"SearchAction\",\"target\":{\"@type\":\"EntryPoint\",\"urlTemplate\":\"https:\/\/aeronoticias.com.pe\/noticiero\/?s={search_term_string}\"},\"query-input\":{\"@type\":\"PropertyValueSpecification\",\"valueRequired\":true,\"valueName\":\"search_term_string\"}}],\"inLanguage\":\"es\"},{\"@type\":\"Person\",\"@id\":\"https:\/\/aeronoticias.com.pe\/noticiero\/#\/schema\/person\/fc1e5d578f4b62ba1cf7ac2bba1170a0\",\"name\":\"Redacci\u00f3n Aeronoticias\",\"url\":\"https:\/\/aeronoticias.com.pe\/noticiero\/author\/piloto\/\"}]}<\/script>\n<!-- \/ Yoast SEO plugin. -->","yoast_head_json":{"title":"Juli\u00e1n Palacin ser\u00e1 entrevistado esta noche por Juliana Oxenford sobre accidente de avi\u00f3n PNP","description":"Portal de noticias del Per\u00fa sobre el transporte a\u00e9reo, aviaci\u00f3n, turismo, hoteleria, actualidad.","robots":{"index":"index","follow":"follow","max-snippet":"max-snippet:-1","max-image-preview":"max-image-preview:large","max-video-preview":"max-video-preview:-1"},"canonical":"https:\/\/aeronoticias.com.pe\/noticiero\/nacionales\/julian-palacin-sera-entrevistado-esta-noche-a-las-11-pm-por-juliana-oxenford-en-canal-10-sobre-accidente-de-avion-pnp\/","og_locale":"es_ES","og_type":"article","og_title":"Juli\u00e1n Palacin ser\u00e1 entrevistado esta noche por Juliana Oxenford sobre accidente de avi\u00f3n PNP","og_description":"Portal de noticias del Per\u00fa sobre el transporte a\u00e9reo, aviaci\u00f3n, turismo, hoteleria, actualidad.","og_url":"https:\/\/aeronoticias.com.pe\/noticiero\/nacionales\/julian-palacin-sera-entrevistado-esta-noche-a-las-11-pm-por-juliana-oxenford-en-canal-10-sobre-accidente-de-avion-pnp\/","og_site_name":"Aeronoticias.com.pe","article_publisher":"https:\/\/www.facebook.com\/Aeronoticias.com.pe\/","article_published_time":"2014-11-21T17:49:02+00:00","author":"Redacci\u00f3n Aeronoticias","twitter_card":"summary_large_image","twitter_creator":"@aeronoticias","twitter_site":"@aeronoticias","twitter_misc":{"Escrito por":"Redacci\u00f3n Aeronoticias","Tiempo de lectura":"1 minuto"},"schema":{"@context":"https:\/\/schema.org","@graph":[{"@type":"WebPage","@id":"https:\/\/aeronoticias.com.pe\/noticiero\/nacionales\/julian-palacin-sera-entrevistado-esta-noche-a-las-11-pm-por-juliana-oxenford-en-canal-10-sobre-accidente-de-avion-pnp\/","url":"https:\/\/aeronoticias.com.pe\/noticiero\/nacionales\/julian-palacin-sera-entrevistado-esta-noche-a-las-11-pm-por-juliana-oxenford-en-canal-10-sobre-accidente-de-avion-pnp\/","name":"Juli\u00e1n Palacin ser\u00e1 entrevistado esta noche por Juliana Oxenford sobre accidente de avi\u00f3n PNP","isPartOf":{"@id":"https:\/\/aeronoticias.com.pe\/noticiero\/#website"},"datePublished":"2014-11-21T17:49:02+00:00","author":{"@id":"https:\/\/aeronoticias.com.pe\/noticiero\/#\/schema\/person\/fc1e5d578f4b62ba1cf7ac2bba1170a0"},"description":"Portal de noticias del Per\u00fa sobre el transporte a\u00e9reo, aviaci\u00f3n, turismo, hoteleria, actualidad.","breadcrumb":{"@id":"https:\/\/aeronoticias.com.pe\/noticiero\/nacionales\/julian-palacin-sera-entrevistado-esta-noche-a-las-11-pm-por-juliana-oxenford-en-canal-10-sobre-accidente-de-avion-pnp\/#breadcrumb"},"inLanguage":"es","potentialAction":[{"@type":"ReadAction","target":["https:\/\/aeronoticias.com.pe\/noticiero\/nacionales\/julian-palacin-sera-entrevistado-esta-noche-a-las-11-pm-por-juliana-oxenford-en-canal-10-sobre-accidente-de-avion-pnp\/"]}]},{"@type":"BreadcrumbList","@id":"https:\/\/aeronoticias.com.pe\/noticiero\/nacionales\/julian-palacin-sera-entrevistado-esta-noche-a-las-11-pm-por-juliana-oxenford-en-canal-10-sobre-accidente-de-avion-pnp\/#breadcrumb","itemListElement":[{"@type":"ListItem","position":1,"name":"Portada","item":"https:\/\/aeronoticias.com.pe\/noticiero\/"},{"@type":"ListItem","position":2,"name":"Juli\u00e1n Palacin ser\u00e1 entrevistado esta noche por Juliana Oxenford sobre accidente de avi\u00f3n PNP"}]},{"@type":"WebSite","@id":"https:\/\/aeronoticias.com.pe\/noticiero\/#website","url":"https:\/\/aeronoticias.com.pe\/noticiero\/","name":"Aeronoticias.com.pe","description":"Noticias de tranporte aereo, turismo, hoteles, gastronomia, actualidad, internacional","potentialAction":[{"@type":"SearchAction","target":{"@type":"EntryPoint","urlTemplate":"https:\/\/aeronoticias.com.pe\/noticiero\/?s={search_term_string}"},"query-input":{"@type":"PropertyValueSpecification","valueRequired":true,"valueName":"search_term_string"}}],"inLanguage":"es"},{"@type":"Person","@id":"https:\/\/aeronoticias.com.pe\/noticiero\/#\/schema\/person\/fc1e5d578f4b62ba1cf7ac2bba1170a0","name":"Redacci\u00f3n Aeronoticias","url":"https:\/\/aeronoticias.com.pe\/noticiero\/author\/piloto\/"}]}},"_links":{"self":[{"href":"https:\/\/aeronoticias.com.pe\/noticiero\/wp-json\/wp\/v2\/posts\/50343","targetHints":{"allow":["GET"]}}],"collection":[{"href":"https:\/\/aeronoticias.com.pe\/noticiero\/wp-json\/wp\/v2\/posts"}],"about":[{"href":"https:\/\/aeronoticias.com.pe\/noticiero\/wp-json\/wp\/v2\/types\/post"}],"author":[{"embeddable":true,"href":"https:\/\/aeronoticias.com.pe\/noticiero\/wp-json\/wp\/v2\/users\/1"}],"replies":[{"embeddable":true,"href":"https:\/\/aeronoticias.com.pe\/noticiero\/wp-json\/wp\/v2\/comments?post=50343"}],"version-history":[{"count":0,"href":"https:\/\/aeronoticias.com.pe\/noticiero\/wp-json\/wp\/v2\/posts\/50343\/revisions"}],"wp:attachment":[{"href":"https:\/\/aeronoticias.com.pe\/noticiero\/wp-json\/wp\/v2\/media?parent=50343"}],"wp:term":[{"taxonomy":"category","embeddable":true,"href":"https:\/\/aeronoticias.com.pe\/noticiero\/wp-json\/wp\/v2\/categories?post=50343"},{"taxonomy":"post_tag","embeddable":true,"href":"https:\/\/aeronoticias.com.pe\/noticiero\/wp-json\/wp\/v2\/tags?post=50343"}],"curies":[{"name":"wp","href":"https:\/\/api.w.org\/{rel}","templated":true}]}}