{"id":50346,"date":"2014-11-21T18:55:52","date_gmt":"2014-11-21T18:55:52","guid":{"rendered":"http:\/\/desarrollo.mcvicious.com\/aero2020\/2014\/11\/21\/american-airlines-baraja-cambiar-sede-un-ano-despues-de-fusion-con-us-airways\/"},"modified":"2014-11-21T18:55:52","modified_gmt":"2014-11-21T18:55:52","slug":"american-airlines-baraja-cambiar-sede-un-ano-despues-de-fusion-con-us-airways","status":"publish","type":"post","link":"https:\/\/aeronoticias.com.pe\/noticiero\/transporte-aereo\/internacional\/american-airlines-baraja-cambiar-sede-un-ano-despues-de-fusion-con-us-airways\/","title":{"rendered":"American Airlines baraja cambiar sede un a\u00f1o despu\u00e9s de fusi\u00f3n con US Airways"},"content":{"rendered":"<p><strong>(Aeronoticias) <\/strong><span style=\"text-align: justify; line-height: 1.3em;\">La aerol\u00ednea estadounidense American Airlines est\u00e1 barajando un cambio de sede, actualmente ubicada en Fort Worth (Texas), cuando se cumple un a\u00f1o de la fusi\u00f3n con US Airways, explic\u00f3 hoy su director general, Doug Parker.<\/span><\/p>\n<p style=\"text-align: justify;\">\u00abAhora tenemos unas instalaciones totalmente aceptables, pero nos preguntamos si podr\u00eda existir una mejor oportunidad. As\u00ed que estamos investigando si podr\u00eda ser ese el caso\u00bb, dijo Parker tras una conferencia en la C\u00e1mara de Comercio de Fort Worth, ciudad vecina de Dallas.<\/p>\n<p style=\"text-align: justify;\">Seg\u00fan Parker, las opciones que maneja American Airlines son mantenerse en su sede actual, mudarse a otro emplazamiento en Fort Worth o a otra localidad, aunque ubicada en la misma zona.<\/p>\n<p style=\"text-align: justify;\">American Airlines firm\u00f3 en 2013 un compromiso con el estado de Texas, detractor de la fusi\u00f3n con US Airways, que le obliga a mantener su sede en el \u00e1rea de Dallas-Fort Worth.<\/p>\n<p style=\"text-align: justify;\">El director general de la aerol\u00ednea tambi\u00e9n asegur\u00f3 que \u00abno hay un l\u00edmite de tiempo\u00bb para tomar la decisi\u00f3n y que, por el momento, no est\u00e1 entre las \u00abprioridades\u00bb de la empresa.<\/p>\n<p style=\"text-align: justify;\">La aerol\u00ednea, la mayor del mundo en tr\u00e1fico de pasajeros (193,7 millones en 2013), mud\u00f3 su sede de Nueva York a Fort Worth en 1979, y en 1988 termin\u00f3 de construir sus actuales instalaciones.<\/p>\n<p style=\"text-align: justify;\">La compa\u00f1\u00eda emplea a 25.000 personas en la zona norte de Texas, 4.100 en la sede y cerca de 15.000 en el aeropuerto internacional de Dallas-Fort Worth, el noveno del mundo en tr\u00e1fico de pasajeros.<\/p>\n<p style=\"text-align: justify;\">Tras la fusi\u00f3n, el grupo mantiene algunas de sus operaciones en la antigua sede de US Airways, en Tempe (Arizona).<\/p>\n<p style=\"text-align: justify;\">Las palabras de Parker despertaron la reacci\u00f3n de las autoridades locales, como la del alcalde de Fort Worth, Besty Price, que admiti\u00f3 conversaciones con la aerol\u00ednea sobre el asunto.<\/p>\n<p style=\"text-align: justify;\">\u00abEllos son uno de nuestros mayores empleadores\u00bb, admiti\u00f3 el alcalde, quien agreg\u00f3 que el objetivo es mantener a American Airlines \u00abcomo una empresa de Fort Worth\u00bb.<\/p>\n<p style=\"text-align: justify;\"><span style=\"line-height: 1.3em;\">Por su parte, el presidente de la C\u00e1mara de Comercio de Fort Worth, Bill Thornton, dijo en un comunicado que mantener la sede de la aerol\u00ednea en la ciudad ser\u00e1 su \u00abprincipal objetivo\u00bb.<\/span><\/p>\n<p style=\"text-align: justify;\"><span style=\"line-height: 15.8080005645752px;\"><strong><em>Fuente: http:\/\/www.aguasdigital.com\/actualidad\/leer.php?idnota=7384389&amp;efenew=1<\/em><\/strong><\/span><\/p>\n<p style=\"text-align: justify;\"><span style=\"line-height: 15.8080005645752px;\"><strong><em><img decoding=\"async\" src=\"images\/stories\/14\/11\/211114\/american.jpg\" border=\"0\" \/><br \/><\/em><\/strong><\/span><\/p>\n","protected":false},"excerpt":{"rendered":"<p>(Aeronoticias) La aerol\u00ednea estadounidense American Airlines est\u00e1 barajando un cambio de sede, actualmente ubicada en Fort Worth (Texas), cuando se cumple un a\u00f1o de la fusi\u00f3n con US Airways, explic\u00f3 hoy su director general, Doug Parker. \u00abAhora tenemos unas instalaciones totalmente aceptables, pero nos preguntamos si podr\u00eda existir una mejor oportunidad. As\u00ed que estamos investigando [&hellip;]<\/p>\n","protected":false},"author":1,"featured_media":0,"comment_status":"open","ping_status":"open","sticky":false,"template":"","format":"standard","meta":{"tdm_status":"","tdm_grid_status":"","footnotes":""},"categories":[32],"tags":[],"class_list":{"0":"post-50346","1":"post","2":"type-post","3":"status-publish","4":"format-standard","6":"category-internacional"},"yoast_head":"<!-- This site is optimized with the Yoast SEO plugin v25.1 - https:\/\/yoast.com\/wordpress\/plugins\/seo\/ -->\n<title>American Airlines baraja cambiar sede un a\u00f1o despu\u00e9s de fusi\u00f3n con US Airways<\/title>\n<meta name=\"description\" content=\"Portal de noticias del Per\u00fa sobre el transporte a\u00e9reo, aviaci\u00f3n, turismo, hoteleria, actualidad.\" \/>\n<meta name=\"robots\" content=\"index, follow, max-snippet:-1, max-image-preview:large, max-video-preview:-1\" \/>\n<link rel=\"canonical\" href=\"https:\/\/aeronoticias.com.pe\/noticiero\/transporte-aereo\/internacional\/american-airlines-baraja-cambiar-sede-un-ano-despues-de-fusion-con-us-airways\/\" \/>\n<meta property=\"og:locale\" content=\"es_ES\" \/>\n<meta property=\"og:type\" content=\"article\" \/>\n<meta property=\"og:title\" content=\"American Airlines baraja cambiar sede un a\u00f1o despu\u00e9s de fusi\u00f3n con US Airways\" \/>\n<meta property=\"og:description\" content=\"Portal de noticias del Per\u00fa sobre el transporte a\u00e9reo, aviaci\u00f3n, turismo, hoteleria, actualidad.\" \/>\n<meta property=\"og:url\" content=\"https:\/\/aeronoticias.com.pe\/noticiero\/transporte-aereo\/internacional\/american-airlines-baraja-cambiar-sede-un-ano-despues-de-fusion-con-us-airways\/\" \/>\n<meta property=\"og:site_name\" content=\"Aeronoticias.com.pe\" \/>\n<meta property=\"article:publisher\" content=\"https:\/\/www.facebook.com\/Aeronoticias.com.pe\/\" \/>\n<meta property=\"article:published_time\" content=\"2014-11-21T18:55:52+00:00\" \/>\n<meta name=\"author\" content=\"Redacci\u00f3n Aeronoticias\" \/>\n<meta name=\"twitter:card\" content=\"summary_large_image\" \/>\n<meta name=\"twitter:creator\" content=\"@aeronoticias\" \/>\n<meta name=\"twitter:site\" content=\"@aeronoticias\" \/>\n<meta name=\"twitter:label1\" content=\"Escrito por\" \/>\n\t<meta name=\"twitter:data1\" content=\"Redacci\u00f3n Aeronoticias\" \/>\n\t<meta name=\"twitter:label2\" content=\"Tiempo de lectura\" \/>\n\t<meta name=\"twitter:data2\" content=\"2 minutos\" \/>\n<script type=\"application\/ld+json\" class=\"yoast-schema-graph\">{\"@context\":\"https:\/\/schema.org\",\"@graph\":[{\"@type\":\"WebPage\",\"@id\":\"https:\/\/aeronoticias.com.pe\/noticiero\/transporte-aereo\/internacional\/american-airlines-baraja-cambiar-sede-un-ano-despues-de-fusion-con-us-airways\/\",\"url\":\"https:\/\/aeronoticias.com.pe\/noticiero\/transporte-aereo\/internacional\/american-airlines-baraja-cambiar-sede-un-ano-despues-de-fusion-con-us-airways\/\",\"name\":\"American Airlines baraja cambiar sede un a\u00f1o despu\u00e9s de fusi\u00f3n con US Airways\",\"isPartOf\":{\"@id\":\"https:\/\/aeronoticias.com.pe\/noticiero\/#website\"},\"datePublished\":\"2014-11-21T18:55:52+00:00\",\"author\":{\"@id\":\"https:\/\/aeronoticias.com.pe\/noticiero\/#\/schema\/person\/fc1e5d578f4b62ba1cf7ac2bba1170a0\"},\"description\":\"Portal de noticias del Per\u00fa sobre el transporte a\u00e9reo, aviaci\u00f3n, turismo, hoteleria, actualidad.\",\"breadcrumb\":{\"@id\":\"https:\/\/aeronoticias.com.pe\/noticiero\/transporte-aereo\/internacional\/american-airlines-baraja-cambiar-sede-un-ano-despues-de-fusion-con-us-airways\/#breadcrumb\"},\"inLanguage\":\"es\",\"potentialAction\":[{\"@type\":\"ReadAction\",\"target\":[\"https:\/\/aeronoticias.com.pe\/noticiero\/transporte-aereo\/internacional\/american-airlines-baraja-cambiar-sede-un-ano-despues-de-fusion-con-us-airways\/\"]}]},{\"@type\":\"BreadcrumbList\",\"@id\":\"https:\/\/aeronoticias.com.pe\/noticiero\/transporte-aereo\/internacional\/american-airlines-baraja-cambiar-sede-un-ano-despues-de-fusion-con-us-airways\/#breadcrumb\",\"itemListElement\":[{\"@type\":\"ListItem\",\"position\":1,\"name\":\"Portada\",\"item\":\"https:\/\/aeronoticias.com.pe\/noticiero\/\"},{\"@type\":\"ListItem\",\"position\":2,\"name\":\"American Airlines baraja cambiar sede un a\u00f1o despu\u00e9s de fusi\u00f3n con US Airways\"}]},{\"@type\":\"WebSite\",\"@id\":\"https:\/\/aeronoticias.com.pe\/noticiero\/#website\",\"url\":\"https:\/\/aeronoticias.com.pe\/noticiero\/\",\"name\":\"Aeronoticias.com.pe\",\"description\":\"Noticias de tranporte aereo, turismo, hoteles, gastronomia, actualidad, internacional\",\"potentialAction\":[{\"@type\":\"SearchAction\",\"target\":{\"@type\":\"EntryPoint\",\"urlTemplate\":\"https:\/\/aeronoticias.com.pe\/noticiero\/?s={search_term_string}\"},\"query-input\":{\"@type\":\"PropertyValueSpecification\",\"valueRequired\":true,\"valueName\":\"search_term_string\"}}],\"inLanguage\":\"es\"},{\"@type\":\"Person\",\"@id\":\"https:\/\/aeronoticias.com.pe\/noticiero\/#\/schema\/person\/fc1e5d578f4b62ba1cf7ac2bba1170a0\",\"name\":\"Redacci\u00f3n Aeronoticias\",\"url\":\"https:\/\/aeronoticias.com.pe\/noticiero\/author\/piloto\/\"}]}<\/script>\n<!-- \/ Yoast SEO plugin. -->","yoast_head_json":{"title":"American Airlines baraja cambiar sede un a\u00f1o despu\u00e9s de fusi\u00f3n con US Airways","description":"Portal de noticias del Per\u00fa sobre el transporte a\u00e9reo, aviaci\u00f3n, turismo, hoteleria, actualidad.","robots":{"index":"index","follow":"follow","max-snippet":"max-snippet:-1","max-image-preview":"max-image-preview:large","max-video-preview":"max-video-preview:-1"},"canonical":"https:\/\/aeronoticias.com.pe\/noticiero\/transporte-aereo\/internacional\/american-airlines-baraja-cambiar-sede-un-ano-despues-de-fusion-con-us-airways\/","og_locale":"es_ES","og_type":"article","og_title":"American Airlines baraja cambiar sede un a\u00f1o despu\u00e9s de fusi\u00f3n con US Airways","og_description":"Portal de noticias del Per\u00fa sobre el transporte a\u00e9reo, aviaci\u00f3n, turismo, hoteleria, actualidad.","og_url":"https:\/\/aeronoticias.com.pe\/noticiero\/transporte-aereo\/internacional\/american-airlines-baraja-cambiar-sede-un-ano-despues-de-fusion-con-us-airways\/","og_site_name":"Aeronoticias.com.pe","article_publisher":"https:\/\/www.facebook.com\/Aeronoticias.com.pe\/","article_published_time":"2014-11-21T18:55:52+00:00","author":"Redacci\u00f3n Aeronoticias","twitter_card":"summary_large_image","twitter_creator":"@aeronoticias","twitter_site":"@aeronoticias","twitter_misc":{"Escrito por":"Redacci\u00f3n Aeronoticias","Tiempo de lectura":"2 minutos"},"schema":{"@context":"https:\/\/schema.org","@graph":[{"@type":"WebPage","@id":"https:\/\/aeronoticias.com.pe\/noticiero\/transporte-aereo\/internacional\/american-airlines-baraja-cambiar-sede-un-ano-despues-de-fusion-con-us-airways\/","url":"https:\/\/aeronoticias.com.pe\/noticiero\/transporte-aereo\/internacional\/american-airlines-baraja-cambiar-sede-un-ano-despues-de-fusion-con-us-airways\/","name":"American Airlines baraja cambiar sede un a\u00f1o despu\u00e9s de fusi\u00f3n con US Airways","isPartOf":{"@id":"https:\/\/aeronoticias.com.pe\/noticiero\/#website"},"datePublished":"2014-11-21T18:55:52+00:00","author":{"@id":"https:\/\/aeronoticias.com.pe\/noticiero\/#\/schema\/person\/fc1e5d578f4b62ba1cf7ac2bba1170a0"},"description":"Portal de noticias del Per\u00fa sobre el transporte a\u00e9reo, aviaci\u00f3n, turismo, hoteleria, actualidad.","breadcrumb":{"@id":"https:\/\/aeronoticias.com.pe\/noticiero\/transporte-aereo\/internacional\/american-airlines-baraja-cambiar-sede-un-ano-despues-de-fusion-con-us-airways\/#breadcrumb"},"inLanguage":"es","potentialAction":[{"@type":"ReadAction","target":["https:\/\/aeronoticias.com.pe\/noticiero\/transporte-aereo\/internacional\/american-airlines-baraja-cambiar-sede-un-ano-despues-de-fusion-con-us-airways\/"]}]},{"@type":"BreadcrumbList","@id":"https:\/\/aeronoticias.com.pe\/noticiero\/transporte-aereo\/internacional\/american-airlines-baraja-cambiar-sede-un-ano-despues-de-fusion-con-us-airways\/#breadcrumb","itemListElement":[{"@type":"ListItem","position":1,"name":"Portada","item":"https:\/\/aeronoticias.com.pe\/noticiero\/"},{"@type":"ListItem","position":2,"name":"American Airlines baraja cambiar sede un a\u00f1o despu\u00e9s de fusi\u00f3n con US Airways"}]},{"@type":"WebSite","@id":"https:\/\/aeronoticias.com.pe\/noticiero\/#website","url":"https:\/\/aeronoticias.com.pe\/noticiero\/","name":"Aeronoticias.com.pe","description":"Noticias de tranporte aereo, turismo, hoteles, gastronomia, actualidad, internacional","potentialAction":[{"@type":"SearchAction","target":{"@type":"EntryPoint","urlTemplate":"https:\/\/aeronoticias.com.pe\/noticiero\/?s={search_term_string}"},"query-input":{"@type":"PropertyValueSpecification","valueRequired":true,"valueName":"search_term_string"}}],"inLanguage":"es"},{"@type":"Person","@id":"https:\/\/aeronoticias.com.pe\/noticiero\/#\/schema\/person\/fc1e5d578f4b62ba1cf7ac2bba1170a0","name":"Redacci\u00f3n Aeronoticias","url":"https:\/\/aeronoticias.com.pe\/noticiero\/author\/piloto\/"}]}},"_links":{"self":[{"href":"https:\/\/aeronoticias.com.pe\/noticiero\/wp-json\/wp\/v2\/posts\/50346","targetHints":{"allow":["GET"]}}],"collection":[{"href":"https:\/\/aeronoticias.com.pe\/noticiero\/wp-json\/wp\/v2\/posts"}],"about":[{"href":"https:\/\/aeronoticias.com.pe\/noticiero\/wp-json\/wp\/v2\/types\/post"}],"author":[{"embeddable":true,"href":"https:\/\/aeronoticias.com.pe\/noticiero\/wp-json\/wp\/v2\/users\/1"}],"replies":[{"embeddable":true,"href":"https:\/\/aeronoticias.com.pe\/noticiero\/wp-json\/wp\/v2\/comments?post=50346"}],"version-history":[{"count":0,"href":"https:\/\/aeronoticias.com.pe\/noticiero\/wp-json\/wp\/v2\/posts\/50346\/revisions"}],"wp:attachment":[{"href":"https:\/\/aeronoticias.com.pe\/noticiero\/wp-json\/wp\/v2\/media?parent=50346"}],"wp:term":[{"taxonomy":"category","embeddable":true,"href":"https:\/\/aeronoticias.com.pe\/noticiero\/wp-json\/wp\/v2\/categories?post=50346"},{"taxonomy":"post_tag","embeddable":true,"href":"https:\/\/aeronoticias.com.pe\/noticiero\/wp-json\/wp\/v2\/tags?post=50346"}],"curies":[{"name":"wp","href":"https:\/\/api.w.org\/{rel}","templated":true}]}}