{"id":50658,"date":"2014-12-09T16:42:02","date_gmt":"2014-12-09T16:42:02","guid":{"rendered":"http:\/\/desarrollo.mcvicious.com\/aero2020\/2014\/12\/09\/topitop-inaugura-moderna-tienda-en-centro-comercial-real-plaza-de-salaverry\/"},"modified":"2020-09-11T15:46:49","modified_gmt":"2020-09-11T15:46:49","slug":"topitop-inaugura-moderna-tienda-en-centro-comercial-real-plaza-de-salaverry","status":"publish","type":"post","link":"https:\/\/aeronoticias.com.pe\/noticiero\/economia\/topitop-inaugura-moderna-tienda-en-centro-comercial-real-plaza-de-salaverry\/","title":{"rendered":"TOPITOP inaugura moderna tienda en Centro Comercial Real Plaza de Salaverry"},"content":{"rendered":"<p style=\"text-align: justify;\"><img decoding=\"async\" src=\"images\/stories\/14\/12\/091214\/a6.jpg\" border=\"0\" \/><\/p>\n<p style=\"text-align: justify;\"><strong>(Aeronoticias).-<\/strong> Teniendo como padrino al actor de la exitosa serie Al Fondo hay Sitio, Andr\u00e9s Wiese, la Cadena de Tiendas, TOPITOP, reafirma su crecimiento inaugurando su local bajo un nuevo formato m\u00e1s moderno y que representa su tienda n\u00famero 72 a nivel nacional, en el Centro Comercial Real Plaza de Salaverry, con la finalidad de seguir ofreciendo lo mejor en calidad y las \u00faltimas tendencias en moda, a precios accesibles.<\/p>\n<p>  <!--more-->  <\/p>\n<p style=\"text-align: justify;\"><img decoding=\"async\" src=\"images\/stories\/14\/12\/091214\/a6_1.jpg\" border=\"0\" \/><\/p>\n<p style=\"text-align: justify;\">La nueva tienda que cuenta con un \u00e1rea total de 380 m2, contar\u00e1 con un nuevo layout que buscar\u00e1 que los clientes tengan una excelente experiencia de compra. El local se encuentra ubicado estrat\u00e9gicamente en el tercer nivel del Centro Comercial, \u00a0intensificando la propuesta que ofrece la empresa peruana, TOPITOP, \u00a0para sus miles de seguidores.<\/p>\n<p style=\"text-align: justify;\">\u201cEstamos muy entusiasmados de poder inaugurar nuestro nuevo local en uno de los Centros Comerciales con mayor potencial de crecimiento; con esta nueva apertura esperamos cerrar el a\u00f1o con un crecimiento de 8 por ciento a diferencia del 2013\u201d, se\u00f1al\u00f3 Paul Dubreuil, Gerente de Marketing de TOPITOP.<\/p>\n<p style=\"text-align: justify;\">La inauguraci\u00f3n cont\u00f3 con la presencia del actor de Al fondo hay sitio, Andr\u00e9s Wiese. Los asistentes disfrutaron de precios incre\u00edbles en miles de productos. Adem\u00e1s se regalaron vales de compra para las primeras personas que asistieron a la tienda, entre otras sorpresas.<\/p>\n<p style=\"text-align: justify;\">Es importante indicar que, Topitop, forma parte de una Corporaci\u00f3n Peruana L\u00edder con m\u00e1s de 30 a\u00f1os de experiencia en el mercado textil a nivel mundial. Dedicada a la fabricaci\u00f3n de prendas, producidas en plantas reconocidas mundialmente por su buen desempe\u00f1o, garantizando un inter\u00e9s y concentraci\u00f3n en su negocio principal: La Moda.<\/p>\n<p style=\"text-align: justify;\">\u00a0<\/p>\n<p>{jathumbnail off images=\u00bbimages\/stories\/14\/12\/091214\/a6.jpg,images\/stories\/14\/12\/091214\/a6_1.jpg\u00bb}<\/p>\n","protected":false},"excerpt":{"rendered":"<p>(Aeronoticias).- Teniendo como padrino al actor de la exitosa serie Al Fondo hay Sitio, Andr\u00e9s Wiese, la Cadena de Tiendas, TOPITOP, reafirma su crecimiento inaugurando su local bajo un nuevo formato m\u00e1s moderno y que representa su tienda n\u00famero 72 a nivel nacional, en el Centro Comercial Real Plaza de Salaverry, con la finalidad de [&hellip;]<\/p>\n","protected":false},"author":1,"featured_media":0,"comment_status":"open","ping_status":"open","sticky":false,"template":"","format":"standard","meta":{"tdm_status":"","tdm_grid_status":"","footnotes":""},"categories":[33],"tags":[],"class_list":{"0":"post-50658","1":"post","2":"type-post","3":"status-publish","4":"format-standard","6":"category-economia"},"yoast_head":"<!-- This site is optimized with the Yoast SEO plugin v25.1 - https:\/\/yoast.com\/wordpress\/plugins\/seo\/ -->\n<title>TOPITOP inaugura moderna tienda en Centro Comercial Real Plaza de Salaverry<\/title>\n<meta name=\"description\" content=\"Portal de noticias del Per\u00fa sobre el transporte a\u00e9reo, aviaci\u00f3n, turismo, hoteleria, actualidad.\" \/>\n<meta name=\"robots\" content=\"index, follow, max-snippet:-1, max-image-preview:large, max-video-preview:-1\" \/>\n<link rel=\"canonical\" href=\"https:\/\/aeronoticias.com.pe\/noticiero\/economia\/topitop-inaugura-moderna-tienda-en-centro-comercial-real-plaza-de-salaverry\/\" \/>\n<meta property=\"og:locale\" content=\"es_ES\" \/>\n<meta property=\"og:type\" content=\"article\" \/>\n<meta property=\"og:title\" content=\"TOPITOP inaugura moderna tienda en Centro Comercial Real Plaza de Salaverry\" \/>\n<meta property=\"og:description\" content=\"Portal de noticias del Per\u00fa sobre el transporte a\u00e9reo, aviaci\u00f3n, turismo, hoteleria, actualidad.\" \/>\n<meta property=\"og:url\" content=\"https:\/\/aeronoticias.com.pe\/noticiero\/economia\/topitop-inaugura-moderna-tienda-en-centro-comercial-real-plaza-de-salaverry\/\" \/>\n<meta property=\"og:site_name\" content=\"Aeronoticias.com.pe\" \/>\n<meta property=\"article:publisher\" content=\"https:\/\/www.facebook.com\/Aeronoticias.com.pe\/\" \/>\n<meta property=\"article:published_time\" content=\"2014-12-09T16:42:02+00:00\" \/>\n<meta property=\"article:modified_time\" content=\"2020-09-11T15:46:49+00:00\" \/>\n<meta name=\"author\" content=\"Redacci\u00f3n Aeronoticias\" \/>\n<meta name=\"twitter:card\" content=\"summary_large_image\" \/>\n<meta name=\"twitter:creator\" content=\"@aeronoticias\" \/>\n<meta name=\"twitter:site\" content=\"@aeronoticias\" \/>\n<meta name=\"twitter:label1\" content=\"Escrito por\" \/>\n\t<meta name=\"twitter:data1\" content=\"Redacci\u00f3n Aeronoticias\" \/>\n\t<meta name=\"twitter:label2\" content=\"Tiempo de lectura\" \/>\n\t<meta name=\"twitter:data2\" content=\"1 minuto\" \/>\n<script type=\"application\/ld+json\" class=\"yoast-schema-graph\">{\"@context\":\"https:\/\/schema.org\",\"@graph\":[{\"@type\":\"WebPage\",\"@id\":\"https:\/\/aeronoticias.com.pe\/noticiero\/economia\/topitop-inaugura-moderna-tienda-en-centro-comercial-real-plaza-de-salaverry\/\",\"url\":\"https:\/\/aeronoticias.com.pe\/noticiero\/economia\/topitop-inaugura-moderna-tienda-en-centro-comercial-real-plaza-de-salaverry\/\",\"name\":\"TOPITOP inaugura moderna tienda en Centro Comercial Real Plaza de Salaverry\",\"isPartOf\":{\"@id\":\"https:\/\/aeronoticias.com.pe\/noticiero\/#website\"},\"datePublished\":\"2014-12-09T16:42:02+00:00\",\"dateModified\":\"2020-09-11T15:46:49+00:00\",\"author\":{\"@id\":\"https:\/\/aeronoticias.com.pe\/noticiero\/#\/schema\/person\/fc1e5d578f4b62ba1cf7ac2bba1170a0\"},\"description\":\"Portal de noticias del Per\u00fa sobre el transporte a\u00e9reo, aviaci\u00f3n, turismo, hoteleria, actualidad.\",\"breadcrumb\":{\"@id\":\"https:\/\/aeronoticias.com.pe\/noticiero\/economia\/topitop-inaugura-moderna-tienda-en-centro-comercial-real-plaza-de-salaverry\/#breadcrumb\"},\"inLanguage\":\"es\",\"potentialAction\":[{\"@type\":\"ReadAction\",\"target\":[\"https:\/\/aeronoticias.com.pe\/noticiero\/economia\/topitop-inaugura-moderna-tienda-en-centro-comercial-real-plaza-de-salaverry\/\"]}]},{\"@type\":\"BreadcrumbList\",\"@id\":\"https:\/\/aeronoticias.com.pe\/noticiero\/economia\/topitop-inaugura-moderna-tienda-en-centro-comercial-real-plaza-de-salaverry\/#breadcrumb\",\"itemListElement\":[{\"@type\":\"ListItem\",\"position\":1,\"name\":\"Portada\",\"item\":\"https:\/\/aeronoticias.com.pe\/noticiero\/\"},{\"@type\":\"ListItem\",\"position\":2,\"name\":\"TOPITOP inaugura moderna tienda en Centro Comercial Real Plaza de Salaverry\"}]},{\"@type\":\"WebSite\",\"@id\":\"https:\/\/aeronoticias.com.pe\/noticiero\/#website\",\"url\":\"https:\/\/aeronoticias.com.pe\/noticiero\/\",\"name\":\"Aeronoticias.com.pe\",\"description\":\"Noticias de tranporte aereo, turismo, hoteles, gastronomia, actualidad, internacional\",\"potentialAction\":[{\"@type\":\"SearchAction\",\"target\":{\"@type\":\"EntryPoint\",\"urlTemplate\":\"https:\/\/aeronoticias.com.pe\/noticiero\/?s={search_term_string}\"},\"query-input\":{\"@type\":\"PropertyValueSpecification\",\"valueRequired\":true,\"valueName\":\"search_term_string\"}}],\"inLanguage\":\"es\"},{\"@type\":\"Person\",\"@id\":\"https:\/\/aeronoticias.com.pe\/noticiero\/#\/schema\/person\/fc1e5d578f4b62ba1cf7ac2bba1170a0\",\"name\":\"Redacci\u00f3n Aeronoticias\",\"url\":\"https:\/\/aeronoticias.com.pe\/noticiero\/author\/piloto\/\"}]}<\/script>\n<!-- \/ Yoast SEO plugin. -->","yoast_head_json":{"title":"TOPITOP inaugura moderna tienda en Centro Comercial Real Plaza de Salaverry","description":"Portal de noticias del Per\u00fa sobre el transporte a\u00e9reo, aviaci\u00f3n, turismo, hoteleria, actualidad.","robots":{"index":"index","follow":"follow","max-snippet":"max-snippet:-1","max-image-preview":"max-image-preview:large","max-video-preview":"max-video-preview:-1"},"canonical":"https:\/\/aeronoticias.com.pe\/noticiero\/economia\/topitop-inaugura-moderna-tienda-en-centro-comercial-real-plaza-de-salaverry\/","og_locale":"es_ES","og_type":"article","og_title":"TOPITOP inaugura moderna tienda en Centro Comercial Real Plaza de Salaverry","og_description":"Portal de noticias del Per\u00fa sobre el transporte a\u00e9reo, aviaci\u00f3n, turismo, hoteleria, actualidad.","og_url":"https:\/\/aeronoticias.com.pe\/noticiero\/economia\/topitop-inaugura-moderna-tienda-en-centro-comercial-real-plaza-de-salaverry\/","og_site_name":"Aeronoticias.com.pe","article_publisher":"https:\/\/www.facebook.com\/Aeronoticias.com.pe\/","article_published_time":"2014-12-09T16:42:02+00:00","article_modified_time":"2020-09-11T15:46:49+00:00","author":"Redacci\u00f3n Aeronoticias","twitter_card":"summary_large_image","twitter_creator":"@aeronoticias","twitter_site":"@aeronoticias","twitter_misc":{"Escrito por":"Redacci\u00f3n Aeronoticias","Tiempo de lectura":"1 minuto"},"schema":{"@context":"https:\/\/schema.org","@graph":[{"@type":"WebPage","@id":"https:\/\/aeronoticias.com.pe\/noticiero\/economia\/topitop-inaugura-moderna-tienda-en-centro-comercial-real-plaza-de-salaverry\/","url":"https:\/\/aeronoticias.com.pe\/noticiero\/economia\/topitop-inaugura-moderna-tienda-en-centro-comercial-real-plaza-de-salaverry\/","name":"TOPITOP inaugura moderna tienda en Centro Comercial Real Plaza de Salaverry","isPartOf":{"@id":"https:\/\/aeronoticias.com.pe\/noticiero\/#website"},"datePublished":"2014-12-09T16:42:02+00:00","dateModified":"2020-09-11T15:46:49+00:00","author":{"@id":"https:\/\/aeronoticias.com.pe\/noticiero\/#\/schema\/person\/fc1e5d578f4b62ba1cf7ac2bba1170a0"},"description":"Portal de noticias del Per\u00fa sobre el transporte a\u00e9reo, aviaci\u00f3n, turismo, hoteleria, actualidad.","breadcrumb":{"@id":"https:\/\/aeronoticias.com.pe\/noticiero\/economia\/topitop-inaugura-moderna-tienda-en-centro-comercial-real-plaza-de-salaverry\/#breadcrumb"},"inLanguage":"es","potentialAction":[{"@type":"ReadAction","target":["https:\/\/aeronoticias.com.pe\/noticiero\/economia\/topitop-inaugura-moderna-tienda-en-centro-comercial-real-plaza-de-salaverry\/"]}]},{"@type":"BreadcrumbList","@id":"https:\/\/aeronoticias.com.pe\/noticiero\/economia\/topitop-inaugura-moderna-tienda-en-centro-comercial-real-plaza-de-salaverry\/#breadcrumb","itemListElement":[{"@type":"ListItem","position":1,"name":"Portada","item":"https:\/\/aeronoticias.com.pe\/noticiero\/"},{"@type":"ListItem","position":2,"name":"TOPITOP inaugura moderna tienda en Centro Comercial Real Plaza de Salaverry"}]},{"@type":"WebSite","@id":"https:\/\/aeronoticias.com.pe\/noticiero\/#website","url":"https:\/\/aeronoticias.com.pe\/noticiero\/","name":"Aeronoticias.com.pe","description":"Noticias de tranporte aereo, turismo, hoteles, gastronomia, actualidad, internacional","potentialAction":[{"@type":"SearchAction","target":{"@type":"EntryPoint","urlTemplate":"https:\/\/aeronoticias.com.pe\/noticiero\/?s={search_term_string}"},"query-input":{"@type":"PropertyValueSpecification","valueRequired":true,"valueName":"search_term_string"}}],"inLanguage":"es"},{"@type":"Person","@id":"https:\/\/aeronoticias.com.pe\/noticiero\/#\/schema\/person\/fc1e5d578f4b62ba1cf7ac2bba1170a0","name":"Redacci\u00f3n Aeronoticias","url":"https:\/\/aeronoticias.com.pe\/noticiero\/author\/piloto\/"}]}},"_links":{"self":[{"href":"https:\/\/aeronoticias.com.pe\/noticiero\/wp-json\/wp\/v2\/posts\/50658","targetHints":{"allow":["GET"]}}],"collection":[{"href":"https:\/\/aeronoticias.com.pe\/noticiero\/wp-json\/wp\/v2\/posts"}],"about":[{"href":"https:\/\/aeronoticias.com.pe\/noticiero\/wp-json\/wp\/v2\/types\/post"}],"author":[{"embeddable":true,"href":"https:\/\/aeronoticias.com.pe\/noticiero\/wp-json\/wp\/v2\/users\/1"}],"replies":[{"embeddable":true,"href":"https:\/\/aeronoticias.com.pe\/noticiero\/wp-json\/wp\/v2\/comments?post=50658"}],"version-history":[{"count":0,"href":"https:\/\/aeronoticias.com.pe\/noticiero\/wp-json\/wp\/v2\/posts\/50658\/revisions"}],"wp:attachment":[{"href":"https:\/\/aeronoticias.com.pe\/noticiero\/wp-json\/wp\/v2\/media?parent=50658"}],"wp:term":[{"taxonomy":"category","embeddable":true,"href":"https:\/\/aeronoticias.com.pe\/noticiero\/wp-json\/wp\/v2\/categories?post=50658"},{"taxonomy":"post_tag","embeddable":true,"href":"https:\/\/aeronoticias.com.pe\/noticiero\/wp-json\/wp\/v2\/tags?post=50658"}],"curies":[{"name":"wp","href":"https:\/\/api.w.org\/{rel}","templated":true}]}}