{"id":50738,"date":"2014-12-13T11:00:00","date_gmt":"2014-12-13T11:00:00","guid":{"rendered":"http:\/\/desarrollo.mcvicious.com\/aero2020\/2014\/12\/13\/onu-resalta-papel-peruano-a-favor-del-desarrollo-ambientalmente-sostenible\/"},"modified":"2014-12-13T11:00:00","modified_gmt":"2014-12-13T11:00:00","slug":"onu-resalta-papel-peruano-a-favor-del-desarrollo-ambientalmente-sostenible","status":"publish","type":"post","link":"https:\/\/aeronoticias.com.pe\/noticiero\/politica\/onu-resalta-papel-peruano-a-favor-del-desarrollo-ambientalmente-sostenible\/","title":{"rendered":"ONU resalta papel peruano a favor del desarrollo ambientalmente sostenible"},"content":{"rendered":"<p style=\"text-align: justify;\"><img decoding=\"async\" src=\"images\/stories\/14\/12\/131214\/a2.jpg\" border=\"0\" \/><\/p>\n<p style=\"text-align: justify;\"><strong>(Aeronoticias).-<\/strong> Ban Ki-moon elogia tambi\u00e9n avances en Objetivos del Milenio y lucha antidrogas.<\/p>\n<p style=\"text-align: justify;\">  <!--more-->  El papel que Per\u00fa cumple al frente de la Cumbre COP20 no solo tiene en cuenta el progreso del pa\u00eds, sino tambi\u00e9n el desarrollo sostenible de la humanidad, estim\u00f3 el secretario general de la ONU, Ban Ki-moon, quien tambi\u00e9n agradeci\u00f3 el liderazgo peruano manifestado en esta reuni\u00f3n y frente al tema del cambio clim\u00e1tico.<\/p>\n<p style=\"text-align: justify;\">De igual modo, el m\u00e1ximo representante de las Naciones Unidas, dej\u00f3 constancia de su optimismo respecto a los resultados que se obtendr\u00e1n en esta cita dentro de unas horas, cuando se de a conocer el borrador de acuerdos multilaterales que se llevar\u00e1n a la siguiente reuni\u00f3n de este tipo, programada para realizarse en Par\u00eds en 2015.<\/p>\n<p style=\"text-align: justify;\">\u00abPerm\u00edtanme agradecerles por el gran liderazgo mostrado por el presidente Ollanta Humala en estos temas a nivel global\u00bb, dijo Ban Ki-moon, quien tambi\u00e9n reconoci\u00f3 los esfuerzos del ministro del Ambiente Manuel Pulgar-Vidal en la organizaci\u00f3n y presidencia de la COP20.<\/p>\n<p style=\"text-align: justify;\">A su criterio, Per\u00fa ha desarrollado esta importante labor \u00abno solo para su desarrollo y progreso, ya que tambi\u00e9n est\u00e1 logrando algo muy importante para la humanidad, que son las bases de un desarrollo sostenible\u00bb.<\/p>\n<p style=\"text-align: justify;\">\u00abTenemos que trabajar de manera cercana para que este desarrollo sea ambientalmente sostenible, y eso es lo que se est\u00e1 haciendo bajo el liderazgo de Ollanta Humala\u00bb, manifest\u00f3.<\/p>\n<p style=\"text-align: justify;\">El secretario general de la ONU agradeci\u00f3 tambi\u00e9n que Per\u00fa haya colaborado con seis millones de d\u00f3lares para el llamado Fondo Verde, desde el cual se apoyar\u00e1n los esfuerzos de los pa\u00edses menos privilegiados para mitigar los efectos del cambio clim\u00e1tico.<\/p>\n<p style=\"text-align: justify;\">\u00abNos sentimos optimistas de que la cumbre de Lima dejar\u00e1 un legado de \u00e9xitos\u00bb, indic\u00f3 al resaltar que se haya superado en estos d\u00edas de reuniones la meta de capitalizaci\u00f3n inicial del referido fondo ambientalista, al haberse comprometido aportes ascendentes a m\u00e1s de diez mil millones de d\u00f3lares.<\/p>\n<p style=\"text-align: justify;\"><span style=\"text-decoration: underline;\">Objetivos del Milenio<\/span><\/p>\n<p style=\"text-align: justify;\">Ban Ki-moon hizo estas afirmaciones durante la ceremonia de promulgaci\u00f3n de la ley de creaci\u00f3n del Instituto Nacional de Investigaci\u00f3n de Glaciares y de Ecosistemas de Monta\u00f1a, encabezada por el presidente Humala.<\/p>\n<p style=\"text-align: justify;\">Durante su intervenci\u00f3n, resalt\u00f3 que Per\u00fa \u00abest\u00e1 mostrando progresos impresionantes respecto a los Objetivos del Milenio\u00bb.<\/p>\n<p style=\"text-align: justify;\">Subray\u00f3, en ese contexto, la reducci\u00f3n de la mortalidad infantil y los avances en la universalizaci\u00f3n de la educaci\u00f3n primaria en las instituciones educativas del sector p\u00fablico peruano.<\/p>\n<p style=\"text-align: justify;\">De igual manera, Ban Ki-moon afirm\u00f3 que Per\u00fa \u00abest\u00e1 haciendo un progreso muy grande contra el tr\u00e1fico il\u00edcito de drogas\u00bb.<\/p>\n<p style=\"text-align: justify;\">Por ello, subray\u00f3 que la ONU \u00abbrinda aliento a Per\u00fa para sostener el incremento significativo alcanzado en la reducci\u00f3n de los cultivos de coca y para desarrollar las \u00e1reas en las que viven quienes cultivan este producto\u00bb.<\/p>\n<p style=\"text-align: justify;\">La ceremonia de promulgaci\u00f3n de la Ley de Creaci\u00f3n del Instituto Nacional de Investigaci\u00f3n de Glaciares y Ecosistemas de Monta\u00f1a tuvo lugar en el Sal\u00f3n Dorado de Palacio de Gobierno.<\/p>\n<p style=\"text-align: justify;\">Luego de ello, Ban Ki-moon enrumb\u00f3 hacia el Congreso para ser condecorado por la titular de dicho poder del Estado Ana Mar\u00eda Sol\u00f3rzano.<\/p>\n<p style=\"text-align: justify;\">\u00a0<\/p>\n<p style=\"text-align: justify;\">Fuente: <strong><em>Andina<\/em><\/strong><\/p>\n<p style=\"text-align: justify;\">Foto: <strong><em>Andina<\/em><\/strong><\/p>\n","protected":false},"excerpt":{"rendered":"<p>(Aeronoticias).- Ban Ki-moon elogia tambi\u00e9n avances en Objetivos del Milenio y lucha antidrogas.<\/p>\n","protected":false},"author":1,"featured_media":0,"comment_status":"open","ping_status":"open","sticky":false,"template":"","format":"standard","meta":{"tdm_status":"","tdm_grid_status":"","footnotes":""},"categories":[36],"tags":[],"class_list":{"0":"post-50738","1":"post","2":"type-post","3":"status-publish","4":"format-standard","6":"category-politica"},"yoast_head":"<!-- This site is optimized with the Yoast SEO plugin v25.1 - https:\/\/yoast.com\/wordpress\/plugins\/seo\/ -->\n<title>ONU resalta papel peruano a favor del desarrollo ambientalmente sostenible<\/title>\n<meta name=\"description\" content=\"Portal de noticias del Per\u00fa sobre el transporte a\u00e9reo, aviaci\u00f3n, turismo, hoteleria, actualidad.\" \/>\n<meta name=\"robots\" content=\"index, follow, max-snippet:-1, max-image-preview:large, max-video-preview:-1\" \/>\n<link rel=\"canonical\" href=\"https:\/\/aeronoticias.com.pe\/noticiero\/politica\/onu-resalta-papel-peruano-a-favor-del-desarrollo-ambientalmente-sostenible\/\" \/>\n<meta property=\"og:locale\" content=\"es_ES\" \/>\n<meta property=\"og:type\" content=\"article\" \/>\n<meta property=\"og:title\" content=\"ONU resalta papel peruano a favor del desarrollo ambientalmente sostenible\" \/>\n<meta property=\"og:description\" content=\"Portal de noticias del Per\u00fa sobre el transporte a\u00e9reo, aviaci\u00f3n, turismo, hoteleria, actualidad.\" \/>\n<meta property=\"og:url\" content=\"https:\/\/aeronoticias.com.pe\/noticiero\/politica\/onu-resalta-papel-peruano-a-favor-del-desarrollo-ambientalmente-sostenible\/\" \/>\n<meta property=\"og:site_name\" content=\"Aeronoticias.com.pe\" \/>\n<meta property=\"article:publisher\" content=\"https:\/\/www.facebook.com\/Aeronoticias.com.pe\/\" \/>\n<meta property=\"article:published_time\" content=\"2014-12-13T11:00:00+00:00\" \/>\n<meta name=\"author\" content=\"Redacci\u00f3n Aeronoticias\" \/>\n<meta name=\"twitter:card\" content=\"summary_large_image\" \/>\n<meta name=\"twitter:creator\" content=\"@aeronoticias\" \/>\n<meta name=\"twitter:site\" content=\"@aeronoticias\" \/>\n<meta name=\"twitter:label1\" content=\"Escrito por\" \/>\n\t<meta name=\"twitter:data1\" content=\"Redacci\u00f3n Aeronoticias\" \/>\n\t<meta name=\"twitter:label2\" content=\"Tiempo de lectura\" \/>\n\t<meta name=\"twitter:data2\" content=\"3 minutos\" \/>\n<script type=\"application\/ld+json\" class=\"yoast-schema-graph\">{\"@context\":\"https:\/\/schema.org\",\"@graph\":[{\"@type\":\"WebPage\",\"@id\":\"https:\/\/aeronoticias.com.pe\/noticiero\/politica\/onu-resalta-papel-peruano-a-favor-del-desarrollo-ambientalmente-sostenible\/\",\"url\":\"https:\/\/aeronoticias.com.pe\/noticiero\/politica\/onu-resalta-papel-peruano-a-favor-del-desarrollo-ambientalmente-sostenible\/\",\"name\":\"ONU resalta papel peruano a favor del desarrollo ambientalmente sostenible\",\"isPartOf\":{\"@id\":\"https:\/\/aeronoticias.com.pe\/noticiero\/#website\"},\"datePublished\":\"2014-12-13T11:00:00+00:00\",\"author\":{\"@id\":\"https:\/\/aeronoticias.com.pe\/noticiero\/#\/schema\/person\/fc1e5d578f4b62ba1cf7ac2bba1170a0\"},\"description\":\"Portal de noticias del Per\u00fa sobre el transporte a\u00e9reo, aviaci\u00f3n, turismo, hoteleria, actualidad.\",\"breadcrumb\":{\"@id\":\"https:\/\/aeronoticias.com.pe\/noticiero\/politica\/onu-resalta-papel-peruano-a-favor-del-desarrollo-ambientalmente-sostenible\/#breadcrumb\"},\"inLanguage\":\"es\",\"potentialAction\":[{\"@type\":\"ReadAction\",\"target\":[\"https:\/\/aeronoticias.com.pe\/noticiero\/politica\/onu-resalta-papel-peruano-a-favor-del-desarrollo-ambientalmente-sostenible\/\"]}]},{\"@type\":\"BreadcrumbList\",\"@id\":\"https:\/\/aeronoticias.com.pe\/noticiero\/politica\/onu-resalta-papel-peruano-a-favor-del-desarrollo-ambientalmente-sostenible\/#breadcrumb\",\"itemListElement\":[{\"@type\":\"ListItem\",\"position\":1,\"name\":\"Portada\",\"item\":\"https:\/\/aeronoticias.com.pe\/noticiero\/\"},{\"@type\":\"ListItem\",\"position\":2,\"name\":\"ONU resalta papel peruano a favor del desarrollo ambientalmente sostenible\"}]},{\"@type\":\"WebSite\",\"@id\":\"https:\/\/aeronoticias.com.pe\/noticiero\/#website\",\"url\":\"https:\/\/aeronoticias.com.pe\/noticiero\/\",\"name\":\"Aeronoticias.com.pe\",\"description\":\"Noticias de tranporte aereo, turismo, hoteles, gastronomia, actualidad, internacional\",\"potentialAction\":[{\"@type\":\"SearchAction\",\"target\":{\"@type\":\"EntryPoint\",\"urlTemplate\":\"https:\/\/aeronoticias.com.pe\/noticiero\/?s={search_term_string}\"},\"query-input\":{\"@type\":\"PropertyValueSpecification\",\"valueRequired\":true,\"valueName\":\"search_term_string\"}}],\"inLanguage\":\"es\"},{\"@type\":\"Person\",\"@id\":\"https:\/\/aeronoticias.com.pe\/noticiero\/#\/schema\/person\/fc1e5d578f4b62ba1cf7ac2bba1170a0\",\"name\":\"Redacci\u00f3n Aeronoticias\",\"url\":\"https:\/\/aeronoticias.com.pe\/noticiero\/author\/piloto\/\"}]}<\/script>\n<!-- \/ Yoast SEO plugin. -->","yoast_head_json":{"title":"ONU resalta papel peruano a favor del desarrollo ambientalmente sostenible","description":"Portal de noticias del Per\u00fa sobre el transporte a\u00e9reo, aviaci\u00f3n, turismo, hoteleria, actualidad.","robots":{"index":"index","follow":"follow","max-snippet":"max-snippet:-1","max-image-preview":"max-image-preview:large","max-video-preview":"max-video-preview:-1"},"canonical":"https:\/\/aeronoticias.com.pe\/noticiero\/politica\/onu-resalta-papel-peruano-a-favor-del-desarrollo-ambientalmente-sostenible\/","og_locale":"es_ES","og_type":"article","og_title":"ONU resalta papel peruano a favor del desarrollo ambientalmente sostenible","og_description":"Portal de noticias del Per\u00fa sobre el transporte a\u00e9reo, aviaci\u00f3n, turismo, hoteleria, actualidad.","og_url":"https:\/\/aeronoticias.com.pe\/noticiero\/politica\/onu-resalta-papel-peruano-a-favor-del-desarrollo-ambientalmente-sostenible\/","og_site_name":"Aeronoticias.com.pe","article_publisher":"https:\/\/www.facebook.com\/Aeronoticias.com.pe\/","article_published_time":"2014-12-13T11:00:00+00:00","author":"Redacci\u00f3n Aeronoticias","twitter_card":"summary_large_image","twitter_creator":"@aeronoticias","twitter_site":"@aeronoticias","twitter_misc":{"Escrito por":"Redacci\u00f3n Aeronoticias","Tiempo de lectura":"3 minutos"},"schema":{"@context":"https:\/\/schema.org","@graph":[{"@type":"WebPage","@id":"https:\/\/aeronoticias.com.pe\/noticiero\/politica\/onu-resalta-papel-peruano-a-favor-del-desarrollo-ambientalmente-sostenible\/","url":"https:\/\/aeronoticias.com.pe\/noticiero\/politica\/onu-resalta-papel-peruano-a-favor-del-desarrollo-ambientalmente-sostenible\/","name":"ONU resalta papel peruano a favor del desarrollo ambientalmente sostenible","isPartOf":{"@id":"https:\/\/aeronoticias.com.pe\/noticiero\/#website"},"datePublished":"2014-12-13T11:00:00+00:00","author":{"@id":"https:\/\/aeronoticias.com.pe\/noticiero\/#\/schema\/person\/fc1e5d578f4b62ba1cf7ac2bba1170a0"},"description":"Portal de noticias del Per\u00fa sobre el transporte a\u00e9reo, aviaci\u00f3n, turismo, hoteleria, actualidad.","breadcrumb":{"@id":"https:\/\/aeronoticias.com.pe\/noticiero\/politica\/onu-resalta-papel-peruano-a-favor-del-desarrollo-ambientalmente-sostenible\/#breadcrumb"},"inLanguage":"es","potentialAction":[{"@type":"ReadAction","target":["https:\/\/aeronoticias.com.pe\/noticiero\/politica\/onu-resalta-papel-peruano-a-favor-del-desarrollo-ambientalmente-sostenible\/"]}]},{"@type":"BreadcrumbList","@id":"https:\/\/aeronoticias.com.pe\/noticiero\/politica\/onu-resalta-papel-peruano-a-favor-del-desarrollo-ambientalmente-sostenible\/#breadcrumb","itemListElement":[{"@type":"ListItem","position":1,"name":"Portada","item":"https:\/\/aeronoticias.com.pe\/noticiero\/"},{"@type":"ListItem","position":2,"name":"ONU resalta papel peruano a favor del desarrollo ambientalmente sostenible"}]},{"@type":"WebSite","@id":"https:\/\/aeronoticias.com.pe\/noticiero\/#website","url":"https:\/\/aeronoticias.com.pe\/noticiero\/","name":"Aeronoticias.com.pe","description":"Noticias de tranporte aereo, turismo, hoteles, gastronomia, actualidad, internacional","potentialAction":[{"@type":"SearchAction","target":{"@type":"EntryPoint","urlTemplate":"https:\/\/aeronoticias.com.pe\/noticiero\/?s={search_term_string}"},"query-input":{"@type":"PropertyValueSpecification","valueRequired":true,"valueName":"search_term_string"}}],"inLanguage":"es"},{"@type":"Person","@id":"https:\/\/aeronoticias.com.pe\/noticiero\/#\/schema\/person\/fc1e5d578f4b62ba1cf7ac2bba1170a0","name":"Redacci\u00f3n Aeronoticias","url":"https:\/\/aeronoticias.com.pe\/noticiero\/author\/piloto\/"}]}},"_links":{"self":[{"href":"https:\/\/aeronoticias.com.pe\/noticiero\/wp-json\/wp\/v2\/posts\/50738","targetHints":{"allow":["GET"]}}],"collection":[{"href":"https:\/\/aeronoticias.com.pe\/noticiero\/wp-json\/wp\/v2\/posts"}],"about":[{"href":"https:\/\/aeronoticias.com.pe\/noticiero\/wp-json\/wp\/v2\/types\/post"}],"author":[{"embeddable":true,"href":"https:\/\/aeronoticias.com.pe\/noticiero\/wp-json\/wp\/v2\/users\/1"}],"replies":[{"embeddable":true,"href":"https:\/\/aeronoticias.com.pe\/noticiero\/wp-json\/wp\/v2\/comments?post=50738"}],"version-history":[{"count":0,"href":"https:\/\/aeronoticias.com.pe\/noticiero\/wp-json\/wp\/v2\/posts\/50738\/revisions"}],"wp:attachment":[{"href":"https:\/\/aeronoticias.com.pe\/noticiero\/wp-json\/wp\/v2\/media?parent=50738"}],"wp:term":[{"taxonomy":"category","embeddable":true,"href":"https:\/\/aeronoticias.com.pe\/noticiero\/wp-json\/wp\/v2\/categories?post=50738"},{"taxonomy":"post_tag","embeddable":true,"href":"https:\/\/aeronoticias.com.pe\/noticiero\/wp-json\/wp\/v2\/tags?post=50738"}],"curies":[{"name":"wp","href":"https:\/\/api.w.org\/{rel}","templated":true}]}}