{"id":50786,"date":"2014-12-16T12:54:44","date_gmt":"2014-12-16T12:54:44","guid":{"rendered":"http:\/\/desarrollo.mcvicious.com\/aero2020\/2014\/12\/16\/cajamarca-6-meses-de-prision-preventiva-para-pnp-implicado-en-desalojo\/"},"modified":"2014-12-16T12:54:44","modified_gmt":"2014-12-16T12:54:44","slug":"cajamarca-6-meses-de-prision-preventiva-para-pnp-implicado-en-desalojo","status":"publish","type":"post","link":"https:\/\/aeronoticias.com.pe\/noticiero\/49\/cajamarca-6-meses-de-prision-preventiva-para-pnp-implicado-en-desalojo\/","title":{"rendered":"Cajamarca: 6 meses de prisi\u00f3n preventiva para PNP implicado en desalojo"},"content":{"rendered":"<p style=\"text-align: justify;\"><strong>(Aeronoticias).-<\/strong> El Fuero Policial Militar orden\u00f3 esta noche 6 meses de detenci\u00f3n preventiva contra el comandante PNP Pedro Jorge Carmona al iniciarle un proceso por el violento desalojo en una vivienda de Cajamarca en el que falleci\u00f3 Fidel Flores V\u00e1squez.<\/p>\n<p style=\"text-align: justify;\">El vocal supremo de esa instancia, Rolando Santos G\u00e1lvez, determin\u00f3 que Carmona Reyes sea procesado como presunto autor de los delitos de desobediencia y omisi\u00f3n de cumplimiento del deber de funci\u00f3n en agravio del Estado.<\/p>\n<p style=\"text-align: justify;\">El comandante Pedro Carmona calific\u00f3 la decisi\u00f3n castrense como una \u201carbitrariedad\u201d. \u201cEstoy dolido por este hecho\u201d, expres\u00f3; al mismo tiempo dijo que \u201cla acusaci\u00f3n fiscal es una verg\u00fcenza\u201d.<\/p>\n<p style=\"text-align: justify;\">Fuente: <span style=\"text-decoration: underline;\"><em><strong>RPP<\/strong><\/em><\/span>.<\/p>\n<p style=\"text-align: justify;\"><img decoding=\"async\" title=\"Cajamarca: 6 meses de prisi\u00f3n preventiva para PNP implicado en desalojo\" class=\"img_640x480\" src=\"http:\/\/www.rpp.com.pe\/cajamarca-6-meses-de-prision-preventiva-para-pnp-implicado-en-desalojo-imagen-noticia-8-n-\/images\/picnewsa\/1451019.jpg\" border=\"0\" alt=\"Cajamarca: 6 meses de prisi\u00f3n preventiva para PNP implicado en desalojo\" \/><\/p>\n","protected":false},"excerpt":{"rendered":"<p>(Aeronoticias).- El Fuero Policial Militar orden\u00f3 esta noche 6 meses de detenci\u00f3n preventiva contra el comandante PNP Pedro Jorge Carmona al iniciarle un proceso por el violento desalojo en una vivienda de Cajamarca en el que falleci\u00f3 Fidel Flores V\u00e1squez. El vocal supremo de esa instancia, Rolando Santos G\u00e1lvez, determin\u00f3 que Carmona Reyes sea procesado [&hellip;]<\/p>\n","protected":false},"author":1,"featured_media":0,"comment_status":"open","ping_status":"open","sticky":false,"template":"","format":"standard","meta":{"tdm_status":"","tdm_grid_status":"","footnotes":""},"categories":[39],"tags":[],"class_list":{"0":"post-50786","1":"post","2":"type-post","3":"status-publish","4":"format-standard","6":"category-39"},"yoast_head":"<!-- This site is optimized with the Yoast SEO plugin v25.1 - https:\/\/yoast.com\/wordpress\/plugins\/seo\/ -->\n<title>Cajamarca: 6 meses de prisi\u00f3n preventiva para PNP implicado en desalojo<\/title>\n<meta name=\"description\" content=\"Portal de noticias del Per\u00fa sobre el transporte a\u00e9reo, aviaci\u00f3n, turismo, hoteleria, actualidad.\" \/>\n<meta name=\"robots\" content=\"index, follow, max-snippet:-1, max-image-preview:large, max-video-preview:-1\" \/>\n<link rel=\"canonical\" href=\"https:\/\/aeronoticias.com.pe\/noticiero\/49\/cajamarca-6-meses-de-prision-preventiva-para-pnp-implicado-en-desalojo\/\" \/>\n<meta property=\"og:locale\" content=\"es_ES\" \/>\n<meta property=\"og:type\" content=\"article\" \/>\n<meta property=\"og:title\" content=\"Cajamarca: 6 meses de prisi\u00f3n preventiva para PNP implicado en desalojo\" \/>\n<meta property=\"og:description\" content=\"Portal de noticias del Per\u00fa sobre el transporte a\u00e9reo, aviaci\u00f3n, turismo, hoteleria, actualidad.\" \/>\n<meta property=\"og:url\" content=\"https:\/\/aeronoticias.com.pe\/noticiero\/49\/cajamarca-6-meses-de-prision-preventiva-para-pnp-implicado-en-desalojo\/\" \/>\n<meta property=\"og:site_name\" content=\"Aeronoticias.com.pe\" \/>\n<meta property=\"article:publisher\" content=\"https:\/\/www.facebook.com\/Aeronoticias.com.pe\/\" \/>\n<meta property=\"article:published_time\" content=\"2014-12-16T12:54:44+00:00\" \/>\n<meta property=\"og:image\" content=\"http:\/\/www.rpp.com.pe\/cajamarca-6-meses-de-prision-preventiva-para-pnp-implicado-en-desalojo-imagen-noticia-8-n-\/images\/picnewsa\/1451019.jpg\" \/>\n<meta name=\"author\" content=\"Redacci\u00f3n Aeronoticias\" \/>\n<meta name=\"twitter:card\" content=\"summary_large_image\" \/>\n<meta name=\"twitter:creator\" content=\"@aeronoticias\" \/>\n<meta name=\"twitter:site\" content=\"@aeronoticias\" \/>\n<meta name=\"twitter:label1\" content=\"Escrito por\" \/>\n\t<meta name=\"twitter:data1\" content=\"Redacci\u00f3n Aeronoticias\" \/>\n\t<meta name=\"twitter:label2\" content=\"Tiempo de lectura\" \/>\n\t<meta name=\"twitter:data2\" content=\"1 minuto\" \/>\n<script type=\"application\/ld+json\" class=\"yoast-schema-graph\">{\"@context\":\"https:\/\/schema.org\",\"@graph\":[{\"@type\":\"WebPage\",\"@id\":\"https:\/\/aeronoticias.com.pe\/noticiero\/49\/cajamarca-6-meses-de-prision-preventiva-para-pnp-implicado-en-desalojo\/\",\"url\":\"https:\/\/aeronoticias.com.pe\/noticiero\/49\/cajamarca-6-meses-de-prision-preventiva-para-pnp-implicado-en-desalojo\/\",\"name\":\"Cajamarca: 6 meses de prisi\u00f3n preventiva para PNP implicado en desalojo\",\"isPartOf\":{\"@id\":\"https:\/\/aeronoticias.com.pe\/noticiero\/#website\"},\"primaryImageOfPage\":{\"@id\":\"https:\/\/aeronoticias.com.pe\/noticiero\/49\/cajamarca-6-meses-de-prision-preventiva-para-pnp-implicado-en-desalojo\/#primaryimage\"},\"image\":{\"@id\":\"https:\/\/aeronoticias.com.pe\/noticiero\/49\/cajamarca-6-meses-de-prision-preventiva-para-pnp-implicado-en-desalojo\/#primaryimage\"},\"thumbnailUrl\":\"http:\/\/www.rpp.com.pe\/cajamarca-6-meses-de-prision-preventiva-para-pnp-implicado-en-desalojo-imagen-noticia-8-n-\/images\/picnewsa\/1451019.jpg\",\"datePublished\":\"2014-12-16T12:54:44+00:00\",\"author\":{\"@id\":\"https:\/\/aeronoticias.com.pe\/noticiero\/#\/schema\/person\/fc1e5d578f4b62ba1cf7ac2bba1170a0\"},\"description\":\"Portal de noticias del Per\u00fa sobre el transporte a\u00e9reo, aviaci\u00f3n, turismo, hoteleria, actualidad.\",\"breadcrumb\":{\"@id\":\"https:\/\/aeronoticias.com.pe\/noticiero\/49\/cajamarca-6-meses-de-prision-preventiva-para-pnp-implicado-en-desalojo\/#breadcrumb\"},\"inLanguage\":\"es\",\"potentialAction\":[{\"@type\":\"ReadAction\",\"target\":[\"https:\/\/aeronoticias.com.pe\/noticiero\/49\/cajamarca-6-meses-de-prision-preventiva-para-pnp-implicado-en-desalojo\/\"]}]},{\"@type\":\"ImageObject\",\"inLanguage\":\"es\",\"@id\":\"https:\/\/aeronoticias.com.pe\/noticiero\/49\/cajamarca-6-meses-de-prision-preventiva-para-pnp-implicado-en-desalojo\/#primaryimage\",\"url\":\"http:\/\/www.rpp.com.pe\/cajamarca-6-meses-de-prision-preventiva-para-pnp-implicado-en-desalojo-imagen-noticia-8-n-\/images\/picnewsa\/1451019.jpg\",\"contentUrl\":\"http:\/\/www.rpp.com.pe\/cajamarca-6-meses-de-prision-preventiva-para-pnp-implicado-en-desalojo-imagen-noticia-8-n-\/images\/picnewsa\/1451019.jpg\"},{\"@type\":\"BreadcrumbList\",\"@id\":\"https:\/\/aeronoticias.com.pe\/noticiero\/49\/cajamarca-6-meses-de-prision-preventiva-para-pnp-implicado-en-desalojo\/#breadcrumb\",\"itemListElement\":[{\"@type\":\"ListItem\",\"position\":1,\"name\":\"Portada\",\"item\":\"https:\/\/aeronoticias.com.pe\/noticiero\/\"},{\"@type\":\"ListItem\",\"position\":2,\"name\":\"Cajamarca: 6 meses de prisi\u00f3n preventiva para PNP implicado en desalojo\"}]},{\"@type\":\"WebSite\",\"@id\":\"https:\/\/aeronoticias.com.pe\/noticiero\/#website\",\"url\":\"https:\/\/aeronoticias.com.pe\/noticiero\/\",\"name\":\"Aeronoticias.com.pe\",\"description\":\"Noticias de tranporte aereo, turismo, hoteles, gastronomia, actualidad, internacional\",\"potentialAction\":[{\"@type\":\"SearchAction\",\"target\":{\"@type\":\"EntryPoint\",\"urlTemplate\":\"https:\/\/aeronoticias.com.pe\/noticiero\/?s={search_term_string}\"},\"query-input\":{\"@type\":\"PropertyValueSpecification\",\"valueRequired\":true,\"valueName\":\"search_term_string\"}}],\"inLanguage\":\"es\"},{\"@type\":\"Person\",\"@id\":\"https:\/\/aeronoticias.com.pe\/noticiero\/#\/schema\/person\/fc1e5d578f4b62ba1cf7ac2bba1170a0\",\"name\":\"Redacci\u00f3n Aeronoticias\",\"url\":\"https:\/\/aeronoticias.com.pe\/noticiero\/author\/piloto\/\"}]}<\/script>\n<!-- \/ Yoast SEO plugin. -->","yoast_head_json":{"title":"Cajamarca: 6 meses de prisi\u00f3n preventiva para PNP implicado en desalojo","description":"Portal de noticias del Per\u00fa sobre el transporte a\u00e9reo, aviaci\u00f3n, turismo, hoteleria, actualidad.","robots":{"index":"index","follow":"follow","max-snippet":"max-snippet:-1","max-image-preview":"max-image-preview:large","max-video-preview":"max-video-preview:-1"},"canonical":"https:\/\/aeronoticias.com.pe\/noticiero\/49\/cajamarca-6-meses-de-prision-preventiva-para-pnp-implicado-en-desalojo\/","og_locale":"es_ES","og_type":"article","og_title":"Cajamarca: 6 meses de prisi\u00f3n preventiva para PNP implicado en desalojo","og_description":"Portal de noticias del Per\u00fa sobre el transporte a\u00e9reo, aviaci\u00f3n, turismo, hoteleria, actualidad.","og_url":"https:\/\/aeronoticias.com.pe\/noticiero\/49\/cajamarca-6-meses-de-prision-preventiva-para-pnp-implicado-en-desalojo\/","og_site_name":"Aeronoticias.com.pe","article_publisher":"https:\/\/www.facebook.com\/Aeronoticias.com.pe\/","article_published_time":"2014-12-16T12:54:44+00:00","og_image":[{"url":"http:\/\/www.rpp.com.pe\/cajamarca-6-meses-de-prision-preventiva-para-pnp-implicado-en-desalojo-imagen-noticia-8-n-\/images\/picnewsa\/1451019.jpg","type":"","width":"","height":""}],"author":"Redacci\u00f3n Aeronoticias","twitter_card":"summary_large_image","twitter_creator":"@aeronoticias","twitter_site":"@aeronoticias","twitter_misc":{"Escrito por":"Redacci\u00f3n Aeronoticias","Tiempo de lectura":"1 minuto"},"schema":{"@context":"https:\/\/schema.org","@graph":[{"@type":"WebPage","@id":"https:\/\/aeronoticias.com.pe\/noticiero\/49\/cajamarca-6-meses-de-prision-preventiva-para-pnp-implicado-en-desalojo\/","url":"https:\/\/aeronoticias.com.pe\/noticiero\/49\/cajamarca-6-meses-de-prision-preventiva-para-pnp-implicado-en-desalojo\/","name":"Cajamarca: 6 meses de prisi\u00f3n preventiva para PNP implicado en desalojo","isPartOf":{"@id":"https:\/\/aeronoticias.com.pe\/noticiero\/#website"},"primaryImageOfPage":{"@id":"https:\/\/aeronoticias.com.pe\/noticiero\/49\/cajamarca-6-meses-de-prision-preventiva-para-pnp-implicado-en-desalojo\/#primaryimage"},"image":{"@id":"https:\/\/aeronoticias.com.pe\/noticiero\/49\/cajamarca-6-meses-de-prision-preventiva-para-pnp-implicado-en-desalojo\/#primaryimage"},"thumbnailUrl":"http:\/\/www.rpp.com.pe\/cajamarca-6-meses-de-prision-preventiva-para-pnp-implicado-en-desalojo-imagen-noticia-8-n-\/images\/picnewsa\/1451019.jpg","datePublished":"2014-12-16T12:54:44+00:00","author":{"@id":"https:\/\/aeronoticias.com.pe\/noticiero\/#\/schema\/person\/fc1e5d578f4b62ba1cf7ac2bba1170a0"},"description":"Portal de noticias del Per\u00fa sobre el transporte a\u00e9reo, aviaci\u00f3n, turismo, hoteleria, actualidad.","breadcrumb":{"@id":"https:\/\/aeronoticias.com.pe\/noticiero\/49\/cajamarca-6-meses-de-prision-preventiva-para-pnp-implicado-en-desalojo\/#breadcrumb"},"inLanguage":"es","potentialAction":[{"@type":"ReadAction","target":["https:\/\/aeronoticias.com.pe\/noticiero\/49\/cajamarca-6-meses-de-prision-preventiva-para-pnp-implicado-en-desalojo\/"]}]},{"@type":"ImageObject","inLanguage":"es","@id":"https:\/\/aeronoticias.com.pe\/noticiero\/49\/cajamarca-6-meses-de-prision-preventiva-para-pnp-implicado-en-desalojo\/#primaryimage","url":"http:\/\/www.rpp.com.pe\/cajamarca-6-meses-de-prision-preventiva-para-pnp-implicado-en-desalojo-imagen-noticia-8-n-\/images\/picnewsa\/1451019.jpg","contentUrl":"http:\/\/www.rpp.com.pe\/cajamarca-6-meses-de-prision-preventiva-para-pnp-implicado-en-desalojo-imagen-noticia-8-n-\/images\/picnewsa\/1451019.jpg"},{"@type":"BreadcrumbList","@id":"https:\/\/aeronoticias.com.pe\/noticiero\/49\/cajamarca-6-meses-de-prision-preventiva-para-pnp-implicado-en-desalojo\/#breadcrumb","itemListElement":[{"@type":"ListItem","position":1,"name":"Portada","item":"https:\/\/aeronoticias.com.pe\/noticiero\/"},{"@type":"ListItem","position":2,"name":"Cajamarca: 6 meses de prisi\u00f3n preventiva para PNP implicado en desalojo"}]},{"@type":"WebSite","@id":"https:\/\/aeronoticias.com.pe\/noticiero\/#website","url":"https:\/\/aeronoticias.com.pe\/noticiero\/","name":"Aeronoticias.com.pe","description":"Noticias de tranporte aereo, turismo, hoteles, gastronomia, actualidad, internacional","potentialAction":[{"@type":"SearchAction","target":{"@type":"EntryPoint","urlTemplate":"https:\/\/aeronoticias.com.pe\/noticiero\/?s={search_term_string}"},"query-input":{"@type":"PropertyValueSpecification","valueRequired":true,"valueName":"search_term_string"}}],"inLanguage":"es"},{"@type":"Person","@id":"https:\/\/aeronoticias.com.pe\/noticiero\/#\/schema\/person\/fc1e5d578f4b62ba1cf7ac2bba1170a0","name":"Redacci\u00f3n Aeronoticias","url":"https:\/\/aeronoticias.com.pe\/noticiero\/author\/piloto\/"}]}},"_links":{"self":[{"href":"https:\/\/aeronoticias.com.pe\/noticiero\/wp-json\/wp\/v2\/posts\/50786","targetHints":{"allow":["GET"]}}],"collection":[{"href":"https:\/\/aeronoticias.com.pe\/noticiero\/wp-json\/wp\/v2\/posts"}],"about":[{"href":"https:\/\/aeronoticias.com.pe\/noticiero\/wp-json\/wp\/v2\/types\/post"}],"author":[{"embeddable":true,"href":"https:\/\/aeronoticias.com.pe\/noticiero\/wp-json\/wp\/v2\/users\/1"}],"replies":[{"embeddable":true,"href":"https:\/\/aeronoticias.com.pe\/noticiero\/wp-json\/wp\/v2\/comments?post=50786"}],"version-history":[{"count":0,"href":"https:\/\/aeronoticias.com.pe\/noticiero\/wp-json\/wp\/v2\/posts\/50786\/revisions"}],"wp:attachment":[{"href":"https:\/\/aeronoticias.com.pe\/noticiero\/wp-json\/wp\/v2\/media?parent=50786"}],"wp:term":[{"taxonomy":"category","embeddable":true,"href":"https:\/\/aeronoticias.com.pe\/noticiero\/wp-json\/wp\/v2\/categories?post=50786"},{"taxonomy":"post_tag","embeddable":true,"href":"https:\/\/aeronoticias.com.pe\/noticiero\/wp-json\/wp\/v2\/tags?post=50786"}],"curies":[{"name":"wp","href":"https:\/\/api.w.org\/{rel}","templated":true}]}}