{"id":50789,"date":"2014-12-16T14:58:55","date_gmt":"2014-12-16T14:58:55","guid":{"rendered":"http:\/\/desarrollo.mcvicious.com\/aero2020\/2014\/12\/16\/ciento-veintiocho-periodistas-fueron-asesinados-en-2014\/"},"modified":"2014-12-16T14:58:55","modified_gmt":"2014-12-16T14:58:55","slug":"ciento-veintiocho-periodistas-fueron-asesinados-en-2014","status":"publish","type":"post","link":"https:\/\/aeronoticias.com.pe\/noticiero\/49\/ciento-veintiocho-periodistas-fueron-asesinados-en-2014\/","title":{"rendered":"Ciento veintiocho periodistas fueron asesinados en 2014"},"content":{"rendered":"<p style=\"text-align: justify;\"><strong>(Aeronoticias) <\/strong><span style=\"text-align: justify; line-height: 1.3em;\">Seg\u00fan el informe anual de la Campa\u00f1a Emblema de Prensa (PEC), un total de 128 periodistas fueron asesinados en 32 pa\u00edses durante el 2014. En donde lidera Israel con la mayor cantidad de v\u00edctimas: 16 reporteros aniquilados en la ofensiva militar en Gaza.<\/span><\/p>\n<p style=\"text-align: justify;\">Sir\u00eda se sit\u00faa en el segundo lugar con 13 v\u00edctimas. Pakist\u00e1n le sigue con 12 periodistas asesinados, la mayor\u00eda de ellos, victimados en las zonas tribales pr\u00f3ximas a Afganist\u00e1n. En la cuarta posici\u00f3n de los pa\u00edses con mayor peligrosidad se encuentra Irak, donde 10 periodistas tuvieron la misma suerte, muchos de ellos como consecuencia de la ofensiva del grupo yihadista Estado Isl\u00e1mico.<\/p>\n<p style=\"text-align: justify;\">Ucrania ocupa el quinto lugar con nueve periodistas asesinados. En el sexto puesto se halla M\u00e9xico (8 v\u00edctimas), por delante de Afganist\u00e1n, Honduras (5) y Somalia (5), respectivamente. Mientras que la Rep\u00fablica Centroafricana y Brasil comparten el d\u00e9cimo lugar con un registro de cuatro asesinados cada uno.<\/p>\n<p style=\"text-align: justify;\">Adem\u00e1s, \u00a0tres periodistas fueron asesinados en los pa\u00edses de Camboya, Guinea, Conakri, Paraguay y Filipinas. Y otros dos periodistas fueron asesinados en cada uno de los pa\u00edses siguientes: Bangladesh, Colombia, India, Libia, Per\u00fa, Turqu\u00eda y Yemen. Finalmente, con un periodista asesinado encontramos a Arabia Saud\u00ed, Birmania, Egipto, L\u00edbano, Nigeria, Panam\u00e1, Rep\u00fablica Democr\u00e1tica del Congo, Rep\u00fablica Dominicana, Rusia, y El Salvador.<\/p>\n<p style=\"text-align: justify;\">Cabe resaltar que, por regiones, Medio Oriente es la regi\u00f3n m\u00e1s violenta con 46 periodistas asesinados, por delante de Asia (31), Am\u00e9rica Latina (27), \u00c1frica subsahariana (14) y Europa (10). Y As\u00ed mismo recordar que, el a\u00f1o pasado, 129 periodistas fueron victimados.<\/p>\n<p style=\"text-align: justify;\"><span style=\"line-height: 1.3em;\">\u00abEl a\u00f1o que finaliza ha sido terrible para los periodistas. Un nuevo conflicto mort\u00edfero para los trabajadores de los medios se ha abierto en Ucrania, la ofensiva israel\u00ed lanzada este verano en Gaza ha causado numerosas v\u00edctimas, mientras que en Siria el terror ha alcanzado niveles extraordinarios con la decapitaci\u00f3n de periodistas en p\u00fablico\u00bb, declar\u00f3 el secretario general de la PEC, Blaise Lempen.<\/span><\/p>\n<p style=\"text-align: justify;\">En tanto, Lempen manifest\u00f3 que estos saldos elevados se deben a los conflictos armados violentos que no encuentran una soluci\u00f3n pol\u00edtica y qu\u00e9 ante estos resultados, cada vez m\u00e1s medios se resisten a enviar periodistas a zonas de conflicto, por lo que la presi\u00f3n p\u00fablica disminuye y con ella la ayuda humanitaria.<\/p>\n<p style=\"text-align: justify;\">Por otro lado, la PEC reclama un instrumento internacional que supla los d\u00e9ficits de justicia en la mayor\u00eda de pa\u00edses que sufren de estos asesinatos.<\/p>\n<p style=\"text-align: justify;\"><img decoding=\"async\" src=\"images\/stories\/14\/12\/161214\/periodistas.jpg\" border=\"0\" \/><\/p>\n<p style=\"text-align: justify;\">\u00a0<\/p>\n<p style=\"text-align: justify;\">\u00a0<\/p>\n<p style=\"text-align: justify;\">\u00a0<\/p>\n","protected":false},"excerpt":{"rendered":"<p>(Aeronoticias) Seg\u00fan el informe anual de la Campa\u00f1a Emblema de Prensa (PEC), un total de 128 periodistas fueron asesinados en 32 pa\u00edses durante el 2014. En donde lidera Israel con la mayor cantidad de v\u00edctimas: 16 reporteros aniquilados en la ofensiva militar en Gaza. Sir\u00eda se sit\u00faa en el segundo lugar con 13 v\u00edctimas. Pakist\u00e1n [&hellip;]<\/p>\n","protected":false},"author":1,"featured_media":0,"comment_status":"open","ping_status":"open","sticky":false,"template":"","format":"standard","meta":{"tdm_status":"","tdm_grid_status":"","footnotes":""},"categories":[39],"tags":[],"class_list":{"0":"post-50789","1":"post","2":"type-post","3":"status-publish","4":"format-standard","6":"category-39"},"yoast_head":"<!-- This site is optimized with the Yoast SEO plugin v25.1 - https:\/\/yoast.com\/wordpress\/plugins\/seo\/ -->\n<title>Ciento veintiocho periodistas fueron asesinados en 2014<\/title>\n<meta name=\"description\" content=\"Portal de noticias del Per\u00fa sobre el transporte a\u00e9reo, aviaci\u00f3n, turismo, hoteleria, actualidad.\" \/>\n<meta name=\"robots\" content=\"index, follow, max-snippet:-1, max-image-preview:large, max-video-preview:-1\" \/>\n<link rel=\"canonical\" href=\"https:\/\/aeronoticias.com.pe\/noticiero\/49\/ciento-veintiocho-periodistas-fueron-asesinados-en-2014\/\" \/>\n<meta property=\"og:locale\" content=\"es_ES\" \/>\n<meta property=\"og:type\" content=\"article\" \/>\n<meta property=\"og:title\" content=\"Ciento veintiocho periodistas fueron asesinados en 2014\" \/>\n<meta property=\"og:description\" content=\"Portal de noticias del Per\u00fa sobre el transporte a\u00e9reo, aviaci\u00f3n, turismo, hoteleria, actualidad.\" \/>\n<meta property=\"og:url\" content=\"https:\/\/aeronoticias.com.pe\/noticiero\/49\/ciento-veintiocho-periodistas-fueron-asesinados-en-2014\/\" \/>\n<meta property=\"og:site_name\" content=\"Aeronoticias.com.pe\" \/>\n<meta property=\"article:publisher\" content=\"https:\/\/www.facebook.com\/Aeronoticias.com.pe\/\" \/>\n<meta property=\"article:published_time\" content=\"2014-12-16T14:58:55+00:00\" \/>\n<meta name=\"author\" content=\"Redacci\u00f3n Aeronoticias\" \/>\n<meta name=\"twitter:card\" content=\"summary_large_image\" \/>\n<meta name=\"twitter:creator\" content=\"@aeronoticias\" \/>\n<meta name=\"twitter:site\" content=\"@aeronoticias\" \/>\n<meta name=\"twitter:label1\" content=\"Escrito por\" \/>\n\t<meta name=\"twitter:data1\" content=\"Redacci\u00f3n Aeronoticias\" \/>\n\t<meta name=\"twitter:label2\" content=\"Tiempo de lectura\" \/>\n\t<meta name=\"twitter:data2\" content=\"2 minutos\" \/>\n<script type=\"application\/ld+json\" class=\"yoast-schema-graph\">{\"@context\":\"https:\/\/schema.org\",\"@graph\":[{\"@type\":\"WebPage\",\"@id\":\"https:\/\/aeronoticias.com.pe\/noticiero\/49\/ciento-veintiocho-periodistas-fueron-asesinados-en-2014\/\",\"url\":\"https:\/\/aeronoticias.com.pe\/noticiero\/49\/ciento-veintiocho-periodistas-fueron-asesinados-en-2014\/\",\"name\":\"Ciento veintiocho periodistas fueron asesinados en 2014\",\"isPartOf\":{\"@id\":\"https:\/\/aeronoticias.com.pe\/noticiero\/#website\"},\"datePublished\":\"2014-12-16T14:58:55+00:00\",\"author\":{\"@id\":\"https:\/\/aeronoticias.com.pe\/noticiero\/#\/schema\/person\/fc1e5d578f4b62ba1cf7ac2bba1170a0\"},\"description\":\"Portal de noticias del Per\u00fa sobre el transporte a\u00e9reo, aviaci\u00f3n, turismo, hoteleria, actualidad.\",\"breadcrumb\":{\"@id\":\"https:\/\/aeronoticias.com.pe\/noticiero\/49\/ciento-veintiocho-periodistas-fueron-asesinados-en-2014\/#breadcrumb\"},\"inLanguage\":\"es\",\"potentialAction\":[{\"@type\":\"ReadAction\",\"target\":[\"https:\/\/aeronoticias.com.pe\/noticiero\/49\/ciento-veintiocho-periodistas-fueron-asesinados-en-2014\/\"]}]},{\"@type\":\"BreadcrumbList\",\"@id\":\"https:\/\/aeronoticias.com.pe\/noticiero\/49\/ciento-veintiocho-periodistas-fueron-asesinados-en-2014\/#breadcrumb\",\"itemListElement\":[{\"@type\":\"ListItem\",\"position\":1,\"name\":\"Portada\",\"item\":\"https:\/\/aeronoticias.com.pe\/noticiero\/\"},{\"@type\":\"ListItem\",\"position\":2,\"name\":\"Ciento veintiocho periodistas fueron asesinados en 2014\"}]},{\"@type\":\"WebSite\",\"@id\":\"https:\/\/aeronoticias.com.pe\/noticiero\/#website\",\"url\":\"https:\/\/aeronoticias.com.pe\/noticiero\/\",\"name\":\"Aeronoticias.com.pe\",\"description\":\"Noticias de tranporte aereo, turismo, hoteles, gastronomia, actualidad, internacional\",\"potentialAction\":[{\"@type\":\"SearchAction\",\"target\":{\"@type\":\"EntryPoint\",\"urlTemplate\":\"https:\/\/aeronoticias.com.pe\/noticiero\/?s={search_term_string}\"},\"query-input\":{\"@type\":\"PropertyValueSpecification\",\"valueRequired\":true,\"valueName\":\"search_term_string\"}}],\"inLanguage\":\"es\"},{\"@type\":\"Person\",\"@id\":\"https:\/\/aeronoticias.com.pe\/noticiero\/#\/schema\/person\/fc1e5d578f4b62ba1cf7ac2bba1170a0\",\"name\":\"Redacci\u00f3n Aeronoticias\",\"url\":\"https:\/\/aeronoticias.com.pe\/noticiero\/author\/piloto\/\"}]}<\/script>\n<!-- \/ Yoast SEO plugin. -->","yoast_head_json":{"title":"Ciento veintiocho periodistas fueron asesinados en 2014","description":"Portal de noticias del Per\u00fa sobre el transporte a\u00e9reo, aviaci\u00f3n, turismo, hoteleria, actualidad.","robots":{"index":"index","follow":"follow","max-snippet":"max-snippet:-1","max-image-preview":"max-image-preview:large","max-video-preview":"max-video-preview:-1"},"canonical":"https:\/\/aeronoticias.com.pe\/noticiero\/49\/ciento-veintiocho-periodistas-fueron-asesinados-en-2014\/","og_locale":"es_ES","og_type":"article","og_title":"Ciento veintiocho periodistas fueron asesinados en 2014","og_description":"Portal de noticias del Per\u00fa sobre el transporte a\u00e9reo, aviaci\u00f3n, turismo, hoteleria, actualidad.","og_url":"https:\/\/aeronoticias.com.pe\/noticiero\/49\/ciento-veintiocho-periodistas-fueron-asesinados-en-2014\/","og_site_name":"Aeronoticias.com.pe","article_publisher":"https:\/\/www.facebook.com\/Aeronoticias.com.pe\/","article_published_time":"2014-12-16T14:58:55+00:00","author":"Redacci\u00f3n Aeronoticias","twitter_card":"summary_large_image","twitter_creator":"@aeronoticias","twitter_site":"@aeronoticias","twitter_misc":{"Escrito por":"Redacci\u00f3n Aeronoticias","Tiempo de lectura":"2 minutos"},"schema":{"@context":"https:\/\/schema.org","@graph":[{"@type":"WebPage","@id":"https:\/\/aeronoticias.com.pe\/noticiero\/49\/ciento-veintiocho-periodistas-fueron-asesinados-en-2014\/","url":"https:\/\/aeronoticias.com.pe\/noticiero\/49\/ciento-veintiocho-periodistas-fueron-asesinados-en-2014\/","name":"Ciento veintiocho periodistas fueron asesinados en 2014","isPartOf":{"@id":"https:\/\/aeronoticias.com.pe\/noticiero\/#website"},"datePublished":"2014-12-16T14:58:55+00:00","author":{"@id":"https:\/\/aeronoticias.com.pe\/noticiero\/#\/schema\/person\/fc1e5d578f4b62ba1cf7ac2bba1170a0"},"description":"Portal de noticias del Per\u00fa sobre el transporte a\u00e9reo, aviaci\u00f3n, turismo, hoteleria, actualidad.","breadcrumb":{"@id":"https:\/\/aeronoticias.com.pe\/noticiero\/49\/ciento-veintiocho-periodistas-fueron-asesinados-en-2014\/#breadcrumb"},"inLanguage":"es","potentialAction":[{"@type":"ReadAction","target":["https:\/\/aeronoticias.com.pe\/noticiero\/49\/ciento-veintiocho-periodistas-fueron-asesinados-en-2014\/"]}]},{"@type":"BreadcrumbList","@id":"https:\/\/aeronoticias.com.pe\/noticiero\/49\/ciento-veintiocho-periodistas-fueron-asesinados-en-2014\/#breadcrumb","itemListElement":[{"@type":"ListItem","position":1,"name":"Portada","item":"https:\/\/aeronoticias.com.pe\/noticiero\/"},{"@type":"ListItem","position":2,"name":"Ciento veintiocho periodistas fueron asesinados en 2014"}]},{"@type":"WebSite","@id":"https:\/\/aeronoticias.com.pe\/noticiero\/#website","url":"https:\/\/aeronoticias.com.pe\/noticiero\/","name":"Aeronoticias.com.pe","description":"Noticias de tranporte aereo, turismo, hoteles, gastronomia, actualidad, internacional","potentialAction":[{"@type":"SearchAction","target":{"@type":"EntryPoint","urlTemplate":"https:\/\/aeronoticias.com.pe\/noticiero\/?s={search_term_string}"},"query-input":{"@type":"PropertyValueSpecification","valueRequired":true,"valueName":"search_term_string"}}],"inLanguage":"es"},{"@type":"Person","@id":"https:\/\/aeronoticias.com.pe\/noticiero\/#\/schema\/person\/fc1e5d578f4b62ba1cf7ac2bba1170a0","name":"Redacci\u00f3n Aeronoticias","url":"https:\/\/aeronoticias.com.pe\/noticiero\/author\/piloto\/"}]}},"_links":{"self":[{"href":"https:\/\/aeronoticias.com.pe\/noticiero\/wp-json\/wp\/v2\/posts\/50789","targetHints":{"allow":["GET"]}}],"collection":[{"href":"https:\/\/aeronoticias.com.pe\/noticiero\/wp-json\/wp\/v2\/posts"}],"about":[{"href":"https:\/\/aeronoticias.com.pe\/noticiero\/wp-json\/wp\/v2\/types\/post"}],"author":[{"embeddable":true,"href":"https:\/\/aeronoticias.com.pe\/noticiero\/wp-json\/wp\/v2\/users\/1"}],"replies":[{"embeddable":true,"href":"https:\/\/aeronoticias.com.pe\/noticiero\/wp-json\/wp\/v2\/comments?post=50789"}],"version-history":[{"count":0,"href":"https:\/\/aeronoticias.com.pe\/noticiero\/wp-json\/wp\/v2\/posts\/50789\/revisions"}],"wp:attachment":[{"href":"https:\/\/aeronoticias.com.pe\/noticiero\/wp-json\/wp\/v2\/media?parent=50789"}],"wp:term":[{"taxonomy":"category","embeddable":true,"href":"https:\/\/aeronoticias.com.pe\/noticiero\/wp-json\/wp\/v2\/categories?post=50789"},{"taxonomy":"post_tag","embeddable":true,"href":"https:\/\/aeronoticias.com.pe\/noticiero\/wp-json\/wp\/v2\/tags?post=50789"}],"curies":[{"name":"wp","href":"https:\/\/api.w.org\/{rel}","templated":true}]}}