{"id":50846,"date":"2014-12-18T15:08:52","date_gmt":"2014-12-18T15:08:52","guid":{"rendered":"http:\/\/desarrollo.mcvicious.com\/aero2020\/2014\/12\/18\/ex-candidato-de-carabayllo-alex-arevalo-se-sumo-a-polemica-entre-alcalde-del-ppc-y-ex-alcalde-del-apra\/"},"modified":"2014-12-18T15:08:52","modified_gmt":"2014-12-18T15:08:52","slug":"ex-candidato-de-carabayllo-alex-arevalo-se-sumo-a-polemica-entre-alcalde-del-ppc-y-ex-alcalde-del-apra","status":"publish","type":"post","link":"https:\/\/aeronoticias.com.pe\/noticiero\/nacionales\/ex-candidato-de-carabayllo-alex-arevalo-se-sumo-a-polemica-entre-alcalde-del-ppc-y-ex-alcalde-del-apra\/","title":{"rendered":"Ex candidato de Carabayllo, Alex Ar\u00e9valo, se sumo a pol\u00e9mica entre alcalde del PPC y ex alcalde del APRA"},"content":{"rendered":"<p style=\"text-align: justify;\"><img decoding=\"async\" src=\"images\/stories\/14\/12\/181214\/aero1.jpg\" border=\"0\" \/><\/p>\n<p style=\"text-align: justify;\"><strong>(Aeronoticias).-<\/strong> El ex candidato a alcalde distrital de Carabayllo por Restauraci\u00f3n Nacional Alex Ar\u00e9valo coincidi\u00f3 con el ex alcalde aprista Luis Sol\u00eds Quintana de que el Palacio Municipal construido por el actual burgomaestre Rafael \u00c1lvarez Espinoza represent\u00f3 un gran gast\u00f3 presupuestario y no se prioriz\u00f3 la soluci\u00f3n de otros temas \u00e1lgidos en el distrito como lo son el combate a la delincuencia y la limpieza p\u00fablica.<\/p>\n<p style=\"text-align: justify;\">Ar\u00e9valo como vecino de la urbanizaci\u00f3n Santa Isabel cuestion\u00f3 la falta de sem\u00e1foros en las inmediaciones de los mercados y la deficiencia en el recojo de residuos en esa parte de Carabayllo que es colindante con el distrito de Comas.<\/p>\n","protected":false},"excerpt":{"rendered":"<p>(Aeronoticias).- El ex candidato a alcalde distrital de Carabayllo por Restauraci\u00f3n Nacional Alex Ar\u00e9valo coincidi\u00f3 con el ex alcalde aprista Luis Sol\u00eds Quintana de que el Palacio Municipal construido por el actual burgomaestre Rafael \u00c1lvarez Espinoza represent\u00f3 un gran gast\u00f3 presupuestario y no se prioriz\u00f3 la soluci\u00f3n de otros temas \u00e1lgidos en el distrito como [&hellip;]<\/p>\n","protected":false},"author":1,"featured_media":0,"comment_status":"open","ping_status":"open","sticky":false,"template":"","format":"standard","meta":{"tdm_status":"","tdm_grid_status":"","footnotes":""},"categories":[38],"tags":[],"class_list":{"0":"post-50846","1":"post","2":"type-post","3":"status-publish","4":"format-standard","6":"category-nacionales"},"yoast_head":"<!-- This site is optimized with the Yoast SEO plugin v25.1 - https:\/\/yoast.com\/wordpress\/plugins\/seo\/ -->\n<title>Ex candidato de Carabayllo, Alex Ar\u00e9valo, se sumo a pol\u00e9mica entre alcalde del PPC y ex alcalde del APRA<\/title>\n<meta name=\"description\" content=\"Portal de noticias del Per\u00fa sobre el transporte a\u00e9reo, aviaci\u00f3n, turismo, hoteleria, actualidad.\" \/>\n<meta name=\"robots\" content=\"index, follow, max-snippet:-1, max-image-preview:large, max-video-preview:-1\" \/>\n<link rel=\"canonical\" href=\"https:\/\/aeronoticias.com.pe\/noticiero\/nacionales\/ex-candidato-de-carabayllo-alex-arevalo-se-sumo-a-polemica-entre-alcalde-del-ppc-y-ex-alcalde-del-apra\/\" \/>\n<meta property=\"og:locale\" content=\"es_ES\" \/>\n<meta property=\"og:type\" content=\"article\" \/>\n<meta property=\"og:title\" content=\"Ex candidato de Carabayllo, Alex Ar\u00e9valo, se sumo a pol\u00e9mica entre alcalde del PPC y ex alcalde del APRA\" \/>\n<meta property=\"og:description\" content=\"Portal de noticias del Per\u00fa sobre el transporte a\u00e9reo, aviaci\u00f3n, turismo, hoteleria, actualidad.\" \/>\n<meta property=\"og:url\" content=\"https:\/\/aeronoticias.com.pe\/noticiero\/nacionales\/ex-candidato-de-carabayllo-alex-arevalo-se-sumo-a-polemica-entre-alcalde-del-ppc-y-ex-alcalde-del-apra\/\" \/>\n<meta property=\"og:site_name\" content=\"Aeronoticias.com.pe\" \/>\n<meta property=\"article:publisher\" content=\"https:\/\/www.facebook.com\/Aeronoticias.com.pe\/\" \/>\n<meta property=\"article:published_time\" content=\"2014-12-18T15:08:52+00:00\" \/>\n<meta name=\"author\" content=\"Redacci\u00f3n Aeronoticias\" \/>\n<meta name=\"twitter:card\" content=\"summary_large_image\" \/>\n<meta name=\"twitter:creator\" content=\"@aeronoticias\" \/>\n<meta name=\"twitter:site\" content=\"@aeronoticias\" \/>\n<meta name=\"twitter:label1\" content=\"Escrito por\" \/>\n\t<meta name=\"twitter:data1\" content=\"Redacci\u00f3n Aeronoticias\" \/>\n\t<meta name=\"twitter:label2\" content=\"Tiempo de lectura\" \/>\n\t<meta name=\"twitter:data2\" content=\"1 minuto\" \/>\n<script type=\"application\/ld+json\" class=\"yoast-schema-graph\">{\"@context\":\"https:\/\/schema.org\",\"@graph\":[{\"@type\":\"WebPage\",\"@id\":\"https:\/\/aeronoticias.com.pe\/noticiero\/nacionales\/ex-candidato-de-carabayllo-alex-arevalo-se-sumo-a-polemica-entre-alcalde-del-ppc-y-ex-alcalde-del-apra\/\",\"url\":\"https:\/\/aeronoticias.com.pe\/noticiero\/nacionales\/ex-candidato-de-carabayllo-alex-arevalo-se-sumo-a-polemica-entre-alcalde-del-ppc-y-ex-alcalde-del-apra\/\",\"name\":\"Ex candidato de Carabayllo, Alex Ar\u00e9valo, se sumo a pol\u00e9mica entre alcalde del PPC y ex alcalde del APRA\",\"isPartOf\":{\"@id\":\"https:\/\/aeronoticias.com.pe\/noticiero\/#website\"},\"datePublished\":\"2014-12-18T15:08:52+00:00\",\"author\":{\"@id\":\"https:\/\/aeronoticias.com.pe\/noticiero\/#\/schema\/person\/fc1e5d578f4b62ba1cf7ac2bba1170a0\"},\"description\":\"Portal de noticias del Per\u00fa sobre el transporte a\u00e9reo, aviaci\u00f3n, turismo, hoteleria, actualidad.\",\"breadcrumb\":{\"@id\":\"https:\/\/aeronoticias.com.pe\/noticiero\/nacionales\/ex-candidato-de-carabayllo-alex-arevalo-se-sumo-a-polemica-entre-alcalde-del-ppc-y-ex-alcalde-del-apra\/#breadcrumb\"},\"inLanguage\":\"es\",\"potentialAction\":[{\"@type\":\"ReadAction\",\"target\":[\"https:\/\/aeronoticias.com.pe\/noticiero\/nacionales\/ex-candidato-de-carabayllo-alex-arevalo-se-sumo-a-polemica-entre-alcalde-del-ppc-y-ex-alcalde-del-apra\/\"]}]},{\"@type\":\"BreadcrumbList\",\"@id\":\"https:\/\/aeronoticias.com.pe\/noticiero\/nacionales\/ex-candidato-de-carabayllo-alex-arevalo-se-sumo-a-polemica-entre-alcalde-del-ppc-y-ex-alcalde-del-apra\/#breadcrumb\",\"itemListElement\":[{\"@type\":\"ListItem\",\"position\":1,\"name\":\"Portada\",\"item\":\"https:\/\/aeronoticias.com.pe\/noticiero\/\"},{\"@type\":\"ListItem\",\"position\":2,\"name\":\"Ex candidato de Carabayllo, Alex Ar\u00e9valo, se sumo a pol\u00e9mica entre alcalde del PPC y ex alcalde del APRA\"}]},{\"@type\":\"WebSite\",\"@id\":\"https:\/\/aeronoticias.com.pe\/noticiero\/#website\",\"url\":\"https:\/\/aeronoticias.com.pe\/noticiero\/\",\"name\":\"Aeronoticias.com.pe\",\"description\":\"Noticias de tranporte aereo, turismo, hoteles, gastronomia, actualidad, internacional\",\"potentialAction\":[{\"@type\":\"SearchAction\",\"target\":{\"@type\":\"EntryPoint\",\"urlTemplate\":\"https:\/\/aeronoticias.com.pe\/noticiero\/?s={search_term_string}\"},\"query-input\":{\"@type\":\"PropertyValueSpecification\",\"valueRequired\":true,\"valueName\":\"search_term_string\"}}],\"inLanguage\":\"es\"},{\"@type\":\"Person\",\"@id\":\"https:\/\/aeronoticias.com.pe\/noticiero\/#\/schema\/person\/fc1e5d578f4b62ba1cf7ac2bba1170a0\",\"name\":\"Redacci\u00f3n Aeronoticias\",\"url\":\"https:\/\/aeronoticias.com.pe\/noticiero\/author\/piloto\/\"}]}<\/script>\n<!-- \/ Yoast SEO plugin. -->","yoast_head_json":{"title":"Ex candidato de Carabayllo, Alex Ar\u00e9valo, se sumo a pol\u00e9mica entre alcalde del PPC y ex alcalde del APRA","description":"Portal de noticias del Per\u00fa sobre el transporte a\u00e9reo, aviaci\u00f3n, turismo, hoteleria, actualidad.","robots":{"index":"index","follow":"follow","max-snippet":"max-snippet:-1","max-image-preview":"max-image-preview:large","max-video-preview":"max-video-preview:-1"},"canonical":"https:\/\/aeronoticias.com.pe\/noticiero\/nacionales\/ex-candidato-de-carabayllo-alex-arevalo-se-sumo-a-polemica-entre-alcalde-del-ppc-y-ex-alcalde-del-apra\/","og_locale":"es_ES","og_type":"article","og_title":"Ex candidato de Carabayllo, Alex Ar\u00e9valo, se sumo a pol\u00e9mica entre alcalde del PPC y ex alcalde del APRA","og_description":"Portal de noticias del Per\u00fa sobre el transporte a\u00e9reo, aviaci\u00f3n, turismo, hoteleria, actualidad.","og_url":"https:\/\/aeronoticias.com.pe\/noticiero\/nacionales\/ex-candidato-de-carabayllo-alex-arevalo-se-sumo-a-polemica-entre-alcalde-del-ppc-y-ex-alcalde-del-apra\/","og_site_name":"Aeronoticias.com.pe","article_publisher":"https:\/\/www.facebook.com\/Aeronoticias.com.pe\/","article_published_time":"2014-12-18T15:08:52+00:00","author":"Redacci\u00f3n Aeronoticias","twitter_card":"summary_large_image","twitter_creator":"@aeronoticias","twitter_site":"@aeronoticias","twitter_misc":{"Escrito por":"Redacci\u00f3n Aeronoticias","Tiempo de lectura":"1 minuto"},"schema":{"@context":"https:\/\/schema.org","@graph":[{"@type":"WebPage","@id":"https:\/\/aeronoticias.com.pe\/noticiero\/nacionales\/ex-candidato-de-carabayllo-alex-arevalo-se-sumo-a-polemica-entre-alcalde-del-ppc-y-ex-alcalde-del-apra\/","url":"https:\/\/aeronoticias.com.pe\/noticiero\/nacionales\/ex-candidato-de-carabayllo-alex-arevalo-se-sumo-a-polemica-entre-alcalde-del-ppc-y-ex-alcalde-del-apra\/","name":"Ex candidato de Carabayllo, Alex Ar\u00e9valo, se sumo a pol\u00e9mica entre alcalde del PPC y ex alcalde del APRA","isPartOf":{"@id":"https:\/\/aeronoticias.com.pe\/noticiero\/#website"},"datePublished":"2014-12-18T15:08:52+00:00","author":{"@id":"https:\/\/aeronoticias.com.pe\/noticiero\/#\/schema\/person\/fc1e5d578f4b62ba1cf7ac2bba1170a0"},"description":"Portal de noticias del Per\u00fa sobre el transporte a\u00e9reo, aviaci\u00f3n, turismo, hoteleria, actualidad.","breadcrumb":{"@id":"https:\/\/aeronoticias.com.pe\/noticiero\/nacionales\/ex-candidato-de-carabayllo-alex-arevalo-se-sumo-a-polemica-entre-alcalde-del-ppc-y-ex-alcalde-del-apra\/#breadcrumb"},"inLanguage":"es","potentialAction":[{"@type":"ReadAction","target":["https:\/\/aeronoticias.com.pe\/noticiero\/nacionales\/ex-candidato-de-carabayllo-alex-arevalo-se-sumo-a-polemica-entre-alcalde-del-ppc-y-ex-alcalde-del-apra\/"]}]},{"@type":"BreadcrumbList","@id":"https:\/\/aeronoticias.com.pe\/noticiero\/nacionales\/ex-candidato-de-carabayllo-alex-arevalo-se-sumo-a-polemica-entre-alcalde-del-ppc-y-ex-alcalde-del-apra\/#breadcrumb","itemListElement":[{"@type":"ListItem","position":1,"name":"Portada","item":"https:\/\/aeronoticias.com.pe\/noticiero\/"},{"@type":"ListItem","position":2,"name":"Ex candidato de Carabayllo, Alex Ar\u00e9valo, se sumo a pol\u00e9mica entre alcalde del PPC y ex alcalde del APRA"}]},{"@type":"WebSite","@id":"https:\/\/aeronoticias.com.pe\/noticiero\/#website","url":"https:\/\/aeronoticias.com.pe\/noticiero\/","name":"Aeronoticias.com.pe","description":"Noticias de tranporte aereo, turismo, hoteles, gastronomia, actualidad, internacional","potentialAction":[{"@type":"SearchAction","target":{"@type":"EntryPoint","urlTemplate":"https:\/\/aeronoticias.com.pe\/noticiero\/?s={search_term_string}"},"query-input":{"@type":"PropertyValueSpecification","valueRequired":true,"valueName":"search_term_string"}}],"inLanguage":"es"},{"@type":"Person","@id":"https:\/\/aeronoticias.com.pe\/noticiero\/#\/schema\/person\/fc1e5d578f4b62ba1cf7ac2bba1170a0","name":"Redacci\u00f3n Aeronoticias","url":"https:\/\/aeronoticias.com.pe\/noticiero\/author\/piloto\/"}]}},"_links":{"self":[{"href":"https:\/\/aeronoticias.com.pe\/noticiero\/wp-json\/wp\/v2\/posts\/50846","targetHints":{"allow":["GET"]}}],"collection":[{"href":"https:\/\/aeronoticias.com.pe\/noticiero\/wp-json\/wp\/v2\/posts"}],"about":[{"href":"https:\/\/aeronoticias.com.pe\/noticiero\/wp-json\/wp\/v2\/types\/post"}],"author":[{"embeddable":true,"href":"https:\/\/aeronoticias.com.pe\/noticiero\/wp-json\/wp\/v2\/users\/1"}],"replies":[{"embeddable":true,"href":"https:\/\/aeronoticias.com.pe\/noticiero\/wp-json\/wp\/v2\/comments?post=50846"}],"version-history":[{"count":0,"href":"https:\/\/aeronoticias.com.pe\/noticiero\/wp-json\/wp\/v2\/posts\/50846\/revisions"}],"wp:attachment":[{"href":"https:\/\/aeronoticias.com.pe\/noticiero\/wp-json\/wp\/v2\/media?parent=50846"}],"wp:term":[{"taxonomy":"category","embeddable":true,"href":"https:\/\/aeronoticias.com.pe\/noticiero\/wp-json\/wp\/v2\/categories?post=50846"},{"taxonomy":"post_tag","embeddable":true,"href":"https:\/\/aeronoticias.com.pe\/noticiero\/wp-json\/wp\/v2\/tags?post=50846"}],"curies":[{"name":"wp","href":"https:\/\/api.w.org\/{rel}","templated":true}]}}