{"id":50969,"date":"2014-12-27T11:01:00","date_gmt":"2014-12-27T11:01:00","guid":{"rendered":"http:\/\/desarrollo.mcvicious.com\/aero2020\/2014\/12\/27\/gana-peru-no-es-terquedad-insistir-en-ley-que-reconoce-derechos-para-los-jovenes\/"},"modified":"2014-12-27T11:01:00","modified_gmt":"2014-12-27T11:01:00","slug":"gana-peru-no-es-terquedad-insistir-en-ley-que-reconoce-derechos-para-los-jovenes","status":"publish","type":"post","link":"https:\/\/aeronoticias.com.pe\/noticiero\/politica\/gana-peru-no-es-terquedad-insistir-en-ley-que-reconoce-derechos-para-los-jovenes\/","title":{"rendered":"Gana Per\u00fa: no es terquedad insistir en ley que reconoce derechos para los j\u00f3venes"},"content":{"rendered":"<p style=\"text-align: justify;\"><img decoding=\"async\" src=\"images\/stories\/14\/12\/271214\/a4.jpg\" border=\"0\" \/><\/p>\n<p style=\"text-align: justify;\"><strong>(Aeronoticias).-<\/strong> No es terquedad insistir en una ley como la del r\u00e9gimen juvenil que saca del \u00abanonimato laboral\u00bb a miles de j\u00f3venes desempleados o cuyos derechos nunca fueron reconocidos, sostuvo hoy el vocero alterno de la bancada de Gana Peru, Te\u00f3filo Gamarra, al desestimar las cr\u00edticas de un sector de la oposici\u00f3n sobre la norma.<\/p>\n<p style=\"text-align: justify;\">  <!--more-->  Consider\u00f3 que la interpretaci\u00f3n de la norma debe partir de un diagn\u00f3stico real que se vive hoy en el pa\u00eds, que, seg\u00fan dijo, arroja que el 90 por ciento de j\u00f3venes que inician actividad laboral no est\u00e1 en planilla ni recibe beneficios sociales ni vacaciones.<\/p>\n<p style=\"text-align: justify;\">\u00abEntonces, \u00bfqu\u00e9 hacemos? \u00bfContinuamos esa tendencia o hacemos algo desde el Estado para empezar a formalizar el empleo juvenil, especialmente de aquellos que se inician?. El Gobierno lo est\u00e1 haciendo responsablemente\u00bb, asever\u00f3 el legislador.<\/p>\n<p style=\"text-align: justify;\">\u00abInsistir con una ley que enfrenta la problem\u00e1tica del empleo juvenil y que genera, a su vez, el compromiso del sector privado para sacar del anonimato a miles de j\u00f3venes sin ning\u00fan beneficio y formalizarlos, no es terquedad\u00bb, a\u00f1adi\u00f3.<\/p>\n<p style=\"text-align: justify;\">Gamarra se\u00f1al\u00f3 que si bien toda norma resulta perfectible y se pueden hacer ajustes en el camino, en relaci\u00f3n al empleo juvenil se deb\u00eda hacer algo.<\/p>\n<p style=\"text-align: justify;\">\u00abAhora habr\u00eda que preguntarse tambi\u00e9n \u00a0si la norma va a afectar a aquellos que terminan su carrera. Yo dir\u00eda que no, de ninguna manera, por ello no se debe usar a los universitarios en base a mentiras y falsedades\u00bb, dijo el congresista.<\/p>\n<p style=\"text-align: justify;\">Para el parlamentario nacionalista, a los pol\u00edticos que critican hoy la ley pero al inicio la apoyaron se les olvid\u00f3 ser responsables con las decisiones que asumen y mantenerlas firmes por m\u00e1s que estas puedan ser impopulares.<\/p>\n<p style=\"text-align: justify;\">\u00abNuestro pa\u00eds no se merece pol\u00edticos indecisos que nos llevan a la duda permanente, sino pol\u00edticos firmes y responsables\u00bb, coment\u00f3.<\/p>\n<p style=\"text-align: justify;\">Record\u00f3, adem\u00e1s, que anteriores gobiernos hicieron poco o nada por promover la actividad laboral juvenil o su capacitaci\u00f3n, como s\u00ed ocurre hoy a trav\u00e9s de la mencionada norma y programas como Beca 18.<\/p>\n<p style=\"text-align: justify;\">\u00a0<\/p>\n<p style=\"text-align: justify;\">Fuente: <strong><em>Andina<\/em><\/strong><\/p>\n<p style=\"text-align: justify;\">Foto: <strong><em>Andina<\/em><\/strong><\/p>\n","protected":false},"excerpt":{"rendered":"<p>(Aeronoticias).- No es terquedad insistir en una ley como la del r\u00e9gimen juvenil que saca del \u00abanonimato laboral\u00bb a miles de j\u00f3venes desempleados o cuyos derechos nunca fueron reconocidos, sostuvo hoy el vocero alterno de la bancada de Gana Peru, Te\u00f3filo Gamarra, al desestimar las cr\u00edticas de un sector de la oposici\u00f3n sobre la norma.<\/p>\n","protected":false},"author":1,"featured_media":0,"comment_status":"open","ping_status":"open","sticky":false,"template":"","format":"standard","meta":{"tdm_status":"","tdm_grid_status":"","footnotes":""},"categories":[36],"tags":[],"class_list":{"0":"post-50969","1":"post","2":"type-post","3":"status-publish","4":"format-standard","6":"category-politica"},"yoast_head":"<!-- This site is optimized with the Yoast SEO plugin v25.1 - https:\/\/yoast.com\/wordpress\/plugins\/seo\/ -->\n<title>Gana Per\u00fa: no es terquedad insistir en ley que reconoce derechos para los j\u00f3venes<\/title>\n<meta name=\"description\" content=\"Portal de noticias del Per\u00fa sobre el transporte a\u00e9reo, aviaci\u00f3n, turismo, hoteleria, actualidad.\" \/>\n<meta name=\"robots\" content=\"index, follow, max-snippet:-1, max-image-preview:large, max-video-preview:-1\" \/>\n<link rel=\"canonical\" href=\"https:\/\/aeronoticias.com.pe\/noticiero\/politica\/gana-peru-no-es-terquedad-insistir-en-ley-que-reconoce-derechos-para-los-jovenes\/\" \/>\n<meta property=\"og:locale\" content=\"es_ES\" \/>\n<meta property=\"og:type\" content=\"article\" \/>\n<meta property=\"og:title\" content=\"Gana Per\u00fa: no es terquedad insistir en ley que reconoce derechos para los j\u00f3venes\" \/>\n<meta property=\"og:description\" content=\"Portal de noticias del Per\u00fa sobre el transporte a\u00e9reo, aviaci\u00f3n, turismo, hoteleria, actualidad.\" \/>\n<meta property=\"og:url\" content=\"https:\/\/aeronoticias.com.pe\/noticiero\/politica\/gana-peru-no-es-terquedad-insistir-en-ley-que-reconoce-derechos-para-los-jovenes\/\" \/>\n<meta property=\"og:site_name\" content=\"Aeronoticias.com.pe\" \/>\n<meta property=\"article:publisher\" content=\"https:\/\/www.facebook.com\/Aeronoticias.com.pe\/\" \/>\n<meta property=\"article:published_time\" content=\"2014-12-27T11:01:00+00:00\" \/>\n<meta name=\"author\" content=\"Redacci\u00f3n Aeronoticias\" \/>\n<meta name=\"twitter:card\" content=\"summary_large_image\" \/>\n<meta name=\"twitter:creator\" content=\"@aeronoticias\" \/>\n<meta name=\"twitter:site\" content=\"@aeronoticias\" \/>\n<meta name=\"twitter:label1\" content=\"Escrito por\" \/>\n\t<meta name=\"twitter:data1\" content=\"Redacci\u00f3n Aeronoticias\" \/>\n\t<meta name=\"twitter:label2\" content=\"Tiempo de lectura\" \/>\n\t<meta name=\"twitter:data2\" content=\"2 minutos\" \/>\n<script type=\"application\/ld+json\" class=\"yoast-schema-graph\">{\"@context\":\"https:\/\/schema.org\",\"@graph\":[{\"@type\":\"WebPage\",\"@id\":\"https:\/\/aeronoticias.com.pe\/noticiero\/politica\/gana-peru-no-es-terquedad-insistir-en-ley-que-reconoce-derechos-para-los-jovenes\/\",\"url\":\"https:\/\/aeronoticias.com.pe\/noticiero\/politica\/gana-peru-no-es-terquedad-insistir-en-ley-que-reconoce-derechos-para-los-jovenes\/\",\"name\":\"Gana Per\u00fa: no es terquedad insistir en ley que reconoce derechos para los j\u00f3venes\",\"isPartOf\":{\"@id\":\"https:\/\/aeronoticias.com.pe\/noticiero\/#website\"},\"datePublished\":\"2014-12-27T11:01:00+00:00\",\"author\":{\"@id\":\"https:\/\/aeronoticias.com.pe\/noticiero\/#\/schema\/person\/fc1e5d578f4b62ba1cf7ac2bba1170a0\"},\"description\":\"Portal de noticias del Per\u00fa sobre el transporte a\u00e9reo, aviaci\u00f3n, turismo, hoteleria, actualidad.\",\"breadcrumb\":{\"@id\":\"https:\/\/aeronoticias.com.pe\/noticiero\/politica\/gana-peru-no-es-terquedad-insistir-en-ley-que-reconoce-derechos-para-los-jovenes\/#breadcrumb\"},\"inLanguage\":\"es\",\"potentialAction\":[{\"@type\":\"ReadAction\",\"target\":[\"https:\/\/aeronoticias.com.pe\/noticiero\/politica\/gana-peru-no-es-terquedad-insistir-en-ley-que-reconoce-derechos-para-los-jovenes\/\"]}]},{\"@type\":\"BreadcrumbList\",\"@id\":\"https:\/\/aeronoticias.com.pe\/noticiero\/politica\/gana-peru-no-es-terquedad-insistir-en-ley-que-reconoce-derechos-para-los-jovenes\/#breadcrumb\",\"itemListElement\":[{\"@type\":\"ListItem\",\"position\":1,\"name\":\"Portada\",\"item\":\"https:\/\/aeronoticias.com.pe\/noticiero\/\"},{\"@type\":\"ListItem\",\"position\":2,\"name\":\"Gana Per\u00fa: no es terquedad insistir en ley que reconoce derechos para los j\u00f3venes\"}]},{\"@type\":\"WebSite\",\"@id\":\"https:\/\/aeronoticias.com.pe\/noticiero\/#website\",\"url\":\"https:\/\/aeronoticias.com.pe\/noticiero\/\",\"name\":\"Aeronoticias.com.pe\",\"description\":\"Noticias de tranporte aereo, turismo, hoteles, gastronomia, actualidad, internacional\",\"potentialAction\":[{\"@type\":\"SearchAction\",\"target\":{\"@type\":\"EntryPoint\",\"urlTemplate\":\"https:\/\/aeronoticias.com.pe\/noticiero\/?s={search_term_string}\"},\"query-input\":{\"@type\":\"PropertyValueSpecification\",\"valueRequired\":true,\"valueName\":\"search_term_string\"}}],\"inLanguage\":\"es\"},{\"@type\":\"Person\",\"@id\":\"https:\/\/aeronoticias.com.pe\/noticiero\/#\/schema\/person\/fc1e5d578f4b62ba1cf7ac2bba1170a0\",\"name\":\"Redacci\u00f3n Aeronoticias\",\"url\":\"https:\/\/aeronoticias.com.pe\/noticiero\/author\/piloto\/\"}]}<\/script>\n<!-- \/ Yoast SEO plugin. -->","yoast_head_json":{"title":"Gana Per\u00fa: no es terquedad insistir en ley que reconoce derechos para los j\u00f3venes","description":"Portal de noticias del Per\u00fa sobre el transporte a\u00e9reo, aviaci\u00f3n, turismo, hoteleria, actualidad.","robots":{"index":"index","follow":"follow","max-snippet":"max-snippet:-1","max-image-preview":"max-image-preview:large","max-video-preview":"max-video-preview:-1"},"canonical":"https:\/\/aeronoticias.com.pe\/noticiero\/politica\/gana-peru-no-es-terquedad-insistir-en-ley-que-reconoce-derechos-para-los-jovenes\/","og_locale":"es_ES","og_type":"article","og_title":"Gana Per\u00fa: no es terquedad insistir en ley que reconoce derechos para los j\u00f3venes","og_description":"Portal de noticias del Per\u00fa sobre el transporte a\u00e9reo, aviaci\u00f3n, turismo, hoteleria, actualidad.","og_url":"https:\/\/aeronoticias.com.pe\/noticiero\/politica\/gana-peru-no-es-terquedad-insistir-en-ley-que-reconoce-derechos-para-los-jovenes\/","og_site_name":"Aeronoticias.com.pe","article_publisher":"https:\/\/www.facebook.com\/Aeronoticias.com.pe\/","article_published_time":"2014-12-27T11:01:00+00:00","author":"Redacci\u00f3n Aeronoticias","twitter_card":"summary_large_image","twitter_creator":"@aeronoticias","twitter_site":"@aeronoticias","twitter_misc":{"Escrito por":"Redacci\u00f3n Aeronoticias","Tiempo de lectura":"2 minutos"},"schema":{"@context":"https:\/\/schema.org","@graph":[{"@type":"WebPage","@id":"https:\/\/aeronoticias.com.pe\/noticiero\/politica\/gana-peru-no-es-terquedad-insistir-en-ley-que-reconoce-derechos-para-los-jovenes\/","url":"https:\/\/aeronoticias.com.pe\/noticiero\/politica\/gana-peru-no-es-terquedad-insistir-en-ley-que-reconoce-derechos-para-los-jovenes\/","name":"Gana Per\u00fa: no es terquedad insistir en ley que reconoce derechos para los j\u00f3venes","isPartOf":{"@id":"https:\/\/aeronoticias.com.pe\/noticiero\/#website"},"datePublished":"2014-12-27T11:01:00+00:00","author":{"@id":"https:\/\/aeronoticias.com.pe\/noticiero\/#\/schema\/person\/fc1e5d578f4b62ba1cf7ac2bba1170a0"},"description":"Portal de noticias del Per\u00fa sobre el transporte a\u00e9reo, aviaci\u00f3n, turismo, hoteleria, actualidad.","breadcrumb":{"@id":"https:\/\/aeronoticias.com.pe\/noticiero\/politica\/gana-peru-no-es-terquedad-insistir-en-ley-que-reconoce-derechos-para-los-jovenes\/#breadcrumb"},"inLanguage":"es","potentialAction":[{"@type":"ReadAction","target":["https:\/\/aeronoticias.com.pe\/noticiero\/politica\/gana-peru-no-es-terquedad-insistir-en-ley-que-reconoce-derechos-para-los-jovenes\/"]}]},{"@type":"BreadcrumbList","@id":"https:\/\/aeronoticias.com.pe\/noticiero\/politica\/gana-peru-no-es-terquedad-insistir-en-ley-que-reconoce-derechos-para-los-jovenes\/#breadcrumb","itemListElement":[{"@type":"ListItem","position":1,"name":"Portada","item":"https:\/\/aeronoticias.com.pe\/noticiero\/"},{"@type":"ListItem","position":2,"name":"Gana Per\u00fa: no es terquedad insistir en ley que reconoce derechos para los j\u00f3venes"}]},{"@type":"WebSite","@id":"https:\/\/aeronoticias.com.pe\/noticiero\/#website","url":"https:\/\/aeronoticias.com.pe\/noticiero\/","name":"Aeronoticias.com.pe","description":"Noticias de tranporte aereo, turismo, hoteles, gastronomia, actualidad, internacional","potentialAction":[{"@type":"SearchAction","target":{"@type":"EntryPoint","urlTemplate":"https:\/\/aeronoticias.com.pe\/noticiero\/?s={search_term_string}"},"query-input":{"@type":"PropertyValueSpecification","valueRequired":true,"valueName":"search_term_string"}}],"inLanguage":"es"},{"@type":"Person","@id":"https:\/\/aeronoticias.com.pe\/noticiero\/#\/schema\/person\/fc1e5d578f4b62ba1cf7ac2bba1170a0","name":"Redacci\u00f3n Aeronoticias","url":"https:\/\/aeronoticias.com.pe\/noticiero\/author\/piloto\/"}]}},"_links":{"self":[{"href":"https:\/\/aeronoticias.com.pe\/noticiero\/wp-json\/wp\/v2\/posts\/50969","targetHints":{"allow":["GET"]}}],"collection":[{"href":"https:\/\/aeronoticias.com.pe\/noticiero\/wp-json\/wp\/v2\/posts"}],"about":[{"href":"https:\/\/aeronoticias.com.pe\/noticiero\/wp-json\/wp\/v2\/types\/post"}],"author":[{"embeddable":true,"href":"https:\/\/aeronoticias.com.pe\/noticiero\/wp-json\/wp\/v2\/users\/1"}],"replies":[{"embeddable":true,"href":"https:\/\/aeronoticias.com.pe\/noticiero\/wp-json\/wp\/v2\/comments?post=50969"}],"version-history":[{"count":0,"href":"https:\/\/aeronoticias.com.pe\/noticiero\/wp-json\/wp\/v2\/posts\/50969\/revisions"}],"wp:attachment":[{"href":"https:\/\/aeronoticias.com.pe\/noticiero\/wp-json\/wp\/v2\/media?parent=50969"}],"wp:term":[{"taxonomy":"category","embeddable":true,"href":"https:\/\/aeronoticias.com.pe\/noticiero\/wp-json\/wp\/v2\/categories?post=50969"},{"taxonomy":"post_tag","embeddable":true,"href":"https:\/\/aeronoticias.com.pe\/noticiero\/wp-json\/wp\/v2\/tags?post=50969"}],"curies":[{"name":"wp","href":"https:\/\/api.w.org\/{rel}","templated":true}]}}