{"id":51046,"date":"2015-01-05T11:52:59","date_gmt":"2015-01-05T11:52:59","guid":{"rendered":"http:\/\/desarrollo.mcvicious.com\/aero2020\/2015\/01\/05\/un-huaico-arrastra-y-deja-herido-a-turista-en-cocalmayo\/"},"modified":"2015-01-05T11:52:59","modified_gmt":"2015-01-05T11:52:59","slug":"un-huaico-arrastra-y-deja-herido-a-turista-en-cocalmayo","status":"publish","type":"post","link":"https:\/\/aeronoticias.com.pe\/noticiero\/nacionales\/un-huaico-arrastra-y-deja-herido-a-turista-en-cocalmayo\/","title":{"rendered":"Un huaico arrastra y deja herido a turista en Cocalmayo"},"content":{"rendered":"<p style=\"text-align: justify;\"><strong>(Aeronoticias).-<\/strong> Un huaico arrastr\u00f3 y dej\u00f3 malherido al turista Lucas Gabriel Guilardoni, de 30 a\u00f1os, en el distrito de Cocalmayo, jurisdicci\u00f3n de Santa Teresa, en la provincia de La Convenci\u00f3n, regi\u00f3n Cusco.<\/p>\n<p style=\"text-align: justify;\">Guilardoni, cuya nacionalidad a\u00fan no es precisada, iba por la orilla de una fuente de aguas termales de la zona, cuando cay\u00f3 el huaico y una roca golpe\u00f3 su cabeza. El turista cay\u00f3 a un barranco de 20 metros y termin\u00f3 en el r\u00edo Vilcanota.<\/p>\n<p style=\"text-align: justify;\">Guilardoni hab\u00eda tomado la ruta de Cocalmayo hacia Machu Picchu, pues se trata de un tramo alterno al de Aguas Verdes.<\/p>\n<p style=\"text-align: justify;\">Luego del accidente lo transfirieron a Quillabamba para que reciba atenci\u00f3n m\u00e9dica. Ya se est\u00e1 recuperando de unas heridas profundas en la cabeza y la cara.<\/p>\n<p style=\"text-align: justify;\">Luego del alud, la carretera de Cocalmayo qued\u00f3 cerrada al tr\u00e1nsito vehicular.<\/p>\n<p style=\"text-align: justify;\">Fuente: <em><strong><span style=\"text-decoration: underline;\">El Comercio<\/span><\/strong><\/em>.<\/p>\n<p style=\"text-align: justify;\"><img decoding=\"async\" src=\"http:\/\/cde.3.elcomercio.pe\/ima\/0\/1\/0\/3\/4\/1034637.jpg\" border=\"0\" alt=\"Un huaico arrastra y deja herido a turista en Cocalmayo\" \/><\/p>\n","protected":false},"excerpt":{"rendered":"<p>(Aeronoticias).- Un huaico arrastr\u00f3 y dej\u00f3 malherido al turista Lucas Gabriel Guilardoni, de 30 a\u00f1os, en el distrito de Cocalmayo, jurisdicci\u00f3n de Santa Teresa, en la provincia de La Convenci\u00f3n, regi\u00f3n Cusco. Guilardoni, cuya nacionalidad a\u00fan no es precisada, iba por la orilla de una fuente de aguas termales de la zona, cuando cay\u00f3 el [&hellip;]<\/p>\n","protected":false},"author":1,"featured_media":0,"comment_status":"open","ping_status":"open","sticky":false,"template":"","format":"standard","meta":{"tdm_status":"","tdm_grid_status":"","footnotes":""},"categories":[38],"tags":[],"class_list":{"0":"post-51046","1":"post","2":"type-post","3":"status-publish","4":"format-standard","6":"category-nacionales"},"yoast_head":"<!-- This site is optimized with the Yoast SEO plugin v25.1 - https:\/\/yoast.com\/wordpress\/plugins\/seo\/ -->\n<title>Un huaico arrastra y deja herido a turista en Cocalmayo<\/title>\n<meta name=\"description\" content=\"Portal de noticias del Per\u00fa sobre el transporte a\u00e9reo, aviaci\u00f3n, turismo, hoteleria, actualidad.\" \/>\n<meta name=\"robots\" content=\"index, follow, max-snippet:-1, max-image-preview:large, max-video-preview:-1\" \/>\n<link rel=\"canonical\" href=\"https:\/\/aeronoticias.com.pe\/noticiero\/nacionales\/un-huaico-arrastra-y-deja-herido-a-turista-en-cocalmayo\/\" \/>\n<meta property=\"og:locale\" content=\"es_ES\" \/>\n<meta property=\"og:type\" content=\"article\" \/>\n<meta property=\"og:title\" content=\"Un huaico arrastra y deja herido a turista en Cocalmayo\" \/>\n<meta property=\"og:description\" content=\"Portal de noticias del Per\u00fa sobre el transporte a\u00e9reo, aviaci\u00f3n, turismo, hoteleria, actualidad.\" \/>\n<meta property=\"og:url\" content=\"https:\/\/aeronoticias.com.pe\/noticiero\/nacionales\/un-huaico-arrastra-y-deja-herido-a-turista-en-cocalmayo\/\" \/>\n<meta property=\"og:site_name\" content=\"Aeronoticias.com.pe\" \/>\n<meta property=\"article:publisher\" content=\"https:\/\/www.facebook.com\/Aeronoticias.com.pe\/\" \/>\n<meta property=\"article:published_time\" content=\"2015-01-05T11:52:59+00:00\" \/>\n<meta property=\"og:image\" content=\"http:\/\/cde.3.elcomercio.pe\/ima\/0\/1\/0\/3\/4\/1034637.jpg\" \/>\n<meta name=\"author\" content=\"Redacci\u00f3n Aeronoticias\" \/>\n<meta name=\"twitter:card\" content=\"summary_large_image\" \/>\n<meta name=\"twitter:creator\" content=\"@aeronoticias\" \/>\n<meta name=\"twitter:site\" content=\"@aeronoticias\" \/>\n<meta name=\"twitter:label1\" content=\"Escrito por\" \/>\n\t<meta name=\"twitter:data1\" content=\"Redacci\u00f3n Aeronoticias\" \/>\n\t<meta name=\"twitter:label2\" content=\"Tiempo de lectura\" \/>\n\t<meta name=\"twitter:data2\" content=\"1 minuto\" \/>\n<script type=\"application\/ld+json\" class=\"yoast-schema-graph\">{\"@context\":\"https:\/\/schema.org\",\"@graph\":[{\"@type\":\"WebPage\",\"@id\":\"https:\/\/aeronoticias.com.pe\/noticiero\/nacionales\/un-huaico-arrastra-y-deja-herido-a-turista-en-cocalmayo\/\",\"url\":\"https:\/\/aeronoticias.com.pe\/noticiero\/nacionales\/un-huaico-arrastra-y-deja-herido-a-turista-en-cocalmayo\/\",\"name\":\"Un huaico arrastra y deja herido a turista en Cocalmayo\",\"isPartOf\":{\"@id\":\"https:\/\/aeronoticias.com.pe\/noticiero\/#website\"},\"primaryImageOfPage\":{\"@id\":\"https:\/\/aeronoticias.com.pe\/noticiero\/nacionales\/un-huaico-arrastra-y-deja-herido-a-turista-en-cocalmayo\/#primaryimage\"},\"image\":{\"@id\":\"https:\/\/aeronoticias.com.pe\/noticiero\/nacionales\/un-huaico-arrastra-y-deja-herido-a-turista-en-cocalmayo\/#primaryimage\"},\"thumbnailUrl\":\"http:\/\/cde.3.elcomercio.pe\/ima\/0\/1\/0\/3\/4\/1034637.jpg\",\"datePublished\":\"2015-01-05T11:52:59+00:00\",\"author\":{\"@id\":\"https:\/\/aeronoticias.com.pe\/noticiero\/#\/schema\/person\/fc1e5d578f4b62ba1cf7ac2bba1170a0\"},\"description\":\"Portal de noticias del Per\u00fa sobre el transporte a\u00e9reo, aviaci\u00f3n, turismo, hoteleria, actualidad.\",\"breadcrumb\":{\"@id\":\"https:\/\/aeronoticias.com.pe\/noticiero\/nacionales\/un-huaico-arrastra-y-deja-herido-a-turista-en-cocalmayo\/#breadcrumb\"},\"inLanguage\":\"es\",\"potentialAction\":[{\"@type\":\"ReadAction\",\"target\":[\"https:\/\/aeronoticias.com.pe\/noticiero\/nacionales\/un-huaico-arrastra-y-deja-herido-a-turista-en-cocalmayo\/\"]}]},{\"@type\":\"ImageObject\",\"inLanguage\":\"es\",\"@id\":\"https:\/\/aeronoticias.com.pe\/noticiero\/nacionales\/un-huaico-arrastra-y-deja-herido-a-turista-en-cocalmayo\/#primaryimage\",\"url\":\"http:\/\/cde.3.elcomercio.pe\/ima\/0\/1\/0\/3\/4\/1034637.jpg\",\"contentUrl\":\"http:\/\/cde.3.elcomercio.pe\/ima\/0\/1\/0\/3\/4\/1034637.jpg\"},{\"@type\":\"BreadcrumbList\",\"@id\":\"https:\/\/aeronoticias.com.pe\/noticiero\/nacionales\/un-huaico-arrastra-y-deja-herido-a-turista-en-cocalmayo\/#breadcrumb\",\"itemListElement\":[{\"@type\":\"ListItem\",\"position\":1,\"name\":\"Portada\",\"item\":\"https:\/\/aeronoticias.com.pe\/noticiero\/\"},{\"@type\":\"ListItem\",\"position\":2,\"name\":\"Un huaico arrastra y deja herido a turista en Cocalmayo\"}]},{\"@type\":\"WebSite\",\"@id\":\"https:\/\/aeronoticias.com.pe\/noticiero\/#website\",\"url\":\"https:\/\/aeronoticias.com.pe\/noticiero\/\",\"name\":\"Aeronoticias.com.pe\",\"description\":\"Noticias de tranporte aereo, turismo, hoteles, gastronomia, actualidad, internacional\",\"potentialAction\":[{\"@type\":\"SearchAction\",\"target\":{\"@type\":\"EntryPoint\",\"urlTemplate\":\"https:\/\/aeronoticias.com.pe\/noticiero\/?s={search_term_string}\"},\"query-input\":{\"@type\":\"PropertyValueSpecification\",\"valueRequired\":true,\"valueName\":\"search_term_string\"}}],\"inLanguage\":\"es\"},{\"@type\":\"Person\",\"@id\":\"https:\/\/aeronoticias.com.pe\/noticiero\/#\/schema\/person\/fc1e5d578f4b62ba1cf7ac2bba1170a0\",\"name\":\"Redacci\u00f3n Aeronoticias\",\"url\":\"https:\/\/aeronoticias.com.pe\/noticiero\/author\/piloto\/\"}]}<\/script>\n<!-- \/ Yoast SEO plugin. -->","yoast_head_json":{"title":"Un huaico arrastra y deja herido a turista en Cocalmayo","description":"Portal de noticias del Per\u00fa sobre el transporte a\u00e9reo, aviaci\u00f3n, turismo, hoteleria, actualidad.","robots":{"index":"index","follow":"follow","max-snippet":"max-snippet:-1","max-image-preview":"max-image-preview:large","max-video-preview":"max-video-preview:-1"},"canonical":"https:\/\/aeronoticias.com.pe\/noticiero\/nacionales\/un-huaico-arrastra-y-deja-herido-a-turista-en-cocalmayo\/","og_locale":"es_ES","og_type":"article","og_title":"Un huaico arrastra y deja herido a turista en Cocalmayo","og_description":"Portal de noticias del Per\u00fa sobre el transporte a\u00e9reo, aviaci\u00f3n, turismo, hoteleria, actualidad.","og_url":"https:\/\/aeronoticias.com.pe\/noticiero\/nacionales\/un-huaico-arrastra-y-deja-herido-a-turista-en-cocalmayo\/","og_site_name":"Aeronoticias.com.pe","article_publisher":"https:\/\/www.facebook.com\/Aeronoticias.com.pe\/","article_published_time":"2015-01-05T11:52:59+00:00","og_image":[{"url":"http:\/\/cde.3.elcomercio.pe\/ima\/0\/1\/0\/3\/4\/1034637.jpg","type":"","width":"","height":""}],"author":"Redacci\u00f3n Aeronoticias","twitter_card":"summary_large_image","twitter_creator":"@aeronoticias","twitter_site":"@aeronoticias","twitter_misc":{"Escrito por":"Redacci\u00f3n Aeronoticias","Tiempo de lectura":"1 minuto"},"schema":{"@context":"https:\/\/schema.org","@graph":[{"@type":"WebPage","@id":"https:\/\/aeronoticias.com.pe\/noticiero\/nacionales\/un-huaico-arrastra-y-deja-herido-a-turista-en-cocalmayo\/","url":"https:\/\/aeronoticias.com.pe\/noticiero\/nacionales\/un-huaico-arrastra-y-deja-herido-a-turista-en-cocalmayo\/","name":"Un huaico arrastra y deja herido a turista en Cocalmayo","isPartOf":{"@id":"https:\/\/aeronoticias.com.pe\/noticiero\/#website"},"primaryImageOfPage":{"@id":"https:\/\/aeronoticias.com.pe\/noticiero\/nacionales\/un-huaico-arrastra-y-deja-herido-a-turista-en-cocalmayo\/#primaryimage"},"image":{"@id":"https:\/\/aeronoticias.com.pe\/noticiero\/nacionales\/un-huaico-arrastra-y-deja-herido-a-turista-en-cocalmayo\/#primaryimage"},"thumbnailUrl":"http:\/\/cde.3.elcomercio.pe\/ima\/0\/1\/0\/3\/4\/1034637.jpg","datePublished":"2015-01-05T11:52:59+00:00","author":{"@id":"https:\/\/aeronoticias.com.pe\/noticiero\/#\/schema\/person\/fc1e5d578f4b62ba1cf7ac2bba1170a0"},"description":"Portal de noticias del Per\u00fa sobre el transporte a\u00e9reo, aviaci\u00f3n, turismo, hoteleria, actualidad.","breadcrumb":{"@id":"https:\/\/aeronoticias.com.pe\/noticiero\/nacionales\/un-huaico-arrastra-y-deja-herido-a-turista-en-cocalmayo\/#breadcrumb"},"inLanguage":"es","potentialAction":[{"@type":"ReadAction","target":["https:\/\/aeronoticias.com.pe\/noticiero\/nacionales\/un-huaico-arrastra-y-deja-herido-a-turista-en-cocalmayo\/"]}]},{"@type":"ImageObject","inLanguage":"es","@id":"https:\/\/aeronoticias.com.pe\/noticiero\/nacionales\/un-huaico-arrastra-y-deja-herido-a-turista-en-cocalmayo\/#primaryimage","url":"http:\/\/cde.3.elcomercio.pe\/ima\/0\/1\/0\/3\/4\/1034637.jpg","contentUrl":"http:\/\/cde.3.elcomercio.pe\/ima\/0\/1\/0\/3\/4\/1034637.jpg"},{"@type":"BreadcrumbList","@id":"https:\/\/aeronoticias.com.pe\/noticiero\/nacionales\/un-huaico-arrastra-y-deja-herido-a-turista-en-cocalmayo\/#breadcrumb","itemListElement":[{"@type":"ListItem","position":1,"name":"Portada","item":"https:\/\/aeronoticias.com.pe\/noticiero\/"},{"@type":"ListItem","position":2,"name":"Un huaico arrastra y deja herido a turista en Cocalmayo"}]},{"@type":"WebSite","@id":"https:\/\/aeronoticias.com.pe\/noticiero\/#website","url":"https:\/\/aeronoticias.com.pe\/noticiero\/","name":"Aeronoticias.com.pe","description":"Noticias de tranporte aereo, turismo, hoteles, gastronomia, actualidad, internacional","potentialAction":[{"@type":"SearchAction","target":{"@type":"EntryPoint","urlTemplate":"https:\/\/aeronoticias.com.pe\/noticiero\/?s={search_term_string}"},"query-input":{"@type":"PropertyValueSpecification","valueRequired":true,"valueName":"search_term_string"}}],"inLanguage":"es"},{"@type":"Person","@id":"https:\/\/aeronoticias.com.pe\/noticiero\/#\/schema\/person\/fc1e5d578f4b62ba1cf7ac2bba1170a0","name":"Redacci\u00f3n Aeronoticias","url":"https:\/\/aeronoticias.com.pe\/noticiero\/author\/piloto\/"}]}},"_links":{"self":[{"href":"https:\/\/aeronoticias.com.pe\/noticiero\/wp-json\/wp\/v2\/posts\/51046","targetHints":{"allow":["GET"]}}],"collection":[{"href":"https:\/\/aeronoticias.com.pe\/noticiero\/wp-json\/wp\/v2\/posts"}],"about":[{"href":"https:\/\/aeronoticias.com.pe\/noticiero\/wp-json\/wp\/v2\/types\/post"}],"author":[{"embeddable":true,"href":"https:\/\/aeronoticias.com.pe\/noticiero\/wp-json\/wp\/v2\/users\/1"}],"replies":[{"embeddable":true,"href":"https:\/\/aeronoticias.com.pe\/noticiero\/wp-json\/wp\/v2\/comments?post=51046"}],"version-history":[{"count":0,"href":"https:\/\/aeronoticias.com.pe\/noticiero\/wp-json\/wp\/v2\/posts\/51046\/revisions"}],"wp:attachment":[{"href":"https:\/\/aeronoticias.com.pe\/noticiero\/wp-json\/wp\/v2\/media?parent=51046"}],"wp:term":[{"taxonomy":"category","embeddable":true,"href":"https:\/\/aeronoticias.com.pe\/noticiero\/wp-json\/wp\/v2\/categories?post=51046"},{"taxonomy":"post_tag","embeddable":true,"href":"https:\/\/aeronoticias.com.pe\/noticiero\/wp-json\/wp\/v2\/tags?post=51046"}],"curies":[{"name":"wp","href":"https:\/\/api.w.org\/{rel}","templated":true}]}}