{"id":51048,"date":"2015-01-05T11:58:51","date_gmt":"2015-01-05T11:58:51","guid":{"rendered":"http:\/\/desarrollo.mcvicious.com\/aero2020\/2015\/01\/05\/manufactura-global-del-2014-cierra-en-tono-menor\/"},"modified":"2015-01-05T11:58:51","modified_gmt":"2015-01-05T11:58:51","slug":"manufactura-global-del-2014-cierra-en-tono-menor","status":"publish","type":"post","link":"https:\/\/aeronoticias.com.pe\/noticiero\/economia\/manufactura-global-del-2014-cierra-en-tono-menor\/","title":{"rendered":"Manufactura global del 2014 cierra en tono menor"},"content":{"rendered":"<p style=\"text-align: justify;\"><strong>(Aeronoticias).-<\/strong> La actividad del sector manufacturera global creci\u00f3 a su ritmo m\u00e1s moderado en m\u00e1s de un a\u00f1o a fines de 2014, seg\u00fan mostr\u00f3 el viernes un sondeo empresarial, pese a que las f\u00e1bricas aplicaron los mayores recortes a sus precios en nueve meses.<\/p>\n<p style=\"text-align: justify;\">El \u00edndice global de gerentes de compras (PMI) de JPMorgan, elaborado por Markit, cay\u00f3 a 51,6 en diciembre desde 51,8 en noviembre.<\/p>\n<p style=\"text-align: justify;\">La cifra es la m\u00e1s baja desde agosto de 2013. Pese a ello, el indicador acumula dos a\u00f1os por encima de la marca de 50, que separa crecimiento de contracci\u00f3n.<\/p>\n<p style=\"text-align: justify;\">En tanto, el PMI que cubre a los precios de producci\u00f3n cay\u00f3 por debajo de 50, a 49,3, en comparaci\u00f3n a 50,1 registrado en noviembre.<\/p>\n<p style=\"text-align: justify;\">El PMI combina datos provenientes de sondeos en una lista de pa\u00edses que incluye a Estados Unidos, Jap\u00f3n, Alemania, Francia, Gran Breta\u00f1a, China y Rusia.<\/p>\n<p style=\"text-align: justify;\">Fuente: <span style=\"text-decoration: underline;\"><strong><em>RPP.<\/em><\/strong><\/span><\/p>\n<p style=\"text-align: justify;\"><img decoding=\"async\" title=\"Manufactura global del 2014 cierra en tono menor\" class=\"img_640x480\" src=\"http:\/\/www.rpp.com.pe\/manufactura-global-del-2014-cierra-en-tono-menor-imagen-noticia-8-n-\/images\/picnewsa\/1461074.jpg\" border=\"0\" alt=\"Manufactura global del 2014 cierra en tono menor\" \/><\/p>\n","protected":false},"excerpt":{"rendered":"<p>(Aeronoticias).- La actividad del sector manufacturera global creci\u00f3 a su ritmo m\u00e1s moderado en m\u00e1s de un a\u00f1o a fines de 2014, seg\u00fan mostr\u00f3 el viernes un sondeo empresarial, pese a que las f\u00e1bricas aplicaron los mayores recortes a sus precios en nueve meses. El \u00edndice global de gerentes de compras (PMI) de JPMorgan, elaborado [&hellip;]<\/p>\n","protected":false},"author":1,"featured_media":0,"comment_status":"open","ping_status":"open","sticky":false,"template":"","format":"standard","meta":{"tdm_status":"","tdm_grid_status":"","footnotes":""},"categories":[33],"tags":[],"class_list":{"0":"post-51048","1":"post","2":"type-post","3":"status-publish","4":"format-standard","6":"category-economia"},"yoast_head":"<!-- This site is optimized with the Yoast SEO plugin v25.1 - https:\/\/yoast.com\/wordpress\/plugins\/seo\/ -->\n<title>Manufactura global del 2014 cierra en tono menor<\/title>\n<meta name=\"description\" content=\"Portal de noticias del Per\u00fa sobre el transporte a\u00e9reo, aviaci\u00f3n, turismo, hoteleria, actualidad.\" \/>\n<meta name=\"robots\" content=\"index, follow, max-snippet:-1, max-image-preview:large, max-video-preview:-1\" \/>\n<link rel=\"canonical\" href=\"https:\/\/aeronoticias.com.pe\/noticiero\/economia\/manufactura-global-del-2014-cierra-en-tono-menor\/\" \/>\n<meta property=\"og:locale\" content=\"es_ES\" \/>\n<meta property=\"og:type\" content=\"article\" \/>\n<meta property=\"og:title\" content=\"Manufactura global del 2014 cierra en tono menor\" \/>\n<meta property=\"og:description\" content=\"Portal de noticias del Per\u00fa sobre el transporte a\u00e9reo, aviaci\u00f3n, turismo, hoteleria, actualidad.\" \/>\n<meta property=\"og:url\" content=\"https:\/\/aeronoticias.com.pe\/noticiero\/economia\/manufactura-global-del-2014-cierra-en-tono-menor\/\" \/>\n<meta property=\"og:site_name\" content=\"Aeronoticias.com.pe\" \/>\n<meta property=\"article:publisher\" content=\"https:\/\/www.facebook.com\/Aeronoticias.com.pe\/\" \/>\n<meta property=\"article:published_time\" content=\"2015-01-05T11:58:51+00:00\" \/>\n<meta property=\"og:image\" content=\"http:\/\/www.rpp.com.pe\/manufactura-global-del-2014-cierra-en-tono-menor-imagen-noticia-8-n-\/images\/picnewsa\/1461074.jpg\" \/>\n<meta name=\"author\" content=\"Redacci\u00f3n Aeronoticias\" \/>\n<meta name=\"twitter:card\" content=\"summary_large_image\" \/>\n<meta name=\"twitter:creator\" content=\"@aeronoticias\" \/>\n<meta name=\"twitter:site\" content=\"@aeronoticias\" \/>\n<meta name=\"twitter:label1\" content=\"Escrito por\" \/>\n\t<meta name=\"twitter:data1\" content=\"Redacci\u00f3n Aeronoticias\" \/>\n\t<meta name=\"twitter:label2\" content=\"Tiempo de lectura\" \/>\n\t<meta name=\"twitter:data2\" content=\"1 minuto\" \/>\n<script type=\"application\/ld+json\" class=\"yoast-schema-graph\">{\"@context\":\"https:\/\/schema.org\",\"@graph\":[{\"@type\":\"WebPage\",\"@id\":\"https:\/\/aeronoticias.com.pe\/noticiero\/economia\/manufactura-global-del-2014-cierra-en-tono-menor\/\",\"url\":\"https:\/\/aeronoticias.com.pe\/noticiero\/economia\/manufactura-global-del-2014-cierra-en-tono-menor\/\",\"name\":\"Manufactura global del 2014 cierra en tono menor\",\"isPartOf\":{\"@id\":\"https:\/\/aeronoticias.com.pe\/noticiero\/#website\"},\"primaryImageOfPage\":{\"@id\":\"https:\/\/aeronoticias.com.pe\/noticiero\/economia\/manufactura-global-del-2014-cierra-en-tono-menor\/#primaryimage\"},\"image\":{\"@id\":\"https:\/\/aeronoticias.com.pe\/noticiero\/economia\/manufactura-global-del-2014-cierra-en-tono-menor\/#primaryimage\"},\"thumbnailUrl\":\"http:\/\/www.rpp.com.pe\/manufactura-global-del-2014-cierra-en-tono-menor-imagen-noticia-8-n-\/images\/picnewsa\/1461074.jpg\",\"datePublished\":\"2015-01-05T11:58:51+00:00\",\"author\":{\"@id\":\"https:\/\/aeronoticias.com.pe\/noticiero\/#\/schema\/person\/fc1e5d578f4b62ba1cf7ac2bba1170a0\"},\"description\":\"Portal de noticias del Per\u00fa sobre el transporte a\u00e9reo, aviaci\u00f3n, turismo, hoteleria, actualidad.\",\"breadcrumb\":{\"@id\":\"https:\/\/aeronoticias.com.pe\/noticiero\/economia\/manufactura-global-del-2014-cierra-en-tono-menor\/#breadcrumb\"},\"inLanguage\":\"es\",\"potentialAction\":[{\"@type\":\"ReadAction\",\"target\":[\"https:\/\/aeronoticias.com.pe\/noticiero\/economia\/manufactura-global-del-2014-cierra-en-tono-menor\/\"]}]},{\"@type\":\"ImageObject\",\"inLanguage\":\"es\",\"@id\":\"https:\/\/aeronoticias.com.pe\/noticiero\/economia\/manufactura-global-del-2014-cierra-en-tono-menor\/#primaryimage\",\"url\":\"http:\/\/www.rpp.com.pe\/manufactura-global-del-2014-cierra-en-tono-menor-imagen-noticia-8-n-\/images\/picnewsa\/1461074.jpg\",\"contentUrl\":\"http:\/\/www.rpp.com.pe\/manufactura-global-del-2014-cierra-en-tono-menor-imagen-noticia-8-n-\/images\/picnewsa\/1461074.jpg\"},{\"@type\":\"BreadcrumbList\",\"@id\":\"https:\/\/aeronoticias.com.pe\/noticiero\/economia\/manufactura-global-del-2014-cierra-en-tono-menor\/#breadcrumb\",\"itemListElement\":[{\"@type\":\"ListItem\",\"position\":1,\"name\":\"Portada\",\"item\":\"https:\/\/aeronoticias.com.pe\/noticiero\/\"},{\"@type\":\"ListItem\",\"position\":2,\"name\":\"Manufactura global del 2014 cierra en tono menor\"}]},{\"@type\":\"WebSite\",\"@id\":\"https:\/\/aeronoticias.com.pe\/noticiero\/#website\",\"url\":\"https:\/\/aeronoticias.com.pe\/noticiero\/\",\"name\":\"Aeronoticias.com.pe\",\"description\":\"Noticias de tranporte aereo, turismo, hoteles, gastronomia, actualidad, internacional\",\"potentialAction\":[{\"@type\":\"SearchAction\",\"target\":{\"@type\":\"EntryPoint\",\"urlTemplate\":\"https:\/\/aeronoticias.com.pe\/noticiero\/?s={search_term_string}\"},\"query-input\":{\"@type\":\"PropertyValueSpecification\",\"valueRequired\":true,\"valueName\":\"search_term_string\"}}],\"inLanguage\":\"es\"},{\"@type\":\"Person\",\"@id\":\"https:\/\/aeronoticias.com.pe\/noticiero\/#\/schema\/person\/fc1e5d578f4b62ba1cf7ac2bba1170a0\",\"name\":\"Redacci\u00f3n Aeronoticias\",\"url\":\"https:\/\/aeronoticias.com.pe\/noticiero\/author\/piloto\/\"}]}<\/script>\n<!-- \/ Yoast SEO plugin. -->","yoast_head_json":{"title":"Manufactura global del 2014 cierra en tono menor","description":"Portal de noticias del Per\u00fa sobre el transporte a\u00e9reo, aviaci\u00f3n, turismo, hoteleria, actualidad.","robots":{"index":"index","follow":"follow","max-snippet":"max-snippet:-1","max-image-preview":"max-image-preview:large","max-video-preview":"max-video-preview:-1"},"canonical":"https:\/\/aeronoticias.com.pe\/noticiero\/economia\/manufactura-global-del-2014-cierra-en-tono-menor\/","og_locale":"es_ES","og_type":"article","og_title":"Manufactura global del 2014 cierra en tono menor","og_description":"Portal de noticias del Per\u00fa sobre el transporte a\u00e9reo, aviaci\u00f3n, turismo, hoteleria, actualidad.","og_url":"https:\/\/aeronoticias.com.pe\/noticiero\/economia\/manufactura-global-del-2014-cierra-en-tono-menor\/","og_site_name":"Aeronoticias.com.pe","article_publisher":"https:\/\/www.facebook.com\/Aeronoticias.com.pe\/","article_published_time":"2015-01-05T11:58:51+00:00","og_image":[{"url":"http:\/\/www.rpp.com.pe\/manufactura-global-del-2014-cierra-en-tono-menor-imagen-noticia-8-n-\/images\/picnewsa\/1461074.jpg","type":"","width":"","height":""}],"author":"Redacci\u00f3n Aeronoticias","twitter_card":"summary_large_image","twitter_creator":"@aeronoticias","twitter_site":"@aeronoticias","twitter_misc":{"Escrito por":"Redacci\u00f3n Aeronoticias","Tiempo de lectura":"1 minuto"},"schema":{"@context":"https:\/\/schema.org","@graph":[{"@type":"WebPage","@id":"https:\/\/aeronoticias.com.pe\/noticiero\/economia\/manufactura-global-del-2014-cierra-en-tono-menor\/","url":"https:\/\/aeronoticias.com.pe\/noticiero\/economia\/manufactura-global-del-2014-cierra-en-tono-menor\/","name":"Manufactura global del 2014 cierra en tono menor","isPartOf":{"@id":"https:\/\/aeronoticias.com.pe\/noticiero\/#website"},"primaryImageOfPage":{"@id":"https:\/\/aeronoticias.com.pe\/noticiero\/economia\/manufactura-global-del-2014-cierra-en-tono-menor\/#primaryimage"},"image":{"@id":"https:\/\/aeronoticias.com.pe\/noticiero\/economia\/manufactura-global-del-2014-cierra-en-tono-menor\/#primaryimage"},"thumbnailUrl":"http:\/\/www.rpp.com.pe\/manufactura-global-del-2014-cierra-en-tono-menor-imagen-noticia-8-n-\/images\/picnewsa\/1461074.jpg","datePublished":"2015-01-05T11:58:51+00:00","author":{"@id":"https:\/\/aeronoticias.com.pe\/noticiero\/#\/schema\/person\/fc1e5d578f4b62ba1cf7ac2bba1170a0"},"description":"Portal de noticias del Per\u00fa sobre el transporte a\u00e9reo, aviaci\u00f3n, turismo, hoteleria, actualidad.","breadcrumb":{"@id":"https:\/\/aeronoticias.com.pe\/noticiero\/economia\/manufactura-global-del-2014-cierra-en-tono-menor\/#breadcrumb"},"inLanguage":"es","potentialAction":[{"@type":"ReadAction","target":["https:\/\/aeronoticias.com.pe\/noticiero\/economia\/manufactura-global-del-2014-cierra-en-tono-menor\/"]}]},{"@type":"ImageObject","inLanguage":"es","@id":"https:\/\/aeronoticias.com.pe\/noticiero\/economia\/manufactura-global-del-2014-cierra-en-tono-menor\/#primaryimage","url":"http:\/\/www.rpp.com.pe\/manufactura-global-del-2014-cierra-en-tono-menor-imagen-noticia-8-n-\/images\/picnewsa\/1461074.jpg","contentUrl":"http:\/\/www.rpp.com.pe\/manufactura-global-del-2014-cierra-en-tono-menor-imagen-noticia-8-n-\/images\/picnewsa\/1461074.jpg"},{"@type":"BreadcrumbList","@id":"https:\/\/aeronoticias.com.pe\/noticiero\/economia\/manufactura-global-del-2014-cierra-en-tono-menor\/#breadcrumb","itemListElement":[{"@type":"ListItem","position":1,"name":"Portada","item":"https:\/\/aeronoticias.com.pe\/noticiero\/"},{"@type":"ListItem","position":2,"name":"Manufactura global del 2014 cierra en tono menor"}]},{"@type":"WebSite","@id":"https:\/\/aeronoticias.com.pe\/noticiero\/#website","url":"https:\/\/aeronoticias.com.pe\/noticiero\/","name":"Aeronoticias.com.pe","description":"Noticias de tranporte aereo, turismo, hoteles, gastronomia, actualidad, internacional","potentialAction":[{"@type":"SearchAction","target":{"@type":"EntryPoint","urlTemplate":"https:\/\/aeronoticias.com.pe\/noticiero\/?s={search_term_string}"},"query-input":{"@type":"PropertyValueSpecification","valueRequired":true,"valueName":"search_term_string"}}],"inLanguage":"es"},{"@type":"Person","@id":"https:\/\/aeronoticias.com.pe\/noticiero\/#\/schema\/person\/fc1e5d578f4b62ba1cf7ac2bba1170a0","name":"Redacci\u00f3n Aeronoticias","url":"https:\/\/aeronoticias.com.pe\/noticiero\/author\/piloto\/"}]}},"_links":{"self":[{"href":"https:\/\/aeronoticias.com.pe\/noticiero\/wp-json\/wp\/v2\/posts\/51048","targetHints":{"allow":["GET"]}}],"collection":[{"href":"https:\/\/aeronoticias.com.pe\/noticiero\/wp-json\/wp\/v2\/posts"}],"about":[{"href":"https:\/\/aeronoticias.com.pe\/noticiero\/wp-json\/wp\/v2\/types\/post"}],"author":[{"embeddable":true,"href":"https:\/\/aeronoticias.com.pe\/noticiero\/wp-json\/wp\/v2\/users\/1"}],"replies":[{"embeddable":true,"href":"https:\/\/aeronoticias.com.pe\/noticiero\/wp-json\/wp\/v2\/comments?post=51048"}],"version-history":[{"count":0,"href":"https:\/\/aeronoticias.com.pe\/noticiero\/wp-json\/wp\/v2\/posts\/51048\/revisions"}],"wp:attachment":[{"href":"https:\/\/aeronoticias.com.pe\/noticiero\/wp-json\/wp\/v2\/media?parent=51048"}],"wp:term":[{"taxonomy":"category","embeddable":true,"href":"https:\/\/aeronoticias.com.pe\/noticiero\/wp-json\/wp\/v2\/categories?post=51048"},{"taxonomy":"post_tag","embeddable":true,"href":"https:\/\/aeronoticias.com.pe\/noticiero\/wp-json\/wp\/v2\/tags?post=51048"}],"curies":[{"name":"wp","href":"https:\/\/api.w.org\/{rel}","templated":true}]}}