{"id":51049,"date":"2015-01-05T12:05:20","date_gmt":"2015-01-05T12:05:20","guid":{"rendered":"http:\/\/desarrollo.mcvicious.com\/aero2020\/2015\/01\/05\/oviedo-asume-este-lunes-5-la-presidencia-de-federacion-peruana-de-futbol\/"},"modified":"2015-01-05T12:05:20","modified_gmt":"2015-01-05T12:05:20","slug":"oviedo-asume-este-lunes-5-la-presidencia-de-federacion-peruana-de-futbol","status":"publish","type":"post","link":"https:\/\/aeronoticias.com.pe\/noticiero\/deportes\/oviedo-asume-este-lunes-5-la-presidencia-de-federacion-peruana-de-futbol\/","title":{"rendered":"Oviedo asume este lunes 5 la presidencia de Federaci\u00f3n Peruana de F\u00fatbol"},"content":{"rendered":"<p style=\"text-align: justify;\"><strong>(Aeronoticias).-<\/strong> El extitular del club Juan Aurich, Edwin Oviedo asumir\u00e1 hoy la presidencia de la Federaci\u00f3n Peruana de F\u00fatbol en reemplazo de Manuel Burga tras doce a\u00f1os de gesti\u00f3n, en una ceremonia que se realizar\u00e1 en la Videna de San Luis, desde las 17:00 horas.<\/p>\n<p style=\"text-align: justify;\">Como se recuerda en las elecciones, Edwin Oviedo obtuvo un total 21 votos, superando al presidente del club Sporting Cristal, Federico C\u00faneo que consigui\u00f3 14.<\/p>\n<p style=\"text-align: justify;\">Una vez conocida su victoria, Oviedo anunci\u00f3 que durante su mandato no contar\u00eda con el uruguayo Pablo Bengoechea como t\u00e9cnico de la selecci\u00f3n peruana, decisi\u00f3n que gener\u00f3 todo tipo de comentarios.<\/p>\n<p style=\"text-align: justify;\">La nueva directiva deber\u00e1 encargarse de que el elenco bicolor realice una buena campa\u00f1a en la Copa Am\u00e9rica dde Chile, en junio, y en las pr\u00f3ximas Eliminatorias al Mundial Rusia 2018, tras los irregulares resultados obtenidos en a\u00f1os anteriores.<\/p>\n<p style=\"text-align: justify;\">\u201cBuscaremos al mejor perfil, pero la idea es traer a una persona que ya haya clasificado a una Copa del Mundo\u201d, se\u00f1al\u00f3 d\u00edas despu\u00e9s de su elecci\u00f3n.<\/p>\n<p style=\"text-align: justify;\">Fuente: <span style=\"text-decoration: underline;\"><strong><em>RPP<\/em><\/strong><\/span>.<\/p>\n<p style=\"text-align: justify;\"><img decoding=\"async\" title=\"Oviedo asume este lunes 5 la presidencia de Federaci\u00f3n Peruana de F\u00fatbol\" class=\"img_640x480\" src=\"http:\/\/www.rpp.com.pe\/oviedo-asume-este-lunes-5-la-presidencia-de-federacion-peruana-de-futbol-imagen-noticia-8-n-\/images\/picnewsa\/1461328.jpg\" border=\"0\" alt=\"Oviedo asume este lunes 5 la presidencia de Federaci\u00f3n Peruana de F\u00fatbol\" \/><\/p>\n","protected":false},"excerpt":{"rendered":"<p>(Aeronoticias).- El extitular del club Juan Aurich, Edwin Oviedo asumir\u00e1 hoy la presidencia de la Federaci\u00f3n Peruana de F\u00fatbol en reemplazo de Manuel Burga tras doce a\u00f1os de gesti\u00f3n, en una ceremonia que se realizar\u00e1 en la Videna de San Luis, desde las 17:00 horas. Como se recuerda en las elecciones, Edwin Oviedo obtuvo un [&hellip;]<\/p>\n","protected":false},"author":1,"featured_media":0,"comment_status":"open","ping_status":"open","sticky":false,"template":"","format":"standard","meta":{"tdm_status":"","tdm_grid_status":"","footnotes":""},"categories":[40],"tags":[],"class_list":{"0":"post-51049","1":"post","2":"type-post","3":"status-publish","4":"format-standard","6":"category-deportes"},"yoast_head":"<!-- This site is optimized with the Yoast SEO plugin v25.1 - https:\/\/yoast.com\/wordpress\/plugins\/seo\/ -->\n<title>Oviedo asume este lunes 5 la presidencia de Federaci\u00f3n Peruana de F\u00fatbol<\/title>\n<meta name=\"description\" content=\"Portal de noticias del Per\u00fa sobre el transporte a\u00e9reo, aviaci\u00f3n, turismo, hoteleria, actualidad.\" \/>\n<meta name=\"robots\" content=\"index, follow, max-snippet:-1, max-image-preview:large, max-video-preview:-1\" \/>\n<link rel=\"canonical\" href=\"https:\/\/aeronoticias.com.pe\/noticiero\/deportes\/oviedo-asume-este-lunes-5-la-presidencia-de-federacion-peruana-de-futbol\/\" \/>\n<meta property=\"og:locale\" content=\"es_ES\" \/>\n<meta property=\"og:type\" content=\"article\" \/>\n<meta property=\"og:title\" content=\"Oviedo asume este lunes 5 la presidencia de Federaci\u00f3n Peruana de F\u00fatbol\" \/>\n<meta property=\"og:description\" content=\"Portal de noticias del Per\u00fa sobre el transporte a\u00e9reo, aviaci\u00f3n, turismo, hoteleria, actualidad.\" \/>\n<meta property=\"og:url\" content=\"https:\/\/aeronoticias.com.pe\/noticiero\/deportes\/oviedo-asume-este-lunes-5-la-presidencia-de-federacion-peruana-de-futbol\/\" \/>\n<meta property=\"og:site_name\" content=\"Aeronoticias.com.pe\" \/>\n<meta property=\"article:publisher\" content=\"https:\/\/www.facebook.com\/Aeronoticias.com.pe\/\" \/>\n<meta property=\"article:published_time\" content=\"2015-01-05T12:05:20+00:00\" \/>\n<meta property=\"og:image\" content=\"http:\/\/www.rpp.com.pe\/oviedo-asume-este-lunes-5-la-presidencia-de-federacion-peruana-de-futbol-imagen-noticia-8-n-\/images\/picnewsa\/1461328.jpg\" \/>\n<meta name=\"author\" content=\"Redacci\u00f3n Aeronoticias\" \/>\n<meta name=\"twitter:card\" content=\"summary_large_image\" \/>\n<meta name=\"twitter:creator\" content=\"@aeronoticias\" \/>\n<meta name=\"twitter:site\" content=\"@aeronoticias\" \/>\n<meta name=\"twitter:label1\" content=\"Escrito por\" \/>\n\t<meta name=\"twitter:data1\" content=\"Redacci\u00f3n Aeronoticias\" \/>\n\t<meta name=\"twitter:label2\" content=\"Tiempo de lectura\" \/>\n\t<meta name=\"twitter:data2\" content=\"1 minuto\" \/>\n<script type=\"application\/ld+json\" class=\"yoast-schema-graph\">{\"@context\":\"https:\/\/schema.org\",\"@graph\":[{\"@type\":\"WebPage\",\"@id\":\"https:\/\/aeronoticias.com.pe\/noticiero\/deportes\/oviedo-asume-este-lunes-5-la-presidencia-de-federacion-peruana-de-futbol\/\",\"url\":\"https:\/\/aeronoticias.com.pe\/noticiero\/deportes\/oviedo-asume-este-lunes-5-la-presidencia-de-federacion-peruana-de-futbol\/\",\"name\":\"Oviedo asume este lunes 5 la presidencia de Federaci\u00f3n Peruana de F\u00fatbol\",\"isPartOf\":{\"@id\":\"https:\/\/aeronoticias.com.pe\/noticiero\/#website\"},\"primaryImageOfPage\":{\"@id\":\"https:\/\/aeronoticias.com.pe\/noticiero\/deportes\/oviedo-asume-este-lunes-5-la-presidencia-de-federacion-peruana-de-futbol\/#primaryimage\"},\"image\":{\"@id\":\"https:\/\/aeronoticias.com.pe\/noticiero\/deportes\/oviedo-asume-este-lunes-5-la-presidencia-de-federacion-peruana-de-futbol\/#primaryimage\"},\"thumbnailUrl\":\"http:\/\/www.rpp.com.pe\/oviedo-asume-este-lunes-5-la-presidencia-de-federacion-peruana-de-futbol-imagen-noticia-8-n-\/images\/picnewsa\/1461328.jpg\",\"datePublished\":\"2015-01-05T12:05:20+00:00\",\"author\":{\"@id\":\"https:\/\/aeronoticias.com.pe\/noticiero\/#\/schema\/person\/fc1e5d578f4b62ba1cf7ac2bba1170a0\"},\"description\":\"Portal de noticias del Per\u00fa sobre el transporte a\u00e9reo, aviaci\u00f3n, turismo, hoteleria, actualidad.\",\"breadcrumb\":{\"@id\":\"https:\/\/aeronoticias.com.pe\/noticiero\/deportes\/oviedo-asume-este-lunes-5-la-presidencia-de-federacion-peruana-de-futbol\/#breadcrumb\"},\"inLanguage\":\"es\",\"potentialAction\":[{\"@type\":\"ReadAction\",\"target\":[\"https:\/\/aeronoticias.com.pe\/noticiero\/deportes\/oviedo-asume-este-lunes-5-la-presidencia-de-federacion-peruana-de-futbol\/\"]}]},{\"@type\":\"ImageObject\",\"inLanguage\":\"es\",\"@id\":\"https:\/\/aeronoticias.com.pe\/noticiero\/deportes\/oviedo-asume-este-lunes-5-la-presidencia-de-federacion-peruana-de-futbol\/#primaryimage\",\"url\":\"http:\/\/www.rpp.com.pe\/oviedo-asume-este-lunes-5-la-presidencia-de-federacion-peruana-de-futbol-imagen-noticia-8-n-\/images\/picnewsa\/1461328.jpg\",\"contentUrl\":\"http:\/\/www.rpp.com.pe\/oviedo-asume-este-lunes-5-la-presidencia-de-federacion-peruana-de-futbol-imagen-noticia-8-n-\/images\/picnewsa\/1461328.jpg\"},{\"@type\":\"BreadcrumbList\",\"@id\":\"https:\/\/aeronoticias.com.pe\/noticiero\/deportes\/oviedo-asume-este-lunes-5-la-presidencia-de-federacion-peruana-de-futbol\/#breadcrumb\",\"itemListElement\":[{\"@type\":\"ListItem\",\"position\":1,\"name\":\"Portada\",\"item\":\"https:\/\/aeronoticias.com.pe\/noticiero\/\"},{\"@type\":\"ListItem\",\"position\":2,\"name\":\"Oviedo asume este lunes 5 la presidencia de Federaci\u00f3n Peruana de F\u00fatbol\"}]},{\"@type\":\"WebSite\",\"@id\":\"https:\/\/aeronoticias.com.pe\/noticiero\/#website\",\"url\":\"https:\/\/aeronoticias.com.pe\/noticiero\/\",\"name\":\"Aeronoticias.com.pe\",\"description\":\"Noticias de tranporte aereo, turismo, hoteles, gastronomia, actualidad, internacional\",\"potentialAction\":[{\"@type\":\"SearchAction\",\"target\":{\"@type\":\"EntryPoint\",\"urlTemplate\":\"https:\/\/aeronoticias.com.pe\/noticiero\/?s={search_term_string}\"},\"query-input\":{\"@type\":\"PropertyValueSpecification\",\"valueRequired\":true,\"valueName\":\"search_term_string\"}}],\"inLanguage\":\"es\"},{\"@type\":\"Person\",\"@id\":\"https:\/\/aeronoticias.com.pe\/noticiero\/#\/schema\/person\/fc1e5d578f4b62ba1cf7ac2bba1170a0\",\"name\":\"Redacci\u00f3n Aeronoticias\",\"url\":\"https:\/\/aeronoticias.com.pe\/noticiero\/author\/piloto\/\"}]}<\/script>\n<!-- \/ Yoast SEO plugin. -->","yoast_head_json":{"title":"Oviedo asume este lunes 5 la presidencia de Federaci\u00f3n Peruana de F\u00fatbol","description":"Portal de noticias del Per\u00fa sobre el transporte a\u00e9reo, aviaci\u00f3n, turismo, hoteleria, actualidad.","robots":{"index":"index","follow":"follow","max-snippet":"max-snippet:-1","max-image-preview":"max-image-preview:large","max-video-preview":"max-video-preview:-1"},"canonical":"https:\/\/aeronoticias.com.pe\/noticiero\/deportes\/oviedo-asume-este-lunes-5-la-presidencia-de-federacion-peruana-de-futbol\/","og_locale":"es_ES","og_type":"article","og_title":"Oviedo asume este lunes 5 la presidencia de Federaci\u00f3n Peruana de F\u00fatbol","og_description":"Portal de noticias del Per\u00fa sobre el transporte a\u00e9reo, aviaci\u00f3n, turismo, hoteleria, actualidad.","og_url":"https:\/\/aeronoticias.com.pe\/noticiero\/deportes\/oviedo-asume-este-lunes-5-la-presidencia-de-federacion-peruana-de-futbol\/","og_site_name":"Aeronoticias.com.pe","article_publisher":"https:\/\/www.facebook.com\/Aeronoticias.com.pe\/","article_published_time":"2015-01-05T12:05:20+00:00","og_image":[{"url":"http:\/\/www.rpp.com.pe\/oviedo-asume-este-lunes-5-la-presidencia-de-federacion-peruana-de-futbol-imagen-noticia-8-n-\/images\/picnewsa\/1461328.jpg","type":"","width":"","height":""}],"author":"Redacci\u00f3n Aeronoticias","twitter_card":"summary_large_image","twitter_creator":"@aeronoticias","twitter_site":"@aeronoticias","twitter_misc":{"Escrito por":"Redacci\u00f3n Aeronoticias","Tiempo de lectura":"1 minuto"},"schema":{"@context":"https:\/\/schema.org","@graph":[{"@type":"WebPage","@id":"https:\/\/aeronoticias.com.pe\/noticiero\/deportes\/oviedo-asume-este-lunes-5-la-presidencia-de-federacion-peruana-de-futbol\/","url":"https:\/\/aeronoticias.com.pe\/noticiero\/deportes\/oviedo-asume-este-lunes-5-la-presidencia-de-federacion-peruana-de-futbol\/","name":"Oviedo asume este lunes 5 la presidencia de Federaci\u00f3n Peruana de F\u00fatbol","isPartOf":{"@id":"https:\/\/aeronoticias.com.pe\/noticiero\/#website"},"primaryImageOfPage":{"@id":"https:\/\/aeronoticias.com.pe\/noticiero\/deportes\/oviedo-asume-este-lunes-5-la-presidencia-de-federacion-peruana-de-futbol\/#primaryimage"},"image":{"@id":"https:\/\/aeronoticias.com.pe\/noticiero\/deportes\/oviedo-asume-este-lunes-5-la-presidencia-de-federacion-peruana-de-futbol\/#primaryimage"},"thumbnailUrl":"http:\/\/www.rpp.com.pe\/oviedo-asume-este-lunes-5-la-presidencia-de-federacion-peruana-de-futbol-imagen-noticia-8-n-\/images\/picnewsa\/1461328.jpg","datePublished":"2015-01-05T12:05:20+00:00","author":{"@id":"https:\/\/aeronoticias.com.pe\/noticiero\/#\/schema\/person\/fc1e5d578f4b62ba1cf7ac2bba1170a0"},"description":"Portal de noticias del Per\u00fa sobre el transporte a\u00e9reo, aviaci\u00f3n, turismo, hoteleria, actualidad.","breadcrumb":{"@id":"https:\/\/aeronoticias.com.pe\/noticiero\/deportes\/oviedo-asume-este-lunes-5-la-presidencia-de-federacion-peruana-de-futbol\/#breadcrumb"},"inLanguage":"es","potentialAction":[{"@type":"ReadAction","target":["https:\/\/aeronoticias.com.pe\/noticiero\/deportes\/oviedo-asume-este-lunes-5-la-presidencia-de-federacion-peruana-de-futbol\/"]}]},{"@type":"ImageObject","inLanguage":"es","@id":"https:\/\/aeronoticias.com.pe\/noticiero\/deportes\/oviedo-asume-este-lunes-5-la-presidencia-de-federacion-peruana-de-futbol\/#primaryimage","url":"http:\/\/www.rpp.com.pe\/oviedo-asume-este-lunes-5-la-presidencia-de-federacion-peruana-de-futbol-imagen-noticia-8-n-\/images\/picnewsa\/1461328.jpg","contentUrl":"http:\/\/www.rpp.com.pe\/oviedo-asume-este-lunes-5-la-presidencia-de-federacion-peruana-de-futbol-imagen-noticia-8-n-\/images\/picnewsa\/1461328.jpg"},{"@type":"BreadcrumbList","@id":"https:\/\/aeronoticias.com.pe\/noticiero\/deportes\/oviedo-asume-este-lunes-5-la-presidencia-de-federacion-peruana-de-futbol\/#breadcrumb","itemListElement":[{"@type":"ListItem","position":1,"name":"Portada","item":"https:\/\/aeronoticias.com.pe\/noticiero\/"},{"@type":"ListItem","position":2,"name":"Oviedo asume este lunes 5 la presidencia de Federaci\u00f3n Peruana de F\u00fatbol"}]},{"@type":"WebSite","@id":"https:\/\/aeronoticias.com.pe\/noticiero\/#website","url":"https:\/\/aeronoticias.com.pe\/noticiero\/","name":"Aeronoticias.com.pe","description":"Noticias de tranporte aereo, turismo, hoteles, gastronomia, actualidad, internacional","potentialAction":[{"@type":"SearchAction","target":{"@type":"EntryPoint","urlTemplate":"https:\/\/aeronoticias.com.pe\/noticiero\/?s={search_term_string}"},"query-input":{"@type":"PropertyValueSpecification","valueRequired":true,"valueName":"search_term_string"}}],"inLanguage":"es"},{"@type":"Person","@id":"https:\/\/aeronoticias.com.pe\/noticiero\/#\/schema\/person\/fc1e5d578f4b62ba1cf7ac2bba1170a0","name":"Redacci\u00f3n Aeronoticias","url":"https:\/\/aeronoticias.com.pe\/noticiero\/author\/piloto\/"}]}},"_links":{"self":[{"href":"https:\/\/aeronoticias.com.pe\/noticiero\/wp-json\/wp\/v2\/posts\/51049","targetHints":{"allow":["GET"]}}],"collection":[{"href":"https:\/\/aeronoticias.com.pe\/noticiero\/wp-json\/wp\/v2\/posts"}],"about":[{"href":"https:\/\/aeronoticias.com.pe\/noticiero\/wp-json\/wp\/v2\/types\/post"}],"author":[{"embeddable":true,"href":"https:\/\/aeronoticias.com.pe\/noticiero\/wp-json\/wp\/v2\/users\/1"}],"replies":[{"embeddable":true,"href":"https:\/\/aeronoticias.com.pe\/noticiero\/wp-json\/wp\/v2\/comments?post=51049"}],"version-history":[{"count":0,"href":"https:\/\/aeronoticias.com.pe\/noticiero\/wp-json\/wp\/v2\/posts\/51049\/revisions"}],"wp:attachment":[{"href":"https:\/\/aeronoticias.com.pe\/noticiero\/wp-json\/wp\/v2\/media?parent=51049"}],"wp:term":[{"taxonomy":"category","embeddable":true,"href":"https:\/\/aeronoticias.com.pe\/noticiero\/wp-json\/wp\/v2\/categories?post=51049"},{"taxonomy":"post_tag","embeddable":true,"href":"https:\/\/aeronoticias.com.pe\/noticiero\/wp-json\/wp\/v2\/tags?post=51049"}],"curies":[{"name":"wp","href":"https:\/\/api.w.org\/{rel}","templated":true}]}}