{"id":51050,"date":"2015-01-05T14:15:05","date_gmt":"2015-01-05T14:15:05","guid":{"rendered":"http:\/\/desarrollo.mcvicious.com\/aero2020\/2015\/01\/05\/la-compania-chilena-entel-quiere-poner-en-peligro-la-vida-de-mil-propietarios-en-la-playa-senoritas\/"},"modified":"2015-01-05T14:15:05","modified_gmt":"2015-01-05T14:15:05","slug":"la-compania-chilena-entel-quiere-poner-en-peligro-la-vida-de-mil-propietarios-en-la-playa-senoritas","status":"publish","type":"post","link":"https:\/\/aeronoticias.com.pe\/noticiero\/ultimas\/1\/la-compania-chilena-entel-quiere-poner-en-peligro-la-vida-de-mil-propietarios-en-la-playa-senoritas\/","title":{"rendered":"La compa\u00f1\u00eda chilena ENTEL quiere poner en peligro la vida de mil propietarios en la playa Se\u00f1oritas"},"content":{"rendered":"<p style=\"text-align: justify;\"><img decoding=\"async\" src=\"images\/stories\/15\/01\/050115\/a1_3.jpg\" border=\"0\" \/><\/p>\n<p style=\"text-align: justify;\"><strong>(Aeronoticias).-<\/strong> La Comisar\u00eda de Punta Hermosa realiz\u00f3 la constataci\u00f3n policial de la antena ilegal (ver fotos) de la empresa multinacional chilena ENTEL colocada en la Mz-E Lt 9 propiedad del se\u00f1or Freddy Huanqui Guerra en la Playa Se\u00f1oritas, en la Urb. El Silencio, Distrito de Punta Hermosa.<\/p>\n<p>  <!--more-->  <\/p>\n<p style=\"text-align: justify;\">La Asociaci\u00f3n de Propietarios de la Playa Se\u00f1oritas-APJUVES, a trav\u00e9s de su Presidente Juli\u00e1n Palac\u00edn Fern\u00e1ndez inform\u00f3 que van a pedir garant\u00edas al Gobernador de Punta Hermosa por delitos contra la salud. En raz\u00f3n a que dicha antena constituye un peligro para la salud de los vecinos \u2013dijo- expresando que las tecnolog\u00edas inal\u00e1mbricas provocan secuelas adversas para la salud si las exposiciones son prolongadas o cr\u00f3nicas, seg\u00fan alertan reportes internacionales.<\/p>\n<p style=\"text-align: justify;\">La colocaci\u00f3n de una antena de ENTEL en la Playa Se\u00f1oritas, no ha tenido en cuenta los abundantes estudios realizados por cient\u00edficos y profesionales de la salud que se\u00f1alan que las torres que emiten microondas de celular causar\u00edan c\u00e1ncer entre los vecinos cercanos, por lo que exigi\u00f3 a la multinacional chilena ENTEL que retire la antena colocada en la Playa Se\u00f1oritas. \u201cAbundantes estudios evidencian los riesgos para la salud de los campos electromagn\u00e9ticos y las tecnolog\u00edas inal\u00e1mbricas. Uno de los m\u00e1s recientes es el informe BioInitiative 2012, preparado por 29 cient\u00edficos y expertos en salud independientes de todo el mundo, acerca de los posibles riesgos de las tecnolog\u00edas inal\u00e1mbricas y los campos electromagn\u00e9ticos\u201d.<\/p>\n<p style=\"text-align: justify;\">En efecto, el grupo de trabajo BioInitiative 2012 concluye que la evidencia de riesgos para la salud de los campos electromagn\u00e9ticos y las tecnolog\u00edas inal\u00e1mbricas (radiaci\u00f3n de radiofrecuencias) ha aumentado sustancialmente desde<span style=\"white-space: pre;\"> <\/span>2007.<\/p>\n<p style=\"text-align: justify;\">El informe revisa 1,800 estudios cient\u00edficos nuevos que informan de los efectos biol\u00f3gicos y los efectos adversos para la salud de los campos electromagn\u00e9ticos y las tecnolog\u00edas inal\u00e1mbricas (tel\u00e9fonos m\u00f3viles e inal\u00e1mbricos, las antenas de telefon\u00eda, WI-FI, ordenadores port\u00e1tiles inal\u00e1mbricos,<span style=\"white-space: pre;\"> <\/span> etc).<\/p>\n<p style=\"text-align: justify;\"><img decoding=\"async\" src=\"images\/stories\/15\/01\/050115\/a1_1.jpg\" border=\"0\" \/><\/p>\n<p style=\"text-align: justify;\">El Presidente de APJUVES Juli\u00e1n Palac\u00edn Fern\u00e1ndez dijo: Que la exposici\u00f3n cr\u00f3nica a los niveles de las estaciones base de telefon\u00eda puede provocar enfermedad. \u201cEs razonablemente previsible que los bioefectos constatados provoquen secuelas para la salud si las exposiciones son prolongadas o cr\u00f3nicas, debido a que interfieren con los procesos fisiol\u00f3gicos normales del organismo, impiden que el cuerpo repare el ADN da\u00f1ado, provocan desequilibrios del sistema inmunol\u00f3gico, trastornos metab\u00f3licos y una menor resistencia a las enfermedades a trav\u00e9s de m\u00faltiples v\u00edas\u201d, detall\u00f3 el jurista.<\/p>\n<p style=\"text-align: justify;\">Remarc\u00f3 que \u201cal menos cinco nuevos estudios sobre antenas de telefon\u00eda m\u00f3vil han informado sobre los efectos biol\u00f3gicos en el rango de 0,003 a 0,05 \u03bcW\/cm2, a niveles m\u00e1s bajos que los reportados en 2007 (0,05 a 0,1 uW\/cm2) fue el rango por debajo del cual no se observaron efectos en 2007)\u201d.<\/p>\n<p style=\"text-align: justify;\">Los investigadores refieren dolores de cabeza, dificultad de concentraci\u00f3n y problemas de conducta en ni\u00f1os y adolescentes, y trastornos del sue\u00f1o, dolores de cabeza y problemas de concentraci\u00f3n en los adultos.<\/p>\n<p style=\"text-align: justify;\"><img decoding=\"async\" src=\"images\/stories\/15\/01\/050115\/a1.jpg\" border=\"0\" style=\"font-size: 11.8181819915771px; line-height: 15.8079996109009px;\" \/><\/p>\n<p style=\"text-align: justify;\">El informe concluye que \u201cexiste mucha m\u00e1s evidencia de riesgos para la salud que afectan a miles de millones de personas en todo el mundo. El mantenimiento del status quo no es aceptable a la luz de la evidencia de da\u00f1o actual. La evidencia cient\u00edfica manifestada por los nuevos estudios canalizados coincide con un aumento de dolencias y enfermedades directamente relacionadas, registrado en<span style=\"white-space: pre;\"> <\/span>la<span style=\"white-space: pre;\"> <\/span>poblaci\u00f3n\u201d.<\/p>\n<p style=\"text-align: justify;\">Ante estas evidencias cient\u00edficas, Juli\u00e1n Palac\u00edn Fern\u00e1ndez exigi\u00f3 que las autoridades competentes, en este caso el Ministerio de Transportes y Comunicaciones y la Municipalidad Distrital de Punta Hermosa obliguen a ENTEL a que sus antenas de telefon\u00eda celular se ubiquen a no menos de 1,000 metros de las zonas urbanas. \u201cEl Gobierno peruano deber\u00eda crear un reglamento que tome en cuenta los nuevos descubrimientos cient\u00edficos sobre este tema y alertar al p\u00fablico sobre las consecuencias de las microondas que emiten esas antenas\u201d, se\u00f1al\u00f3 Juli\u00e1n Palac\u00edn Fern\u00e1ndez, agregando que en las Playa Se\u00f1oritas y Caballeros no permitiremos antenas de telefon\u00eda celular y esta es la posici\u00f3n oficial de la Asociaci\u00f3n de Propietarios que presido, exigimos a la empresa chilena ENTEL el inmediato retiro de la antena colocada en la Playa Se\u00f1oritas, de lo contrario iniciaremos las acciones administrativas, civiles y penales que correspondan, acot\u00f3.<\/p>\n<p style=\"text-align: justify;\"><img decoding=\"async\" src=\"images\/stories\/15\/01\/050115\/a1_2.jpg\" border=\"0\" \/><\/p>\n<p style=\"text-align: justify;\">Asimismo, dijo que ENTEL y el se\u00f1or Freddy Huanqui Guerra est\u00e1n violando la servidumbre de vista al mar en perjuicio de los predios dominantes de segundo nivel que obliga a todos los propietarios de los predios sirvientes de primer nivel de conformidad a la cl\u00e1usula contractual vigente y a perpetuidad que obligan a respetar el derecho de vista al mar, obligaci\u00f3n estipulada en los contratos de compra venta de todos los terrenos con la inmobiliaria SEAS, que est\u00e1n pretendiendo violar ENTEL, perjudicando a toda la urbanizaci\u00f3n, que integramos m\u00e1s de mil propietarios, cuya salud est\u00e1 siendo puesta en peligro.<\/p>\n<p style=\"text-align: justify;\">El d\u00eda de hoy emplazaremos extrajudicialmente al Directorio de ENTEL, a su Gerente General y al se\u00f1or Freddy Huanqui Guerra para que retiren inmediatamente la antena de telefon\u00eda m\u00f3vil, que ya ha sido colocada en su primera etapa, seg\u00fan fotos que ilustran este informe.<\/p>\n<p style=\"text-align: justify;\">Por su parte, la se\u00f1ora Jeanette Enmanuel propietaria del lote colindante, manifest\u00f3 que la colocaci\u00f3n de esta antena pone en riesgo la salud de su n\u00facleo familiar y que se demandar\u00e1 a los responsables de pretender afectar la paz y tranquilidad de quienes vivimos en la Playa Se\u00f1oritas.<\/p>\n<p style=\"text-align: justify;\">\u00a0<\/p>\n<p>{jathumbnail off images=\u00bbimages\/stories\/15\/01\/050115\/a1_3.jpg,images\/stories\/15\/01\/050115\/a1_1.jpg,images\/stories\/15\/01\/050115\/a1.jpg,images\/stories\/15\/01\/050115\/a1_2.jpg\u00bb}<\/p>\n","protected":false},"excerpt":{"rendered":"<p>(Aeronoticias).- La Comisar\u00eda de Punta Hermosa realiz\u00f3 la constataci\u00f3n policial de la antena ilegal (ver fotos) de la empresa multinacional chilena ENTEL colocada en la Mz-E Lt 9 propiedad del se\u00f1or Freddy Huanqui Guerra en la Playa Se\u00f1oritas, en la Urb. El Silencio, Distrito de Punta Hermosa.<\/p>\n","protected":false},"author":1,"featured_media":0,"comment_status":"open","ping_status":"open","sticky":false,"template":"","format":"standard","meta":{"tdm_status":"","tdm_grid_status":"","footnotes":""},"categories":[30],"tags":[],"class_list":{"0":"post-51050","1":"post","2":"type-post","3":"status-publish","4":"format-standard","6":"category-30"},"yoast_head":"<!-- This site is optimized with the Yoast SEO plugin v25.1 - https:\/\/yoast.com\/wordpress\/plugins\/seo\/ -->\n<title>La compa\u00f1\u00eda chilena ENTEL quiere poner en peligro la vida de mil propietarios en la playa Se\u00f1oritas<\/title>\n<meta name=\"description\" content=\"Portal de noticias del Per\u00fa sobre el transporte a\u00e9reo, aviaci\u00f3n, turismo, hoteleria, actualidad.\" \/>\n<meta name=\"robots\" content=\"index, follow, max-snippet:-1, max-image-preview:large, max-video-preview:-1\" \/>\n<link rel=\"canonical\" href=\"https:\/\/aeronoticias.com.pe\/noticiero\/ultimas\/1\/la-compania-chilena-entel-quiere-poner-en-peligro-la-vida-de-mil-propietarios-en-la-playa-senoritas\/\" \/>\n<meta property=\"og:locale\" content=\"es_ES\" \/>\n<meta property=\"og:type\" content=\"article\" \/>\n<meta property=\"og:title\" content=\"La compa\u00f1\u00eda chilena ENTEL quiere poner en peligro la vida de mil propietarios en la playa Se\u00f1oritas\" \/>\n<meta property=\"og:description\" content=\"Portal de noticias del Per\u00fa sobre el transporte a\u00e9reo, aviaci\u00f3n, turismo, hoteleria, actualidad.\" \/>\n<meta property=\"og:url\" content=\"https:\/\/aeronoticias.com.pe\/noticiero\/ultimas\/1\/la-compania-chilena-entel-quiere-poner-en-peligro-la-vida-de-mil-propietarios-en-la-playa-senoritas\/\" \/>\n<meta property=\"og:site_name\" content=\"Aeronoticias.com.pe\" \/>\n<meta property=\"article:publisher\" content=\"https:\/\/www.facebook.com\/Aeronoticias.com.pe\/\" \/>\n<meta property=\"article:published_time\" content=\"2015-01-05T14:15:05+00:00\" \/>\n<meta name=\"author\" content=\"Redacci\u00f3n Aeronoticias\" \/>\n<meta name=\"twitter:card\" content=\"summary_large_image\" \/>\n<meta name=\"twitter:creator\" content=\"@aeronoticias\" \/>\n<meta name=\"twitter:site\" content=\"@aeronoticias\" \/>\n<meta name=\"twitter:label1\" content=\"Escrito por\" \/>\n\t<meta name=\"twitter:data1\" content=\"Redacci\u00f3n Aeronoticias\" \/>\n\t<meta name=\"twitter:label2\" content=\"Tiempo de lectura\" \/>\n\t<meta name=\"twitter:data2\" content=\"5 minutos\" \/>\n<script type=\"application\/ld+json\" class=\"yoast-schema-graph\">{\"@context\":\"https:\/\/schema.org\",\"@graph\":[{\"@type\":\"WebPage\",\"@id\":\"https:\/\/aeronoticias.com.pe\/noticiero\/ultimas\/1\/la-compania-chilena-entel-quiere-poner-en-peligro-la-vida-de-mil-propietarios-en-la-playa-senoritas\/\",\"url\":\"https:\/\/aeronoticias.com.pe\/noticiero\/ultimas\/1\/la-compania-chilena-entel-quiere-poner-en-peligro-la-vida-de-mil-propietarios-en-la-playa-senoritas\/\",\"name\":\"La compa\u00f1\u00eda chilena ENTEL quiere poner en peligro la vida de mil propietarios en la playa Se\u00f1oritas\",\"isPartOf\":{\"@id\":\"https:\/\/aeronoticias.com.pe\/noticiero\/#website\"},\"datePublished\":\"2015-01-05T14:15:05+00:00\",\"author\":{\"@id\":\"https:\/\/aeronoticias.com.pe\/noticiero\/#\/schema\/person\/fc1e5d578f4b62ba1cf7ac2bba1170a0\"},\"description\":\"Portal de noticias del Per\u00fa sobre el transporte a\u00e9reo, aviaci\u00f3n, turismo, hoteleria, actualidad.\",\"breadcrumb\":{\"@id\":\"https:\/\/aeronoticias.com.pe\/noticiero\/ultimas\/1\/la-compania-chilena-entel-quiere-poner-en-peligro-la-vida-de-mil-propietarios-en-la-playa-senoritas\/#breadcrumb\"},\"inLanguage\":\"es\",\"potentialAction\":[{\"@type\":\"ReadAction\",\"target\":[\"https:\/\/aeronoticias.com.pe\/noticiero\/ultimas\/1\/la-compania-chilena-entel-quiere-poner-en-peligro-la-vida-de-mil-propietarios-en-la-playa-senoritas\/\"]}]},{\"@type\":\"BreadcrumbList\",\"@id\":\"https:\/\/aeronoticias.com.pe\/noticiero\/ultimas\/1\/la-compania-chilena-entel-quiere-poner-en-peligro-la-vida-de-mil-propietarios-en-la-playa-senoritas\/#breadcrumb\",\"itemListElement\":[{\"@type\":\"ListItem\",\"position\":1,\"name\":\"Portada\",\"item\":\"https:\/\/aeronoticias.com.pe\/noticiero\/\"},{\"@type\":\"ListItem\",\"position\":2,\"name\":\"La compa\u00f1\u00eda chilena ENTEL quiere poner en peligro la vida de mil propietarios en la playa Se\u00f1oritas\"}]},{\"@type\":\"WebSite\",\"@id\":\"https:\/\/aeronoticias.com.pe\/noticiero\/#website\",\"url\":\"https:\/\/aeronoticias.com.pe\/noticiero\/\",\"name\":\"Aeronoticias.com.pe\",\"description\":\"Noticias de tranporte aereo, turismo, hoteles, gastronomia, actualidad, internacional\",\"potentialAction\":[{\"@type\":\"SearchAction\",\"target\":{\"@type\":\"EntryPoint\",\"urlTemplate\":\"https:\/\/aeronoticias.com.pe\/noticiero\/?s={search_term_string}\"},\"query-input\":{\"@type\":\"PropertyValueSpecification\",\"valueRequired\":true,\"valueName\":\"search_term_string\"}}],\"inLanguage\":\"es\"},{\"@type\":\"Person\",\"@id\":\"https:\/\/aeronoticias.com.pe\/noticiero\/#\/schema\/person\/fc1e5d578f4b62ba1cf7ac2bba1170a0\",\"name\":\"Redacci\u00f3n Aeronoticias\",\"url\":\"https:\/\/aeronoticias.com.pe\/noticiero\/author\/piloto\/\"}]}<\/script>\n<!-- \/ Yoast SEO plugin. -->","yoast_head_json":{"title":"La compa\u00f1\u00eda chilena ENTEL quiere poner en peligro la vida de mil propietarios en la playa Se\u00f1oritas","description":"Portal de noticias del Per\u00fa sobre el transporte a\u00e9reo, aviaci\u00f3n, turismo, hoteleria, actualidad.","robots":{"index":"index","follow":"follow","max-snippet":"max-snippet:-1","max-image-preview":"max-image-preview:large","max-video-preview":"max-video-preview:-1"},"canonical":"https:\/\/aeronoticias.com.pe\/noticiero\/ultimas\/1\/la-compania-chilena-entel-quiere-poner-en-peligro-la-vida-de-mil-propietarios-en-la-playa-senoritas\/","og_locale":"es_ES","og_type":"article","og_title":"La compa\u00f1\u00eda chilena ENTEL quiere poner en peligro la vida de mil propietarios en la playa Se\u00f1oritas","og_description":"Portal de noticias del Per\u00fa sobre el transporte a\u00e9reo, aviaci\u00f3n, turismo, hoteleria, actualidad.","og_url":"https:\/\/aeronoticias.com.pe\/noticiero\/ultimas\/1\/la-compania-chilena-entel-quiere-poner-en-peligro-la-vida-de-mil-propietarios-en-la-playa-senoritas\/","og_site_name":"Aeronoticias.com.pe","article_publisher":"https:\/\/www.facebook.com\/Aeronoticias.com.pe\/","article_published_time":"2015-01-05T14:15:05+00:00","author":"Redacci\u00f3n Aeronoticias","twitter_card":"summary_large_image","twitter_creator":"@aeronoticias","twitter_site":"@aeronoticias","twitter_misc":{"Escrito por":"Redacci\u00f3n Aeronoticias","Tiempo de lectura":"5 minutos"},"schema":{"@context":"https:\/\/schema.org","@graph":[{"@type":"WebPage","@id":"https:\/\/aeronoticias.com.pe\/noticiero\/ultimas\/1\/la-compania-chilena-entel-quiere-poner-en-peligro-la-vida-de-mil-propietarios-en-la-playa-senoritas\/","url":"https:\/\/aeronoticias.com.pe\/noticiero\/ultimas\/1\/la-compania-chilena-entel-quiere-poner-en-peligro-la-vida-de-mil-propietarios-en-la-playa-senoritas\/","name":"La compa\u00f1\u00eda chilena ENTEL quiere poner en peligro la vida de mil propietarios en la playa Se\u00f1oritas","isPartOf":{"@id":"https:\/\/aeronoticias.com.pe\/noticiero\/#website"},"datePublished":"2015-01-05T14:15:05+00:00","author":{"@id":"https:\/\/aeronoticias.com.pe\/noticiero\/#\/schema\/person\/fc1e5d578f4b62ba1cf7ac2bba1170a0"},"description":"Portal de noticias del Per\u00fa sobre el transporte a\u00e9reo, aviaci\u00f3n, turismo, hoteleria, actualidad.","breadcrumb":{"@id":"https:\/\/aeronoticias.com.pe\/noticiero\/ultimas\/1\/la-compania-chilena-entel-quiere-poner-en-peligro-la-vida-de-mil-propietarios-en-la-playa-senoritas\/#breadcrumb"},"inLanguage":"es","potentialAction":[{"@type":"ReadAction","target":["https:\/\/aeronoticias.com.pe\/noticiero\/ultimas\/1\/la-compania-chilena-entel-quiere-poner-en-peligro-la-vida-de-mil-propietarios-en-la-playa-senoritas\/"]}]},{"@type":"BreadcrumbList","@id":"https:\/\/aeronoticias.com.pe\/noticiero\/ultimas\/1\/la-compania-chilena-entel-quiere-poner-en-peligro-la-vida-de-mil-propietarios-en-la-playa-senoritas\/#breadcrumb","itemListElement":[{"@type":"ListItem","position":1,"name":"Portada","item":"https:\/\/aeronoticias.com.pe\/noticiero\/"},{"@type":"ListItem","position":2,"name":"La compa\u00f1\u00eda chilena ENTEL quiere poner en peligro la vida de mil propietarios en la playa Se\u00f1oritas"}]},{"@type":"WebSite","@id":"https:\/\/aeronoticias.com.pe\/noticiero\/#website","url":"https:\/\/aeronoticias.com.pe\/noticiero\/","name":"Aeronoticias.com.pe","description":"Noticias de tranporte aereo, turismo, hoteles, gastronomia, actualidad, internacional","potentialAction":[{"@type":"SearchAction","target":{"@type":"EntryPoint","urlTemplate":"https:\/\/aeronoticias.com.pe\/noticiero\/?s={search_term_string}"},"query-input":{"@type":"PropertyValueSpecification","valueRequired":true,"valueName":"search_term_string"}}],"inLanguage":"es"},{"@type":"Person","@id":"https:\/\/aeronoticias.com.pe\/noticiero\/#\/schema\/person\/fc1e5d578f4b62ba1cf7ac2bba1170a0","name":"Redacci\u00f3n Aeronoticias","url":"https:\/\/aeronoticias.com.pe\/noticiero\/author\/piloto\/"}]}},"_links":{"self":[{"href":"https:\/\/aeronoticias.com.pe\/noticiero\/wp-json\/wp\/v2\/posts\/51050","targetHints":{"allow":["GET"]}}],"collection":[{"href":"https:\/\/aeronoticias.com.pe\/noticiero\/wp-json\/wp\/v2\/posts"}],"about":[{"href":"https:\/\/aeronoticias.com.pe\/noticiero\/wp-json\/wp\/v2\/types\/post"}],"author":[{"embeddable":true,"href":"https:\/\/aeronoticias.com.pe\/noticiero\/wp-json\/wp\/v2\/users\/1"}],"replies":[{"embeddable":true,"href":"https:\/\/aeronoticias.com.pe\/noticiero\/wp-json\/wp\/v2\/comments?post=51050"}],"version-history":[{"count":0,"href":"https:\/\/aeronoticias.com.pe\/noticiero\/wp-json\/wp\/v2\/posts\/51050\/revisions"}],"wp:attachment":[{"href":"https:\/\/aeronoticias.com.pe\/noticiero\/wp-json\/wp\/v2\/media?parent=51050"}],"wp:term":[{"taxonomy":"category","embeddable":true,"href":"https:\/\/aeronoticias.com.pe\/noticiero\/wp-json\/wp\/v2\/categories?post=51050"},{"taxonomy":"post_tag","embeddable":true,"href":"https:\/\/aeronoticias.com.pe\/noticiero\/wp-json\/wp\/v2\/tags?post=51050"}],"curies":[{"name":"wp","href":"https:\/\/api.w.org\/{rel}","templated":true}]}}